{"id":76161,"date":"2020-04-06T09:54:19","date_gmt":"2020-04-06T08:54:19","guid":{"rendered":"https:\/\/www.fondazionepirelli.org\/?p=76161"},"modified":"2020-04-06T09:54:19","modified_gmt":"2020-04-06T08:54:19","slug":"un-fondo-per-salvare-anche-le-imprese-culturali-sono-cardini-di-comunita-e-sviluppo-economico","status":"publish","type":"post","link":"https:\/\/www.fondazionepirelli.org\/it\/cultura-dimpresa\/un-fondo-per-salvare-anche-le-imprese-culturali-sono-cardini-di-comunita-e-sviluppo-economico\/","title":{"rendered":"Un Fondo per salvare anche le imprese culturali:<br> sono cardini di comunit\u00e0 e sviluppo economico"},"content":{"rendered":"<p>\u201cIl passato \u00e8 il prologo, il futuro sta nelle vostre mani e nelle mie\u201d, scrive <strong>William Shakespeare<\/strong> nelle pagine del secondo atto de \u201cLa tempesta\u201d. E\u2019 un buon viatico, in questi giorni drammatici di pandemia e di paura, per la nostra salute e per le prospettive economiche e sociali. Perch\u00e9 ci parla di memoria e di consapevolezza di quello che \u00e8 stato fatto, di bene e male, nella nostra storia. E di responsabilit\u00e0 per il progetto e le scelte di costruzione di migliori equilibri per il nostro domani: salute, sicurezza, lavoro, benessere e, naturalmente, libert\u00e0, in quell\u2019intreccio ragionevole di diritti e doveri che fa da base all\u2019insostituibile democrazia liberale. Ci parla di <strong>cultura<\/strong>.<\/p>\n<p>Ecco il punto. \u201c<strong>La nostra forza \u00e8 la cultura<\/strong>\u201d, sostiene un documento firmato dai tre ministri dei Beni culturali d\u2019Italia, Germania e Spagna, <strong>Dario Franceschini<\/strong> , Michelle M\u00fcntefering e Jos\u00e9 Manuel Rodriguez Urbes (Corriere della Sera, 4 aprile). C\u2019\u00e8 una comune consapevolezza: \u201cChe cosa ne sarebbe di noi in questo momento senza libri, film e musica in cui trovare rifugio e sostegno? Senza le artiste e gli artisti che li hanno creati?\u201d.<\/p>\n<p>I tre ministri sostengono che \u201cla forza della nostra politica internazionale della cultura e dell\u2019educazione pu\u00f2 dare, proprio adesso, un contributo sostanziale, aiutando a essere pi\u00f9 compatti nel momento del bisogno\u201d. Da molti anni, in Europa, \u201cagiamo a livello transfrontaliero: abbiamo potenziato e consolidato la cooperazione culturale e la diplomazia scientifica. Facciamo ricerca assieme sui cambiamenti ambientali e sulla scarsit\u00e0 delle risorse, facciamo musica assieme, impariamo e viviamo assieme\u201d. Adesso, \u201c\u00e8 giusto e importante che nei nostri paesi<strong>\u00a0<\/strong>abbiamo adottato tempestivamente aiuti finanziari a sostegno anche dei numerosi <strong>operatori creativi<\/strong> e delle<strong> istituzioni culturali<\/strong>, la cui esistenza \u00e8 in pericolo. Questa \u00e8 la base per consentire, dopo la crisi, la fruizione comune di arte e cultura. Anche se gi\u00e0 oggi presagiamo che questa crisi lascer\u00e0 tracce profonde, siamo tuttavia convinti che in futuro il sipario torner\u00e0 ad aprirsi nei teatri dell\u2019opera e sui palcoscenici teatrali, che la gente torner\u00e0 ad affollare le sale cinematografiche, che i giovani torneranno a frequentare i festival, a ballare e ad abbracciarsi\u201d.<\/p>\n<p>Siamo di fronte alla <strong>trasformazione digitale<\/strong> e all\u2019impatto delle tecniche digitali sulla societ\u00e0 globale. Le persone interagiscono in modo innovativo e la platea si amplia. Dicono i tre ministri: \u201cVediamo anche che la cultura pu\u00f2 offrire soluzioni. Questi nuovi format sono molto di pi\u00f9 d\u2019un aiuto alla sopravvivenza nell\u2019emergenza. Ci offrono l\u2019opportunit\u00e0 di accedere, senza fermarsi ai confini, a nuovi canali culturali ed educativi nonch\u00e9 di contribuire alla creazione di un\u2019opinione pubblica europea. Pertanto, abbiamo concordato di riflettere assieme sullo sviluppo e sul sostegno di forme digitali nella politica culturale internazionale. A tal fine, inviteremo operatori culturali e creativi dei nostri Paesi a un forum di discussione virtuale, previsto per la seconda met\u00e0 dell\u2019anno\u201d.<\/p>\n<p>La conclusione \u00e8 interessante, per un rafforzamento della stessa idea di Europa: \u201cLe tante idee creative che stanno nascendo nel cuore delle nostre societ\u00e0 civili e che vedono la luce in tutta l\u2019Europa, soprattutto anche nello spazio digitale, ci incoraggiano e ci mostrano come superare questo periodo. Con i suoi impulsi, la societ\u00e0 civile ci insegna come sviluppare gli spazi digitali a vantaggio di tutti: prendiamo le distanze dall\u2019egoismo e andiamo verso una maggiore solidariet\u00e0. Un pensiero che ora deve servire da orientamento per tutti gli Stati membri. In questo modo anche l\u2019idea europea superer\u00e0 la crisi e ne uscir\u00e0 rafforzata\u201d.<\/p>\n<p>Il documento dei tre ministri della cultura offre un orizzonte di riferimento all\u2019iniziativa dell\u2019appello per un <strong>Fondo nazionale per la cultura<\/strong> lanciato il 26 marzo, sulle pagine del Corriere della Sera, da Pierluigi Battista e raccolto da Andrea Carandini per il Fai, Andrea Cancellato e Umberto Croppi per Federcultura, Carlo Fuortes per il Teatro dell\u2019Opera di Roma, da chi scrive per <strong>Museimpresa,<\/strong> da Piergaetano Marchetti per la Fondazione Corriere della Sera, da Innoceno Cipolletta per Confindustria Cultura, da Giovanna Melandri per il Maxxi e da tanti altri protagonisti del mondo della cultura e delle imprese culturali. Pi\u00f9 di 1.500 le altre firme di sostegno, per questo Fondo garantito dallo Stato e aperto al contributo di tutti i cittadini che vogliano sostenere il settore culturale nell\u2019attuale fase di emergenza e di crisi di liquidit\u00e0, conseguente alla chiusura generalizzata di musei, cinema, teatri, libreria, di tutto i luoghi in cui si costruisce cultura e si partecipa, da attori o spettatori, alle attivit\u00e0 culturali.<\/p>\n<p>Vale la pena rileggere bene le parole di Battista: serve \u201cun <strong>Piano<\/strong>, con cui i risparmiatori italiani contribuiscano a salvare dal disastro, o addirittura dalla morte, quel patrimonio immenso\u00a0fatto di teatri di prosa e sale cinematografiche, teatri dell\u2019Opera, musei, gallerie, siti archeologici, auditorium, balletti, orchestre, librerie, biblioteche, Conservatori, scuole d\u2019arte e di fotografia, laboratori artistici e artigianali che oggi coinvolge direttamente ben pi\u00f9 di mezzo milione di italiani. E bisogna fare in fretta, oggi, nei prossimi giorni, quando siamo ancora chiusi in casa\u201d. Insiste Battista: \u201cInsieme alle politiche del governo, alle defiscalizzazioni auspicabili, alle misure di assistenza e di finanziamento pubblico che dovranno essere cospicue e generose\u00a0se non si vuole assistere alla morte per asfissia della cultura italiana: ma non basta, non si deve perdere tempo\u201d.<\/p>\n<p>Infatti, \u201cchi lavora nel teatro o nei musei, tutto il mondo umano e professionale che gira attorno alla produzione del cinema e dell\u2019audiovisivo, i musicisti che tengono vive le nostre orchestre, le librerie senza le quali l\u2019editoria non esisterebbe pi\u00f9 perch\u00e9 le piattaforme online, benvenute, non bastano e tutte le altre figure che lavorano nell\u2019universo della cultura, dell\u2019arte devono sapere che per ricominciare, finita la clausura, devono avere il polmone finanziario per farlo. Per dare un senso e la prospettiva di un nuovo inizio\u201d. Insomma, \u201canche la cultura ha bisogno d\u2019aria, perch\u00e9 le sue mille istituzioni, grandi e piccole, centrali o periferiche, pubbliche o private sono il polmone di un Paese. E sarebbe bello e necessario se gli italiani, che si stanno dimostrano cos\u00ec prodighi di donazioni in questi giorni tristi, diventassero protagonisti di un Fondo che serve a tenere in vita quel polmone\u201d.<\/p>\n<p><strong>Creativit\u00e0, racconto, rappresentazione<\/strong>, partecipazione, costruzione, appunto attraverso i processi e le attivit\u00e0 culturali, di una migliore comunit\u00e0 di cittadini colti, consapevoli, critici, responsabili.<\/p>\n<p>E\u2019 una dimensione che riguarda naturalmente anche la cultura d\u2019impresa, che ha radici profonde nei territori e pu\u00f2 fare leva sulla forza distintiva della bellezza e della qualit\u00e0 della manifattura e sulla vocazione internazionale. <strong>Cultura d\u2019impresa,<\/strong> dunque, come identit\u00e0 e come chiave competitiva.<\/p>\n<p>Una <strong>cultura politecnica<\/strong>, sofisticata e popolare, che sa legare le conoscenze umanistiche con quelle della scienza, <strong>Leon Battista Alberti<\/strong> e Leonardo, le scoperte di Galileo e la ragione illuminista dei Verri e di Beccaria nella Milano che si prepara all\u2019industria, l\u2019avanguardia artistica di<strong> Boccioni<\/strong> nella \u201ccitt\u00e0 che sale\u201d e prefigura l\u2019urbanistica e l\u2019edilizia della metropoli (con il protagonismo di Gio Ponti con il <strong>Grattacielo Pirelli,<\/strong> simbolo del boom economico, giusto sessant\u2019anni fa) e la chimica del premio Nobel <strong>Giulio Natta<\/strong>, che trasforma l\u2019industria italiana con dimensioni mondiali. I teatri e la musica, sostenuti da parecchi imprenditori come mecenati. La cultura dell\u2019<strong>Olivetti<\/strong> di Adriano, design e tecnologia. E quella d\u2019una lunga serie di altre imprese che, appunto sulla qualit\u00e0 e l\u2019estetica originale, sul rapporto con il design e l\u2019arte contemporanea, continuano a fondare la propria capacit\u00e0 di \u201cfare, e fare bene\u201d e dominare cos\u00ec le nicchie a maggior valore aggiunto sui mercati del mondo.<\/p>\n<p>Non avremmo, insomma, sviluppo economico se le nostre imprese non fossero connotate da una robusta base culturale. La chiave dell\u2019innovazione sta non tanto in un binomio \u201ci<strong>mpresa e cultura<\/strong>\u201d ma in una sintesi, \u201cimpresa\u00a0<strong>\u00e8<\/strong>\u00a0cultura\u201d.<\/p>\n<p>Le Fondazioni d\u2019impresa ne sono testimonianza viva. Cos\u00ec come ne \u00e8 conferma la decisione di <strong>Museimpresa<\/strong> di sostenere la proposta del Fondo per la Cultura.<\/p>\n<p>Museimpresa, nata per iniziativa di <strong>Assolombarda<\/strong> e <strong>Confindustria<\/strong>, forte di oltre novanta iscritti tra musei e archivi storici d\u2019imprese sia grandi (Eni, Leonardo, Ferrovie, Poste, Pirelli, Generali, Banca Intesa, Unipol-Sai, Barilla, A2A\/Aem, Lavazza, Dalmine e Tenaris, Reale Mutua, Bracco, Campari, Magneti Marelli, Piaggio, Touring Club, Benetton, Fondazione Corriere della Sera, etc.) che medio-grandi, medie e piccole (Domp\u00e8, Zambon, Same, Nicolis, Kartell, Alessi, Molteni, Ducati, Peroni, Keyline, Amarelli, Cimbali, Cozzi, Amaro Lucano, Pasta di Gragnano e tanti altri ancora), lavora sulla custodia della memoria come leva di consapevolezza storica e di rilancio dei valori delle imprese come attori sociali responsabili. E in questa identit\u00e0 c\u2019\u00e8 la consapevolezza del legame forte tra il patrimonio culturale e l\u2019attitudine a costruire, appunto nelle imprese, lavoro, benessere, inclusione sociale. <strong>Cultura<\/strong>, cambiamento, solidariet\u00e0, in un orizzonte condiviso di sviluppo sostenibile, ambientale e sociale. Investire e valorizzare la cultura, la scienza, la ricerca, l\u2019intraprendenza e la loro rappresentazione, soprattutto in tempi cos\u00ec dolorosi di crisi, \u00e8 la via fondamentale per ricominciare a vivere e a crescere, progettando un futuro con maggiore e migliore equilibrio.<\/p>\n","protected":false},"excerpt":{"rendered":"<p>\u201cIl passato \u00e8 il prologo, il futuro sta nelle vostre mani e nelle mie\u201d, scrive William Shakespeare nelle pagine del secondo atto de \u201cLa tempesta\u201d. E\u2019 un buon viatico, in questi giorni drammatici di pandemia e di paura, per la nostra salute e per le prospettive economiche e sociali. Perch\u00e9 ci parla di memoria e [&hellip;]<\/p>\n","protected":false},"author":9,"featured_media":76164,"comment_status":"open","ping_status":"open","sticky":false,"template":"","format":"standard","meta":{"footnotes":""},"categories":[53,52],"tags":[],"class_list":["post-76161","post","type-post","status-publish","format-standard","has-post-thumbnail","hentry","category-blog","category-cultura-dimpresa"],"acf":[],"yoast_head":"<!-- This site is optimized with the Yoast SEO plugin v25.0 - https:\/\/yoast.com\/wordpress\/plugins\/seo\/ -->\n<title>Un Fondo per salvare anche le imprese culturali: sono cardini di comunit\u00e0 e sviluppo economico - Fondazione Pirelli<\/title>\n<meta name=\"robots\" content=\"index, follow, max-snippet:-1, max-image-preview:large, max-video-preview:-1\" \/>\n<link rel=\"canonical\" href=\"https:\/\/www.fondazionepirelli.org\/it\/cultura-dimpresa\/un-fondo-per-salvare-anche-le-imprese-culturali-sono-cardini-di-comunita-e-sviluppo-economico\/\" \/>\n<meta property=\"og:locale\" content=\"it_IT\" \/>\n<meta property=\"og:type\" content=\"article\" \/>\n<meta property=\"og:title\" content=\"Un Fondo per salvare anche le imprese culturali: sono cardini di comunit\u00e0 e sviluppo economico - Fondazione Pirelli\" \/>\n<meta property=\"og:description\" content=\"\u201cIl passato \u00e8 il prologo, il futuro sta nelle vostre mani e nelle mie\u201d, scrive William Shakespeare nelle pagine del secondo atto de \u201cLa tempesta\u201d. E\u2019 un buon viatico, in questi giorni drammatici di pandemia e di paura, per la nostra salute e per le prospettive economiche e sociali. Perch\u00e9 ci parla di memoria e [&hellip;]\" \/>\n<meta property=\"og:url\" content=\"https:\/\/www.fondazionepirelli.org\/it\/cultura-dimpresa\/un-fondo-per-salvare-anche-le-imprese-culturali-sono-cardini-di-comunita-e-sviluppo-economico\/\" \/>\n<meta property=\"og:site_name\" content=\"Fondazione Pirelli\" \/>\n<meta property=\"article:published_time\" content=\"2020-04-06T08:54:19+00:00\" \/>\n<meta property=\"og:image\" content=\"https:\/\/wpsite-assets.fondazionepirelli.org\/wp-content\/uploads\/2020\/04\/06083856\/14523030_971416119651580_7225017673206475602_n-e1586158811580.jpg\" \/>\n\t<meta property=\"og:image:width\" content=\"600\" \/>\n\t<meta property=\"og:image:height\" content=\"377\" \/>\n\t<meta property=\"og:image:type\" content=\"image\/jpeg\" \/>\n<meta name=\"author\" content=\"fondazionepirelli\" \/>\n<meta name=\"twitter:card\" content=\"summary_large_image\" \/>\n<meta name=\"twitter:label1\" content=\"Scritto da\" \/>\n\t<meta name=\"twitter:data1\" content=\"fondazionepirelli\" \/>\n\t<meta name=\"twitter:label2\" content=\"Tempo di lettura stimato\" \/>\n\t<meta name=\"twitter:data2\" content=\"7 minuti\" \/>\n<script type=\"application\/ld+json\" class=\"yoast-schema-graph\">{\"@context\":\"https:\/\/schema.org\",\"@graph\":[{\"@type\":\"WebPage\",\"@id\":\"https:\/\/www.fondazionepirelli.org\/it\/cultura-dimpresa\/un-fondo-per-salvare-anche-le-imprese-culturali-sono-cardini-di-comunita-e-sviluppo-economico\/\",\"url\":\"https:\/\/www.fondazionepirelli.org\/it\/cultura-dimpresa\/un-fondo-per-salvare-anche-le-imprese-culturali-sono-cardini-di-comunita-e-sviluppo-economico\/\",\"name\":\"Un Fondo per salvare anche le imprese culturali: sono cardini di comunit\u00e0 e sviluppo economico - Fondazione Pirelli\",\"isPartOf\":{\"@id\":\"https:\/\/www.fondazionepirelli.org\/it\/#website\"},\"primaryImageOfPage\":{\"@id\":\"https:\/\/www.fondazionepirelli.org\/it\/cultura-dimpresa\/un-fondo-per-salvare-anche-le-imprese-culturali-sono-cardini-di-comunita-e-sviluppo-economico\/#primaryimage\"},\"image\":{\"@id\":\"https:\/\/www.fondazionepirelli.org\/it\/cultura-dimpresa\/un-fondo-per-salvare-anche-le-imprese-culturali-sono-cardini-di-comunita-e-sviluppo-economico\/#primaryimage\"},\"thumbnailUrl\":\"https:\/\/wpsite-assets.fondazionepirelli.org\/wp-content\/uploads\/2020\/04\/06083856\/14523030_971416119651580_7225017673206475602_n-e1586158811580.jpg\",\"datePublished\":\"2020-04-06T08:54:19+00:00\",\"author\":{\"@id\":\"https:\/\/www.fondazionepirelli.org\/it\/#\/schema\/person\/c31fcf5937a0e6afa45497f3f8b6d7a0\"},\"breadcrumb\":{\"@id\":\"https:\/\/www.fondazionepirelli.org\/it\/cultura-dimpresa\/un-fondo-per-salvare-anche-le-imprese-culturali-sono-cardini-di-comunita-e-sviluppo-economico\/#breadcrumb\"},\"inLanguage\":\"it-IT\",\"potentialAction\":[{\"@type\":\"ReadAction\",\"target\":[\"https:\/\/www.fondazionepirelli.org\/it\/cultura-dimpresa\/un-fondo-per-salvare-anche-le-imprese-culturali-sono-cardini-di-comunita-e-sviluppo-economico\/\"]}]},{\"@type\":\"ImageObject\",\"inLanguage\":\"it-IT\",\"@id\":\"https:\/\/www.fondazionepirelli.org\/it\/cultura-dimpresa\/un-fondo-per-salvare-anche-le-imprese-culturali-sono-cardini-di-comunita-e-sviluppo-economico\/#primaryimage\",\"url\":\"https:\/\/wpsite-assets.fondazionepirelli.org\/wp-content\/uploads\/2020\/04\/06083856\/14523030_971416119651580_7225017673206475602_n-e1586158811580.jpg\",\"contentUrl\":\"https:\/\/wpsite-assets.fondazionepirelli.org\/wp-content\/uploads\/2020\/04\/06083856\/14523030_971416119651580_7225017673206475602_n-e1586158811580.jpg\",\"width\":600,\"height\":377},{\"@type\":\"BreadcrumbList\",\"@id\":\"https:\/\/www.fondazionepirelli.org\/it\/cultura-dimpresa\/un-fondo-per-salvare-anche-le-imprese-culturali-sono-cardini-di-comunita-e-sviluppo-economico\/#breadcrumb\",\"itemListElement\":[{\"@type\":\"ListItem\",\"position\":1,\"name\":\"Home\",\"item\":\"https:\/\/www.fondazionepirelli.org\/it\/\"},{\"@type\":\"ListItem\",\"position\":2,\"name\":\"Un Fondo per salvare anche le imprese culturali: sono cardini di comunit\u00e0 e sviluppo economico\"}]},{\"@type\":\"WebSite\",\"@id\":\"https:\/\/www.fondazionepirelli.org\/it\/#website\",\"url\":\"https:\/\/www.fondazionepirelli.org\/it\/\",\"name\":\"Fondazione Pirelli\",\"description\":\"\",\"potentialAction\":[{\"@type\":\"SearchAction\",\"target\":{\"@type\":\"EntryPoint\",\"urlTemplate\":\"https:\/\/www.fondazionepirelli.org\/it\/?s={search_term_string}\"},\"query-input\":{\"@type\":\"PropertyValueSpecification\",\"valueRequired\":true,\"valueName\":\"search_term_string\"}}],\"inLanguage\":\"it-IT\"},{\"@type\":\"Person\",\"@id\":\"https:\/\/www.fondazionepirelli.org\/it\/#\/schema\/person\/c31fcf5937a0e6afa45497f3f8b6d7a0\",\"name\":\"fondazionepirelli\",\"image\":{\"@type\":\"ImageObject\",\"inLanguage\":\"it-IT\",\"@id\":\"https:\/\/www.fondazionepirelli.org\/it\/#\/schema\/person\/image\/\",\"url\":\"https:\/\/secure.gravatar.com\/avatar\/9cb486421ce1d6eddbf6c4fb66841b4325b786695f7aedf1dde2222428218696?s=96&d=mm&r=g\",\"contentUrl\":\"https:\/\/secure.gravatar.com\/avatar\/9cb486421ce1d6eddbf6c4fb66841b4325b786695f7aedf1dde2222428218696?s=96&d=mm&r=g\",\"caption\":\"fondazionepirelli\"},\"url\":\"https:\/\/www.fondazionepirelli.org\/it\/author\/fondazionepirelli\/\"}]}<\/script>\n<!-- \/ Yoast SEO plugin. -->","yoast_head_json":{"title":"Un Fondo per salvare anche le imprese culturali: sono cardini di comunit\u00e0 e sviluppo economico - Fondazione Pirelli","robots":{"index":"index","follow":"follow","max-snippet":"max-snippet:-1","max-image-preview":"max-image-preview:large","max-video-preview":"max-video-preview:-1"},"canonical":"https:\/\/www.fondazionepirelli.org\/it\/cultura-dimpresa\/un-fondo-per-salvare-anche-le-imprese-culturali-sono-cardini-di-comunita-e-sviluppo-economico\/","og_locale":"it_IT","og_type":"article","og_title":"Un Fondo per salvare anche le imprese culturali: sono cardini di comunit\u00e0 e sviluppo economico - Fondazione Pirelli","og_description":"\u201cIl passato \u00e8 il prologo, il futuro sta nelle vostre mani e nelle mie\u201d, scrive William Shakespeare nelle pagine del secondo atto de \u201cLa tempesta\u201d. E\u2019 un buon viatico, in questi giorni drammatici di pandemia e di paura, per la nostra salute e per le prospettive economiche e sociali. Perch\u00e9 ci parla di memoria e [&hellip;]","og_url":"https:\/\/www.fondazionepirelli.org\/it\/cultura-dimpresa\/un-fondo-per-salvare-anche-le-imprese-culturali-sono-cardini-di-comunita-e-sviluppo-economico\/","og_site_name":"Fondazione Pirelli","article_published_time":"2020-04-06T08:54:19+00:00","og_image":[{"width":600,"height":377,"url":"https:\/\/wpsite-assets.fondazionepirelli.org\/wp-content\/uploads\/2020\/04\/06083856\/14523030_971416119651580_7225017673206475602_n-e1586158811580.jpg","type":"image\/jpeg"}],"author":"fondazionepirelli","twitter_card":"summary_large_image","twitter_misc":{"Scritto da":"fondazionepirelli","Tempo di lettura stimato":"7 minuti"},"schema":{"@context":"https:\/\/schema.org","@graph":[{"@type":"WebPage","@id":"https:\/\/www.fondazionepirelli.org\/it\/cultura-dimpresa\/un-fondo-per-salvare-anche-le-imprese-culturali-sono-cardini-di-comunita-e-sviluppo-economico\/","url":"https:\/\/www.fondazionepirelli.org\/it\/cultura-dimpresa\/un-fondo-per-salvare-anche-le-imprese-culturali-sono-cardini-di-comunita-e-sviluppo-economico\/","name":"Un Fondo per salvare anche le imprese culturali: sono cardini di comunit\u00e0 e sviluppo economico - Fondazione Pirelli","isPartOf":{"@id":"https:\/\/www.fondazionepirelli.org\/it\/#website"},"primaryImageOfPage":{"@id":"https:\/\/www.fondazionepirelli.org\/it\/cultura-dimpresa\/un-fondo-per-salvare-anche-le-imprese-culturali-sono-cardini-di-comunita-e-sviluppo-economico\/#primaryimage"},"image":{"@id":"https:\/\/www.fondazionepirelli.org\/it\/cultura-dimpresa\/un-fondo-per-salvare-anche-le-imprese-culturali-sono-cardini-di-comunita-e-sviluppo-economico\/#primaryimage"},"thumbnailUrl":"https:\/\/wpsite-assets.fondazionepirelli.org\/wp-content\/uploads\/2020\/04\/06083856\/14523030_971416119651580_7225017673206475602_n-e1586158811580.jpg","datePublished":"2020-04-06T08:54:19+00:00","author":{"@id":"https:\/\/www.fondazionepirelli.org\/it\/#\/schema\/person\/c31fcf5937a0e6afa45497f3f8b6d7a0"},"breadcrumb":{"@id":"https:\/\/www.fondazionepirelli.org\/it\/cultura-dimpresa\/un-fondo-per-salvare-anche-le-imprese-culturali-sono-cardini-di-comunita-e-sviluppo-economico\/#breadcrumb"},"inLanguage":"it-IT","potentialAction":[{"@type":"ReadAction","target":["https:\/\/www.fondazionepirelli.org\/it\/cultura-dimpresa\/un-fondo-per-salvare-anche-le-imprese-culturali-sono-cardini-di-comunita-e-sviluppo-economico\/"]}]},{"@type":"ImageObject","inLanguage":"it-IT","@id":"https:\/\/www.fondazionepirelli.org\/it\/cultura-dimpresa\/un-fondo-per-salvare-anche-le-imprese-culturali-sono-cardini-di-comunita-e-sviluppo-economico\/#primaryimage","url":"https:\/\/wpsite-assets.fondazionepirelli.org\/wp-content\/uploads\/2020\/04\/06083856\/14523030_971416119651580_7225017673206475602_n-e1586158811580.jpg","contentUrl":"https:\/\/wpsite-assets.fondazionepirelli.org\/wp-content\/uploads\/2020\/04\/06083856\/14523030_971416119651580_7225017673206475602_n-e1586158811580.jpg","width":600,"height":377},{"@type":"BreadcrumbList","@id":"https:\/\/www.fondazionepirelli.org\/it\/cultura-dimpresa\/un-fondo-per-salvare-anche-le-imprese-culturali-sono-cardini-di-comunita-e-sviluppo-economico\/#breadcrumb","itemListElement":[{"@type":"ListItem","position":1,"name":"Home","item":"https:\/\/www.fondazionepirelli.org\/it\/"},{"@type":"ListItem","position":2,"name":"Un Fondo per salvare anche le imprese culturali: sono cardini di comunit\u00e0 e sviluppo economico"}]},{"@type":"WebSite","@id":"https:\/\/www.fondazionepirelli.org\/it\/#website","url":"https:\/\/www.fondazionepirelli.org\/it\/","name":"Fondazione Pirelli","description":"","potentialAction":[{"@type":"SearchAction","target":{"@type":"EntryPoint","urlTemplate":"https:\/\/www.fondazionepirelli.org\/it\/?s={search_term_string}"},"query-input":{"@type":"PropertyValueSpecification","valueRequired":true,"valueName":"search_term_string"}}],"inLanguage":"it-IT"},{"@type":"Person","@id":"https:\/\/www.fondazionepirelli.org\/it\/#\/schema\/person\/c31fcf5937a0e6afa45497f3f8b6d7a0","name":"fondazionepirelli","image":{"@type":"ImageObject","inLanguage":"it-IT","@id":"https:\/\/www.fondazionepirelli.org\/it\/#\/schema\/person\/image\/","url":"https:\/\/secure.gravatar.com\/avatar\/9cb486421ce1d6eddbf6c4fb66841b4325b786695f7aedf1dde2222428218696?s=96&d=mm&r=g","contentUrl":"https:\/\/secure.gravatar.com\/avatar\/9cb486421ce1d6eddbf6c4fb66841b4325b786695f7aedf1dde2222428218696?s=96&d=mm&r=g","caption":"fondazionepirelli"},"url":"https:\/\/www.fondazionepirelli.org\/it\/author\/fondazionepirelli\/"}]}},"_links":{"self":[{"href":"https:\/\/www.fondazionepirelli.org\/it\/wp-json\/wp\/v2\/posts\/76161\/"}],"collection":[{"href":"https:\/\/www.fondazionepirelli.org\/it\/wp-json\/wp\/v2\/posts\/"}],"about":[{"href":"https:\/\/www.fondazionepirelli.org\/it\/wp-json\/wp\/v2\/types\/post\/"}],"author":[{"embeddable":true,"href":"https:\/\/www.fondazionepirelli.org\/it\/wp-json\/wp\/v2\/users\/9\/"}],"replies":[{"embeddable":true,"href":"https:\/\/www.fondazionepirelli.org\/it\/wp-json\/wp\/v2\/comments\/?post=76161"}],"version-history":[{"count":4,"href":"https:\/\/www.fondazionepirelli.org\/it\/wp-json\/wp\/v2\/posts\/76161\/revisions\/"}],"predecessor-version":[{"id":76167,"href":"https:\/\/www.fondazionepirelli.org\/it\/wp-json\/wp\/v2\/posts\/76161\/revisions\/76167\/"}],"wp:featuredmedia":[{"embeddable":true,"href":"https:\/\/www.fondazionepirelli.org\/it\/wp-json\/wp\/v2\/media\/76164\/"}],"wp:attachment":[{"href":"https:\/\/www.fondazionepirelli.org\/it\/wp-json\/wp\/v2\/media\/?parent=76161"}],"wp:term":[{"taxonomy":"category","embeddable":true,"href":"https:\/\/www.fondazionepirelli.org\/it\/wp-json\/wp\/v2\/categories\/?post=76161"},{"taxonomy":"post_tag","embeddable":true,"href":"https:\/\/www.fondazionepirelli.org\/it\/wp-json\/wp\/v2\/tags\/?post=76161"}],"curies":[{"name":"wp","href":"https:\/\/api.w.org\/{rel}","templated":true}]}}