{"id":76643,"date":"2020-04-14T07:42:39","date_gmt":"2020-04-14T06:42:39","guid":{"rendered":"https:\/\/www.fondazionepirelli.org\/?p=76643"},"modified":"2021-07-15T15:09:53","modified_gmt":"2021-07-15T14:09:53","slug":"le-difficolta-di-oggi-le-possibilita-di-domani","status":"publish","type":"post","link":"https:\/\/www.fondazionepirelli.org\/it\/cultura-dimpresa\/le-difficolta-di-oggi-le-possibilita-di-domani\/","title":{"rendered":"Le difficolt\u00e0 di oggi, le possibilit\u00e0 di domani"},"content":{"rendered":"<h2 style=\"margin: 0cm; margin-bottom: .0001pt;\"><em><span style=\"font-size: 12.0pt; font-weight: normal;\">L\u2019ultimo libro di Giulio Sapelli guarda al presente per capire come fare rinascere una societ\u00e0 basata sul bene comune<\/span><\/em><\/h2><p>Pandemia, globalizzazione e prospettive (nuove) di assetto sociale. Triade densa di significati e di complessit\u00e0 quella che si prospetta di fronte a chi voglia capire meglio cosa stia accadendo. E triade sulla quale tutti devono comunque ragionare, aggiungendo un particolare personale punto di vista. E\u2019 quanto prova a fare Giulio Sapelli con il suo \u201c2020. Pandemia e Resurrezione\u201d, sua ultima fatica letteraria di poco pi\u00f9 di un centinaio di dense pagine.<br \/>\nIl libro di Sapelli non cerca di fare una previsione sull\u2019impatto economico e sociale di quanto sta accadendo, ma prova invece a fornire alcuni elementi utili per provare a comprenderne i contorni e le motivazioni al di l\u00e0 del virus in quanto tale.<br \/>\nSecondo Sapelli la pandemia e la sua gestione sono il frutto amaro di una societ\u00e0 e di un sistema economico globalizzato come pure di un arretramento della politica, dello Stato e dello spirito pubblico. E tuttavia, la prospettiva fornita dall\u2019autore \u00e8 positiva (da qui la parte del titolo dedicata alla \u201cresurrezione\u201d). Torna per\u00f2 prepotentemente d\u2019importanza, spiega l\u2019autore, il valore del concetto e della pratica relativa al \u201cbene comune\u201d inteso come qualcosa di \u201cprezioso\u201d che \u201cdeve essere messo al centro della scena\u201d mentre \u201cdevono soccombere i meri tornaconti sia privati sia nazionali\u201d. Passo importante, quello delineato da Sapelli, che deve essere compiuto attraverso \u201cla fine del dominio del mercato e il riconoscimento del lavoro come strumento principe per garantire equit\u00e0 sociale, benessere, sicurezza e giustizia\u201d. Tutto pur tenendo conto della necessit\u00e0 di fare i conti con gli strumenti che la modernit\u00e0 mette a disposizione. Per questo, spiega sempre l\u2019autore, \u201cl\u2019innovazione globalmente intesa (\u2026), deve estendersi dalla tecnologia alla morale, \u00e8 la sola via di salvezza che abbiamo\u201d.<br \/>\nL\u2019argomentare di Giulio Sapelli conserva tutto il suo fascino e la sua profondit\u00e0, anche se non \u00e8 sempre facile da seguire. Leggere \u201c2020. Pandemia e Resurrezione\u201d non \u00e8 cos\u00ec semplice, ma \u00e8 certamente un esercizio da compiere per dotarsi di strumenti originali per comprendere meglio il presente.<br \/>\nBella e importante la citazione, nelle prime pagine del libro, di un passo della Lettera ai romani di San Paolo nella quale si dice: \u201cRitengo infatti che le sofferenze del tempo presente non siano paragonabili alla gloria futura che sar\u00e0 rivelata in noi\u201d.<\/p>\n<p><strong>2020. Pandemia e Resurrezione<\/strong><br \/>\nGiulio Sapelli<br \/>\nGoware &#8211; Guerini e Associati, 2020<\/p>\n","protected":false},"excerpt":{"rendered":"<p>L\u2019ultimo libro di Giulio Sapelli guarda al presente per capire come fare rinascere una societ\u00e0 basata sul bene comunePandemia, globalizzazione e prospettive (nuove) di assetto sociale. Triade densa di significati e di complessit\u00e0 quella che si prospetta di fronte a chi voglia capire meglio cosa stia accadendo. E triade sulla quale tutti devono comunque ragionare, [&hellip;]<\/p>\n","protected":false},"author":9,"featured_media":76652,"comment_status":"open","ping_status":"open","sticky":false,"template":"","format":"standard","meta":{"footnotes":""},"categories":[52,58],"tags":[],"class_list":["post-76643","post","type-post","status-publish","format-standard","has-post-thumbnail","hentry","category-cultura-dimpresa","category-recensioni-libri"],"acf":[],"yoast_head":"<!-- This site is optimized with the Yoast SEO plugin v25.0 - https:\/\/yoast.com\/wordpress\/plugins\/seo\/ -->\n<title>Le difficolt\u00e0 di oggi, le possibilit\u00e0 di domani - Fondazione Pirelli<\/title>\n<meta name=\"robots\" content=\"index, follow, max-snippet:-1, max-image-preview:large, max-video-preview:-1\" \/>\n<link rel=\"canonical\" href=\"https:\/\/www.fondazionepirelli.org\/it\/cultura-dimpresa\/le-difficolta-di-oggi-le-possibilita-di-domani\/\" \/>\n<meta property=\"og:locale\" content=\"it_IT\" \/>\n<meta property=\"og:type\" content=\"article\" \/>\n<meta property=\"og:title\" content=\"Le difficolt\u00e0 di oggi, le possibilit\u00e0 di domani - Fondazione Pirelli\" \/>\n<meta property=\"og:description\" content=\"L\u2019ultimo libro di Giulio Sapelli guarda al presente per capire come fare rinascere una societ\u00e0 basata sul bene comunePandemia, globalizzazione e prospettive (nuove) di assetto sociale. Triade densa di significati e di complessit\u00e0 quella che si prospetta di fronte a chi voglia capire meglio cosa stia accadendo. E triade sulla quale tutti devono comunque ragionare, [&hellip;]\" \/>\n<meta property=\"og:url\" content=\"https:\/\/www.fondazionepirelli.org\/it\/cultura-dimpresa\/le-difficolta-di-oggi-le-possibilita-di-domani\/\" \/>\n<meta property=\"og:site_name\" content=\"Fondazione Pirelli\" \/>\n<meta property=\"article:published_time\" content=\"2020-04-14T06:42:39+00:00\" \/>\n<meta property=\"article:modified_time\" content=\"2021-07-15T14:09:53+00:00\" \/>\n<meta property=\"og:image\" content=\"https:\/\/wpsite-assets.fondazionepirelli.org\/wp-content\/uploads\/2020\/04\/13185319\/cop-sapelli-pandemia-resurrezione-1.jpg\" \/>\n\t<meta property=\"og:image:width\" content=\"2500\" \/>\n\t<meta property=\"og:image:height\" content=\"3333\" \/>\n\t<meta property=\"og:image:type\" content=\"image\/jpeg\" \/>\n<meta name=\"author\" content=\"fondazionepirelli\" \/>\n<meta name=\"twitter:card\" content=\"summary_large_image\" \/>\n<meta name=\"twitter:label1\" content=\"Scritto da\" \/>\n\t<meta name=\"twitter:data1\" content=\"fondazionepirelli\" \/>\n\t<meta name=\"twitter:label2\" content=\"Tempo di lettura stimato\" \/>\n\t<meta name=\"twitter:data2\" content=\"2 minuti\" \/>\n<script type=\"application\/ld+json\" class=\"yoast-schema-graph\">{\"@context\":\"https:\/\/schema.org\",\"@graph\":[{\"@type\":\"WebPage\",\"@id\":\"https:\/\/www.fondazionepirelli.org\/it\/cultura-dimpresa\/le-difficolta-di-oggi-le-possibilita-di-domani\/\",\"url\":\"https:\/\/www.fondazionepirelli.org\/it\/cultura-dimpresa\/le-difficolta-di-oggi-le-possibilita-di-domani\/\",\"name\":\"Le difficolt\u00e0 di oggi, le possibilit\u00e0 di domani - Fondazione Pirelli\",\"isPartOf\":{\"@id\":\"https:\/\/www.fondazionepirelli.org\/it\/#website\"},\"primaryImageOfPage\":{\"@id\":\"https:\/\/www.fondazionepirelli.org\/it\/cultura-dimpresa\/le-difficolta-di-oggi-le-possibilita-di-domani\/#primaryimage\"},\"image\":{\"@id\":\"https:\/\/www.fondazionepirelli.org\/it\/cultura-dimpresa\/le-difficolta-di-oggi-le-possibilita-di-domani\/#primaryimage\"},\"thumbnailUrl\":\"https:\/\/wpsite-assets.fondazionepirelli.org\/wp-content\/uploads\/2020\/04\/13185319\/cop-sapelli-pandemia-resurrezione-1.jpg\",\"datePublished\":\"2020-04-14T06:42:39+00:00\",\"dateModified\":\"2021-07-15T14:09:53+00:00\",\"author\":{\"@id\":\"https:\/\/www.fondazionepirelli.org\/it\/#\/schema\/person\/c31fcf5937a0e6afa45497f3f8b6d7a0\"},\"breadcrumb\":{\"@id\":\"https:\/\/www.fondazionepirelli.org\/it\/cultura-dimpresa\/le-difficolta-di-oggi-le-possibilita-di-domani\/#breadcrumb\"},\"inLanguage\":\"it-IT\",\"potentialAction\":[{\"@type\":\"ReadAction\",\"target\":[\"https:\/\/www.fondazionepirelli.org\/it\/cultura-dimpresa\/le-difficolta-di-oggi-le-possibilita-di-domani\/\"]}]},{\"@type\":\"ImageObject\",\"inLanguage\":\"it-IT\",\"@id\":\"https:\/\/www.fondazionepirelli.org\/it\/cultura-dimpresa\/le-difficolta-di-oggi-le-possibilita-di-domani\/#primaryimage\",\"url\":\"https:\/\/wpsite-assets.fondazionepirelli.org\/wp-content\/uploads\/2020\/04\/13185319\/cop-sapelli-pandemia-resurrezione-1.jpg\",\"contentUrl\":\"https:\/\/wpsite-assets.fondazionepirelli.org\/wp-content\/uploads\/2020\/04\/13185319\/cop-sapelli-pandemia-resurrezione-1.jpg\",\"width\":2500,\"height\":3333},{\"@type\":\"BreadcrumbList\",\"@id\":\"https:\/\/www.fondazionepirelli.org\/it\/cultura-dimpresa\/le-difficolta-di-oggi-le-possibilita-di-domani\/#breadcrumb\",\"itemListElement\":[{\"@type\":\"ListItem\",\"position\":1,\"name\":\"Home\",\"item\":\"https:\/\/www.fondazionepirelli.org\/it\/\"},{\"@type\":\"ListItem\",\"position\":2,\"name\":\"Le difficolt\u00e0 di oggi, le possibilit\u00e0 di domani\"}]},{\"@type\":\"WebSite\",\"@id\":\"https:\/\/www.fondazionepirelli.org\/it\/#website\",\"url\":\"https:\/\/www.fondazionepirelli.org\/it\/\",\"name\":\"Fondazione Pirelli\",\"description\":\"\",\"potentialAction\":[{\"@type\":\"SearchAction\",\"target\":{\"@type\":\"EntryPoint\",\"urlTemplate\":\"https:\/\/www.fondazionepirelli.org\/it\/?s={search_term_string}\"},\"query-input\":{\"@type\":\"PropertyValueSpecification\",\"valueRequired\":true,\"valueName\":\"search_term_string\"}}],\"inLanguage\":\"it-IT\"},{\"@type\":\"Person\",\"@id\":\"https:\/\/www.fondazionepirelli.org\/it\/#\/schema\/person\/c31fcf5937a0e6afa45497f3f8b6d7a0\",\"name\":\"fondazionepirelli\",\"image\":{\"@type\":\"ImageObject\",\"inLanguage\":\"it-IT\",\"@id\":\"https:\/\/www.fondazionepirelli.org\/it\/#\/schema\/person\/image\/\",\"url\":\"https:\/\/secure.gravatar.com\/avatar\/9cb486421ce1d6eddbf6c4fb66841b4325b786695f7aedf1dde2222428218696?s=96&d=mm&r=g\",\"contentUrl\":\"https:\/\/secure.gravatar.com\/avatar\/9cb486421ce1d6eddbf6c4fb66841b4325b786695f7aedf1dde2222428218696?s=96&d=mm&r=g\",\"caption\":\"fondazionepirelli\"},\"url\":\"https:\/\/www.fondazionepirelli.org\/it\/author\/fondazionepirelli\/\"}]}<\/script>\n<!-- \/ Yoast SEO plugin. -->","yoast_head_json":{"title":"Le difficolt\u00e0 di oggi, le possibilit\u00e0 di domani - Fondazione Pirelli","robots":{"index":"index","follow":"follow","max-snippet":"max-snippet:-1","max-image-preview":"max-image-preview:large","max-video-preview":"max-video-preview:-1"},"canonical":"https:\/\/www.fondazionepirelli.org\/it\/cultura-dimpresa\/le-difficolta-di-oggi-le-possibilita-di-domani\/","og_locale":"it_IT","og_type":"article","og_title":"Le difficolt\u00e0 di oggi, le possibilit\u00e0 di domani - Fondazione Pirelli","og_description":"L\u2019ultimo libro di Giulio Sapelli guarda al presente per capire come fare rinascere una societ\u00e0 basata sul bene comunePandemia, globalizzazione e prospettive (nuove) di assetto sociale. Triade densa di significati e di complessit\u00e0 quella che si prospetta di fronte a chi voglia capire meglio cosa stia accadendo. E triade sulla quale tutti devono comunque ragionare, [&hellip;]","og_url":"https:\/\/www.fondazionepirelli.org\/it\/cultura-dimpresa\/le-difficolta-di-oggi-le-possibilita-di-domani\/","og_site_name":"Fondazione Pirelli","article_published_time":"2020-04-14T06:42:39+00:00","article_modified_time":"2021-07-15T14:09:53+00:00","og_image":[{"width":2500,"height":3333,"url":"https:\/\/wpsite-assets.fondazionepirelli.org\/wp-content\/uploads\/2020\/04\/13185319\/cop-sapelli-pandemia-resurrezione-1.jpg","type":"image\/jpeg"}],"author":"fondazionepirelli","twitter_card":"summary_large_image","twitter_misc":{"Scritto da":"fondazionepirelli","Tempo di lettura stimato":"2 minuti"},"schema":{"@context":"https:\/\/schema.org","@graph":[{"@type":"WebPage","@id":"https:\/\/www.fondazionepirelli.org\/it\/cultura-dimpresa\/le-difficolta-di-oggi-le-possibilita-di-domani\/","url":"https:\/\/www.fondazionepirelli.org\/it\/cultura-dimpresa\/le-difficolta-di-oggi-le-possibilita-di-domani\/","name":"Le difficolt\u00e0 di oggi, le possibilit\u00e0 di domani - Fondazione Pirelli","isPartOf":{"@id":"https:\/\/www.fondazionepirelli.org\/it\/#website"},"primaryImageOfPage":{"@id":"https:\/\/www.fondazionepirelli.org\/it\/cultura-dimpresa\/le-difficolta-di-oggi-le-possibilita-di-domani\/#primaryimage"},"image":{"@id":"https:\/\/www.fondazionepirelli.org\/it\/cultura-dimpresa\/le-difficolta-di-oggi-le-possibilita-di-domani\/#primaryimage"},"thumbnailUrl":"https:\/\/wpsite-assets.fondazionepirelli.org\/wp-content\/uploads\/2020\/04\/13185319\/cop-sapelli-pandemia-resurrezione-1.jpg","datePublished":"2020-04-14T06:42:39+00:00","dateModified":"2021-07-15T14:09:53+00:00","author":{"@id":"https:\/\/www.fondazionepirelli.org\/it\/#\/schema\/person\/c31fcf5937a0e6afa45497f3f8b6d7a0"},"breadcrumb":{"@id":"https:\/\/www.fondazionepirelli.org\/it\/cultura-dimpresa\/le-difficolta-di-oggi-le-possibilita-di-domani\/#breadcrumb"},"inLanguage":"it-IT","potentialAction":[{"@type":"ReadAction","target":["https:\/\/www.fondazionepirelli.org\/it\/cultura-dimpresa\/le-difficolta-di-oggi-le-possibilita-di-domani\/"]}]},{"@type":"ImageObject","inLanguage":"it-IT","@id":"https:\/\/www.fondazionepirelli.org\/it\/cultura-dimpresa\/le-difficolta-di-oggi-le-possibilita-di-domani\/#primaryimage","url":"https:\/\/wpsite-assets.fondazionepirelli.org\/wp-content\/uploads\/2020\/04\/13185319\/cop-sapelli-pandemia-resurrezione-1.jpg","contentUrl":"https:\/\/wpsite-assets.fondazionepirelli.org\/wp-content\/uploads\/2020\/04\/13185319\/cop-sapelli-pandemia-resurrezione-1.jpg","width":2500,"height":3333},{"@type":"BreadcrumbList","@id":"https:\/\/www.fondazionepirelli.org\/it\/cultura-dimpresa\/le-difficolta-di-oggi-le-possibilita-di-domani\/#breadcrumb","itemListElement":[{"@type":"ListItem","position":1,"name":"Home","item":"https:\/\/www.fondazionepirelli.org\/it\/"},{"@type":"ListItem","position":2,"name":"Le difficolt\u00e0 di oggi, le possibilit\u00e0 di domani"}]},{"@type":"WebSite","@id":"https:\/\/www.fondazionepirelli.org\/it\/#website","url":"https:\/\/www.fondazionepirelli.org\/it\/","name":"Fondazione Pirelli","description":"","potentialAction":[{"@type":"SearchAction","target":{"@type":"EntryPoint","urlTemplate":"https:\/\/www.fondazionepirelli.org\/it\/?s={search_term_string}"},"query-input":{"@type":"PropertyValueSpecification","valueRequired":true,"valueName":"search_term_string"}}],"inLanguage":"it-IT"},{"@type":"Person","@id":"https:\/\/www.fondazionepirelli.org\/it\/#\/schema\/person\/c31fcf5937a0e6afa45497f3f8b6d7a0","name":"fondazionepirelli","image":{"@type":"ImageObject","inLanguage":"it-IT","@id":"https:\/\/www.fondazionepirelli.org\/it\/#\/schema\/person\/image\/","url":"https:\/\/secure.gravatar.com\/avatar\/9cb486421ce1d6eddbf6c4fb66841b4325b786695f7aedf1dde2222428218696?s=96&d=mm&r=g","contentUrl":"https:\/\/secure.gravatar.com\/avatar\/9cb486421ce1d6eddbf6c4fb66841b4325b786695f7aedf1dde2222428218696?s=96&d=mm&r=g","caption":"fondazionepirelli"},"url":"https:\/\/www.fondazionepirelli.org\/it\/author\/fondazionepirelli\/"}]}},"_links":{"self":[{"href":"https:\/\/www.fondazionepirelli.org\/it\/wp-json\/wp\/v2\/posts\/76643\/"}],"collection":[{"href":"https:\/\/www.fondazionepirelli.org\/it\/wp-json\/wp\/v2\/posts\/"}],"about":[{"href":"https:\/\/www.fondazionepirelli.org\/it\/wp-json\/wp\/v2\/types\/post\/"}],"author":[{"embeddable":true,"href":"https:\/\/www.fondazionepirelli.org\/it\/wp-json\/wp\/v2\/users\/9\/"}],"replies":[{"embeddable":true,"href":"https:\/\/www.fondazionepirelli.org\/it\/wp-json\/wp\/v2\/comments\/?post=76643"}],"version-history":[{"count":5,"href":"https:\/\/www.fondazionepirelli.org\/it\/wp-json\/wp\/v2\/posts\/76643\/revisions\/"}],"predecessor-version":[{"id":83997,"href":"https:\/\/www.fondazionepirelli.org\/it\/wp-json\/wp\/v2\/posts\/76643\/revisions\/83997\/"}],"wp:featuredmedia":[{"embeddable":true,"href":"https:\/\/www.fondazionepirelli.org\/it\/wp-json\/wp\/v2\/media\/76652\/"}],"wp:attachment":[{"href":"https:\/\/www.fondazionepirelli.org\/it\/wp-json\/wp\/v2\/media\/?parent=76643"}],"wp:term":[{"taxonomy":"category","embeddable":true,"href":"https:\/\/www.fondazionepirelli.org\/it\/wp-json\/wp\/v2\/categories\/?post=76643"},{"taxonomy":"post_tag","embeddable":true,"href":"https:\/\/www.fondazionepirelli.org\/it\/wp-json\/wp\/v2\/tags\/?post=76643"}],"curies":[{"name":"wp","href":"https:\/\/api.w.org\/{rel}","templated":true}]}}