{"id":76645,"date":"2020-04-14T07:43:35","date_gmt":"2020-04-14T06:43:35","guid":{"rendered":"https:\/\/www.fondazionepirelli.org\/?p=76645"},"modified":"2020-04-17T14:47:17","modified_gmt":"2020-04-17T13:47:17","slug":"pianificare-con-giudizio","status":"publish","type":"post","link":"https:\/\/www.fondazionepirelli.org\/it\/cultura-dimpresa\/pianificare-con-giudizio\/","title":{"rendered":"Pianificare con giudizio"},"content":{"rendered":"<p><em>Una tesi discussa all\u2019Universit\u00e0 di Padova, ragiona sulla necessit\u00e0 di modelli di investimento che riescano a coniugare elementi comuni ai tratti propri delle singole imprese<\/em><\/p><p>Pianificare per crescere meglio. Principio cardine di ogni buona impresa e anche di ogni cultura del produrre che davvero sia tale e che, quindi, si faccia scrupolo di non perdere d\u2019occhio la necessit\u00e0 di sviluppo armonico delle organizzazioni. Cosa non semplice, tuttavia, quella del pianificare; soprattutto quando occorra investire e risanare prima di riavviare la crescita.<\/p>\n<p>E\u2019 attorno a questi argomenti che si \u00e8 esercitato Matteo Telatin con il suo lavoro di ricerca discusso nell\u2019ambito del Corso di laurea magistrale in Economia e Diritto del Dipartimento di scienze economiche ed aziendali \u201cM.Fanno\u201d di Padova.<\/p>\n<p>Spiega Telatin all\u2019inizio della sua indagine: \u201cE\u2019 necessario spendere qualche riga per introdurre il tema del seguente contributo il cui scopo \u00e8 quello di mettere in luce l\u2019enorme importanza che la pianificazione ha a livello imprenditoriale\u201d. Non solo, quindi, conoscere per decidere (deliberare), ma anche programmare con attenzione i passi prima e dopo le decisioni prese.<\/p>\n<p>Da qui l\u2019importanza, che \u00e8 alla base della ricerca di Telatin, del piano industriale visto come \u201cuno strumento particolarmente duttile poich\u00e9 esso si presta a diversi contesti gestionali. Redigere un piano \u2013 precisa Telatin &#8211; \u00e8 utile, se non addirittura necessario, non solo in sede di avvio di una nuova attivit\u00e0 ma anche in ipotesi di rilancio o risanamento della formula imprenditoriale\u201d. Messo a punto l\u2019ambito di indagine, l\u2019autore si concentra quindi \u201csui piani di investimento e di risanamento\u201d cercando di arrivare, dopo una serie di passaggi teorici, ad indicare \u201cdegli strumenti che possano essere utili anche nella prassi operativa\u201d. Telatin non si ferma per\u00f2 all\u2019individuazione di strumenti possibili. La seconda parte della sua ricerca, infatti, si pone l\u2019obiettivo di esaminare una serie di casi concreti, resi anonimi nel nome ma corrispondenti a diverse realt\u00e0 d\u2019impresa.<\/p>\n<p>Matteo Telatin arriva ad una doppia conclusione: da un lato la necessit\u00e0 di definire un modello omogeneo di intervento nella pianificazione aziendale, dall\u2019altro, tuttavia, l\u2019altrettanto importante necessit\u00e0 di fornire a questo modello una flessibilit\u00e0 che lo ponga in grado di rispondere alla variet\u00e0 d\u2019impresa esistente sul territorio.<\/p><p><a href=\"https:\/\/wpsite-assets.fondazionepirelli.org\/wp-content\/uploads\/2020\/04\/13184918\/Telatin_Matteo.pdf\"><strong>Piani d&#8217;Investimento e di Risanamento: aspetti tecnici ed analisi di casi<\/strong><\/a><\/p>\n<p>Telatin Matteo<\/p>\n<p>Universit\u00e0 degli Studi di Padova, Dipartimento di scienze economiche ed aziendali \u201cM.Fanno\u201d, Corso di laurea magistrale in Economia e Diritto, 2020<\/p>\n","protected":false},"excerpt":{"rendered":"<p>Una tesi discussa all\u2019Universit\u00e0 di Padova, ragiona sulla necessit\u00e0 di modelli di investimento che riescano a coniugare elementi comuni ai tratti propri delle singole impresePianificare per crescere meglio. Principio cardine di ogni buona impresa e anche di ogni cultura del produrre che davvero sia tale e che, quindi, si faccia scrupolo di non perdere d\u2019occhio [&hellip;]<\/p>\n","protected":false},"author":9,"featured_media":0,"comment_status":"open","ping_status":"open","sticky":false,"template":"","format":"standard","meta":{"footnotes":""},"categories":[54,52],"tags":[],"class_list":["post-76645","post","type-post","status-publish","format-standard","hentry","category-approfondimenti","category-cultura-dimpresa"],"acf":[],"yoast_head":"<!-- This site is optimized with the Yoast SEO plugin v25.0 - https:\/\/yoast.com\/wordpress\/plugins\/seo\/ -->\n<title>Pianificare con giudizio - Fondazione Pirelli<\/title>\n<meta name=\"robots\" content=\"index, follow, max-snippet:-1, max-image-preview:large, max-video-preview:-1\" \/>\n<link rel=\"canonical\" href=\"https:\/\/www.fondazionepirelli.org\/it\/cultura-dimpresa\/pianificare-con-giudizio\/\" \/>\n<meta property=\"og:locale\" content=\"it_IT\" \/>\n<meta property=\"og:type\" content=\"article\" \/>\n<meta property=\"og:title\" content=\"Pianificare con giudizio - Fondazione Pirelli\" \/>\n<meta property=\"og:description\" content=\"Una tesi discussa all\u2019Universit\u00e0 di Padova, ragiona sulla necessit\u00e0 di modelli di investimento che riescano a coniugare elementi comuni ai tratti propri delle singole impresePianificare per crescere meglio. Principio cardine di ogni buona impresa e anche di ogni cultura del produrre che davvero sia tale e che, quindi, si faccia scrupolo di non perdere d\u2019occhio [&hellip;]\" \/>\n<meta property=\"og:url\" content=\"https:\/\/www.fondazionepirelli.org\/it\/cultura-dimpresa\/pianificare-con-giudizio\/\" \/>\n<meta property=\"og:site_name\" content=\"Fondazione Pirelli\" \/>\n<meta property=\"article:published_time\" content=\"2020-04-14T06:43:35+00:00\" \/>\n<meta property=\"article:modified_time\" content=\"2020-04-17T13:47:17+00:00\" \/>\n<meta name=\"author\" content=\"fondazionepirelli\" \/>\n<meta name=\"twitter:card\" content=\"summary_large_image\" \/>\n<meta name=\"twitter:label1\" content=\"Scritto da\" \/>\n\t<meta name=\"twitter:data1\" content=\"fondazionepirelli\" \/>\n\t<meta name=\"twitter:label2\" content=\"Tempo di lettura stimato\" \/>\n\t<meta name=\"twitter:data2\" content=\"2 minuti\" \/>\n<script type=\"application\/ld+json\" class=\"yoast-schema-graph\">{\"@context\":\"https:\/\/schema.org\",\"@graph\":[{\"@type\":\"WebPage\",\"@id\":\"https:\/\/www.fondazionepirelli.org\/it\/cultura-dimpresa\/pianificare-con-giudizio\/\",\"url\":\"https:\/\/www.fondazionepirelli.org\/it\/cultura-dimpresa\/pianificare-con-giudizio\/\",\"name\":\"Pianificare con giudizio - Fondazione Pirelli\",\"isPartOf\":{\"@id\":\"https:\/\/www.fondazionepirelli.org\/it\/#website\"},\"datePublished\":\"2020-04-14T06:43:35+00:00\",\"dateModified\":\"2020-04-17T13:47:17+00:00\",\"author\":{\"@id\":\"https:\/\/www.fondazionepirelli.org\/it\/#\/schema\/person\/c31fcf5937a0e6afa45497f3f8b6d7a0\"},\"breadcrumb\":{\"@id\":\"https:\/\/www.fondazionepirelli.org\/it\/cultura-dimpresa\/pianificare-con-giudizio\/#breadcrumb\"},\"inLanguage\":\"it-IT\",\"potentialAction\":[{\"@type\":\"ReadAction\",\"target\":[\"https:\/\/www.fondazionepirelli.org\/it\/cultura-dimpresa\/pianificare-con-giudizio\/\"]}]},{\"@type\":\"BreadcrumbList\",\"@id\":\"https:\/\/www.fondazionepirelli.org\/it\/cultura-dimpresa\/pianificare-con-giudizio\/#breadcrumb\",\"itemListElement\":[{\"@type\":\"ListItem\",\"position\":1,\"name\":\"Home\",\"item\":\"https:\/\/www.fondazionepirelli.org\/it\/\"},{\"@type\":\"ListItem\",\"position\":2,\"name\":\"Pianificare con giudizio\"}]},{\"@type\":\"WebSite\",\"@id\":\"https:\/\/www.fondazionepirelli.org\/it\/#website\",\"url\":\"https:\/\/www.fondazionepirelli.org\/it\/\",\"name\":\"Fondazione Pirelli\",\"description\":\"\",\"potentialAction\":[{\"@type\":\"SearchAction\",\"target\":{\"@type\":\"EntryPoint\",\"urlTemplate\":\"https:\/\/www.fondazionepirelli.org\/it\/?s={search_term_string}\"},\"query-input\":{\"@type\":\"PropertyValueSpecification\",\"valueRequired\":true,\"valueName\":\"search_term_string\"}}],\"inLanguage\":\"it-IT\"},{\"@type\":\"Person\",\"@id\":\"https:\/\/www.fondazionepirelli.org\/it\/#\/schema\/person\/c31fcf5937a0e6afa45497f3f8b6d7a0\",\"name\":\"fondazionepirelli\",\"image\":{\"@type\":\"ImageObject\",\"inLanguage\":\"it-IT\",\"@id\":\"https:\/\/www.fondazionepirelli.org\/it\/#\/schema\/person\/image\/\",\"url\":\"https:\/\/secure.gravatar.com\/avatar\/9cb486421ce1d6eddbf6c4fb66841b4325b786695f7aedf1dde2222428218696?s=96&d=mm&r=g\",\"contentUrl\":\"https:\/\/secure.gravatar.com\/avatar\/9cb486421ce1d6eddbf6c4fb66841b4325b786695f7aedf1dde2222428218696?s=96&d=mm&r=g\",\"caption\":\"fondazionepirelli\"},\"url\":\"https:\/\/www.fondazionepirelli.org\/it\/author\/fondazionepirelli\/\"}]}<\/script>\n<!-- \/ Yoast SEO plugin. -->","yoast_head_json":{"title":"Pianificare con giudizio - Fondazione Pirelli","robots":{"index":"index","follow":"follow","max-snippet":"max-snippet:-1","max-image-preview":"max-image-preview:large","max-video-preview":"max-video-preview:-1"},"canonical":"https:\/\/www.fondazionepirelli.org\/it\/cultura-dimpresa\/pianificare-con-giudizio\/","og_locale":"it_IT","og_type":"article","og_title":"Pianificare con giudizio - Fondazione Pirelli","og_description":"Una tesi discussa all\u2019Universit\u00e0 di Padova, ragiona sulla necessit\u00e0 di modelli di investimento che riescano a coniugare elementi comuni ai tratti propri delle singole impresePianificare per crescere meglio. Principio cardine di ogni buona impresa e anche di ogni cultura del produrre che davvero sia tale e che, quindi, si faccia scrupolo di non perdere d\u2019occhio [&hellip;]","og_url":"https:\/\/www.fondazionepirelli.org\/it\/cultura-dimpresa\/pianificare-con-giudizio\/","og_site_name":"Fondazione Pirelli","article_published_time":"2020-04-14T06:43:35+00:00","article_modified_time":"2020-04-17T13:47:17+00:00","author":"fondazionepirelli","twitter_card":"summary_large_image","twitter_misc":{"Scritto da":"fondazionepirelli","Tempo di lettura stimato":"2 minuti"},"schema":{"@context":"https:\/\/schema.org","@graph":[{"@type":"WebPage","@id":"https:\/\/www.fondazionepirelli.org\/it\/cultura-dimpresa\/pianificare-con-giudizio\/","url":"https:\/\/www.fondazionepirelli.org\/it\/cultura-dimpresa\/pianificare-con-giudizio\/","name":"Pianificare con giudizio - Fondazione Pirelli","isPartOf":{"@id":"https:\/\/www.fondazionepirelli.org\/it\/#website"},"datePublished":"2020-04-14T06:43:35+00:00","dateModified":"2020-04-17T13:47:17+00:00","author":{"@id":"https:\/\/www.fondazionepirelli.org\/it\/#\/schema\/person\/c31fcf5937a0e6afa45497f3f8b6d7a0"},"breadcrumb":{"@id":"https:\/\/www.fondazionepirelli.org\/it\/cultura-dimpresa\/pianificare-con-giudizio\/#breadcrumb"},"inLanguage":"it-IT","potentialAction":[{"@type":"ReadAction","target":["https:\/\/www.fondazionepirelli.org\/it\/cultura-dimpresa\/pianificare-con-giudizio\/"]}]},{"@type":"BreadcrumbList","@id":"https:\/\/www.fondazionepirelli.org\/it\/cultura-dimpresa\/pianificare-con-giudizio\/#breadcrumb","itemListElement":[{"@type":"ListItem","position":1,"name":"Home","item":"https:\/\/www.fondazionepirelli.org\/it\/"},{"@type":"ListItem","position":2,"name":"Pianificare con giudizio"}]},{"@type":"WebSite","@id":"https:\/\/www.fondazionepirelli.org\/it\/#website","url":"https:\/\/www.fondazionepirelli.org\/it\/","name":"Fondazione Pirelli","description":"","potentialAction":[{"@type":"SearchAction","target":{"@type":"EntryPoint","urlTemplate":"https:\/\/www.fondazionepirelli.org\/it\/?s={search_term_string}"},"query-input":{"@type":"PropertyValueSpecification","valueRequired":true,"valueName":"search_term_string"}}],"inLanguage":"it-IT"},{"@type":"Person","@id":"https:\/\/www.fondazionepirelli.org\/it\/#\/schema\/person\/c31fcf5937a0e6afa45497f3f8b6d7a0","name":"fondazionepirelli","image":{"@type":"ImageObject","inLanguage":"it-IT","@id":"https:\/\/www.fondazionepirelli.org\/it\/#\/schema\/person\/image\/","url":"https:\/\/secure.gravatar.com\/avatar\/9cb486421ce1d6eddbf6c4fb66841b4325b786695f7aedf1dde2222428218696?s=96&d=mm&r=g","contentUrl":"https:\/\/secure.gravatar.com\/avatar\/9cb486421ce1d6eddbf6c4fb66841b4325b786695f7aedf1dde2222428218696?s=96&d=mm&r=g","caption":"fondazionepirelli"},"url":"https:\/\/www.fondazionepirelli.org\/it\/author\/fondazionepirelli\/"}]}},"_links":{"self":[{"href":"https:\/\/www.fondazionepirelli.org\/it\/wp-json\/wp\/v2\/posts\/76645\/"}],"collection":[{"href":"https:\/\/www.fondazionepirelli.org\/it\/wp-json\/wp\/v2\/posts\/"}],"about":[{"href":"https:\/\/www.fondazionepirelli.org\/it\/wp-json\/wp\/v2\/types\/post\/"}],"author":[{"embeddable":true,"href":"https:\/\/www.fondazionepirelli.org\/it\/wp-json\/wp\/v2\/users\/9\/"}],"replies":[{"embeddable":true,"href":"https:\/\/www.fondazionepirelli.org\/it\/wp-json\/wp\/v2\/comments\/?post=76645"}],"version-history":[{"count":3,"href":"https:\/\/www.fondazionepirelli.org\/it\/wp-json\/wp\/v2\/posts\/76645\/revisions\/"}],"predecessor-version":[{"id":77011,"href":"https:\/\/www.fondazionepirelli.org\/it\/wp-json\/wp\/v2\/posts\/76645\/revisions\/77011\/"}],"wp:attachment":[{"href":"https:\/\/www.fondazionepirelli.org\/it\/wp-json\/wp\/v2\/media\/?parent=76645"}],"wp:term":[{"taxonomy":"category","embeddable":true,"href":"https:\/\/www.fondazionepirelli.org\/it\/wp-json\/wp\/v2\/categories\/?post=76645"},{"taxonomy":"post_tag","embeddable":true,"href":"https:\/\/www.fondazionepirelli.org\/it\/wp-json\/wp\/v2\/tags\/?post=76645"}],"curies":[{"name":"wp","href":"https:\/\/api.w.org\/{rel}","templated":true}]}}