{"id":76888,"date":"2020-04-13T09:00:10","date_gmt":"2020-04-13T08:00:10","guid":{"rendered":"https:\/\/www.fondazionepirelli.org\/uncategorized\/il-cinturato-cn72-la-via-verso-i-ribassati\/"},"modified":"2021-12-14T10:45:44","modified_gmt":"2021-12-14T09:45:44","slug":"il-cinturato-cn72-la-via-verso-i-ribassati","status":"publish","type":"post","link":"https:\/\/www.fondazionepirelli.org\/it\/non-categorizzato\/il-cinturato-cn72-la-via-verso-i-ribassati\/","title":{"rendered":"Il Cinturato CN72, la via verso i ribassati"},"content":{"rendered":"<p>\u201c<em>Per la nuova Camaro il nuovo Cinturato Pirelli<\/em>\u201d, titola il comunicato stampa del <strong>1967<\/strong> che annuncia lo storico sbarco del <strong>Cinturato<\/strong> negli <strong>Stati Uniti<\/strong>. Per equipaggiare quella che in America si presenta come la grande avversaria della <strong>Ford Mustang<\/strong>, i tecnici Pirelli sono intervenuti con nuove strutture e nuovo disegno battistrada rispetto al Cinturato \u201ceuropeo\u201d: \u201c..<em>trattandosi di una vettura americana, \u00e8 stato scelto un battistrada a disegni longitudinali che, oltre ad assicurare il massimo di scorrevolezza e di silenziosit\u00e0, presenta la maggior resistenza a lunghi chilometraggi, grazie alla regolarit\u00e0 del consumo. La struttura, sia della carcassa che della cintura, \u00e8 particolarmente robusta data la grande potenza del motore della Camaro, e questo per assicurare tranquillit\u00e0 di marcia ed un comportamento di guida sportivo, particolarmente apprezzato dai guidatori europei<\/em>\u201d. Nasce allora il <strong>Cinturato CN72<\/strong>, dal complesso disegno composto da una \u201cfioritura\u201d di tasselli ad andamento longitudinale e trasversale.<\/p>\n<p>Intanto, in Europa, la segmentazione verso l\u2019alto del mercato automobilistico a met\u00e0 degli anni Sessanta porta all\u2019introduzione di pneumatici <strong>Cinturato S<\/strong> e <strong>Cinturato HS<\/strong>, che a partire dal 1967 adotteranno il nuovo disegno <strong>CN72,<\/strong> in grado di dare maggior confort e silenziosit\u00e0 di marcia. Il CN72 equipaggia l\u2019intera gamma<strong> Ferrari<\/strong> e le <strong>Maserati 4000 e 5000<\/strong>; si aggiungeranno poi i modelli <strong>Lamborghini 350 GT, 400<\/strong> <strong>GT<\/strong>, <strong>Miura<\/strong>.<\/p>\n<p>Mentre il Cinturato CN72 continua a coprire le misure standard non ribassate, la disponibilit\u00e0 di misure ribassate aumenta con la commercializzazione anche delle misure <strong>Serie 60<\/strong> e <strong>Serie 70<\/strong>. Per le Serie 60 viene studiato il disegno battistrada<strong> CN12<\/strong>: equipagger\u00e0 modelli come le<strong> Lamborgini Miura P400<\/strong>, <strong>Jarama<\/strong> e <strong>Urraco<\/strong> e la <strong>Maserati Bora<\/strong>.<\/p><p><a href=\"https:\/\/www.fondazionepirelli.org\/it\/mostra\/dallarchivio-storico-allo-sviluppo-del-prodottostudiare-il-passato-per-progettare-il-futuro\/\"><strong>Torna alla pagina principale<\/strong><\/a><\/p>","protected":false},"excerpt":{"rendered":"<p>\u201cPer la nuova Camaro il nuovo Cinturato Pirelli\u201d, titola il comunicato stampa del 1967 che annuncia lo storico sbarco del Cinturato negli Stati Uniti. Per equipaggiare quella che in America si presenta come la grande avversaria della Ford Mustang, i tecnici Pirelli sono intervenuti con nuove strutture e nuovo disegno battistrada rispetto al Cinturato \u201ceuropeo\u201d: [&hellip;]<\/p>\n","protected":false},"author":9,"featured_media":76354,"comment_status":"open","ping_status":"open","sticky":false,"template":"","format":"standard","meta":{"footnotes":""},"categories":[1],"tags":[],"class_list":["post-76888","post","type-post","status-publish","format-standard","has-post-thumbnail","hentry","category-non-categorizzato"],"acf":[],"yoast_head":"<!-- This site is optimized with the Yoast SEO plugin v25.0 - https:\/\/yoast.com\/wordpress\/plugins\/seo\/ -->\n<title>La Camaro e il Cinturato CN72 | Fondazione Pirelli<\/title>\n<meta name=\"description\" content=\"Il Cinturato Pirelli sbarca in America, nasce il CN72 per equipaggiare la mitica Camaro. Scopri di pi\u00f9 su fondazionepirelli.org.\" \/>\n<meta name=\"robots\" content=\"index, follow, max-snippet:-1, max-image-preview:large, max-video-preview:-1\" \/>\n<link rel=\"canonical\" href=\"https:\/\/www.fondazionepirelli.org\/it\/non-categorizzato\/il-cinturato-cn72-la-via-verso-i-ribassati\/\" \/>\n<meta property=\"og:locale\" content=\"it_IT\" \/>\n<meta property=\"og:type\" content=\"article\" \/>\n<meta property=\"og:title\" content=\"La Camaro e il Cinturato CN72 | Fondazione Pirelli\" \/>\n<meta property=\"og:description\" content=\"Il Cinturato Pirelli sbarca in America, nasce il CN72 per equipaggiare la mitica Camaro. Scopri di pi\u00f9 su fondazionepirelli.org.\" \/>\n<meta property=\"og:url\" content=\"https:\/\/www.fondazionepirelli.org\/it\/non-categorizzato\/il-cinturato-cn72-la-via-verso-i-ribassati\/\" \/>\n<meta property=\"og:site_name\" content=\"Fondazione Pirelli\" \/>\n<meta property=\"article:published_time\" content=\"2020-04-13T08:00:10+00:00\" \/>\n<meta property=\"article:modified_time\" content=\"2021-12-14T09:45:44+00:00\" \/>\n<meta property=\"og:image\" content=\"https:\/\/wpsite-assets.fondazionepirelli.org\/wp-content\/uploads\/2020\/04\/09065037\/Prop2_Salone_Auto_Ginevra_1966_37660.jpg\" \/>\n\t<meta property=\"og:image:width\" content=\"500\" \/>\n\t<meta property=\"og:image:height\" content=\"318\" \/>\n\t<meta property=\"og:image:type\" content=\"image\/jpeg\" \/>\n<meta name=\"author\" content=\"fondazionepirelli\" \/>\n<meta name=\"twitter:card\" content=\"summary_large_image\" \/>\n<meta name=\"twitter:label1\" content=\"Scritto da\" \/>\n\t<meta name=\"twitter:data1\" content=\"fondazionepirelli\" \/>\n\t<meta name=\"twitter:label2\" content=\"Tempo di lettura stimato\" \/>\n\t<meta name=\"twitter:data2\" content=\"1 minuto\" \/>\n<script type=\"application\/ld+json\" class=\"yoast-schema-graph\">{\"@context\":\"https:\/\/schema.org\",\"@graph\":[{\"@type\":\"WebPage\",\"@id\":\"https:\/\/www.fondazionepirelli.org\/it\/non-categorizzato\/il-cinturato-cn72-la-via-verso-i-ribassati\/\",\"url\":\"https:\/\/www.fondazionepirelli.org\/it\/non-categorizzato\/il-cinturato-cn72-la-via-verso-i-ribassati\/\",\"name\":\"La Camaro e il Cinturato CN72 | Fondazione Pirelli\",\"isPartOf\":{\"@id\":\"https:\/\/www.fondazionepirelli.org\/it\/#website\"},\"primaryImageOfPage\":{\"@id\":\"https:\/\/www.fondazionepirelli.org\/it\/non-categorizzato\/il-cinturato-cn72-la-via-verso-i-ribassati\/#primaryimage\"},\"image\":{\"@id\":\"https:\/\/www.fondazionepirelli.org\/it\/non-categorizzato\/il-cinturato-cn72-la-via-verso-i-ribassati\/#primaryimage\"},\"thumbnailUrl\":\"https:\/\/wpsite-assets.fondazionepirelli.org\/wp-content\/uploads\/2020\/04\/09065037\/Prop2_Salone_Auto_Ginevra_1966_37660.jpg\",\"datePublished\":\"2020-04-13T08:00:10+00:00\",\"dateModified\":\"2021-12-14T09:45:44+00:00\",\"author\":{\"@id\":\"https:\/\/www.fondazionepirelli.org\/it\/#\/schema\/person\/c31fcf5937a0e6afa45497f3f8b6d7a0\"},\"description\":\"Il Cinturato Pirelli sbarca in America, nasce il CN72 per equipaggiare la mitica Camaro. Scopri di pi\u00f9 su fondazionepirelli.org.\",\"breadcrumb\":{\"@id\":\"https:\/\/www.fondazionepirelli.org\/it\/non-categorizzato\/il-cinturato-cn72-la-via-verso-i-ribassati\/#breadcrumb\"},\"inLanguage\":\"it-IT\",\"potentialAction\":[{\"@type\":\"ReadAction\",\"target\":[\"https:\/\/www.fondazionepirelli.org\/it\/non-categorizzato\/il-cinturato-cn72-la-via-verso-i-ribassati\/\"]}]},{\"@type\":\"ImageObject\",\"inLanguage\":\"it-IT\",\"@id\":\"https:\/\/www.fondazionepirelli.org\/it\/non-categorizzato\/il-cinturato-cn72-la-via-verso-i-ribassati\/#primaryimage\",\"url\":\"https:\/\/wpsite-assets.fondazionepirelli.org\/wp-content\/uploads\/2020\/04\/09065037\/Prop2_Salone_Auto_Ginevra_1966_37660.jpg\",\"contentUrl\":\"https:\/\/wpsite-assets.fondazionepirelli.org\/wp-content\/uploads\/2020\/04\/09065037\/Prop2_Salone_Auto_Ginevra_1966_37660.jpg\",\"width\":500,\"height\":318},{\"@type\":\"BreadcrumbList\",\"@id\":\"https:\/\/www.fondazionepirelli.org\/it\/non-categorizzato\/il-cinturato-cn72-la-via-verso-i-ribassati\/#breadcrumb\",\"itemListElement\":[{\"@type\":\"ListItem\",\"position\":1,\"name\":\"Home\",\"item\":\"https:\/\/www.fondazionepirelli.org\/it\/\"},{\"@type\":\"ListItem\",\"position\":2,\"name\":\"Il Cinturato CN72, la via verso i ribassati\"}]},{\"@type\":\"WebSite\",\"@id\":\"https:\/\/www.fondazionepirelli.org\/it\/#website\",\"url\":\"https:\/\/www.fondazionepirelli.org\/it\/\",\"name\":\"Fondazione Pirelli\",\"description\":\"\",\"potentialAction\":[{\"@type\":\"SearchAction\",\"target\":{\"@type\":\"EntryPoint\",\"urlTemplate\":\"https:\/\/www.fondazionepirelli.org\/it\/?s={search_term_string}\"},\"query-input\":{\"@type\":\"PropertyValueSpecification\",\"valueRequired\":true,\"valueName\":\"search_term_string\"}}],\"inLanguage\":\"it-IT\"},{\"@type\":\"Person\",\"@id\":\"https:\/\/www.fondazionepirelli.org\/it\/#\/schema\/person\/c31fcf5937a0e6afa45497f3f8b6d7a0\",\"name\":\"fondazionepirelli\",\"image\":{\"@type\":\"ImageObject\",\"inLanguage\":\"it-IT\",\"@id\":\"https:\/\/www.fondazionepirelli.org\/it\/#\/schema\/person\/image\/\",\"url\":\"https:\/\/secure.gravatar.com\/avatar\/9cb486421ce1d6eddbf6c4fb66841b4325b786695f7aedf1dde2222428218696?s=96&d=mm&r=g\",\"contentUrl\":\"https:\/\/secure.gravatar.com\/avatar\/9cb486421ce1d6eddbf6c4fb66841b4325b786695f7aedf1dde2222428218696?s=96&d=mm&r=g\",\"caption\":\"fondazionepirelli\"},\"url\":\"https:\/\/www.fondazionepirelli.org\/it\/author\/fondazionepirelli\/\"}]}<\/script>\n<!-- \/ Yoast SEO plugin. -->","yoast_head_json":{"title":"La Camaro e il Cinturato CN72 | Fondazione Pirelli","description":"Il Cinturato Pirelli sbarca in America, nasce il CN72 per equipaggiare la mitica Camaro. Scopri di pi\u00f9 su fondazionepirelli.org.","robots":{"index":"index","follow":"follow","max-snippet":"max-snippet:-1","max-image-preview":"max-image-preview:large","max-video-preview":"max-video-preview:-1"},"canonical":"https:\/\/www.fondazionepirelli.org\/it\/non-categorizzato\/il-cinturato-cn72-la-via-verso-i-ribassati\/","og_locale":"it_IT","og_type":"article","og_title":"La Camaro e il Cinturato CN72 | Fondazione Pirelli","og_description":"Il Cinturato Pirelli sbarca in America, nasce il CN72 per equipaggiare la mitica Camaro. Scopri di pi\u00f9 su fondazionepirelli.org.","og_url":"https:\/\/www.fondazionepirelli.org\/it\/non-categorizzato\/il-cinturato-cn72-la-via-verso-i-ribassati\/","og_site_name":"Fondazione Pirelli","article_published_time":"2020-04-13T08:00:10+00:00","article_modified_time":"2021-12-14T09:45:44+00:00","og_image":[{"width":500,"height":318,"url":"https:\/\/wpsite-assets.fondazionepirelli.org\/wp-content\/uploads\/2020\/04\/09065037\/Prop2_Salone_Auto_Ginevra_1966_37660.jpg","type":"image\/jpeg"}],"author":"fondazionepirelli","twitter_card":"summary_large_image","twitter_misc":{"Scritto da":"fondazionepirelli","Tempo di lettura stimato":"1 minuto"},"schema":{"@context":"https:\/\/schema.org","@graph":[{"@type":"WebPage","@id":"https:\/\/www.fondazionepirelli.org\/it\/non-categorizzato\/il-cinturato-cn72-la-via-verso-i-ribassati\/","url":"https:\/\/www.fondazionepirelli.org\/it\/non-categorizzato\/il-cinturato-cn72-la-via-verso-i-ribassati\/","name":"La Camaro e il Cinturato CN72 | Fondazione Pirelli","isPartOf":{"@id":"https:\/\/www.fondazionepirelli.org\/it\/#website"},"primaryImageOfPage":{"@id":"https:\/\/www.fondazionepirelli.org\/it\/non-categorizzato\/il-cinturato-cn72-la-via-verso-i-ribassati\/#primaryimage"},"image":{"@id":"https:\/\/www.fondazionepirelli.org\/it\/non-categorizzato\/il-cinturato-cn72-la-via-verso-i-ribassati\/#primaryimage"},"thumbnailUrl":"https:\/\/wpsite-assets.fondazionepirelli.org\/wp-content\/uploads\/2020\/04\/09065037\/Prop2_Salone_Auto_Ginevra_1966_37660.jpg","datePublished":"2020-04-13T08:00:10+00:00","dateModified":"2021-12-14T09:45:44+00:00","author":{"@id":"https:\/\/www.fondazionepirelli.org\/it\/#\/schema\/person\/c31fcf5937a0e6afa45497f3f8b6d7a0"},"description":"Il Cinturato Pirelli sbarca in America, nasce il CN72 per equipaggiare la mitica Camaro. Scopri di pi\u00f9 su fondazionepirelli.org.","breadcrumb":{"@id":"https:\/\/www.fondazionepirelli.org\/it\/non-categorizzato\/il-cinturato-cn72-la-via-verso-i-ribassati\/#breadcrumb"},"inLanguage":"it-IT","potentialAction":[{"@type":"ReadAction","target":["https:\/\/www.fondazionepirelli.org\/it\/non-categorizzato\/il-cinturato-cn72-la-via-verso-i-ribassati\/"]}]},{"@type":"ImageObject","inLanguage":"it-IT","@id":"https:\/\/www.fondazionepirelli.org\/it\/non-categorizzato\/il-cinturato-cn72-la-via-verso-i-ribassati\/#primaryimage","url":"https:\/\/wpsite-assets.fondazionepirelli.org\/wp-content\/uploads\/2020\/04\/09065037\/Prop2_Salone_Auto_Ginevra_1966_37660.jpg","contentUrl":"https:\/\/wpsite-assets.fondazionepirelli.org\/wp-content\/uploads\/2020\/04\/09065037\/Prop2_Salone_Auto_Ginevra_1966_37660.jpg","width":500,"height":318},{"@type":"BreadcrumbList","@id":"https:\/\/www.fondazionepirelli.org\/it\/non-categorizzato\/il-cinturato-cn72-la-via-verso-i-ribassati\/#breadcrumb","itemListElement":[{"@type":"ListItem","position":1,"name":"Home","item":"https:\/\/www.fondazionepirelli.org\/it\/"},{"@type":"ListItem","position":2,"name":"Il Cinturato CN72, la via verso i ribassati"}]},{"@type":"WebSite","@id":"https:\/\/www.fondazionepirelli.org\/it\/#website","url":"https:\/\/www.fondazionepirelli.org\/it\/","name":"Fondazione Pirelli","description":"","potentialAction":[{"@type":"SearchAction","target":{"@type":"EntryPoint","urlTemplate":"https:\/\/www.fondazionepirelli.org\/it\/?s={search_term_string}"},"query-input":{"@type":"PropertyValueSpecification","valueRequired":true,"valueName":"search_term_string"}}],"inLanguage":"it-IT"},{"@type":"Person","@id":"https:\/\/www.fondazionepirelli.org\/it\/#\/schema\/person\/c31fcf5937a0e6afa45497f3f8b6d7a0","name":"fondazionepirelli","image":{"@type":"ImageObject","inLanguage":"it-IT","@id":"https:\/\/www.fondazionepirelli.org\/it\/#\/schema\/person\/image\/","url":"https:\/\/secure.gravatar.com\/avatar\/9cb486421ce1d6eddbf6c4fb66841b4325b786695f7aedf1dde2222428218696?s=96&d=mm&r=g","contentUrl":"https:\/\/secure.gravatar.com\/avatar\/9cb486421ce1d6eddbf6c4fb66841b4325b786695f7aedf1dde2222428218696?s=96&d=mm&r=g","caption":"fondazionepirelli"},"url":"https:\/\/www.fondazionepirelli.org\/it\/author\/fondazionepirelli\/"}]}},"_links":{"self":[{"href":"https:\/\/www.fondazionepirelli.org\/it\/wp-json\/wp\/v2\/posts\/76888\/"}],"collection":[{"href":"https:\/\/www.fondazionepirelli.org\/it\/wp-json\/wp\/v2\/posts\/"}],"about":[{"href":"https:\/\/www.fondazionepirelli.org\/it\/wp-json\/wp\/v2\/types\/post\/"}],"author":[{"embeddable":true,"href":"https:\/\/www.fondazionepirelli.org\/it\/wp-json\/wp\/v2\/users\/9\/"}],"replies":[{"embeddable":true,"href":"https:\/\/www.fondazionepirelli.org\/it\/wp-json\/wp\/v2\/comments\/?post=76888"}],"version-history":[{"count":1,"href":"https:\/\/www.fondazionepirelli.org\/it\/wp-json\/wp\/v2\/posts\/76888\/revisions\/"}],"predecessor-version":[{"id":85761,"href":"https:\/\/www.fondazionepirelli.org\/it\/wp-json\/wp\/v2\/posts\/76888\/revisions\/85761\/"}],"wp:featuredmedia":[{"embeddable":true,"href":"https:\/\/www.fondazionepirelli.org\/it\/wp-json\/wp\/v2\/media\/76354\/"}],"wp:attachment":[{"href":"https:\/\/www.fondazionepirelli.org\/it\/wp-json\/wp\/v2\/media\/?parent=76888"}],"wp:term":[{"taxonomy":"category","embeddable":true,"href":"https:\/\/www.fondazionepirelli.org\/it\/wp-json\/wp\/v2\/categories\/?post=76888"},{"taxonomy":"post_tag","embeddable":true,"href":"https:\/\/www.fondazionepirelli.org\/it\/wp-json\/wp\/v2\/tags\/?post=76888"}],"curies":[{"name":"wp","href":"https:\/\/api.w.org\/{rel}","templated":true}]}}