{"id":76927,"date":"2020-04-13T09:00:49","date_gmt":"2020-04-13T08:00:49","guid":{"rendered":"https:\/\/www.fondazionepirelli.org\/uncategorized\/il-cinturato-cn36-e-la-nuova-generazione-p7\/"},"modified":"2022-04-21T13:56:52","modified_gmt":"2022-04-21T12:56:52","slug":"il-cinturato-cn36-e-la-nuova-generazione-p7","status":"publish","type":"post","link":"https:\/\/www.fondazionepirelli.org\/it\/non-categorizzato\/il-cinturato-cn36-e-la-nuova-generazione-p7\/","title":{"rendered":"Il Cinturato CN36 e la nuova generazione P7"},"content":{"rendered":"<p>Alle soglie degli <strong>anni Settanta<\/strong> il Cinturato Pirelli ha conquistato il mercato automobilistico mondiale. E\u2019 il momento di far guadagnare al Cinturato lo stesso appellativo che fu dei pneumatici Pirelli Stella Bianca prima e degli Stelvio poi: il \u201c<strong>pneumatico delle vittorie<\/strong>\u201d. Accade con la nuova disciplina motoristica che richiede, per vetture di normale produzione impegnate in condizioni estreme, pneumatici stradali in grado di affrontare asfalto e sterrato, sassi e ghiaccio: il <strong>rally<\/strong>.<\/p>\n<p>Con i suoi <strong>CN36<\/strong> per impiego estivo e <strong>MS35<\/strong> per uso invernale, Pirelli trionfa nei rally internazionali equipaggiando le <strong>Fulvia HF<\/strong>, le <strong>Fiat 124 Abarth<\/strong>, le <strong>BMW<\/strong>, le <strong>Saab<\/strong>. L\u2019MS35, in particolare, rappresenta il passo decisivo verso la messa a punto di una gamma di pneumatici invernali stradali: i <strong>Pirelli Winter<\/strong>. La ricaduta tecnologica delle competizioni rallistiche sul prodotto di serie \u00e8 pressoch\u00e8 immediata: nel 1972 viene lanciato il <strong>Cinturato CN54<\/strong>: \u201ctale copertura\u201d, sottolinea la stampa dell\u2019epoca, \u201csottoposta alle prove pi\u00f9 dure, alle condizioni pi\u00f9 esasperate, ha dimostrato doti eccezionali di resa chilometrica, di tenuta di strada sull\u2019asciutto e sul bagnato, di resistenza agli urti, alla fatica e alla velocit\u00e0 prolungata. Ha superato il test dei rallies ed \u00e8 ora disponibile per i principali modelli di autovettura attualmente in circolazione.\u201d<\/p>\n<p>Finch\u00e8, attorno al <strong>1973<\/strong>, non si presenta all\u2019orizzonte delle competizioni rallistiche una nuova sfida, destinata a far compiere al prodotto-pneumatico una nuova rivoluzione. La vettura si chiama<strong> Stratos<\/strong> e la <strong>Lancia<\/strong> intende utilizzarla nelle competizioni rallistiche. Ma la potenza della Stratos riesce a mettere in crisi di tenuta di strada anche il pi\u00f9 efficace dei radiali \u201ctradizionali\u201d: occorre una nuova invenzione. La soluzione \u00e8 proposta alla Lancia ancora una volta dalla Pirelli: \u00e8 un pneumatico super-ribassato che fa scendere fino al 50%\u00a0 il rapporto tra altezza del fianco e larghezza del battistrada, che gi\u00e0 con il <strong>CN73<\/strong>era arrivato al 70%.<\/p>\n<p><img loading=\"lazy\" decoding=\"async\" class=\"alignleft wp-image-76517 size-medium\" src=\"https:\/\/wpsite-assets.fondazionepirelli.org\/wp-content\/uploads\/2020\/04\/09113710\/1974-Sanremo-Munari-Mannucci-Stratos-HF-300x225.jpg\" alt=\"\" width=\"300\" height=\"225\" srcset=\"https:\/\/wpsite-assets.fondazionepirelli.org\/wp-content\/uploads\/2020\/04\/09113710\/1974-Sanremo-Munari-Mannucci-Stratos-HF-300x225.jpg 300w, https:\/\/wpsite-assets.fondazionepirelli.org\/wp-content\/uploads\/2020\/04\/09113710\/1974-Sanremo-Munari-Mannucci-Stratos-HF-768x576.jpg 768w, https:\/\/wpsite-assets.fondazionepirelli.org\/wp-content\/uploads\/2020\/04\/09113710\/1974-Sanremo-Munari-Mannucci-Stratos-HF-1024x768.jpg 1024w\" sizes=\"auto, (max-width: 300px) 100vw, 300px\" \/> E\u2019 una intuizione vincente, che merita di essere sottolineata anche nella sigla del nuovo pneumatico: nel <strong>Cinturato P7<\/strong>, il tipo di costruzione \u201ccon cintura\u201d \u00e8 ormai dato per scontato, e scritto con caratteri sempre pi\u00f9 piccoli. Le nuove sfide si spostano su geometrie e disegni battistrada: P7 \u00e8 il primo passo per la nuova generazione di cinturati.<\/p>\n<p>Oggi tutti i pneumatici sono \u201ccinturati\u201d, ma la vocazione originale di creare un prodotto adatto a supportare le alte prestazioni anche nell\u2019impiego in pista non \u00e8 andata persa: il <strong>Pirelli P Zero<\/strong> non esisterebbe oggi se non si fosse provato, settant\u2019anni fa, a immaginare una solida carcassa a struttura radiale, stretta da cinture indeformabili che garantiscono un\u2019impronta a terra regolare e squadrata. Per vincere su strada e su pista.<\/p><p><a href=\"https:\/\/www.fondazionepirelli.org\/it\/mostra\/dallarchivio-storico-allo-sviluppo-del-prodottostudiare-il-passato-per-progettare-il-futuro\/\"><strong>Torna alla pagina principale <\/strong><\/a><\/p>\n","protected":false},"excerpt":{"rendered":"<p>Alle soglie degli anni Settanta il Cinturato Pirelli ha conquistato il mercato automobilistico mondiale. E\u2019 il momento di far guadagnare al Cinturato lo stesso appellativo che fu dei pneumatici Pirelli Stella Bianca prima e degli Stelvio poi: il \u201cpneumatico delle vittorie\u201d. Accade con la nuova disciplina motoristica che richiede, per vetture di normale produzione impegnate [&hellip;]<\/p>\n","protected":false},"author":9,"featured_media":0,"comment_status":"open","ping_status":"open","sticky":false,"template":"","format":"standard","meta":{"footnotes":""},"categories":[1],"tags":[],"class_list":["post-76927","post","type-post","status-publish","format-standard","hentry","category-non-categorizzato"],"acf":[],"yoast_head":"<!-- This site is optimized with the Yoast SEO plugin v25.0 - https:\/\/yoast.com\/wordpress\/plugins\/seo\/ -->\n<title>Il Cinturato CN36 e i nuovi P7 | Fondazione Pirelli<\/title>\n<meta name=\"description\" content=\"Alle soglie degli anni Settanta il Cinturato Pirelli ha conquistato il mercato automobilistico ed \u00e8 pronto per dominare anche le gare di Rally. Scopri di pi\u00f9.\" \/>\n<meta name=\"robots\" content=\"index, follow, max-snippet:-1, max-image-preview:large, max-video-preview:-1\" \/>\n<link rel=\"canonical\" href=\"https:\/\/www.fondazionepirelli.org\/it\/non-categorizzato\/il-cinturato-cn36-e-la-nuova-generazione-p7\/\" \/>\n<meta property=\"og:locale\" content=\"it_IT\" \/>\n<meta property=\"og:type\" content=\"article\" \/>\n<meta property=\"og:title\" content=\"Il Cinturato CN36 e i nuovi P7 | Fondazione Pirelli\" \/>\n<meta property=\"og:description\" content=\"Alle soglie degli anni Settanta il Cinturato Pirelli ha conquistato il mercato automobilistico ed \u00e8 pronto per dominare anche le gare di Rally. Scopri di pi\u00f9.\" \/>\n<meta property=\"og:url\" content=\"https:\/\/www.fondazionepirelli.org\/it\/non-categorizzato\/il-cinturato-cn36-e-la-nuova-generazione-p7\/\" \/>\n<meta property=\"og:site_name\" content=\"Fondazione Pirelli\" \/>\n<meta property=\"article:published_time\" content=\"2020-04-13T08:00:49+00:00\" \/>\n<meta property=\"article:modified_time\" content=\"2022-04-21T12:56:52+00:00\" \/>\n<meta property=\"og:image\" content=\"https:\/\/www.fondazionepirelli.org\/wp-content\/uploads\/2020\/04\/1974-Sanremo-Munari-Mannucci-Stratos-HF-300x225.jpg\" \/>\n<meta name=\"author\" content=\"fondazionepirelli\" \/>\n<meta name=\"twitter:card\" content=\"summary_large_image\" \/>\n<meta name=\"twitter:label1\" content=\"Scritto da\" \/>\n\t<meta name=\"twitter:data1\" content=\"fondazionepirelli\" \/>\n\t<meta name=\"twitter:label2\" content=\"Tempo di lettura stimato\" \/>\n\t<meta name=\"twitter:data2\" content=\"2 minuti\" \/>\n<script type=\"application\/ld+json\" class=\"yoast-schema-graph\">{\"@context\":\"https:\/\/schema.org\",\"@graph\":[{\"@type\":\"WebPage\",\"@id\":\"https:\/\/www.fondazionepirelli.org\/it\/non-categorizzato\/il-cinturato-cn36-e-la-nuova-generazione-p7\/\",\"url\":\"https:\/\/www.fondazionepirelli.org\/it\/non-categorizzato\/il-cinturato-cn36-e-la-nuova-generazione-p7\/\",\"name\":\"Il Cinturato CN36 e i nuovi P7 | Fondazione Pirelli\",\"isPartOf\":{\"@id\":\"https:\/\/www.fondazionepirelli.org\/it\/#website\"},\"primaryImageOfPage\":{\"@id\":\"https:\/\/www.fondazionepirelli.org\/it\/non-categorizzato\/il-cinturato-cn36-e-la-nuova-generazione-p7\/#primaryimage\"},\"image\":{\"@id\":\"https:\/\/www.fondazionepirelli.org\/it\/non-categorizzato\/il-cinturato-cn36-e-la-nuova-generazione-p7\/#primaryimage\"},\"thumbnailUrl\":\"https:\/\/www.fondazionepirelli.org\/wp-content\/uploads\/2020\/04\/1974-Sanremo-Munari-Mannucci-Stratos-HF-300x225.jpg\",\"datePublished\":\"2020-04-13T08:00:49+00:00\",\"dateModified\":\"2022-04-21T12:56:52+00:00\",\"author\":{\"@id\":\"https:\/\/www.fondazionepirelli.org\/it\/#\/schema\/person\/c31fcf5937a0e6afa45497f3f8b6d7a0\"},\"description\":\"Alle soglie degli anni Settanta il Cinturato Pirelli ha conquistato il mercato automobilistico ed \u00e8 pronto per dominare anche le gare di Rally. Scopri di pi\u00f9.\",\"breadcrumb\":{\"@id\":\"https:\/\/www.fondazionepirelli.org\/it\/non-categorizzato\/il-cinturato-cn36-e-la-nuova-generazione-p7\/#breadcrumb\"},\"inLanguage\":\"it-IT\",\"potentialAction\":[{\"@type\":\"ReadAction\",\"target\":[\"https:\/\/www.fondazionepirelli.org\/it\/non-categorizzato\/il-cinturato-cn36-e-la-nuova-generazione-p7\/\"]}]},{\"@type\":\"ImageObject\",\"inLanguage\":\"it-IT\",\"@id\":\"https:\/\/www.fondazionepirelli.org\/it\/non-categorizzato\/il-cinturato-cn36-e-la-nuova-generazione-p7\/#primaryimage\",\"url\":\"https:\/\/www.fondazionepirelli.org\/wp-content\/uploads\/2020\/04\/1974-Sanremo-Munari-Mannucci-Stratos-HF-300x225.jpg\",\"contentUrl\":\"https:\/\/www.fondazionepirelli.org\/wp-content\/uploads\/2020\/04\/1974-Sanremo-Munari-Mannucci-Stratos-HF-300x225.jpg\"},{\"@type\":\"BreadcrumbList\",\"@id\":\"https:\/\/www.fondazionepirelli.org\/it\/non-categorizzato\/il-cinturato-cn36-e-la-nuova-generazione-p7\/#breadcrumb\",\"itemListElement\":[{\"@type\":\"ListItem\",\"position\":1,\"name\":\"Home\",\"item\":\"https:\/\/www.fondazionepirelli.org\/it\/\"},{\"@type\":\"ListItem\",\"position\":2,\"name\":\"Il Cinturato CN36 e la nuova generazione P7\"}]},{\"@type\":\"WebSite\",\"@id\":\"https:\/\/www.fondazionepirelli.org\/it\/#website\",\"url\":\"https:\/\/www.fondazionepirelli.org\/it\/\",\"name\":\"Fondazione Pirelli\",\"description\":\"\",\"potentialAction\":[{\"@type\":\"SearchAction\",\"target\":{\"@type\":\"EntryPoint\",\"urlTemplate\":\"https:\/\/www.fondazionepirelli.org\/it\/?s={search_term_string}\"},\"query-input\":{\"@type\":\"PropertyValueSpecification\",\"valueRequired\":true,\"valueName\":\"search_term_string\"}}],\"inLanguage\":\"it-IT\"},{\"@type\":\"Person\",\"@id\":\"https:\/\/www.fondazionepirelli.org\/it\/#\/schema\/person\/c31fcf5937a0e6afa45497f3f8b6d7a0\",\"name\":\"fondazionepirelli\",\"image\":{\"@type\":\"ImageObject\",\"inLanguage\":\"it-IT\",\"@id\":\"https:\/\/www.fondazionepirelli.org\/it\/#\/schema\/person\/image\/\",\"url\":\"https:\/\/secure.gravatar.com\/avatar\/9cb486421ce1d6eddbf6c4fb66841b4325b786695f7aedf1dde2222428218696?s=96&d=mm&r=g\",\"contentUrl\":\"https:\/\/secure.gravatar.com\/avatar\/9cb486421ce1d6eddbf6c4fb66841b4325b786695f7aedf1dde2222428218696?s=96&d=mm&r=g\",\"caption\":\"fondazionepirelli\"},\"url\":\"https:\/\/www.fondazionepirelli.org\/it\/author\/fondazionepirelli\/\"}]}<\/script>\n<!-- \/ Yoast SEO plugin. -->","yoast_head_json":{"title":"Il Cinturato CN36 e i nuovi P7 | Fondazione Pirelli","description":"Alle soglie degli anni Settanta il Cinturato Pirelli ha conquistato il mercato automobilistico ed \u00e8 pronto per dominare anche le gare di Rally. Scopri di pi\u00f9.","robots":{"index":"index","follow":"follow","max-snippet":"max-snippet:-1","max-image-preview":"max-image-preview:large","max-video-preview":"max-video-preview:-1"},"canonical":"https:\/\/www.fondazionepirelli.org\/it\/non-categorizzato\/il-cinturato-cn36-e-la-nuova-generazione-p7\/","og_locale":"it_IT","og_type":"article","og_title":"Il Cinturato CN36 e i nuovi P7 | Fondazione Pirelli","og_description":"Alle soglie degli anni Settanta il Cinturato Pirelli ha conquistato il mercato automobilistico ed \u00e8 pronto per dominare anche le gare di Rally. Scopri di pi\u00f9.","og_url":"https:\/\/www.fondazionepirelli.org\/it\/non-categorizzato\/il-cinturato-cn36-e-la-nuova-generazione-p7\/","og_site_name":"Fondazione Pirelli","article_published_time":"2020-04-13T08:00:49+00:00","article_modified_time":"2022-04-21T12:56:52+00:00","og_image":[{"url":"https:\/\/www.fondazionepirelli.org\/wp-content\/uploads\/2020\/04\/1974-Sanremo-Munari-Mannucci-Stratos-HF-300x225.jpg","type":"","width":"","height":""}],"author":"fondazionepirelli","twitter_card":"summary_large_image","twitter_misc":{"Scritto da":"fondazionepirelli","Tempo di lettura stimato":"2 minuti"},"schema":{"@context":"https:\/\/schema.org","@graph":[{"@type":"WebPage","@id":"https:\/\/www.fondazionepirelli.org\/it\/non-categorizzato\/il-cinturato-cn36-e-la-nuova-generazione-p7\/","url":"https:\/\/www.fondazionepirelli.org\/it\/non-categorizzato\/il-cinturato-cn36-e-la-nuova-generazione-p7\/","name":"Il Cinturato CN36 e i nuovi P7 | Fondazione Pirelli","isPartOf":{"@id":"https:\/\/www.fondazionepirelli.org\/it\/#website"},"primaryImageOfPage":{"@id":"https:\/\/www.fondazionepirelli.org\/it\/non-categorizzato\/il-cinturato-cn36-e-la-nuova-generazione-p7\/#primaryimage"},"image":{"@id":"https:\/\/www.fondazionepirelli.org\/it\/non-categorizzato\/il-cinturato-cn36-e-la-nuova-generazione-p7\/#primaryimage"},"thumbnailUrl":"https:\/\/www.fondazionepirelli.org\/wp-content\/uploads\/2020\/04\/1974-Sanremo-Munari-Mannucci-Stratos-HF-300x225.jpg","datePublished":"2020-04-13T08:00:49+00:00","dateModified":"2022-04-21T12:56:52+00:00","author":{"@id":"https:\/\/www.fondazionepirelli.org\/it\/#\/schema\/person\/c31fcf5937a0e6afa45497f3f8b6d7a0"},"description":"Alle soglie degli anni Settanta il Cinturato Pirelli ha conquistato il mercato automobilistico ed \u00e8 pronto per dominare anche le gare di Rally. Scopri di pi\u00f9.","breadcrumb":{"@id":"https:\/\/www.fondazionepirelli.org\/it\/non-categorizzato\/il-cinturato-cn36-e-la-nuova-generazione-p7\/#breadcrumb"},"inLanguage":"it-IT","potentialAction":[{"@type":"ReadAction","target":["https:\/\/www.fondazionepirelli.org\/it\/non-categorizzato\/il-cinturato-cn36-e-la-nuova-generazione-p7\/"]}]},{"@type":"ImageObject","inLanguage":"it-IT","@id":"https:\/\/www.fondazionepirelli.org\/it\/non-categorizzato\/il-cinturato-cn36-e-la-nuova-generazione-p7\/#primaryimage","url":"https:\/\/www.fondazionepirelli.org\/wp-content\/uploads\/2020\/04\/1974-Sanremo-Munari-Mannucci-Stratos-HF-300x225.jpg","contentUrl":"https:\/\/www.fondazionepirelli.org\/wp-content\/uploads\/2020\/04\/1974-Sanremo-Munari-Mannucci-Stratos-HF-300x225.jpg"},{"@type":"BreadcrumbList","@id":"https:\/\/www.fondazionepirelli.org\/it\/non-categorizzato\/il-cinturato-cn36-e-la-nuova-generazione-p7\/#breadcrumb","itemListElement":[{"@type":"ListItem","position":1,"name":"Home","item":"https:\/\/www.fondazionepirelli.org\/it\/"},{"@type":"ListItem","position":2,"name":"Il Cinturato CN36 e la nuova generazione P7"}]},{"@type":"WebSite","@id":"https:\/\/www.fondazionepirelli.org\/it\/#website","url":"https:\/\/www.fondazionepirelli.org\/it\/","name":"Fondazione Pirelli","description":"","potentialAction":[{"@type":"SearchAction","target":{"@type":"EntryPoint","urlTemplate":"https:\/\/www.fondazionepirelli.org\/it\/?s={search_term_string}"},"query-input":{"@type":"PropertyValueSpecification","valueRequired":true,"valueName":"search_term_string"}}],"inLanguage":"it-IT"},{"@type":"Person","@id":"https:\/\/www.fondazionepirelli.org\/it\/#\/schema\/person\/c31fcf5937a0e6afa45497f3f8b6d7a0","name":"fondazionepirelli","image":{"@type":"ImageObject","inLanguage":"it-IT","@id":"https:\/\/www.fondazionepirelli.org\/it\/#\/schema\/person\/image\/","url":"https:\/\/secure.gravatar.com\/avatar\/9cb486421ce1d6eddbf6c4fb66841b4325b786695f7aedf1dde2222428218696?s=96&d=mm&r=g","contentUrl":"https:\/\/secure.gravatar.com\/avatar\/9cb486421ce1d6eddbf6c4fb66841b4325b786695f7aedf1dde2222428218696?s=96&d=mm&r=g","caption":"fondazionepirelli"},"url":"https:\/\/www.fondazionepirelli.org\/it\/author\/fondazionepirelli\/"}]}},"_links":{"self":[{"href":"https:\/\/www.fondazionepirelli.org\/it\/wp-json\/wp\/v2\/posts\/76927\/"}],"collection":[{"href":"https:\/\/www.fondazionepirelli.org\/it\/wp-json\/wp\/v2\/posts\/"}],"about":[{"href":"https:\/\/www.fondazionepirelli.org\/it\/wp-json\/wp\/v2\/types\/post\/"}],"author":[{"embeddable":true,"href":"https:\/\/www.fondazionepirelli.org\/it\/wp-json\/wp\/v2\/users\/9\/"}],"replies":[{"embeddable":true,"href":"https:\/\/www.fondazionepirelli.org\/it\/wp-json\/wp\/v2\/comments\/?post=76927"}],"version-history":[{"count":1,"href":"https:\/\/www.fondazionepirelli.org\/it\/wp-json\/wp\/v2\/posts\/76927\/revisions\/"}],"predecessor-version":[{"id":85760,"href":"https:\/\/www.fondazionepirelli.org\/it\/wp-json\/wp\/v2\/posts\/76927\/revisions\/85760\/"}],"wp:attachment":[{"href":"https:\/\/www.fondazionepirelli.org\/it\/wp-json\/wp\/v2\/media\/?parent=76927"}],"wp:term":[{"taxonomy":"category","embeddable":true,"href":"https:\/\/www.fondazionepirelli.org\/it\/wp-json\/wp\/v2\/categories\/?post=76927"},{"taxonomy":"post_tag","embeddable":true,"href":"https:\/\/www.fondazionepirelli.org\/it\/wp-json\/wp\/v2\/tags\/?post=76927"}],"curies":[{"name":"wp","href":"https:\/\/api.w.org\/{rel}","templated":true}]}}