{"id":77054,"date":"2020-04-20T17:47:25","date_gmt":"2020-04-20T16:47:25","guid":{"rendered":"https:\/\/www.fondazionepirelli.org\/?p=77054"},"modified":"2021-12-17T17:20:03","modified_gmt":"2021-12-17T16:20:03","slug":"peter-beard-la-visione-della-natura-nel-calendario-pirelli","status":"publish","type":"post","link":"https:\/\/www.fondazionepirelli.org\/it\/iniziative\/peter-beard-la-visione-della-natura-nel-calendario-pirelli\/","title":{"rendered":"Peter Beard, la visione della natura nel Calendario Pirelli"},"content":{"rendered":"<p>\u00c8 del <strong>2009<\/strong> il <strong>Calendario Pirelli<\/strong> firmato dal fotografo americano <strong>Peter Beard<\/strong>, scomparso all\u2019et\u00e0 di 82 anni. Quegli scatti restano nella storia di \u201c<strong>The Cal<\/strong>\u201d come un monito al problema ambientale: \u00abLa mia vera preoccupazione \u00e8 la distruzione della natura, abbiamo totalmente dimenticato che \u00e8 lei ci\u00f2 a cui dobbiamo la nostra sopravvivenza\u00bb.<\/p>\n<p>Ambientato in Botswana, tra il delta dell\u2019<strong>Okavango<\/strong> e il deserto del <strong>Kalahari<\/strong>, il Calendario Pirelli di Beard \u00e8 ben pi\u00f9 che un esercizio fotografico: \u00e8 un diario scritto, disegnato, raccontato &#8211; anche fotografato, certamente &#8211; che l\u2019autore definisce \u201cuna scultura vivente\u201d. Un potente <strong>racconto d\u2019Africa<\/strong> in 56 tavole, in cui sette modelle hanno il compito di riallacciare un dialogo tra genere umano ed elementi della natura. \u00c8 \u00a0il Paese descritto anche da \u00a0<strong>Karen Blixen<\/strong> nel suo capolavoro, \u201cLa mia Africa\u201d. Peter Beard l\u2019aveva conosciuta nel 1961 in Danimarca, e dall\u2019anno successivo, nei due ranch adiacenti nell\u2019area di Nairobi, avevano condiviso l\u2019esperienza di quel Continente. Nel 1965 pubblic\u00f2 il libro \u201c<strong>The End of the Game<\/strong>\u201d, una raccolta di fotografie e testi che documentavano la scomparsa degli elefanti in Kenya e la fine del mito dell\u2019invulnerabilit\u00e0 della natura. \u00a0Le sue immagini da quel momento iniziarono a sorprendere per quella visione nuova, e inaspettata, dell\u2019Africa. Una vita passata a esplorare il mondo, lasciando ovunque tracce di s\u00e8.<\/p>\n","protected":false},"excerpt":{"rendered":"<p>\u00c8 del 2009 il Calendario Pirelli firmato dal fotografo americano Peter Beard, scomparso all\u2019et\u00e0 di 82 anni. Quegli scatti restano nella storia di \u201cThe Cal\u201d come un monito al problema ambientale: \u00abLa mia vera preoccupazione \u00e8 la distruzione della natura, abbiamo totalmente dimenticato che \u00e8 lei ci\u00f2 a cui dobbiamo la nostra sopravvivenza\u00bb. Ambientato in [&hellip;]<\/p>\n","protected":false},"author":9,"featured_media":77056,"comment_status":"open","ping_status":"open","sticky":false,"template":"","format":"standard","meta":{"footnotes":""},"categories":[60,62],"tags":[118],"class_list":["post-77054","post","type-post","status-publish","format-standard","has-post-thumbnail","hentry","category-iniziative","category-storie-dal-mondo-pirelli","tag-storia-aziendale"],"acf":[],"yoast_head":"<!-- This site is optimized with the Yoast SEO plugin v25.0 - https:\/\/yoast.com\/wordpress\/plugins\/seo\/ -->\n<title>Peter Beard: il Calendario Pirelli | Fondazione Pirelli<\/title>\n<meta name=\"description\" content=\"\u00c8 del 2009 il Calendario Pirelli firmato dal fotografo americano Peter Beard. Scopri di pi\u00f9 su fondazionepirelli.org.\" \/>\n<meta name=\"robots\" content=\"index, follow, max-snippet:-1, max-image-preview:large, max-video-preview:-1\" \/>\n<link rel=\"canonical\" href=\"https:\/\/www.fondazionepirelli.org\/it\/iniziative\/peter-beard-la-visione-della-natura-nel-calendario-pirelli\/\" \/>\n<meta property=\"og:locale\" content=\"it_IT\" \/>\n<meta property=\"og:type\" content=\"article\" \/>\n<meta property=\"og:title\" content=\"Peter Beard: il Calendario Pirelli | Fondazione Pirelli\" \/>\n<meta property=\"og:description\" content=\"\u00c8 del 2009 il Calendario Pirelli firmato dal fotografo americano Peter Beard. Scopri di pi\u00f9 su fondazionepirelli.org.\" \/>\n<meta property=\"og:url\" content=\"https:\/\/www.fondazionepirelli.org\/it\/iniziative\/peter-beard-la-visione-della-natura-nel-calendario-pirelli\/\" \/>\n<meta property=\"og:site_name\" content=\"Fondazione Pirelli\" \/>\n<meta property=\"article:published_time\" content=\"2020-04-20T16:47:25+00:00\" \/>\n<meta property=\"article:modified_time\" content=\"2021-12-17T16:20:03+00:00\" \/>\n<meta property=\"og:image\" content=\"https:\/\/wpsite-assets.fondazionepirelli.org\/wp-content\/uploads\/2020\/04\/20174601\/33.jpg.jpg\" \/>\n\t<meta property=\"og:image:width\" content=\"567\" \/>\n\t<meta property=\"og:image:height\" content=\"380\" \/>\n\t<meta property=\"og:image:type\" content=\"image\/jpeg\" \/>\n<meta name=\"author\" content=\"fondazionepirelli\" \/>\n<meta name=\"twitter:card\" content=\"summary_large_image\" \/>\n<meta name=\"twitter:label1\" content=\"Scritto da\" \/>\n\t<meta name=\"twitter:data1\" content=\"fondazionepirelli\" \/>\n\t<meta name=\"twitter:label2\" content=\"Tempo di lettura stimato\" \/>\n\t<meta name=\"twitter:data2\" content=\"1 minuto\" \/>\n<script type=\"application\/ld+json\" class=\"yoast-schema-graph\">{\"@context\":\"https:\/\/schema.org\",\"@graph\":[{\"@type\":\"WebPage\",\"@id\":\"https:\/\/www.fondazionepirelli.org\/it\/iniziative\/peter-beard-la-visione-della-natura-nel-calendario-pirelli\/\",\"url\":\"https:\/\/www.fondazionepirelli.org\/it\/iniziative\/peter-beard-la-visione-della-natura-nel-calendario-pirelli\/\",\"name\":\"Peter Beard: il Calendario Pirelli | Fondazione Pirelli\",\"isPartOf\":{\"@id\":\"https:\/\/www.fondazionepirelli.org\/it\/#website\"},\"primaryImageOfPage\":{\"@id\":\"https:\/\/www.fondazionepirelli.org\/it\/iniziative\/peter-beard-la-visione-della-natura-nel-calendario-pirelli\/#primaryimage\"},\"image\":{\"@id\":\"https:\/\/www.fondazionepirelli.org\/it\/iniziative\/peter-beard-la-visione-della-natura-nel-calendario-pirelli\/#primaryimage\"},\"thumbnailUrl\":\"https:\/\/wpsite-assets.fondazionepirelli.org\/wp-content\/uploads\/2020\/04\/20174601\/33.jpg.jpg\",\"datePublished\":\"2020-04-20T16:47:25+00:00\",\"dateModified\":\"2021-12-17T16:20:03+00:00\",\"author\":{\"@id\":\"https:\/\/www.fondazionepirelli.org\/it\/#\/schema\/person\/c31fcf5937a0e6afa45497f3f8b6d7a0\"},\"description\":\"\u00c8 del 2009 il Calendario Pirelli firmato dal fotografo americano Peter Beard. Scopri di pi\u00f9 su fondazionepirelli.org.\",\"breadcrumb\":{\"@id\":\"https:\/\/www.fondazionepirelli.org\/it\/iniziative\/peter-beard-la-visione-della-natura-nel-calendario-pirelli\/#breadcrumb\"},\"inLanguage\":\"it-IT\",\"potentialAction\":[{\"@type\":\"ReadAction\",\"target\":[\"https:\/\/www.fondazionepirelli.org\/it\/iniziative\/peter-beard-la-visione-della-natura-nel-calendario-pirelli\/\"]}]},{\"@type\":\"ImageObject\",\"inLanguage\":\"it-IT\",\"@id\":\"https:\/\/www.fondazionepirelli.org\/it\/iniziative\/peter-beard-la-visione-della-natura-nel-calendario-pirelli\/#primaryimage\",\"url\":\"https:\/\/wpsite-assets.fondazionepirelli.org\/wp-content\/uploads\/2020\/04\/20174601\/33.jpg.jpg\",\"contentUrl\":\"https:\/\/wpsite-assets.fondazionepirelli.org\/wp-content\/uploads\/2020\/04\/20174601\/33.jpg.jpg\",\"width\":567,\"height\":380},{\"@type\":\"BreadcrumbList\",\"@id\":\"https:\/\/www.fondazionepirelli.org\/it\/iniziative\/peter-beard-la-visione-della-natura-nel-calendario-pirelli\/#breadcrumb\",\"itemListElement\":[{\"@type\":\"ListItem\",\"position\":1,\"name\":\"Home\",\"item\":\"https:\/\/www.fondazionepirelli.org\/it\/\"},{\"@type\":\"ListItem\",\"position\":2,\"name\":\"Peter Beard, la visione della natura nel Calendario Pirelli\"}]},{\"@type\":\"WebSite\",\"@id\":\"https:\/\/www.fondazionepirelli.org\/it\/#website\",\"url\":\"https:\/\/www.fondazionepirelli.org\/it\/\",\"name\":\"Fondazione Pirelli\",\"description\":\"\",\"potentialAction\":[{\"@type\":\"SearchAction\",\"target\":{\"@type\":\"EntryPoint\",\"urlTemplate\":\"https:\/\/www.fondazionepirelli.org\/it\/?s={search_term_string}\"},\"query-input\":{\"@type\":\"PropertyValueSpecification\",\"valueRequired\":true,\"valueName\":\"search_term_string\"}}],\"inLanguage\":\"it-IT\"},{\"@type\":\"Person\",\"@id\":\"https:\/\/www.fondazionepirelli.org\/it\/#\/schema\/person\/c31fcf5937a0e6afa45497f3f8b6d7a0\",\"name\":\"fondazionepirelli\",\"image\":{\"@type\":\"ImageObject\",\"inLanguage\":\"it-IT\",\"@id\":\"https:\/\/www.fondazionepirelli.org\/it\/#\/schema\/person\/image\/\",\"url\":\"https:\/\/secure.gravatar.com\/avatar\/9cb486421ce1d6eddbf6c4fb66841b4325b786695f7aedf1dde2222428218696?s=96&d=mm&r=g\",\"contentUrl\":\"https:\/\/secure.gravatar.com\/avatar\/9cb486421ce1d6eddbf6c4fb66841b4325b786695f7aedf1dde2222428218696?s=96&d=mm&r=g\",\"caption\":\"fondazionepirelli\"},\"url\":\"https:\/\/www.fondazionepirelli.org\/it\/author\/fondazionepirelli\/\"}]}<\/script>\n<!-- \/ Yoast SEO plugin. -->","yoast_head_json":{"title":"Peter Beard: il Calendario Pirelli | Fondazione Pirelli","description":"\u00c8 del 2009 il Calendario Pirelli firmato dal fotografo americano Peter Beard. Scopri di pi\u00f9 su fondazionepirelli.org.","robots":{"index":"index","follow":"follow","max-snippet":"max-snippet:-1","max-image-preview":"max-image-preview:large","max-video-preview":"max-video-preview:-1"},"canonical":"https:\/\/www.fondazionepirelli.org\/it\/iniziative\/peter-beard-la-visione-della-natura-nel-calendario-pirelli\/","og_locale":"it_IT","og_type":"article","og_title":"Peter Beard: il Calendario Pirelli | Fondazione Pirelli","og_description":"\u00c8 del 2009 il Calendario Pirelli firmato dal fotografo americano Peter Beard. Scopri di pi\u00f9 su fondazionepirelli.org.","og_url":"https:\/\/www.fondazionepirelli.org\/it\/iniziative\/peter-beard-la-visione-della-natura-nel-calendario-pirelli\/","og_site_name":"Fondazione Pirelli","article_published_time":"2020-04-20T16:47:25+00:00","article_modified_time":"2021-12-17T16:20:03+00:00","og_image":[{"width":567,"height":380,"url":"https:\/\/wpsite-assets.fondazionepirelli.org\/wp-content\/uploads\/2020\/04\/20174601\/33.jpg.jpg","type":"image\/jpeg"}],"author":"fondazionepirelli","twitter_card":"summary_large_image","twitter_misc":{"Scritto da":"fondazionepirelli","Tempo di lettura stimato":"1 minuto"},"schema":{"@context":"https:\/\/schema.org","@graph":[{"@type":"WebPage","@id":"https:\/\/www.fondazionepirelli.org\/it\/iniziative\/peter-beard-la-visione-della-natura-nel-calendario-pirelli\/","url":"https:\/\/www.fondazionepirelli.org\/it\/iniziative\/peter-beard-la-visione-della-natura-nel-calendario-pirelli\/","name":"Peter Beard: il Calendario Pirelli | Fondazione Pirelli","isPartOf":{"@id":"https:\/\/www.fondazionepirelli.org\/it\/#website"},"primaryImageOfPage":{"@id":"https:\/\/www.fondazionepirelli.org\/it\/iniziative\/peter-beard-la-visione-della-natura-nel-calendario-pirelli\/#primaryimage"},"image":{"@id":"https:\/\/www.fondazionepirelli.org\/it\/iniziative\/peter-beard-la-visione-della-natura-nel-calendario-pirelli\/#primaryimage"},"thumbnailUrl":"https:\/\/wpsite-assets.fondazionepirelli.org\/wp-content\/uploads\/2020\/04\/20174601\/33.jpg.jpg","datePublished":"2020-04-20T16:47:25+00:00","dateModified":"2021-12-17T16:20:03+00:00","author":{"@id":"https:\/\/www.fondazionepirelli.org\/it\/#\/schema\/person\/c31fcf5937a0e6afa45497f3f8b6d7a0"},"description":"\u00c8 del 2009 il Calendario Pirelli firmato dal fotografo americano Peter Beard. Scopri di pi\u00f9 su fondazionepirelli.org.","breadcrumb":{"@id":"https:\/\/www.fondazionepirelli.org\/it\/iniziative\/peter-beard-la-visione-della-natura-nel-calendario-pirelli\/#breadcrumb"},"inLanguage":"it-IT","potentialAction":[{"@type":"ReadAction","target":["https:\/\/www.fondazionepirelli.org\/it\/iniziative\/peter-beard-la-visione-della-natura-nel-calendario-pirelli\/"]}]},{"@type":"ImageObject","inLanguage":"it-IT","@id":"https:\/\/www.fondazionepirelli.org\/it\/iniziative\/peter-beard-la-visione-della-natura-nel-calendario-pirelli\/#primaryimage","url":"https:\/\/wpsite-assets.fondazionepirelli.org\/wp-content\/uploads\/2020\/04\/20174601\/33.jpg.jpg","contentUrl":"https:\/\/wpsite-assets.fondazionepirelli.org\/wp-content\/uploads\/2020\/04\/20174601\/33.jpg.jpg","width":567,"height":380},{"@type":"BreadcrumbList","@id":"https:\/\/www.fondazionepirelli.org\/it\/iniziative\/peter-beard-la-visione-della-natura-nel-calendario-pirelli\/#breadcrumb","itemListElement":[{"@type":"ListItem","position":1,"name":"Home","item":"https:\/\/www.fondazionepirelli.org\/it\/"},{"@type":"ListItem","position":2,"name":"Peter Beard, la visione della natura nel Calendario Pirelli"}]},{"@type":"WebSite","@id":"https:\/\/www.fondazionepirelli.org\/it\/#website","url":"https:\/\/www.fondazionepirelli.org\/it\/","name":"Fondazione Pirelli","description":"","potentialAction":[{"@type":"SearchAction","target":{"@type":"EntryPoint","urlTemplate":"https:\/\/www.fondazionepirelli.org\/it\/?s={search_term_string}"},"query-input":{"@type":"PropertyValueSpecification","valueRequired":true,"valueName":"search_term_string"}}],"inLanguage":"it-IT"},{"@type":"Person","@id":"https:\/\/www.fondazionepirelli.org\/it\/#\/schema\/person\/c31fcf5937a0e6afa45497f3f8b6d7a0","name":"fondazionepirelli","image":{"@type":"ImageObject","inLanguage":"it-IT","@id":"https:\/\/www.fondazionepirelli.org\/it\/#\/schema\/person\/image\/","url":"https:\/\/secure.gravatar.com\/avatar\/9cb486421ce1d6eddbf6c4fb66841b4325b786695f7aedf1dde2222428218696?s=96&d=mm&r=g","contentUrl":"https:\/\/secure.gravatar.com\/avatar\/9cb486421ce1d6eddbf6c4fb66841b4325b786695f7aedf1dde2222428218696?s=96&d=mm&r=g","caption":"fondazionepirelli"},"url":"https:\/\/www.fondazionepirelli.org\/it\/author\/fondazionepirelli\/"}]}},"_links":{"self":[{"href":"https:\/\/www.fondazionepirelli.org\/it\/wp-json\/wp\/v2\/posts\/77054\/"}],"collection":[{"href":"https:\/\/www.fondazionepirelli.org\/it\/wp-json\/wp\/v2\/posts\/"}],"about":[{"href":"https:\/\/www.fondazionepirelli.org\/it\/wp-json\/wp\/v2\/types\/post\/"}],"author":[{"embeddable":true,"href":"https:\/\/www.fondazionepirelli.org\/it\/wp-json\/wp\/v2\/users\/9\/"}],"replies":[{"embeddable":true,"href":"https:\/\/www.fondazionepirelli.org\/it\/wp-json\/wp\/v2\/comments\/?post=77054"}],"version-history":[{"count":1,"href":"https:\/\/www.fondazionepirelli.org\/it\/wp-json\/wp\/v2\/posts\/77054\/revisions\/"}],"predecessor-version":[{"id":77055,"href":"https:\/\/www.fondazionepirelli.org\/it\/wp-json\/wp\/v2\/posts\/77054\/revisions\/77055\/"}],"wp:featuredmedia":[{"embeddable":true,"href":"https:\/\/www.fondazionepirelli.org\/it\/wp-json\/wp\/v2\/media\/77056\/"}],"wp:attachment":[{"href":"https:\/\/www.fondazionepirelli.org\/it\/wp-json\/wp\/v2\/media\/?parent=77054"}],"wp:term":[{"taxonomy":"category","embeddable":true,"href":"https:\/\/www.fondazionepirelli.org\/it\/wp-json\/wp\/v2\/categories\/?post=77054"},{"taxonomy":"post_tag","embeddable":true,"href":"https:\/\/www.fondazionepirelli.org\/it\/wp-json\/wp\/v2\/tags\/?post=77054"}],"curies":[{"name":"wp","href":"https:\/\/api.w.org\/{rel}","templated":true}]}}