{"id":77167,"date":"2020-04-28T08:07:01","date_gmt":"2020-04-28T07:07:01","guid":{"rendered":"https:\/\/www.fondazionepirelli.org\/?p=77167"},"modified":"2020-04-28T08:07:01","modified_gmt":"2020-04-28T07:07:01","slug":"musica-dimpresa-3","status":"publish","type":"post","link":"https:\/\/www.fondazionepirelli.org\/it\/cultura-dimpresa\/musica-dimpresa-3\/","title":{"rendered":"Musica d\u2019impresa"},"content":{"rendered":"<p><em>L\u2019analisi dell\u2019educazione musicale e di quella imprenditoriale mostra i molti tratti comuni di due attivit\u00e0 solo in apparenza lontane<\/em><\/p>\n<p><strong>\u00a0<\/strong><\/p>\n<p><strong>\u00a0<\/strong>Educare ed educarsi al rigore dell\u2019azione. Conta anche questo. E conta ancora di pi\u00f9 quando occorra affrontare periodi complessi e sfide nuove. Indicazione valida per tutti e che pu\u00f2 arrivare da campi d\u2019azione diversi eppure con tratti in comune. E\u2019 il caso del fare impresa e del fare musica. E quindi dell\u2019educazione all\u2019imprenditorialit\u00e0 accanto a quella musicale. Calcolo e arte, solo in apparenza distanti.<\/p>\n<p>Il tema \u00e8 affrontato da un intervento di Daniele Morselli nell\u2019ambito della raccolta \u201cDonare donarsi. Per una pedagogia della Community music\u201d. L\u2019autore si impegna in una indagine interdisciplinare tra educazione musicale ed educazione imprenditoriale, che pu\u00f2 dare alcuni interessanti spunti di riflessione e che arriva a constatare molti punti in comune.<\/p>\n<p>Si chiede l\u2019autore in \u201cVerso una integrazione di educazione musicale ed educazione all\u2019imprenditorialit\u00e0 in un\u2019ottica di lifelong learning. Un\u2019analisi della letteratura\u201d se possa \u201cun programma di educazione musicale contenere elementi di educazione all\u2019imprenditorialit\u00e0\u201d. E poi ancora se possa \u201cun programma di educazione all\u2019imprenditorialit\u00e0 utilizzare l\u2019educazione musicale\u201d.<\/p>\n<p>Morselli quindi ragiona partendo dalla constatazione che imprenditorialit\u00e0 e musica possono essere viste come \u201ccompetenze chiave per l\u2019apprendimento permanente\u201d e quindi come tutto sommato anche nelle arti occorra una certa dose di approccio d\u2019impresa. L\u2019autore poi affronta casi diversi di incrocio dei metodi di apprendimento, per dimostrare quanto la musica possa fare bene all\u2019impresa e viceversa.<\/p>\n<p>Scrive quindi Morselli: \u201cUn falso mito che \u00e8 spesso circolato nei circoli artistici \u00e8 che le persone che hanno successo nelle arti creative sono quelle che sono prive di competenze economiche. Ancora pi\u00f9 paralizzante \u00e8 il mito secondo cui i musicisti che nella propria carriera scelgono di dare priorit\u00e0 alla componente affaristica a scapito di quella artistica rischiano solo di svendersi\u201d. E poi ancora : \u201cUna visione olistica dell\u2019educazione all\u2019imprenditorialit\u00e0 nella musica permette quindi si superare una visione razionalistica che vede l\u2019imprenditorialit\u00e0 come materia a s\u00e9 stante, e dunque che rischia di segregare piuttosto che integrare l\u2019imprenditorialit\u00e0 all\u2019educazione musicale\u201d.<\/p>\n<p>Insomma, fare bene impresa \u00e8 cosa molto affine a far bene musica.\u00a0 E vicerversa.<\/p><p><strong>Verso una integrazione di educazione musicale ed educazione all\u2019imprenditorialit\u00e0 in un\u2019ottica di lifelong learning. Un\u2019analisi della letteratura<\/strong><\/p>\n<p>Daniele Morselli<\/p>\n<p>In \u201cDonare donarsi. Per una pedagogia della Community music\u201d, a cura di Antonella Coppi, Libreria Musicale Italiana, 2020<\/p>","protected":false},"excerpt":{"rendered":"<p>L\u2019analisi dell\u2019educazione musicale e di quella imprenditoriale mostra i molti tratti comuni di due attivit\u00e0 solo in apparenza lontane \u00a0 \u00a0Educare ed educarsi al rigore dell\u2019azione. Conta anche questo. E conta ancora di pi\u00f9 quando occorra affrontare periodi complessi e sfide nuove. Indicazione valida per tutti e che pu\u00f2 arrivare da campi d\u2019azione diversi eppure [&hellip;]<\/p>\n","protected":false},"author":9,"featured_media":0,"comment_status":"open","ping_status":"open","sticky":false,"template":"","format":"standard","meta":{"footnotes":""},"categories":[54,52],"tags":[],"class_list":["post-77167","post","type-post","status-publish","format-standard","hentry","category-approfondimenti","category-cultura-dimpresa"],"acf":[],"yoast_head":"<!-- This site is optimized with the Yoast SEO plugin v25.0 - https:\/\/yoast.com\/wordpress\/plugins\/seo\/ -->\n<title>Musica d\u2019impresa - Fondazione Pirelli<\/title>\n<meta name=\"robots\" content=\"index, follow, max-snippet:-1, max-image-preview:large, max-video-preview:-1\" \/>\n<link rel=\"canonical\" href=\"https:\/\/www.fondazionepirelli.org\/it\/cultura-dimpresa\/musica-dimpresa-3\/\" \/>\n<meta property=\"og:locale\" content=\"it_IT\" \/>\n<meta property=\"og:type\" content=\"article\" \/>\n<meta property=\"og:title\" content=\"Musica d\u2019impresa - Fondazione Pirelli\" \/>\n<meta property=\"og:description\" content=\"L\u2019analisi dell\u2019educazione musicale e di quella imprenditoriale mostra i molti tratti comuni di due attivit\u00e0 solo in apparenza lontane \u00a0 \u00a0Educare ed educarsi al rigore dell\u2019azione. Conta anche questo. E conta ancora di pi\u00f9 quando occorra affrontare periodi complessi e sfide nuove. Indicazione valida per tutti e che pu\u00f2 arrivare da campi d\u2019azione diversi eppure [&hellip;]\" \/>\n<meta property=\"og:url\" content=\"https:\/\/www.fondazionepirelli.org\/it\/cultura-dimpresa\/musica-dimpresa-3\/\" \/>\n<meta property=\"og:site_name\" content=\"Fondazione Pirelli\" \/>\n<meta property=\"article:published_time\" content=\"2020-04-28T07:07:01+00:00\" \/>\n<meta name=\"author\" content=\"fondazionepirelli\" \/>\n<meta name=\"twitter:card\" content=\"summary_large_image\" \/>\n<meta name=\"twitter:label1\" content=\"Scritto da\" \/>\n\t<meta name=\"twitter:data1\" content=\"fondazionepirelli\" \/>\n\t<meta name=\"twitter:label2\" content=\"Tempo di lettura stimato\" \/>\n\t<meta name=\"twitter:data2\" content=\"2 minuti\" \/>\n<script type=\"application\/ld+json\" class=\"yoast-schema-graph\">{\"@context\":\"https:\/\/schema.org\",\"@graph\":[{\"@type\":\"WebPage\",\"@id\":\"https:\/\/www.fondazionepirelli.org\/it\/cultura-dimpresa\/musica-dimpresa-3\/\",\"url\":\"https:\/\/www.fondazionepirelli.org\/it\/cultura-dimpresa\/musica-dimpresa-3\/\",\"name\":\"Musica d\u2019impresa - Fondazione Pirelli\",\"isPartOf\":{\"@id\":\"https:\/\/www.fondazionepirelli.org\/it\/#website\"},\"datePublished\":\"2020-04-28T07:07:01+00:00\",\"author\":{\"@id\":\"https:\/\/www.fondazionepirelli.org\/it\/#\/schema\/person\/c31fcf5937a0e6afa45497f3f8b6d7a0\"},\"breadcrumb\":{\"@id\":\"https:\/\/www.fondazionepirelli.org\/it\/cultura-dimpresa\/musica-dimpresa-3\/#breadcrumb\"},\"inLanguage\":\"it-IT\",\"potentialAction\":[{\"@type\":\"ReadAction\",\"target\":[\"https:\/\/www.fondazionepirelli.org\/it\/cultura-dimpresa\/musica-dimpresa-3\/\"]}]},{\"@type\":\"BreadcrumbList\",\"@id\":\"https:\/\/www.fondazionepirelli.org\/it\/cultura-dimpresa\/musica-dimpresa-3\/#breadcrumb\",\"itemListElement\":[{\"@type\":\"ListItem\",\"position\":1,\"name\":\"Home\",\"item\":\"https:\/\/www.fondazionepirelli.org\/it\/\"},{\"@type\":\"ListItem\",\"position\":2,\"name\":\"Musica d\u2019impresa\"}]},{\"@type\":\"WebSite\",\"@id\":\"https:\/\/www.fondazionepirelli.org\/it\/#website\",\"url\":\"https:\/\/www.fondazionepirelli.org\/it\/\",\"name\":\"Fondazione Pirelli\",\"description\":\"\",\"potentialAction\":[{\"@type\":\"SearchAction\",\"target\":{\"@type\":\"EntryPoint\",\"urlTemplate\":\"https:\/\/www.fondazionepirelli.org\/it\/?s={search_term_string}\"},\"query-input\":{\"@type\":\"PropertyValueSpecification\",\"valueRequired\":true,\"valueName\":\"search_term_string\"}}],\"inLanguage\":\"it-IT\"},{\"@type\":\"Person\",\"@id\":\"https:\/\/www.fondazionepirelli.org\/it\/#\/schema\/person\/c31fcf5937a0e6afa45497f3f8b6d7a0\",\"name\":\"fondazionepirelli\",\"image\":{\"@type\":\"ImageObject\",\"inLanguage\":\"it-IT\",\"@id\":\"https:\/\/www.fondazionepirelli.org\/it\/#\/schema\/person\/image\/\",\"url\":\"https:\/\/secure.gravatar.com\/avatar\/9cb486421ce1d6eddbf6c4fb66841b4325b786695f7aedf1dde2222428218696?s=96&d=mm&r=g\",\"contentUrl\":\"https:\/\/secure.gravatar.com\/avatar\/9cb486421ce1d6eddbf6c4fb66841b4325b786695f7aedf1dde2222428218696?s=96&d=mm&r=g\",\"caption\":\"fondazionepirelli\"},\"url\":\"https:\/\/www.fondazionepirelli.org\/it\/author\/fondazionepirelli\/\"}]}<\/script>\n<!-- \/ Yoast SEO plugin. -->","yoast_head_json":{"title":"Musica d\u2019impresa - Fondazione Pirelli","robots":{"index":"index","follow":"follow","max-snippet":"max-snippet:-1","max-image-preview":"max-image-preview:large","max-video-preview":"max-video-preview:-1"},"canonical":"https:\/\/www.fondazionepirelli.org\/it\/cultura-dimpresa\/musica-dimpresa-3\/","og_locale":"it_IT","og_type":"article","og_title":"Musica d\u2019impresa - Fondazione Pirelli","og_description":"L\u2019analisi dell\u2019educazione musicale e di quella imprenditoriale mostra i molti tratti comuni di due attivit\u00e0 solo in apparenza lontane \u00a0 \u00a0Educare ed educarsi al rigore dell\u2019azione. Conta anche questo. E conta ancora di pi\u00f9 quando occorra affrontare periodi complessi e sfide nuove. Indicazione valida per tutti e che pu\u00f2 arrivare da campi d\u2019azione diversi eppure [&hellip;]","og_url":"https:\/\/www.fondazionepirelli.org\/it\/cultura-dimpresa\/musica-dimpresa-3\/","og_site_name":"Fondazione Pirelli","article_published_time":"2020-04-28T07:07:01+00:00","author":"fondazionepirelli","twitter_card":"summary_large_image","twitter_misc":{"Scritto da":"fondazionepirelli","Tempo di lettura stimato":"2 minuti"},"schema":{"@context":"https:\/\/schema.org","@graph":[{"@type":"WebPage","@id":"https:\/\/www.fondazionepirelli.org\/it\/cultura-dimpresa\/musica-dimpresa-3\/","url":"https:\/\/www.fondazionepirelli.org\/it\/cultura-dimpresa\/musica-dimpresa-3\/","name":"Musica d\u2019impresa - Fondazione Pirelli","isPartOf":{"@id":"https:\/\/www.fondazionepirelli.org\/it\/#website"},"datePublished":"2020-04-28T07:07:01+00:00","author":{"@id":"https:\/\/www.fondazionepirelli.org\/it\/#\/schema\/person\/c31fcf5937a0e6afa45497f3f8b6d7a0"},"breadcrumb":{"@id":"https:\/\/www.fondazionepirelli.org\/it\/cultura-dimpresa\/musica-dimpresa-3\/#breadcrumb"},"inLanguage":"it-IT","potentialAction":[{"@type":"ReadAction","target":["https:\/\/www.fondazionepirelli.org\/it\/cultura-dimpresa\/musica-dimpresa-3\/"]}]},{"@type":"BreadcrumbList","@id":"https:\/\/www.fondazionepirelli.org\/it\/cultura-dimpresa\/musica-dimpresa-3\/#breadcrumb","itemListElement":[{"@type":"ListItem","position":1,"name":"Home","item":"https:\/\/www.fondazionepirelli.org\/it\/"},{"@type":"ListItem","position":2,"name":"Musica d\u2019impresa"}]},{"@type":"WebSite","@id":"https:\/\/www.fondazionepirelli.org\/it\/#website","url":"https:\/\/www.fondazionepirelli.org\/it\/","name":"Fondazione Pirelli","description":"","potentialAction":[{"@type":"SearchAction","target":{"@type":"EntryPoint","urlTemplate":"https:\/\/www.fondazionepirelli.org\/it\/?s={search_term_string}"},"query-input":{"@type":"PropertyValueSpecification","valueRequired":true,"valueName":"search_term_string"}}],"inLanguage":"it-IT"},{"@type":"Person","@id":"https:\/\/www.fondazionepirelli.org\/it\/#\/schema\/person\/c31fcf5937a0e6afa45497f3f8b6d7a0","name":"fondazionepirelli","image":{"@type":"ImageObject","inLanguage":"it-IT","@id":"https:\/\/www.fondazionepirelli.org\/it\/#\/schema\/person\/image\/","url":"https:\/\/secure.gravatar.com\/avatar\/9cb486421ce1d6eddbf6c4fb66841b4325b786695f7aedf1dde2222428218696?s=96&d=mm&r=g","contentUrl":"https:\/\/secure.gravatar.com\/avatar\/9cb486421ce1d6eddbf6c4fb66841b4325b786695f7aedf1dde2222428218696?s=96&d=mm&r=g","caption":"fondazionepirelli"},"url":"https:\/\/www.fondazionepirelli.org\/it\/author\/fondazionepirelli\/"}]}},"_links":{"self":[{"href":"https:\/\/www.fondazionepirelli.org\/it\/wp-json\/wp\/v2\/posts\/77167\/"}],"collection":[{"href":"https:\/\/www.fondazionepirelli.org\/it\/wp-json\/wp\/v2\/posts\/"}],"about":[{"href":"https:\/\/www.fondazionepirelli.org\/it\/wp-json\/wp\/v2\/types\/post\/"}],"author":[{"embeddable":true,"href":"https:\/\/www.fondazionepirelli.org\/it\/wp-json\/wp\/v2\/users\/9\/"}],"replies":[{"embeddable":true,"href":"https:\/\/www.fondazionepirelli.org\/it\/wp-json\/wp\/v2\/comments\/?post=77167"}],"version-history":[{"count":1,"href":"https:\/\/www.fondazionepirelli.org\/it\/wp-json\/wp\/v2\/posts\/77167\/revisions\/"}],"predecessor-version":[{"id":77168,"href":"https:\/\/www.fondazionepirelli.org\/it\/wp-json\/wp\/v2\/posts\/77167\/revisions\/77168\/"}],"wp:attachment":[{"href":"https:\/\/www.fondazionepirelli.org\/it\/wp-json\/wp\/v2\/media\/?parent=77167"}],"wp:term":[{"taxonomy":"category","embeddable":true,"href":"https:\/\/www.fondazionepirelli.org\/it\/wp-json\/wp\/v2\/categories\/?post=77167"},{"taxonomy":"post_tag","embeddable":true,"href":"https:\/\/www.fondazionepirelli.org\/it\/wp-json\/wp\/v2\/tags\/?post=77167"}],"curies":[{"name":"wp","href":"https:\/\/api.w.org\/{rel}","templated":true}]}}