{"id":78314,"date":"2020-05-19T13:01:19","date_gmt":"2020-05-19T12:01:19","guid":{"rendered":"https:\/\/www.fondazionepirelli.org\/?p=78314"},"modified":"2020-05-19T13:01:19","modified_gmt":"2020-05-19T12:01:19","slug":"ecco-perche-usare-le-migliori-energie-italiane-per-un-piano-di-ripresa-e-sviluppo-usando-bene-le-risorse-di-ue-e-bce","status":"publish","type":"post","link":"https:\/\/www.fondazionepirelli.org\/it\/cultura-dimpresa\/ecco-perche-usare-le-migliori-energie-italiane-per-un-piano-di-ripresa-e-sviluppo-usando-bene-le-risorse-di-ue-e-bce\/","title":{"rendered":"Ecco perch\u00e9 usare le migliori energie italiane per un piano di ripresa e sviluppo, usando bene le risorse di Ue e Bce"},"content":{"rendered":"<p>Qual \u00e8 il senso profondo del fare politica? Il linguaggio anglosassone, preciso e pragmatico, distingue <strong><em>policy<\/em> <\/strong>da <strong><em>politics<\/em><\/strong>, usando termini diversi per indicare da una parte i valori, i progetti, le strategie e, dall\u2019altra, le scelte concrete di governo, istituzioni, pubblica amministrazione e le mosse della politica praticante, dei partiti. Come in tutte le attivit\u00e0 dell\u2019uomo, ci sono zone di confine e di contatto, tra <em>policy <\/em>e <em>politics<\/em>. Ma la distinzione resta e va ricordata, per evitare linguaggi confusi che portano a scelte ambigue e confuse.<\/p>\n<p>Nel dibattito quotidiano italiano, c\u2019\u00e8 chi denuncia che le imprese si muovono come \u201c<strong>soggetto politico<\/strong>\u201d (l\u2019ha fatto Fausto Bertinotti, ex leader di \u201cRifondazione comunista\u201d, sulle pagine de \u201cIl Riformista\u201d, criticando le posizioni di Confindustria sulle necessit\u00e0 della ripresa economica post Covid 19). E risuona l\u2019eco di altre polemiche sul \u201cpartito del Pil\u201d, i \u201cpoteri forti\u201d, la presunta prevalenza, nelle scelte imprenditoriali, degli interessi sui valori.<\/p>\n<p>Vale dunque la pena fare chiarezza, proprio in un momento cos\u00ec difficile per l\u2019economia e la societ\u00e0 italiana ed europea, stretta tra pandemia e la recessione (mai cos\u00ec grave, negli ultimi 75 anni) eppur animata da una straordinaria volont\u00e0 di <strong>ripresa<\/strong>, nonostante paure, preoccupazioni, dolorose prese d\u2019atto della propria fragilit\u00e0. Le imprese, come attori sociali, sono un \u201csoggetto politico\u201d. E ancora una volta, nel corso di questa crisi, come in altri tornanti della storia italiana (a cominciare dal patto del 1947 tra Angelo Costa, presidente di Confindustria e Giuseppe Di Vittorio, leader della Cgil su \u201cprima le fabbriche, poi le case\u201d nell\u2019avvio della ricostruzione dell\u2019Italia distrutta dalla guerra), le organizzazioni imprenditoriali, da <strong>Confindustria<\/strong> alle sue articolazioni territoriali e di settore, hanno preso posizione guardando non tanto agli interessi di categoria quanto alla necessit\u00e0 di salvaguardare e rilanciare l\u2019intero sistema Paese. Sono \u201csoggetto politico\u201d i sindacati, cos\u00ec come altre organizzazioni di rappresentanza, in un momento in cui, con lungimiranza, si torna a parlare del ruolo positivo dei corpi intermedi, dopo che s\u2019\u00e8 appannata l\u2019idea presuntuosa della fine delle intermediazioni e del privilegio del canale diretto leader-popolo. E \u201cfare bene politica\u201d \u00e8 responsabilit\u00e0 generale, essenziale per il futuro dell\u2019Italia, nel contesto del rilancio dell\u2019Europa.<\/p>\n<p><strong>Le imprese hanno competenze e conoscenze<\/strong>. Un forte legame con i territori di riferimento. Un ruolo attivo nel rafforzamento dei legami di comunit\u00e0, dal welfare nell\u2019integrazione tra azienda e territorio alla formazione, dalla sostenibilit\u00e0 ambientale alla valorizzazione degli elementi positivi del capitale sociale. E da tempo nutrono pensieri generali, per un migliore sviluppo dell\u2019Italia. Sono protagoniste di quel \u201cpatriottismo dolce\u201d promosso da Carlo Azeglio Ciampi da presidente della Repubblica. E non hanno mai mancato alcuna occasione per indicare nel Quirinale (con il presidente Napolitano prima e con il presidente Mattarella adesso) un punto di riferimento principale, istituzionale e civile, della democrazia italiana e dei valori che devono guidare anche la crescita economica.<\/p>\n<p>Nella stagione in cui si passa dalle culture del primato dello <strong><em>shareholder value<\/em><\/strong> (gli interessi degli azionisti, i profitti e i corsi delle azioni in Borsa) a quelle dello<strong> <em>stakeholder value<\/em><\/strong> (i valori che riguardano dipendenti, fornitori, consumatori, comunit\u00e0) e proprio le imprese italiane possono fare leva sulle loro attitudini alla sostenibilit\u00e0 ambientale e sociale, il saper essere \u201csoggetto politico\u201d capace di pensieri generali assume un\u2019importanza strategica da non sottovalutare.<\/p>\n<p>La crisi accentua questo ruolo di lungo periodo. \u201c<em>Nell\u2019ultimo decennio l\u2019Italia \u00e8 cresciuta molto meno del resto d\u2019Europa, ha prodotto meno ricchezza e ha peggiorato il rapporto tra debito e Pil. Ora, o mettiamo insieme un grande progetto che abbia come stella polare una crescita stabile e duratura, coinvolgendo le migliori competenze del Paese oppure nel medio termine quel debito al 160% del Pil ci piomber\u00e0 sulla schiena e schianter\u00e0 l\u2019Italia<\/em>\u201d, sostiene <strong>Marco Tronchetti Provera<\/strong>, Ceo di Pirelli 8\u201dAffari&amp;Finanza \u2013 la Repubblica\u201d, 18 maggio). Un grande progetto, dunque. E coinvolgendo le migliori competenze del paese. Valori, idee e interessi generali. E un lavoro da fare insieme. Scelte di <em>policy<\/em>, appunto. E di una generale e lungimirante assunzione di responsabilit\u00e0 che chiama in causa attori istituzionali e sociali.<\/p>\n<p>In queste settimane il nuovo presidente di Confindustria <strong>Carlo Bonomi<\/strong> e parecchi altri donne e uomini d\u2019impresa hanno insistito sulla centralit\u00e0 delle imprese nelle ricostruzione e nel rilancio. E oggi, di fronte alle grandi risorse messe a disposizione dalla Ue e dalla Bce (ne abbiamo parlato nel blog della settimana scorsa) l\u2019Italia non pu\u00f2 certo perdere l\u2019occasione per una ambiziosa iniziativa di radicale trasformazione e di rilancio della propria economia. Recuperare produttivit\u00e0 e competitivit\u00e0. Sanare antichi e nuovi guasti ambientali e squilibri sociali.<\/p>\n<p>Progetti, dunque. E piani. Per l\u2019innovazione, la ricerca, l\u2019ambiente, le infrastrutture, la trasformazione digitale non solo del lavoro industriale e dei servizi, ma anche della pubblica amministrazione. E per la <strong>formazione<\/strong>, la scuola, la cultura diffusa.<\/p>\n<p>Sul \u201cCorriere della Sera\u201d di domenica Ferruccio de Bortoli ha molto insistito sulla centralit\u00e0 di un grande investimento sulla scuola, come luogo cardine per il miglioramento della coscienza civile e la formazione di una nuova classe dirigente, mettendo insieme risorse pubbliche e private. Ecco un\u2019altra indicazione da cogliere. E\u2019 una sfida su cui, da tempo, proprio le imprese sono particolarmente sensibili. Una sfida di buona politica. <em>Policy<\/em> responsabile. Che pretende <em>politics<\/em> competenti e lungimiranti.<\/p>\n","protected":false},"excerpt":{"rendered":"<p>Qual \u00e8 il senso profondo del fare politica? Il linguaggio anglosassone, preciso e pragmatico, distingue policy da politics, usando termini diversi per indicare da una parte i valori, i progetti, le strategie e, dall\u2019altra, le scelte concrete di governo, istituzioni, pubblica amministrazione e le mosse della politica praticante, dei partiti. Come in tutte le attivit\u00e0 [&hellip;]<\/p>\n","protected":false},"author":9,"featured_media":78319,"comment_status":"open","ping_status":"open","sticky":false,"template":"","format":"standard","meta":{"footnotes":""},"categories":[53,52],"tags":[],"class_list":["post-78314","post","type-post","status-publish","format-standard","has-post-thumbnail","hentry","category-blog","category-cultura-dimpresa"],"acf":[],"yoast_head":"<!-- This site is optimized with the Yoast SEO plugin v25.0 - https:\/\/yoast.com\/wordpress\/plugins\/seo\/ -->\n<title>Ecco perch\u00e9 usare le migliori energie italiane per un piano di ripresa e sviluppo, usando bene le risorse di Ue e Bce - Fondazione Pirelli<\/title>\n<meta name=\"robots\" content=\"index, follow, max-snippet:-1, max-image-preview:large, max-video-preview:-1\" \/>\n<link rel=\"canonical\" href=\"https:\/\/www.fondazionepirelli.org\/it\/cultura-dimpresa\/ecco-perche-usare-le-migliori-energie-italiane-per-un-piano-di-ripresa-e-sviluppo-usando-bene-le-risorse-di-ue-e-bce\/\" \/>\n<meta property=\"og:locale\" content=\"it_IT\" \/>\n<meta property=\"og:type\" content=\"article\" \/>\n<meta property=\"og:title\" content=\"Ecco perch\u00e9 usare le migliori energie italiane per un piano di ripresa e sviluppo, usando bene le risorse di Ue e Bce - Fondazione Pirelli\" \/>\n<meta property=\"og:description\" content=\"Qual \u00e8 il senso profondo del fare politica? Il linguaggio anglosassone, preciso e pragmatico, distingue policy da politics, usando termini diversi per indicare da una parte i valori, i progetti, le strategie e, dall\u2019altra, le scelte concrete di governo, istituzioni, pubblica amministrazione e le mosse della politica praticante, dei partiti. Come in tutte le attivit\u00e0 [&hellip;]\" \/>\n<meta property=\"og:url\" content=\"https:\/\/www.fondazionepirelli.org\/it\/cultura-dimpresa\/ecco-perche-usare-le-migliori-energie-italiane-per-un-piano-di-ripresa-e-sviluppo-usando-bene-le-risorse-di-ue-e-bce\/\" \/>\n<meta property=\"og:site_name\" content=\"Fondazione Pirelli\" \/>\n<meta property=\"article:published_time\" content=\"2020-05-19T12:01:19+00:00\" \/>\n<meta property=\"og:image\" content=\"https:\/\/wpsite-assets.fondazionepirelli.org\/wp-content\/uploads\/2020\/05\/19130108\/non-sprechiamo-la-fase-2.jpg\" \/>\n\t<meta property=\"og:image:width\" content=\"770\" \/>\n\t<meta property=\"og:image:height\" content=\"400\" \/>\n\t<meta property=\"og:image:type\" content=\"image\/jpeg\" \/>\n<meta name=\"author\" content=\"fondazionepirelli\" \/>\n<meta name=\"twitter:card\" content=\"summary_large_image\" \/>\n<meta name=\"twitter:label1\" content=\"Scritto da\" \/>\n\t<meta name=\"twitter:data1\" content=\"fondazionepirelli\" \/>\n\t<meta name=\"twitter:label2\" content=\"Tempo di lettura stimato\" \/>\n\t<meta name=\"twitter:data2\" content=\"4 minuti\" \/>\n<script type=\"application\/ld+json\" class=\"yoast-schema-graph\">{\"@context\":\"https:\/\/schema.org\",\"@graph\":[{\"@type\":\"WebPage\",\"@id\":\"https:\/\/www.fondazionepirelli.org\/it\/cultura-dimpresa\/ecco-perche-usare-le-migliori-energie-italiane-per-un-piano-di-ripresa-e-sviluppo-usando-bene-le-risorse-di-ue-e-bce\/\",\"url\":\"https:\/\/www.fondazionepirelli.org\/it\/cultura-dimpresa\/ecco-perche-usare-le-migliori-energie-italiane-per-un-piano-di-ripresa-e-sviluppo-usando-bene-le-risorse-di-ue-e-bce\/\",\"name\":\"Ecco perch\u00e9 usare le migliori energie italiane per un piano di ripresa e sviluppo, usando bene le risorse di Ue e Bce - Fondazione Pirelli\",\"isPartOf\":{\"@id\":\"https:\/\/www.fondazionepirelli.org\/it\/#website\"},\"primaryImageOfPage\":{\"@id\":\"https:\/\/www.fondazionepirelli.org\/it\/cultura-dimpresa\/ecco-perche-usare-le-migliori-energie-italiane-per-un-piano-di-ripresa-e-sviluppo-usando-bene-le-risorse-di-ue-e-bce\/#primaryimage\"},\"image\":{\"@id\":\"https:\/\/www.fondazionepirelli.org\/it\/cultura-dimpresa\/ecco-perche-usare-le-migliori-energie-italiane-per-un-piano-di-ripresa-e-sviluppo-usando-bene-le-risorse-di-ue-e-bce\/#primaryimage\"},\"thumbnailUrl\":\"https:\/\/wpsite-assets.fondazionepirelli.org\/wp-content\/uploads\/2020\/05\/19130108\/non-sprechiamo-la-fase-2.jpg\",\"datePublished\":\"2020-05-19T12:01:19+00:00\",\"author\":{\"@id\":\"https:\/\/www.fondazionepirelli.org\/it\/#\/schema\/person\/c31fcf5937a0e6afa45497f3f8b6d7a0\"},\"breadcrumb\":{\"@id\":\"https:\/\/www.fondazionepirelli.org\/it\/cultura-dimpresa\/ecco-perche-usare-le-migliori-energie-italiane-per-un-piano-di-ripresa-e-sviluppo-usando-bene-le-risorse-di-ue-e-bce\/#breadcrumb\"},\"inLanguage\":\"it-IT\",\"potentialAction\":[{\"@type\":\"ReadAction\",\"target\":[\"https:\/\/www.fondazionepirelli.org\/it\/cultura-dimpresa\/ecco-perche-usare-le-migliori-energie-italiane-per-un-piano-di-ripresa-e-sviluppo-usando-bene-le-risorse-di-ue-e-bce\/\"]}]},{\"@type\":\"ImageObject\",\"inLanguage\":\"it-IT\",\"@id\":\"https:\/\/www.fondazionepirelli.org\/it\/cultura-dimpresa\/ecco-perche-usare-le-migliori-energie-italiane-per-un-piano-di-ripresa-e-sviluppo-usando-bene-le-risorse-di-ue-e-bce\/#primaryimage\",\"url\":\"https:\/\/wpsite-assets.fondazionepirelli.org\/wp-content\/uploads\/2020\/05\/19130108\/non-sprechiamo-la-fase-2.jpg\",\"contentUrl\":\"https:\/\/wpsite-assets.fondazionepirelli.org\/wp-content\/uploads\/2020\/05\/19130108\/non-sprechiamo-la-fase-2.jpg\",\"width\":770,\"height\":400},{\"@type\":\"BreadcrumbList\",\"@id\":\"https:\/\/www.fondazionepirelli.org\/it\/cultura-dimpresa\/ecco-perche-usare-le-migliori-energie-italiane-per-un-piano-di-ripresa-e-sviluppo-usando-bene-le-risorse-di-ue-e-bce\/#breadcrumb\",\"itemListElement\":[{\"@type\":\"ListItem\",\"position\":1,\"name\":\"Home\",\"item\":\"https:\/\/www.fondazionepirelli.org\/it\/\"},{\"@type\":\"ListItem\",\"position\":2,\"name\":\"Ecco perch\u00e9 usare le migliori energie italiane per un piano di ripresa e sviluppo, usando bene le risorse di Ue e Bce\"}]},{\"@type\":\"WebSite\",\"@id\":\"https:\/\/www.fondazionepirelli.org\/it\/#website\",\"url\":\"https:\/\/www.fondazionepirelli.org\/it\/\",\"name\":\"Fondazione Pirelli\",\"description\":\"\",\"potentialAction\":[{\"@type\":\"SearchAction\",\"target\":{\"@type\":\"EntryPoint\",\"urlTemplate\":\"https:\/\/www.fondazionepirelli.org\/it\/?s={search_term_string}\"},\"query-input\":{\"@type\":\"PropertyValueSpecification\",\"valueRequired\":true,\"valueName\":\"search_term_string\"}}],\"inLanguage\":\"it-IT\"},{\"@type\":\"Person\",\"@id\":\"https:\/\/www.fondazionepirelli.org\/it\/#\/schema\/person\/c31fcf5937a0e6afa45497f3f8b6d7a0\",\"name\":\"fondazionepirelli\",\"image\":{\"@type\":\"ImageObject\",\"inLanguage\":\"it-IT\",\"@id\":\"https:\/\/www.fondazionepirelli.org\/it\/#\/schema\/person\/image\/\",\"url\":\"https:\/\/secure.gravatar.com\/avatar\/9cb486421ce1d6eddbf6c4fb66841b4325b786695f7aedf1dde2222428218696?s=96&d=mm&r=g\",\"contentUrl\":\"https:\/\/secure.gravatar.com\/avatar\/9cb486421ce1d6eddbf6c4fb66841b4325b786695f7aedf1dde2222428218696?s=96&d=mm&r=g\",\"caption\":\"fondazionepirelli\"},\"url\":\"https:\/\/www.fondazionepirelli.org\/it\/author\/fondazionepirelli\/\"}]}<\/script>\n<!-- \/ Yoast SEO plugin. -->","yoast_head_json":{"title":"Ecco perch\u00e9 usare le migliori energie italiane per un piano di ripresa e sviluppo, usando bene le risorse di Ue e Bce - Fondazione Pirelli","robots":{"index":"index","follow":"follow","max-snippet":"max-snippet:-1","max-image-preview":"max-image-preview:large","max-video-preview":"max-video-preview:-1"},"canonical":"https:\/\/www.fondazionepirelli.org\/it\/cultura-dimpresa\/ecco-perche-usare-le-migliori-energie-italiane-per-un-piano-di-ripresa-e-sviluppo-usando-bene-le-risorse-di-ue-e-bce\/","og_locale":"it_IT","og_type":"article","og_title":"Ecco perch\u00e9 usare le migliori energie italiane per un piano di ripresa e sviluppo, usando bene le risorse di Ue e Bce - Fondazione Pirelli","og_description":"Qual \u00e8 il senso profondo del fare politica? Il linguaggio anglosassone, preciso e pragmatico, distingue policy da politics, usando termini diversi per indicare da una parte i valori, i progetti, le strategie e, dall\u2019altra, le scelte concrete di governo, istituzioni, pubblica amministrazione e le mosse della politica praticante, dei partiti. Come in tutte le attivit\u00e0 [&hellip;]","og_url":"https:\/\/www.fondazionepirelli.org\/it\/cultura-dimpresa\/ecco-perche-usare-le-migliori-energie-italiane-per-un-piano-di-ripresa-e-sviluppo-usando-bene-le-risorse-di-ue-e-bce\/","og_site_name":"Fondazione Pirelli","article_published_time":"2020-05-19T12:01:19+00:00","og_image":[{"width":770,"height":400,"url":"https:\/\/wpsite-assets.fondazionepirelli.org\/wp-content\/uploads\/2020\/05\/19130108\/non-sprechiamo-la-fase-2.jpg","type":"image\/jpeg"}],"author":"fondazionepirelli","twitter_card":"summary_large_image","twitter_misc":{"Scritto da":"fondazionepirelli","Tempo di lettura stimato":"4 minuti"},"schema":{"@context":"https:\/\/schema.org","@graph":[{"@type":"WebPage","@id":"https:\/\/www.fondazionepirelli.org\/it\/cultura-dimpresa\/ecco-perche-usare-le-migliori-energie-italiane-per-un-piano-di-ripresa-e-sviluppo-usando-bene-le-risorse-di-ue-e-bce\/","url":"https:\/\/www.fondazionepirelli.org\/it\/cultura-dimpresa\/ecco-perche-usare-le-migliori-energie-italiane-per-un-piano-di-ripresa-e-sviluppo-usando-bene-le-risorse-di-ue-e-bce\/","name":"Ecco perch\u00e9 usare le migliori energie italiane per un piano di ripresa e sviluppo, usando bene le risorse di Ue e Bce - Fondazione Pirelli","isPartOf":{"@id":"https:\/\/www.fondazionepirelli.org\/it\/#website"},"primaryImageOfPage":{"@id":"https:\/\/www.fondazionepirelli.org\/it\/cultura-dimpresa\/ecco-perche-usare-le-migliori-energie-italiane-per-un-piano-di-ripresa-e-sviluppo-usando-bene-le-risorse-di-ue-e-bce\/#primaryimage"},"image":{"@id":"https:\/\/www.fondazionepirelli.org\/it\/cultura-dimpresa\/ecco-perche-usare-le-migliori-energie-italiane-per-un-piano-di-ripresa-e-sviluppo-usando-bene-le-risorse-di-ue-e-bce\/#primaryimage"},"thumbnailUrl":"https:\/\/wpsite-assets.fondazionepirelli.org\/wp-content\/uploads\/2020\/05\/19130108\/non-sprechiamo-la-fase-2.jpg","datePublished":"2020-05-19T12:01:19+00:00","author":{"@id":"https:\/\/www.fondazionepirelli.org\/it\/#\/schema\/person\/c31fcf5937a0e6afa45497f3f8b6d7a0"},"breadcrumb":{"@id":"https:\/\/www.fondazionepirelli.org\/it\/cultura-dimpresa\/ecco-perche-usare-le-migliori-energie-italiane-per-un-piano-di-ripresa-e-sviluppo-usando-bene-le-risorse-di-ue-e-bce\/#breadcrumb"},"inLanguage":"it-IT","potentialAction":[{"@type":"ReadAction","target":["https:\/\/www.fondazionepirelli.org\/it\/cultura-dimpresa\/ecco-perche-usare-le-migliori-energie-italiane-per-un-piano-di-ripresa-e-sviluppo-usando-bene-le-risorse-di-ue-e-bce\/"]}]},{"@type":"ImageObject","inLanguage":"it-IT","@id":"https:\/\/www.fondazionepirelli.org\/it\/cultura-dimpresa\/ecco-perche-usare-le-migliori-energie-italiane-per-un-piano-di-ripresa-e-sviluppo-usando-bene-le-risorse-di-ue-e-bce\/#primaryimage","url":"https:\/\/wpsite-assets.fondazionepirelli.org\/wp-content\/uploads\/2020\/05\/19130108\/non-sprechiamo-la-fase-2.jpg","contentUrl":"https:\/\/wpsite-assets.fondazionepirelli.org\/wp-content\/uploads\/2020\/05\/19130108\/non-sprechiamo-la-fase-2.jpg","width":770,"height":400},{"@type":"BreadcrumbList","@id":"https:\/\/www.fondazionepirelli.org\/it\/cultura-dimpresa\/ecco-perche-usare-le-migliori-energie-italiane-per-un-piano-di-ripresa-e-sviluppo-usando-bene-le-risorse-di-ue-e-bce\/#breadcrumb","itemListElement":[{"@type":"ListItem","position":1,"name":"Home","item":"https:\/\/www.fondazionepirelli.org\/it\/"},{"@type":"ListItem","position":2,"name":"Ecco perch\u00e9 usare le migliori energie italiane per un piano di ripresa e sviluppo, usando bene le risorse di Ue e Bce"}]},{"@type":"WebSite","@id":"https:\/\/www.fondazionepirelli.org\/it\/#website","url":"https:\/\/www.fondazionepirelli.org\/it\/","name":"Fondazione Pirelli","description":"","potentialAction":[{"@type":"SearchAction","target":{"@type":"EntryPoint","urlTemplate":"https:\/\/www.fondazionepirelli.org\/it\/?s={search_term_string}"},"query-input":{"@type":"PropertyValueSpecification","valueRequired":true,"valueName":"search_term_string"}}],"inLanguage":"it-IT"},{"@type":"Person","@id":"https:\/\/www.fondazionepirelli.org\/it\/#\/schema\/person\/c31fcf5937a0e6afa45497f3f8b6d7a0","name":"fondazionepirelli","image":{"@type":"ImageObject","inLanguage":"it-IT","@id":"https:\/\/www.fondazionepirelli.org\/it\/#\/schema\/person\/image\/","url":"https:\/\/secure.gravatar.com\/avatar\/9cb486421ce1d6eddbf6c4fb66841b4325b786695f7aedf1dde2222428218696?s=96&d=mm&r=g","contentUrl":"https:\/\/secure.gravatar.com\/avatar\/9cb486421ce1d6eddbf6c4fb66841b4325b786695f7aedf1dde2222428218696?s=96&d=mm&r=g","caption":"fondazionepirelli"},"url":"https:\/\/www.fondazionepirelli.org\/it\/author\/fondazionepirelli\/"}]}},"_links":{"self":[{"href":"https:\/\/www.fondazionepirelli.org\/it\/wp-json\/wp\/v2\/posts\/78314\/"}],"collection":[{"href":"https:\/\/www.fondazionepirelli.org\/it\/wp-json\/wp\/v2\/posts\/"}],"about":[{"href":"https:\/\/www.fondazionepirelli.org\/it\/wp-json\/wp\/v2\/types\/post\/"}],"author":[{"embeddable":true,"href":"https:\/\/www.fondazionepirelli.org\/it\/wp-json\/wp\/v2\/users\/9\/"}],"replies":[{"embeddable":true,"href":"https:\/\/www.fondazionepirelli.org\/it\/wp-json\/wp\/v2\/comments\/?post=78314"}],"version-history":[{"count":4,"href":"https:\/\/www.fondazionepirelli.org\/it\/wp-json\/wp\/v2\/posts\/78314\/revisions\/"}],"predecessor-version":[{"id":78321,"href":"https:\/\/www.fondazionepirelli.org\/it\/wp-json\/wp\/v2\/posts\/78314\/revisions\/78321\/"}],"wp:featuredmedia":[{"embeddable":true,"href":"https:\/\/www.fondazionepirelli.org\/it\/wp-json\/wp\/v2\/media\/78319\/"}],"wp:attachment":[{"href":"https:\/\/www.fondazionepirelli.org\/it\/wp-json\/wp\/v2\/media\/?parent=78314"}],"wp:term":[{"taxonomy":"category","embeddable":true,"href":"https:\/\/www.fondazionepirelli.org\/it\/wp-json\/wp\/v2\/categories\/?post=78314"},{"taxonomy":"post_tag","embeddable":true,"href":"https:\/\/www.fondazionepirelli.org\/it\/wp-json\/wp\/v2\/tags\/?post=78314"}],"curies":[{"name":"wp","href":"https:\/\/api.w.org\/{rel}","templated":true}]}}