{"id":78436,"date":"2020-05-25T07:04:45","date_gmt":"2020-05-25T06:04:45","guid":{"rendered":"https:\/\/www.fondazionepirelli.org\/?p=78436"},"modified":"2020-05-25T07:04:45","modified_gmt":"2020-05-25T06:04:45","slug":"lavoro-oltre-la-parola","status":"publish","type":"post","link":"https:\/\/www.fondazionepirelli.org\/it\/cultura-dimpresa\/lavoro-oltre-la-parola\/","title":{"rendered":"Lavoro, oltre la parola"},"content":{"rendered":"<p><em>Pubblicato un nuovo alfabeto del lavorare<\/em><\/p><p>Lavorare. Condizione importante per tutti. Atto che d\u00e0 dignit\u00e0 oltre che sostentamento. Eppure ancora oggi, forse pi\u00f9 di un tempo, traguardo che occorre conquistare e mantenere. Situazione, quella del lavorare, dai forti connotati culturali oltre che materiali. Che investe ogni ceto sociale ed economico. E\u2019 anche partendo da queste considerazioni che \u00e8 bello (e utile) leggere \u201cLavorare, \u00e8 una parola. Un alfabeto corale a cinquant&#8217;anni dallo Statuto dei lavoratori\u201d, libro appena pubblicato e frutto di un lavoro a pi\u00f9 mani curato da Altero Frigeri e Roberta Lisi.<\/p>\n<p>La raccolta di 24 saggi cerca di fissare, in una sorta di dizionario del lavoro, alcuni aspetti del tema partendo da altrettante \u201cparole\u201d sulle quali ragionano alcune delle voci pi\u00f9 autorevoli della cultura, dell\u2019economia, del diritto e della politica. Viene delineato cos\u00ec per davvero un nuovo alfabeto del lavoro, dando concretezza e senso a una parola spesso abusata e travisata. Dietro ogni termine scelto c\u2019\u00e8 la riflessione su un aspetto cruciale: oggi, cio\u00e8, non si pu\u00f2 ragionare di lavoro senza porre al centro la crisi ambientale, la sicurezza e le nuove malattie professionali, i movimenti migratori, la conciliazione del lavoro femminile con i compiti di cura e la maternit\u00e0, la disabilit\u00e0, l\u2019intelligenza artificiale, l\u2019arretratezza del Mezzogiorno.<\/p>\n<p>Niente viene taciuto. Anche aspetti scomodi del lavoro come, per esempio, le dismissioni di interi settori produttivi, le forme di sfruttamento, l\u2019aumento della disoccupazione, le morti. Scorrono poi nelle quasi trecento pagine di testo, capitoli solo in apparenza fuori posto &#8211; come quelli dedicati a Bergoglio, alla \u201cgenerazione del non lavoro\u201d,\u00a0 a J.M. Keynes, alla mafia, al sapere -, che in realt\u00e0 costituiscono uno dei pregi di tutta l\u2019opera.<\/p>\n<p>Libro che certamente occorre leggere con attenzione, quello curato da Frigeri e Lisi, e che certamente potr\u00e0 dare spazio per dibattiti e approfondimenti. Libro comunque che occorre davvero leggere (e adoperare magari proprio come un dizionario al quale tornare), e che pu\u00f2 far parte del bagaglio di una cultura del produrre che sia sempre pi\u00f9 avveduta e attenta.<\/p><p><strong>Lavorare, \u00e8 una parola. <\/strong><strong>Un alfabeto corale a cinquant&#8217;anni dallo Statuto dei lavoratori<\/strong><\/p>\n<p>Altero Frigeri e Roberta Lisi (a cura di)<\/p>\n<p>Donzelli, 2020<\/p>","protected":false},"excerpt":{"rendered":"<p>Pubblicato un nuovo alfabeto del lavorareLavorare. Condizione importante per tutti. Atto che d\u00e0 dignit\u00e0 oltre che sostentamento. Eppure ancora oggi, forse pi\u00f9 di un tempo, traguardo che occorre conquistare e mantenere. Situazione, quella del lavorare, dai forti connotati culturali oltre che materiali. Che investe ogni ceto sociale ed economico. E\u2019 anche partendo da queste considerazioni [&hellip;]<\/p>\n","protected":false},"author":9,"featured_media":78437,"comment_status":"open","ping_status":"open","sticky":false,"template":"","format":"standard","meta":{"footnotes":""},"categories":[52,58],"tags":[],"class_list":["post-78436","post","type-post","status-publish","format-standard","has-post-thumbnail","hentry","category-cultura-dimpresa","category-recensioni-libri"],"acf":[],"yoast_head":"<!-- This site is optimized with the Yoast SEO plugin v25.0 - https:\/\/yoast.com\/wordpress\/plugins\/seo\/ -->\n<title>Lavoro, oltre la parola - Fondazione Pirelli<\/title>\n<meta name=\"robots\" content=\"index, follow, max-snippet:-1, max-image-preview:large, max-video-preview:-1\" \/>\n<link rel=\"canonical\" href=\"https:\/\/www.fondazionepirelli.org\/it\/cultura-dimpresa\/lavoro-oltre-la-parola\/\" \/>\n<meta property=\"og:locale\" content=\"it_IT\" \/>\n<meta property=\"og:type\" content=\"article\" \/>\n<meta property=\"og:title\" content=\"Lavoro, oltre la parola - Fondazione Pirelli\" \/>\n<meta property=\"og:description\" content=\"Pubblicato un nuovo alfabeto del lavorareLavorare. Condizione importante per tutti. Atto che d\u00e0 dignit\u00e0 oltre che sostentamento. Eppure ancora oggi, forse pi\u00f9 di un tempo, traguardo che occorre conquistare e mantenere. Situazione, quella del lavorare, dai forti connotati culturali oltre che materiali. Che investe ogni ceto sociale ed economico. E\u2019 anche partendo da queste considerazioni [&hellip;]\" \/>\n<meta property=\"og:url\" content=\"https:\/\/www.fondazionepirelli.org\/it\/cultura-dimpresa\/lavoro-oltre-la-parola\/\" \/>\n<meta property=\"og:site_name\" content=\"Fondazione Pirelli\" \/>\n<meta property=\"article:published_time\" content=\"2020-05-25T06:04:45+00:00\" \/>\n<meta property=\"og:image\" content=\"https:\/\/wpsite-assets.fondazionepirelli.org\/wp-content\/uploads\/2020\/05\/25062552\/6336ef91565895939001e7a9335a0046_w250_h_mw_mh_cs_cx_cy.jpg\" \/>\n\t<meta property=\"og:image:width\" content=\"250\" \/>\n\t<meta property=\"og:image:height\" content=\"363\" \/>\n\t<meta property=\"og:image:type\" content=\"image\/jpeg\" \/>\n<meta name=\"author\" content=\"fondazionepirelli\" \/>\n<meta name=\"twitter:card\" content=\"summary_large_image\" \/>\n<meta name=\"twitter:label1\" content=\"Scritto da\" \/>\n\t<meta name=\"twitter:data1\" content=\"fondazionepirelli\" \/>\n\t<meta name=\"twitter:label2\" content=\"Tempo di lettura stimato\" \/>\n\t<meta name=\"twitter:data2\" content=\"2 minuti\" \/>\n<script type=\"application\/ld+json\" class=\"yoast-schema-graph\">{\"@context\":\"https:\/\/schema.org\",\"@graph\":[{\"@type\":\"WebPage\",\"@id\":\"https:\/\/www.fondazionepirelli.org\/it\/cultura-dimpresa\/lavoro-oltre-la-parola\/\",\"url\":\"https:\/\/www.fondazionepirelli.org\/it\/cultura-dimpresa\/lavoro-oltre-la-parola\/\",\"name\":\"Lavoro, oltre la parola - Fondazione Pirelli\",\"isPartOf\":{\"@id\":\"https:\/\/www.fondazionepirelli.org\/it\/#website\"},\"primaryImageOfPage\":{\"@id\":\"https:\/\/www.fondazionepirelli.org\/it\/cultura-dimpresa\/lavoro-oltre-la-parola\/#primaryimage\"},\"image\":{\"@id\":\"https:\/\/www.fondazionepirelli.org\/it\/cultura-dimpresa\/lavoro-oltre-la-parola\/#primaryimage\"},\"thumbnailUrl\":\"https:\/\/wpsite-assets.fondazionepirelli.org\/wp-content\/uploads\/2020\/05\/25062552\/6336ef91565895939001e7a9335a0046_w250_h_mw_mh_cs_cx_cy.jpg\",\"datePublished\":\"2020-05-25T06:04:45+00:00\",\"author\":{\"@id\":\"https:\/\/www.fondazionepirelli.org\/it\/#\/schema\/person\/c31fcf5937a0e6afa45497f3f8b6d7a0\"},\"breadcrumb\":{\"@id\":\"https:\/\/www.fondazionepirelli.org\/it\/cultura-dimpresa\/lavoro-oltre-la-parola\/#breadcrumb\"},\"inLanguage\":\"it-IT\",\"potentialAction\":[{\"@type\":\"ReadAction\",\"target\":[\"https:\/\/www.fondazionepirelli.org\/it\/cultura-dimpresa\/lavoro-oltre-la-parola\/\"]}]},{\"@type\":\"ImageObject\",\"inLanguage\":\"it-IT\",\"@id\":\"https:\/\/www.fondazionepirelli.org\/it\/cultura-dimpresa\/lavoro-oltre-la-parola\/#primaryimage\",\"url\":\"https:\/\/wpsite-assets.fondazionepirelli.org\/wp-content\/uploads\/2020\/05\/25062552\/6336ef91565895939001e7a9335a0046_w250_h_mw_mh_cs_cx_cy.jpg\",\"contentUrl\":\"https:\/\/wpsite-assets.fondazionepirelli.org\/wp-content\/uploads\/2020\/05\/25062552\/6336ef91565895939001e7a9335a0046_w250_h_mw_mh_cs_cx_cy.jpg\",\"width\":250,\"height\":363},{\"@type\":\"BreadcrumbList\",\"@id\":\"https:\/\/www.fondazionepirelli.org\/it\/cultura-dimpresa\/lavoro-oltre-la-parola\/#breadcrumb\",\"itemListElement\":[{\"@type\":\"ListItem\",\"position\":1,\"name\":\"Home\",\"item\":\"https:\/\/www.fondazionepirelli.org\/it\/\"},{\"@type\":\"ListItem\",\"position\":2,\"name\":\"Lavoro, oltre la parola\"}]},{\"@type\":\"WebSite\",\"@id\":\"https:\/\/www.fondazionepirelli.org\/it\/#website\",\"url\":\"https:\/\/www.fondazionepirelli.org\/it\/\",\"name\":\"Fondazione Pirelli\",\"description\":\"\",\"potentialAction\":[{\"@type\":\"SearchAction\",\"target\":{\"@type\":\"EntryPoint\",\"urlTemplate\":\"https:\/\/www.fondazionepirelli.org\/it\/?s={search_term_string}\"},\"query-input\":{\"@type\":\"PropertyValueSpecification\",\"valueRequired\":true,\"valueName\":\"search_term_string\"}}],\"inLanguage\":\"it-IT\"},{\"@type\":\"Person\",\"@id\":\"https:\/\/www.fondazionepirelli.org\/it\/#\/schema\/person\/c31fcf5937a0e6afa45497f3f8b6d7a0\",\"name\":\"fondazionepirelli\",\"image\":{\"@type\":\"ImageObject\",\"inLanguage\":\"it-IT\",\"@id\":\"https:\/\/www.fondazionepirelli.org\/it\/#\/schema\/person\/image\/\",\"url\":\"https:\/\/secure.gravatar.com\/avatar\/9cb486421ce1d6eddbf6c4fb66841b4325b786695f7aedf1dde2222428218696?s=96&d=mm&r=g\",\"contentUrl\":\"https:\/\/secure.gravatar.com\/avatar\/9cb486421ce1d6eddbf6c4fb66841b4325b786695f7aedf1dde2222428218696?s=96&d=mm&r=g\",\"caption\":\"fondazionepirelli\"},\"url\":\"https:\/\/www.fondazionepirelli.org\/it\/author\/fondazionepirelli\/\"}]}<\/script>\n<!-- \/ Yoast SEO plugin. -->","yoast_head_json":{"title":"Lavoro, oltre la parola - Fondazione Pirelli","robots":{"index":"index","follow":"follow","max-snippet":"max-snippet:-1","max-image-preview":"max-image-preview:large","max-video-preview":"max-video-preview:-1"},"canonical":"https:\/\/www.fondazionepirelli.org\/it\/cultura-dimpresa\/lavoro-oltre-la-parola\/","og_locale":"it_IT","og_type":"article","og_title":"Lavoro, oltre la parola - Fondazione Pirelli","og_description":"Pubblicato un nuovo alfabeto del lavorareLavorare. Condizione importante per tutti. Atto che d\u00e0 dignit\u00e0 oltre che sostentamento. Eppure ancora oggi, forse pi\u00f9 di un tempo, traguardo che occorre conquistare e mantenere. Situazione, quella del lavorare, dai forti connotati culturali oltre che materiali. Che investe ogni ceto sociale ed economico. E\u2019 anche partendo da queste considerazioni [&hellip;]","og_url":"https:\/\/www.fondazionepirelli.org\/it\/cultura-dimpresa\/lavoro-oltre-la-parola\/","og_site_name":"Fondazione Pirelli","article_published_time":"2020-05-25T06:04:45+00:00","og_image":[{"width":250,"height":363,"url":"https:\/\/wpsite-assets.fondazionepirelli.org\/wp-content\/uploads\/2020\/05\/25062552\/6336ef91565895939001e7a9335a0046_w250_h_mw_mh_cs_cx_cy.jpg","type":"image\/jpeg"}],"author":"fondazionepirelli","twitter_card":"summary_large_image","twitter_misc":{"Scritto da":"fondazionepirelli","Tempo di lettura stimato":"2 minuti"},"schema":{"@context":"https:\/\/schema.org","@graph":[{"@type":"WebPage","@id":"https:\/\/www.fondazionepirelli.org\/it\/cultura-dimpresa\/lavoro-oltre-la-parola\/","url":"https:\/\/www.fondazionepirelli.org\/it\/cultura-dimpresa\/lavoro-oltre-la-parola\/","name":"Lavoro, oltre la parola - Fondazione Pirelli","isPartOf":{"@id":"https:\/\/www.fondazionepirelli.org\/it\/#website"},"primaryImageOfPage":{"@id":"https:\/\/www.fondazionepirelli.org\/it\/cultura-dimpresa\/lavoro-oltre-la-parola\/#primaryimage"},"image":{"@id":"https:\/\/www.fondazionepirelli.org\/it\/cultura-dimpresa\/lavoro-oltre-la-parola\/#primaryimage"},"thumbnailUrl":"https:\/\/wpsite-assets.fondazionepirelli.org\/wp-content\/uploads\/2020\/05\/25062552\/6336ef91565895939001e7a9335a0046_w250_h_mw_mh_cs_cx_cy.jpg","datePublished":"2020-05-25T06:04:45+00:00","author":{"@id":"https:\/\/www.fondazionepirelli.org\/it\/#\/schema\/person\/c31fcf5937a0e6afa45497f3f8b6d7a0"},"breadcrumb":{"@id":"https:\/\/www.fondazionepirelli.org\/it\/cultura-dimpresa\/lavoro-oltre-la-parola\/#breadcrumb"},"inLanguage":"it-IT","potentialAction":[{"@type":"ReadAction","target":["https:\/\/www.fondazionepirelli.org\/it\/cultura-dimpresa\/lavoro-oltre-la-parola\/"]}]},{"@type":"ImageObject","inLanguage":"it-IT","@id":"https:\/\/www.fondazionepirelli.org\/it\/cultura-dimpresa\/lavoro-oltre-la-parola\/#primaryimage","url":"https:\/\/wpsite-assets.fondazionepirelli.org\/wp-content\/uploads\/2020\/05\/25062552\/6336ef91565895939001e7a9335a0046_w250_h_mw_mh_cs_cx_cy.jpg","contentUrl":"https:\/\/wpsite-assets.fondazionepirelli.org\/wp-content\/uploads\/2020\/05\/25062552\/6336ef91565895939001e7a9335a0046_w250_h_mw_mh_cs_cx_cy.jpg","width":250,"height":363},{"@type":"BreadcrumbList","@id":"https:\/\/www.fondazionepirelli.org\/it\/cultura-dimpresa\/lavoro-oltre-la-parola\/#breadcrumb","itemListElement":[{"@type":"ListItem","position":1,"name":"Home","item":"https:\/\/www.fondazionepirelli.org\/it\/"},{"@type":"ListItem","position":2,"name":"Lavoro, oltre la parola"}]},{"@type":"WebSite","@id":"https:\/\/www.fondazionepirelli.org\/it\/#website","url":"https:\/\/www.fondazionepirelli.org\/it\/","name":"Fondazione Pirelli","description":"","potentialAction":[{"@type":"SearchAction","target":{"@type":"EntryPoint","urlTemplate":"https:\/\/www.fondazionepirelli.org\/it\/?s={search_term_string}"},"query-input":{"@type":"PropertyValueSpecification","valueRequired":true,"valueName":"search_term_string"}}],"inLanguage":"it-IT"},{"@type":"Person","@id":"https:\/\/www.fondazionepirelli.org\/it\/#\/schema\/person\/c31fcf5937a0e6afa45497f3f8b6d7a0","name":"fondazionepirelli","image":{"@type":"ImageObject","inLanguage":"it-IT","@id":"https:\/\/www.fondazionepirelli.org\/it\/#\/schema\/person\/image\/","url":"https:\/\/secure.gravatar.com\/avatar\/9cb486421ce1d6eddbf6c4fb66841b4325b786695f7aedf1dde2222428218696?s=96&d=mm&r=g","contentUrl":"https:\/\/secure.gravatar.com\/avatar\/9cb486421ce1d6eddbf6c4fb66841b4325b786695f7aedf1dde2222428218696?s=96&d=mm&r=g","caption":"fondazionepirelli"},"url":"https:\/\/www.fondazionepirelli.org\/it\/author\/fondazionepirelli\/"}]}},"_links":{"self":[{"href":"https:\/\/www.fondazionepirelli.org\/it\/wp-json\/wp\/v2\/posts\/78436\/"}],"collection":[{"href":"https:\/\/www.fondazionepirelli.org\/it\/wp-json\/wp\/v2\/posts\/"}],"about":[{"href":"https:\/\/www.fondazionepirelli.org\/it\/wp-json\/wp\/v2\/types\/post\/"}],"author":[{"embeddable":true,"href":"https:\/\/www.fondazionepirelli.org\/it\/wp-json\/wp\/v2\/users\/9\/"}],"replies":[{"embeddable":true,"href":"https:\/\/www.fondazionepirelli.org\/it\/wp-json\/wp\/v2\/comments\/?post=78436"}],"version-history":[{"count":2,"href":"https:\/\/www.fondazionepirelli.org\/it\/wp-json\/wp\/v2\/posts\/78436\/revisions\/"}],"predecessor-version":[{"id":78440,"href":"https:\/\/www.fondazionepirelli.org\/it\/wp-json\/wp\/v2\/posts\/78436\/revisions\/78440\/"}],"wp:featuredmedia":[{"embeddable":true,"href":"https:\/\/www.fondazionepirelli.org\/it\/wp-json\/wp\/v2\/media\/78437\/"}],"wp:attachment":[{"href":"https:\/\/www.fondazionepirelli.org\/it\/wp-json\/wp\/v2\/media\/?parent=78436"}],"wp:term":[{"taxonomy":"category","embeddable":true,"href":"https:\/\/www.fondazionepirelli.org\/it\/wp-json\/wp\/v2\/categories\/?post=78436"},{"taxonomy":"post_tag","embeddable":true,"href":"https:\/\/www.fondazionepirelli.org\/it\/wp-json\/wp\/v2\/tags\/?post=78436"}],"curies":[{"name":"wp","href":"https:\/\/api.w.org\/{rel}","templated":true}]}}