{"id":78441,"date":"2020-05-25T07:04:19","date_gmt":"2020-05-25T06:04:19","guid":{"rendered":"https:\/\/www.fondazionepirelli.org\/?p=78441"},"modified":"2020-05-25T07:04:19","modified_gmt":"2020-05-25T06:04:19","slug":"responsabilita-sociale-dimpresa-a-due-velocita","status":"publish","type":"post","link":"https:\/\/www.fondazionepirelli.org\/it\/cultura-dimpresa\/responsabilita-sociale-dimpresa-a-due-velocita\/","title":{"rendered":"Responsabilit\u00e0 sociale d\u2019impresa a due velocit\u00e0"},"content":{"rendered":"<p><em>Una tesi discussa alla Luiss pone il tema della differenziazione di strumenti e atteggiamenti tra situazione locali e internazionali<\/em><\/p><p>Non solo profitto. L\u2019idea \u00e8 ormai comune alla gran parte delle organizzazioni della produzione. Eppure \u00e8 qualcosa ancora da consolidare, comprendere a fondo, far propria nell\u2019intimo vero di ogni impresa la cui cultura voglia crescere di livello. Soprattutto perch\u00e9 il \u201cnon solo profitto\u201d non pu\u00f2 e non deve significare \u201cassenza di profitto\u201d. Tema complesso comunque, quello della responsabilit\u00e0 sociale d\u2019impresa, attorno al quale si continua a ragionare e scrivere. E\u2019 utile allora avere sotto mano qualcosa che si limiti semplicemente ad una sintesi di quanto fin qui fatto. E\u2019 a questo che serve (ed \u00e8 una utilit\u00e0 non di poco conto), la tesi di Guglielmo Costante Salerno discussa presso il Dipartimento di Giurisprudenza, Cattedra di Metodologia della Scienza Giuridica della Luiss.<\/p>\n<p>\u201cIl dibattito sulla responsabilit\u00e0 d\u2019impresa: ascesa, crisi, nuovi sviluppi\u201d inizia proprio dalla considerazione di quanto il profitto sia \u201cstoricamente l\u2019obiettivo principale dell\u2019impresa\u201d. <em>The business of business is business<\/em>, ricorda l\u2019autore citando Milton Friedman e aggiungendo: \u201cPartendo da questa visione chiaramente incentrata sul profitto, e quindi sugli interessi degli <em>shareholder<\/em>, scopriamo che, con il passare degli anni, altri operatori hanno conquistato un ruolo fondamentale nella definizione dell\u2019indirizzo dell\u2019attivit\u00e0 delle singole imprese. Questi soggetti, chiamati <em>stakeholders<\/em>, rappresentano l\u2019insieme di tutti coloro che pur non trovandosi nel ruolo di soci sono portatori di interesse\u201d. Oltre a questo Salerno spiega come la visione dell\u2019impresa e della sua attivit\u00e0 abbia \u201cdovuto per forza di cose scontrarsi da una parte con il ruolo sempre maggiore che stava rivestendo l\u2019etica nell\u2019attivit\u00e0 economica, dall\u2019altra con la maggiore attenzione, da parte anche delle istituzioni, agli effetti dell\u2019attivit\u00e0 economica sulla societ\u00e0\u201d.<\/p>\n<p>La tesi quindi ripercorre le diverse tappe del percorso che ha condotto la responsabilit\u00e0 sociale d\u2019impresa ad essere quello che \u00e8 oggi, con un\u2019attenzione particolare anche agli aspetti giuridici oltre che economici del tema.<\/p>\n<p>Spiega l\u2019autore nelle conclusioni: \u201cCi\u00f2 che emerso da questa analisi \u00e8 che come \u00e8 vero che probabilmente il futuro dell\u2019economia riserver\u00e0 uno spazio sempre maggiore al tema della responsabilit\u00e0 d\u2019impresa e anche vero che al momento \u00e8 pi\u00f9 incisiva, sulla scelta di adozione o meno da parte delle imprese di modelli socialmente responsabili, l\u2019opinione pubblica e eventualmente le normative dei singoli Stati, che la cornice internazionale che, per quanto sia forte dei suoi nobili intenti purtroppo manca ancora di quella vincolativit\u00e0 che rende tutti gli sforzi fatti in quella direzione quasi vani\u201d. Che \u00e8 come registrare una sorta di doppia velocit\u00e0 tra la sensibilit\u00e0 e gli strumenti \u201cnazionali\u201d e quelli \u201cinternazionali\u201d su un tema che, tuttavia, \u00e8 ormai diventato globale.<\/p><p><a href=\"https:\/\/wpsite-assets.fondazionepirelli.org\/wp-content\/uploads\/2020\/05\/25062858\/114193_SALERNO_GUGLIELMO-COSTA.pdf\"><strong>Il dibattito sulla responsabilit\u00e0 d\u2019impresa: ascesa, crisi, nuovi sviluppi<\/strong><\/a><\/p>\n<p>Guglielmo Costante Salerno<\/p>\n<p>Tesi, Universit\u00e0 Luiss, Dipartimento di Giurisprudenza, Cattedra di Metodologia della Scienza Giuridica, 2019<\/p>","protected":false},"excerpt":{"rendered":"<p>Una tesi discussa alla Luiss pone il tema della differenziazione di strumenti e atteggiamenti tra situazione locali e internazionaliNon solo profitto. L\u2019idea \u00e8 ormai comune alla gran parte delle organizzazioni della produzione. Eppure \u00e8 qualcosa ancora da consolidare, comprendere a fondo, far propria nell\u2019intimo vero di ogni impresa la cui cultura voglia crescere di livello. [&hellip;]<\/p>\n","protected":false},"author":9,"featured_media":0,"comment_status":"open","ping_status":"open","sticky":false,"template":"","format":"standard","meta":{"footnotes":""},"categories":[54,52],"tags":[],"class_list":["post-78441","post","type-post","status-publish","format-standard","hentry","category-approfondimenti","category-cultura-dimpresa"],"acf":[],"yoast_head":"<!-- This site is optimized with the Yoast SEO plugin v25.0 - https:\/\/yoast.com\/wordpress\/plugins\/seo\/ -->\n<title>Responsabilit\u00e0 sociale d\u2019impresa a due velocit\u00e0 - Fondazione Pirelli<\/title>\n<meta name=\"robots\" content=\"index, follow, max-snippet:-1, max-image-preview:large, max-video-preview:-1\" \/>\n<link rel=\"canonical\" href=\"https:\/\/www.fondazionepirelli.org\/it\/cultura-dimpresa\/responsabilita-sociale-dimpresa-a-due-velocita\/\" \/>\n<meta property=\"og:locale\" content=\"it_IT\" \/>\n<meta property=\"og:type\" content=\"article\" \/>\n<meta property=\"og:title\" content=\"Responsabilit\u00e0 sociale d\u2019impresa a due velocit\u00e0 - Fondazione Pirelli\" \/>\n<meta property=\"og:description\" content=\"Una tesi discussa alla Luiss pone il tema della differenziazione di strumenti e atteggiamenti tra situazione locali e internazionaliNon solo profitto. L\u2019idea \u00e8 ormai comune alla gran parte delle organizzazioni della produzione. Eppure \u00e8 qualcosa ancora da consolidare, comprendere a fondo, far propria nell\u2019intimo vero di ogni impresa la cui cultura voglia crescere di livello. [&hellip;]\" \/>\n<meta property=\"og:url\" content=\"https:\/\/127.0.0.1\/it\/cultura-dimpresa\/responsabilita-sociale-dimpresa-a-due-velocita\/\" \/>\n<meta property=\"og:site_name\" content=\"Fondazione Pirelli\" \/>\n<meta property=\"article:published_time\" content=\"2020-05-25T06:04:19+00:00\" \/>\n<meta name=\"author\" content=\"fondazionepirelli\" \/>\n<meta name=\"twitter:card\" content=\"summary_large_image\" \/>\n<meta name=\"twitter:label1\" content=\"Scritto da\" \/>\n\t<meta name=\"twitter:data1\" content=\"fondazionepirelli\" \/>\n\t<meta name=\"twitter:label2\" content=\"Tempo di lettura stimato\" \/>\n\t<meta name=\"twitter:data2\" content=\"2 minuti\" \/>\n<script type=\"application\/ld+json\" class=\"yoast-schema-graph\">{\"@context\":\"https:\/\/schema.org\",\"@graph\":[{\"@type\":\"WebPage\",\"@id\":\"https:\/\/127.0.0.1\/it\/cultura-dimpresa\/responsabilita-sociale-dimpresa-a-due-velocita\/\",\"url\":\"https:\/\/127.0.0.1\/it\/cultura-dimpresa\/responsabilita-sociale-dimpresa-a-due-velocita\/\",\"name\":\"Responsabilit\u00e0 sociale d\u2019impresa a due velocit\u00e0 - Fondazione Pirelli\",\"isPartOf\":{\"@id\":\"https:\/\/www.fondazionepirelli.org\/it\/#website\"},\"datePublished\":\"2020-05-25T06:04:19+00:00\",\"author\":{\"@id\":\"https:\/\/www.fondazionepirelli.org\/it\/#\/schema\/person\/c31fcf5937a0e6afa45497f3f8b6d7a0\"},\"breadcrumb\":{\"@id\":\"https:\/\/127.0.0.1\/it\/cultura-dimpresa\/responsabilita-sociale-dimpresa-a-due-velocita\/#breadcrumb\"},\"inLanguage\":\"it-IT\",\"potentialAction\":[{\"@type\":\"ReadAction\",\"target\":[\"https:\/\/127.0.0.1\/it\/cultura-dimpresa\/responsabilita-sociale-dimpresa-a-due-velocita\/\"]}]},{\"@type\":\"BreadcrumbList\",\"@id\":\"https:\/\/127.0.0.1\/it\/cultura-dimpresa\/responsabilita-sociale-dimpresa-a-due-velocita\/#breadcrumb\",\"itemListElement\":[{\"@type\":\"ListItem\",\"position\":1,\"name\":\"Home\",\"item\":\"https:\/\/www.fondazionepirelli.org\/it\/\"},{\"@type\":\"ListItem\",\"position\":2,\"name\":\"Responsabilit\u00e0 sociale d\u2019impresa a due velocit\u00e0\"}]},{\"@type\":\"WebSite\",\"@id\":\"https:\/\/www.fondazionepirelli.org\/it\/#website\",\"url\":\"https:\/\/www.fondazionepirelli.org\/it\/\",\"name\":\"Fondazione Pirelli\",\"description\":\"\",\"potentialAction\":[{\"@type\":\"SearchAction\",\"target\":{\"@type\":\"EntryPoint\",\"urlTemplate\":\"https:\/\/www.fondazionepirelli.org\/it\/?s={search_term_string}\"},\"query-input\":{\"@type\":\"PropertyValueSpecification\",\"valueRequired\":true,\"valueName\":\"search_term_string\"}}],\"inLanguage\":\"it-IT\"},{\"@type\":\"Person\",\"@id\":\"https:\/\/www.fondazionepirelli.org\/it\/#\/schema\/person\/c31fcf5937a0e6afa45497f3f8b6d7a0\",\"name\":\"fondazionepirelli\",\"image\":{\"@type\":\"ImageObject\",\"inLanguage\":\"it-IT\",\"@id\":\"https:\/\/www.fondazionepirelli.org\/it\/#\/schema\/person\/image\/\",\"url\":\"https:\/\/secure.gravatar.com\/avatar\/9cb486421ce1d6eddbf6c4fb66841b4325b786695f7aedf1dde2222428218696?s=96&d=mm&r=g\",\"contentUrl\":\"https:\/\/secure.gravatar.com\/avatar\/9cb486421ce1d6eddbf6c4fb66841b4325b786695f7aedf1dde2222428218696?s=96&d=mm&r=g\",\"caption\":\"fondazionepirelli\"},\"url\":\"https:\/\/www.fondazionepirelli.org\/it\/author\/fondazionepirelli\/\"}]}<\/script>\n<!-- \/ Yoast SEO plugin. -->","yoast_head_json":{"title":"Responsabilit\u00e0 sociale d\u2019impresa a due velocit\u00e0 - Fondazione Pirelli","robots":{"index":"index","follow":"follow","max-snippet":"max-snippet:-1","max-image-preview":"max-image-preview:large","max-video-preview":"max-video-preview:-1"},"canonical":"https:\/\/www.fondazionepirelli.org\/it\/cultura-dimpresa\/responsabilita-sociale-dimpresa-a-due-velocita\/","og_locale":"it_IT","og_type":"article","og_title":"Responsabilit\u00e0 sociale d\u2019impresa a due velocit\u00e0 - Fondazione Pirelli","og_description":"Una tesi discussa alla Luiss pone il tema della differenziazione di strumenti e atteggiamenti tra situazione locali e internazionaliNon solo profitto. L\u2019idea \u00e8 ormai comune alla gran parte delle organizzazioni della produzione. Eppure \u00e8 qualcosa ancora da consolidare, comprendere a fondo, far propria nell\u2019intimo vero di ogni impresa la cui cultura voglia crescere di livello. [&hellip;]","og_url":"https:\/\/127.0.0.1\/it\/cultura-dimpresa\/responsabilita-sociale-dimpresa-a-due-velocita\/","og_site_name":"Fondazione Pirelli","article_published_time":"2020-05-25T06:04:19+00:00","author":"fondazionepirelli","twitter_card":"summary_large_image","twitter_misc":{"Scritto da":"fondazionepirelli","Tempo di lettura stimato":"2 minuti"},"schema":{"@context":"https:\/\/schema.org","@graph":[{"@type":"WebPage","@id":"https:\/\/127.0.0.1\/it\/cultura-dimpresa\/responsabilita-sociale-dimpresa-a-due-velocita\/","url":"https:\/\/127.0.0.1\/it\/cultura-dimpresa\/responsabilita-sociale-dimpresa-a-due-velocita\/","name":"Responsabilit\u00e0 sociale d\u2019impresa a due velocit\u00e0 - Fondazione Pirelli","isPartOf":{"@id":"https:\/\/www.fondazionepirelli.org\/it\/#website"},"datePublished":"2020-05-25T06:04:19+00:00","author":{"@id":"https:\/\/www.fondazionepirelli.org\/it\/#\/schema\/person\/c31fcf5937a0e6afa45497f3f8b6d7a0"},"breadcrumb":{"@id":"https:\/\/127.0.0.1\/it\/cultura-dimpresa\/responsabilita-sociale-dimpresa-a-due-velocita\/#breadcrumb"},"inLanguage":"it-IT","potentialAction":[{"@type":"ReadAction","target":["https:\/\/127.0.0.1\/it\/cultura-dimpresa\/responsabilita-sociale-dimpresa-a-due-velocita\/"]}]},{"@type":"BreadcrumbList","@id":"https:\/\/127.0.0.1\/it\/cultura-dimpresa\/responsabilita-sociale-dimpresa-a-due-velocita\/#breadcrumb","itemListElement":[{"@type":"ListItem","position":1,"name":"Home","item":"https:\/\/www.fondazionepirelli.org\/it\/"},{"@type":"ListItem","position":2,"name":"Responsabilit\u00e0 sociale d\u2019impresa a due velocit\u00e0"}]},{"@type":"WebSite","@id":"https:\/\/www.fondazionepirelli.org\/it\/#website","url":"https:\/\/www.fondazionepirelli.org\/it\/","name":"Fondazione Pirelli","description":"","potentialAction":[{"@type":"SearchAction","target":{"@type":"EntryPoint","urlTemplate":"https:\/\/www.fondazionepirelli.org\/it\/?s={search_term_string}"},"query-input":{"@type":"PropertyValueSpecification","valueRequired":true,"valueName":"search_term_string"}}],"inLanguage":"it-IT"},{"@type":"Person","@id":"https:\/\/www.fondazionepirelli.org\/it\/#\/schema\/person\/c31fcf5937a0e6afa45497f3f8b6d7a0","name":"fondazionepirelli","image":{"@type":"ImageObject","inLanguage":"it-IT","@id":"https:\/\/www.fondazionepirelli.org\/it\/#\/schema\/person\/image\/","url":"https:\/\/secure.gravatar.com\/avatar\/9cb486421ce1d6eddbf6c4fb66841b4325b786695f7aedf1dde2222428218696?s=96&d=mm&r=g","contentUrl":"https:\/\/secure.gravatar.com\/avatar\/9cb486421ce1d6eddbf6c4fb66841b4325b786695f7aedf1dde2222428218696?s=96&d=mm&r=g","caption":"fondazionepirelli"},"url":"https:\/\/www.fondazionepirelli.org\/it\/author\/fondazionepirelli\/"}]}},"_links":{"self":[{"href":"https:\/\/www.fondazionepirelli.org\/it\/wp-json\/wp\/v2\/posts\/78441\/"}],"collection":[{"href":"https:\/\/www.fondazionepirelli.org\/it\/wp-json\/wp\/v2\/posts\/"}],"about":[{"href":"https:\/\/www.fondazionepirelli.org\/it\/wp-json\/wp\/v2\/types\/post\/"}],"author":[{"embeddable":true,"href":"https:\/\/www.fondazionepirelli.org\/it\/wp-json\/wp\/v2\/users\/9\/"}],"replies":[{"embeddable":true,"href":"https:\/\/www.fondazionepirelli.org\/it\/wp-json\/wp\/v2\/comments\/?post=78441"}],"version-history":[{"count":1,"href":"https:\/\/www.fondazionepirelli.org\/it\/wp-json\/wp\/v2\/posts\/78441\/revisions\/"}],"predecessor-version":[{"id":78444,"href":"https:\/\/www.fondazionepirelli.org\/it\/wp-json\/wp\/v2\/posts\/78441\/revisions\/78444\/"}],"wp:attachment":[{"href":"https:\/\/www.fondazionepirelli.org\/it\/wp-json\/wp\/v2\/media\/?parent=78441"}],"wp:term":[{"taxonomy":"category","embeddable":true,"href":"https:\/\/www.fondazionepirelli.org\/it\/wp-json\/wp\/v2\/categories\/?post=78441"},{"taxonomy":"post_tag","embeddable":true,"href":"https:\/\/www.fondazionepirelli.org\/it\/wp-json\/wp\/v2\/tags\/?post=78441"}],"curies":[{"name":"wp","href":"https:\/\/api.w.org\/{rel}","templated":true}]}}