{"id":78565,"date":"2020-06-03T07:14:16","date_gmt":"2020-06-03T06:14:16","guid":{"rendered":"https:\/\/www.fondazionepirelli.org\/?p=78565"},"modified":"2020-06-03T07:14:16","modified_gmt":"2020-06-03T06:14:16","slug":"un-patto-per-la-ripresa-tra-bankitalia-il-governo-e-le-imprese-per-usare-bene-i-fondi-della-ue","status":"publish","type":"post","link":"https:\/\/www.fondazionepirelli.org\/it\/cultura-dimpresa\/un-patto-per-la-ripresa-tra-bankitalia-il-governo-e-le-imprese-per-usare-bene-i-fondi-della-ue\/","title":{"rendered":"Un patto per la ripresa tra Bankitalia, il governo e le imprese per usare bene i fondi della Ue"},"content":{"rendered":"<p>Ci sono tre parole chiave, in questa faticosa fine di primavera 2020, per ragionare sulla ripartenza, dopo la fase pi\u00f9 acuta e dolorosa della pandemia ma ancora in piena recessione. La prima \u00e8 \u201c<strong>insieme\u201d<\/strong>. La seconda \u00e8 \u201c<strong>progetto<\/strong>\u201d. La terza \u00e8 \u201c<strong>responsabilit\u00e0<\/strong>\u201d.<\/p>\n<p>La prima indica il tessuto di valori condivisi che avvolge la societ\u00e0 italiana e che il presidente della Repubblica <strong>Sergio Mattarella<\/strong> ha ben indicato nella sobria ed essenziale cerimonia del<strong> 2 giugno<\/strong>, ricordando che \u201cc\u2019\u00e8 qualcosa che viene prima della politica ed \u00e8 l\u2019unit\u00e0 morale, la condivisione di un unico destino\u201d. Senza naturalmente sospendere la dialettica politica, forza vitale d\u2019una democrazia, \u00e8 necessario comunque che le forze politiche ritrovino \u201clo spirito costituente che rappresent\u00f2 il principale motore della rinascita\u201d.<\/p>\n<p>Il richiamo ai <strong>valori condivisi<\/strong> e alla capacit\u00e0 di stare \u201cinsieme\u201d \u00e8 fondamentale proprio adesso, in un\u2019Italia in cui la crisi ha aggravato vecchie divisioni e ne ha creato di nuove. Crescono polemiche tra regioni, trovano sfogo rancori del Sud verso il Nord, si alimentano ingiuste critiche contro Milano e la Lombardia trattate come una sorta di \u201cuntori\u201d (e Mattarella giustamente va, proprio il 2 giugno, a Codogno, proprio l\u00e0 dove \u00e8 cominciata la drammatica stagione dei malati e dei morti). Tornano alla ribalta le pressioni politiche contro la Ue e l\u2019euro. Si animano piazza sgangherate, agitante da \u201cforconi\u201d e \u201cgilet arancioni\u201d. Si batte sul tasto delle divisioni, in vocianti <em>talk show<\/em> televisivi. E sui <em>social<\/em> tornano ad agitarsi i propagandisti dell\u2019odio personale e sociale.<\/p>\n<p>C\u2019\u00e8, sul fondo della societ\u00e0 italiana impaurita e impoverita, una quota di rabbia sociale, per motivi reali (i posti di lavoro persi o minacciati, i redditi drasticamente ridotti, le speranze di migliore qualit\u00e0 della vita andate in frantumi) e per ampia sofferenza psicologica che la pandemia e la crisi economica hanno reso pi\u00f9 acuta. Ma c\u2019\u00e8 anche chi soffia sul fuoco della sfiducia, da \u201cimprenditore della paura\u201d in cerca di rapido e facile consenso politico. La tenuta istituzionale \u00e8 una legittima preoccupazione politica, da non sottovalutare.<\/p>\n<p>\u201cNon usate le sofferenze degli uni contro gli altri\u201d, dice il presidente <strong>Mattarella<\/strong>, preoccupato per il degrado del clima politico e sociale. Ed \u00e8 proprio al Quirinale che bisogna continuare a guardare con attenzione e rispetto, da parte di tutte le forze politiche e delle organizzazioni economiche e sociali, come il luogo del senso di responsabilit\u00e0 e dell\u2019equilibrio, della chiarezza, della consapevolezza dei valori comuni. Il luogo della ricostruzione della fiducia.<\/p>\n<p>La seconda parola \u00e8 \u201c<strong>progetto<\/strong>\u201d. Anzi, meglio, al plurale, \u201cprogetti\u201d. Sono quelli che chiede giustamente la Ue, quando mette in campo i 750 miliardi del <strong>Recovery Fund<\/strong>, definito con fascino futuribile \u201cNext Generation\u201d: progetti concreti per la <em>green economy<\/em> e per lo sviluppo dell\u2019economia digitale, cio\u00e8 per un ambizioso piano di crescita equilibrata e sostenibile fondato sulla sinergia virtuosa tra ambiente e Intelligenza Artificiale, qualit\u00e0 della vita e nuove e migliori opportunit\u00e0 di lavoro. E\u2019 il \u201c<strong>cambio di paradigma<\/strong>\u201d chiesto da economisti e ambientalisti, imprenditori sensibili alla sostenibilit\u00e0 dell\u2019industria e dei servizi secondo la buona cultura d\u2019impresa degli <em>stakeholder values <\/em>e ben espressa dal \u201cManifesto di Assisi\u201d firmato da <strong>Fondazione Symbola<\/strong> e francescani, Confindustria e personalit\u00e0 della cultura, sulla scia della lezione sulla \u201ceconomia giusta\u201d di Papa Francesco.<\/p>\n<p>Ecco il punto: la Ue indica la strada della solidariet\u00e0, sospende e pensa di riscrivere il \u201cPatto di Stabilit\u00e0\u201d, si muove in concordia con la Bce per mettere grandi risorse a disposizione di imprese e famiglie, affrontando bene la crisi da Covid 19 ma non \u00e8 giustamente incline a dare via libera alla spesa pubblica assistenziale e improduttiva. La strada indicata \u00e8 seria e impegnativa: infrastrutture e riforme per la produttivit\u00e0 e la competitivit\u00e0, l\u2019economia digitale e le nuove filiere produttive, l\u2019innovazione e la formazione, la ricerca e la scienza, la salute nell\u2019accezione pi\u00f9 ampia (benvenuti, dunque, gli stanziamenti del Mes, 36 miliardi per l\u2019Italia). Non c\u2019\u00e8 spazio per un\u2019economia clientelare dei sussidi, tanto cara purtroppo ancora ad ambienti di governo n\u00e9 per\u00a0 generici e demagogici tagli alle tasse e improponibili <em>flat tax.<\/em> Le risorse della Ue, insomma, hanno condizioni: investimenti e non spesa corrente, trasformazioni positive dell\u2019Europa per reggere una aspra e difficile competizione economica e politica globale, non egoismi di provincia. Il Commissario Ue per l\u2019economia, Paolo Gentiloni, \u00e8 molto chiaro: \u201cIl Recovery Fund non \u00e8 una torta da spartire. Ci vuole molta seriet\u00e0, \u00e8 un\u2019occasione irripetibile\u201d (Corriere della Sera, 30 maggio).<\/p>\n<p>La sfida, per la classe dirigente politica, imprenditoriale e sindacale italiana, dunque, \u00e8 essere all\u2019altezza del rinnovamento e del cambiamento. Senza ubb\u00ece e piccinerie anti-euro. Senza polemiche di basso profilo.<\/p>\n<p>Dopo il Quirinale, il riferimento \u00e8 la <strong>Banca d\u2019Italia<\/strong>. Il Governatore Ignazio Visco, nelle Considerazioni Finali lette il 29 maggio, ha indicato l\u2019urgenza di \u201cun patto per la ripresa tra governo, imprese e societ\u00e0\u201d, parlando di digitalizzazione, infrastrutture, capitale umano, ricerca, innovazione, patrimonio naturale e artistico e risorse da impiegare bene (il che vuol dire non esasperare il debito pubblico per sprechi e assistenzialismi e lavorare per la crescita economica, in modo da ridurre stabilmente il rapporto tra debito e Pil). \u201cLa valanga di sussidi e aiuti non potr\u00e0 durare per sempre: serve una svolta per la ripresa\u201d, ha aggiunto Visco. E c\u2019\u00e8 una significativa sintonia con le posizioni della Chiesa: \u201cBisogna alleviare il dolore. Non con il cerotto dell\u2019assistenzialismo ma con il vaccino del lavoro, che dona serenit\u00e0\u201d, ha detto domenica 31 maggio il cardinale Matteo Zuppi, arcivescovo di Bologna, a Walter Veltroni sul \u201cCorriere della Sera\u201d.<\/p>\n<p>Proprio una nuova politica per la ripresa chiedono anche le imprese italiane, con un appello al governo Conte pubblicato dai quotidiani il 31 maggio e firmato da <strong>Carlo Bonomi<\/strong> (Confindustria), Antonio Patuelli (le banche dell\u2019Abi), Ettore Prandini (Coldiretti), Gabriele Buia (i costruttori edili dell\u2019Anci), Massimo Giansanti (Confagricoltura), Mauro Lusetti (Alleanza delle cooperative), Dino Scanavino (gli artigiani della Cia), Maurizio Casasco (Confapi) e Franco Verrascina (Copagri): i presidenti delle grandi associazioni imprenditoriali dell\u2019industria e della finanza, dell\u2019agricoltura, dell\u2019artigianato e della cooperazione. L\u2019indicazione \u00e8 comunque chiara: al di l\u00e0 dei necessari provvedimenti d\u2019emergenza (che purtroppo tardano a produrre i loro effetti e alleviare le sofferenze di imprese, famiglie, lavoratori in cassa integrazione, professionisti in drammatica crisi di reddito), bisogna fare di tutto per mettere rapidamente in piedi <strong>progetti realizzabili<\/strong> per ammodernare e rilanciare l\u2019Italia. E di \u201cpatto per la ripresa\u201d parla pure il ministro dell\u2019Economia Roberto Gualtieri. Le sintonie possibili, insomma, non mancano, dall\u2019emergenza al medio periodo per la crescita. Si pu\u00f2 fare meglio, e di pi\u00f9. Per l\u2019Italia, \u00e8 possibile rompere vecchi vincoli che hanno bloccato o rallentato la crescita e costruire un futuro migliore.<\/p>\n<p>La cornice sono le indicazioni per i fondi Ue. Le volont\u00e0, nell\u2019Italia responsabile, non mancano. Le energie migliori da mettere, \u201cinsieme\u201d, al tavolo della ripresa, hanno gi\u00e0 cominciato a dichiarare la loro disponibilit\u00e0.<\/p>\n<p>Ecco la terza parola: \u201c<strong>responsabilit\u00e0<\/strong>\u201d. Le imprese italiane ne hanno dato ancora una volta prove significative, negli anni recenti. Investendo, innovando, esportando, hanno contributo in modo determinante a fare uscire l\u2019Italia dalle secche della Grande Crisi finanziaria del 2008, anche se la scarsa produttivit\u00e0 del sistema (della pubblica amministrazione soprattutto) ha schiacciato verso il basso la crescita del Paese. E sempre le imprese hanno trovato nuovi spazi di crescita su difficili mercati internazionali, mantenendo l\u2019Italia tra i primi cinque paesi al mondo per bilancia commerciale positiva. Hanno mantenuto i valori dell\u2019ascensore sociale (il premio ai capaci e ai meritevoli) in un\u2019Italia ancora afflitta da clientele, parentele, corporazioni e consorterie. E hanno\u00a0 fronteggiato un difficile clima ostile all\u2019industria, al mercato, alle competenze, alle conoscenze, alla scienza, che ha purtroppo trovato ascolto anche in ambienti di governo.<\/p>\n<p>Se di innovazione, investimenti, ricerca e sviluppo sostenibile \u00e8 necessario parlare, le imprese italiane sono in prima linea. Fare progetti e realizzarli \u00e8 il loro mestiere. Il nuovo corso di Confindustria, con la presidenza di Carlo Bonomi, se si leggono con attenzione documenti e ricerche, discorsi ufficiali e prese di posizione, indica appunto un forte senso di responsabilit\u00e0 e di assunzione di impegno per valori e interessi generali. E i riferimenti sono le indicazioni dei valori che vengono dal Quirinale e dalla Banca d\u2019Italia. In sintonia con la Ue.<\/p>","protected":false},"excerpt":{"rendered":"<p>Ci sono tre parole chiave, in questa faticosa fine di primavera 2020, per ragionare sulla ripartenza, dopo la fase pi\u00f9 acuta e dolorosa della pandemia ma ancora in piena recessione. La prima \u00e8 \u201cinsieme\u201d. La seconda \u00e8 \u201cprogetto\u201d. La terza \u00e8 \u201cresponsabilit\u00e0\u201d. La prima indica il tessuto di valori condivisi che avvolge la societ\u00e0 italiana [&hellip;]<\/p>\n","protected":false},"author":9,"featured_media":78582,"comment_status":"open","ping_status":"open","sticky":false,"template":"","format":"standard","meta":{"footnotes":""},"categories":[53,52],"tags":[],"class_list":["post-78565","post","type-post","status-publish","format-standard","has-post-thumbnail","hentry","category-blog","category-cultura-dimpresa"],"acf":[],"yoast_head":"<!-- This site is optimized with the Yoast SEO plugin v25.0 - https:\/\/yoast.com\/wordpress\/plugins\/seo\/ -->\n<title>Un patto per la ripresa tra Bankitalia, il governo e le imprese per usare bene i fondi della Ue - Fondazione Pirelli<\/title>\n<meta name=\"robots\" content=\"index, follow, max-snippet:-1, max-image-preview:large, max-video-preview:-1\" \/>\n<link rel=\"canonical\" href=\"https:\/\/www.fondazionepirelli.org\/it\/cultura-dimpresa\/un-patto-per-la-ripresa-tra-bankitalia-il-governo-e-le-imprese-per-usare-bene-i-fondi-della-ue\/\" \/>\n<meta property=\"og:locale\" content=\"it_IT\" \/>\n<meta property=\"og:type\" content=\"article\" \/>\n<meta property=\"og:title\" content=\"Un patto per la ripresa tra Bankitalia, il governo e le imprese per usare bene i fondi della Ue - Fondazione Pirelli\" \/>\n<meta property=\"og:description\" content=\"Ci sono tre parole chiave, in questa faticosa fine di primavera 2020, per ragionare sulla ripartenza, dopo la fase pi\u00f9 acuta e dolorosa della pandemia ma ancora in piena recessione. La prima \u00e8 \u201cinsieme\u201d. La seconda \u00e8 \u201cprogetto\u201d. La terza \u00e8 \u201cresponsabilit\u00e0\u201d. La prima indica il tessuto di valori condivisi che avvolge la societ\u00e0 italiana [&hellip;]\" \/>\n<meta property=\"og:url\" content=\"https:\/\/www.fondazionepirelli.org\/it\/cultura-dimpresa\/un-patto-per-la-ripresa-tra-bankitalia-il-governo-e-le-imprese-per-usare-bene-i-fondi-della-ue\/\" \/>\n<meta property=\"og:site_name\" content=\"Fondazione Pirelli\" \/>\n<meta property=\"article:published_time\" content=\"2020-06-03T06:14:16+00:00\" \/>\n<meta property=\"og:image\" content=\"https:\/\/wpsite-assets.fondazionepirelli.org\/wp-content\/uploads\/2020\/06\/03071410\/mattarella.jpg\" \/>\n\t<meta property=\"og:image:width\" content=\"457\" \/>\n\t<meta property=\"og:image:height\" content=\"307\" \/>\n\t<meta property=\"og:image:type\" content=\"image\/jpeg\" \/>\n<meta name=\"author\" content=\"fondazionepirelli\" \/>\n<meta name=\"twitter:card\" content=\"summary_large_image\" \/>\n<meta name=\"twitter:label1\" content=\"Scritto da\" \/>\n\t<meta name=\"twitter:data1\" content=\"fondazionepirelli\" \/>\n\t<meta name=\"twitter:label2\" content=\"Tempo di lettura stimato\" \/>\n\t<meta name=\"twitter:data2\" content=\"7 minuti\" \/>\n<script type=\"application\/ld+json\" class=\"yoast-schema-graph\">{\"@context\":\"https:\/\/schema.org\",\"@graph\":[{\"@type\":\"WebPage\",\"@id\":\"https:\/\/www.fondazionepirelli.org\/it\/cultura-dimpresa\/un-patto-per-la-ripresa-tra-bankitalia-il-governo-e-le-imprese-per-usare-bene-i-fondi-della-ue\/\",\"url\":\"https:\/\/www.fondazionepirelli.org\/it\/cultura-dimpresa\/un-patto-per-la-ripresa-tra-bankitalia-il-governo-e-le-imprese-per-usare-bene-i-fondi-della-ue\/\",\"name\":\"Un patto per la ripresa tra Bankitalia, il governo e le imprese per usare bene i fondi della Ue - Fondazione Pirelli\",\"isPartOf\":{\"@id\":\"https:\/\/www.fondazionepirelli.org\/it\/#website\"},\"primaryImageOfPage\":{\"@id\":\"https:\/\/www.fondazionepirelli.org\/it\/cultura-dimpresa\/un-patto-per-la-ripresa-tra-bankitalia-il-governo-e-le-imprese-per-usare-bene-i-fondi-della-ue\/#primaryimage\"},\"image\":{\"@id\":\"https:\/\/www.fondazionepirelli.org\/it\/cultura-dimpresa\/un-patto-per-la-ripresa-tra-bankitalia-il-governo-e-le-imprese-per-usare-bene-i-fondi-della-ue\/#primaryimage\"},\"thumbnailUrl\":\"https:\/\/wpsite-assets.fondazionepirelli.org\/wp-content\/uploads\/2020\/06\/03071410\/mattarella.jpg\",\"datePublished\":\"2020-06-03T06:14:16+00:00\",\"author\":{\"@id\":\"https:\/\/www.fondazionepirelli.org\/it\/#\/schema\/person\/c31fcf5937a0e6afa45497f3f8b6d7a0\"},\"breadcrumb\":{\"@id\":\"https:\/\/www.fondazionepirelli.org\/it\/cultura-dimpresa\/un-patto-per-la-ripresa-tra-bankitalia-il-governo-e-le-imprese-per-usare-bene-i-fondi-della-ue\/#breadcrumb\"},\"inLanguage\":\"it-IT\",\"potentialAction\":[{\"@type\":\"ReadAction\",\"target\":[\"https:\/\/www.fondazionepirelli.org\/it\/cultura-dimpresa\/un-patto-per-la-ripresa-tra-bankitalia-il-governo-e-le-imprese-per-usare-bene-i-fondi-della-ue\/\"]}]},{\"@type\":\"ImageObject\",\"inLanguage\":\"it-IT\",\"@id\":\"https:\/\/www.fondazionepirelli.org\/it\/cultura-dimpresa\/un-patto-per-la-ripresa-tra-bankitalia-il-governo-e-le-imprese-per-usare-bene-i-fondi-della-ue\/#primaryimage\",\"url\":\"https:\/\/wpsite-assets.fondazionepirelli.org\/wp-content\/uploads\/2020\/06\/03071410\/mattarella.jpg\",\"contentUrl\":\"https:\/\/wpsite-assets.fondazionepirelli.org\/wp-content\/uploads\/2020\/06\/03071410\/mattarella.jpg\",\"width\":457,\"height\":307,\"caption\":\"Italian President Sergio Mattarella during the concert dedicated to 'coronavirus victims' on the occasion of the 74th anniversary of the National Day of the Republic, Rome, 1 June 2020. ANSA\/PAOLO GIANDOTTI QUIRINALE PRESS OFFICE +++ NO SALES EDITORIAL USE ONLY\"},{\"@type\":\"BreadcrumbList\",\"@id\":\"https:\/\/www.fondazionepirelli.org\/it\/cultura-dimpresa\/un-patto-per-la-ripresa-tra-bankitalia-il-governo-e-le-imprese-per-usare-bene-i-fondi-della-ue\/#breadcrumb\",\"itemListElement\":[{\"@type\":\"ListItem\",\"position\":1,\"name\":\"Home\",\"item\":\"https:\/\/www.fondazionepirelli.org\/it\/\"},{\"@type\":\"ListItem\",\"position\":2,\"name\":\"Un patto per la ripresa tra Bankitalia, il governo e le imprese per usare bene i fondi della Ue\"}]},{\"@type\":\"WebSite\",\"@id\":\"https:\/\/www.fondazionepirelli.org\/it\/#website\",\"url\":\"https:\/\/www.fondazionepirelli.org\/it\/\",\"name\":\"Fondazione Pirelli\",\"description\":\"\",\"potentialAction\":[{\"@type\":\"SearchAction\",\"target\":{\"@type\":\"EntryPoint\",\"urlTemplate\":\"https:\/\/www.fondazionepirelli.org\/it\/?s={search_term_string}\"},\"query-input\":{\"@type\":\"PropertyValueSpecification\",\"valueRequired\":true,\"valueName\":\"search_term_string\"}}],\"inLanguage\":\"it-IT\"},{\"@type\":\"Person\",\"@id\":\"https:\/\/www.fondazionepirelli.org\/it\/#\/schema\/person\/c31fcf5937a0e6afa45497f3f8b6d7a0\",\"name\":\"fondazionepirelli\",\"image\":{\"@type\":\"ImageObject\",\"inLanguage\":\"it-IT\",\"@id\":\"https:\/\/www.fondazionepirelli.org\/it\/#\/schema\/person\/image\/\",\"url\":\"https:\/\/secure.gravatar.com\/avatar\/9cb486421ce1d6eddbf6c4fb66841b4325b786695f7aedf1dde2222428218696?s=96&d=mm&r=g\",\"contentUrl\":\"https:\/\/secure.gravatar.com\/avatar\/9cb486421ce1d6eddbf6c4fb66841b4325b786695f7aedf1dde2222428218696?s=96&d=mm&r=g\",\"caption\":\"fondazionepirelli\"},\"url\":\"https:\/\/www.fondazionepirelli.org\/it\/author\/fondazionepirelli\/\"}]}<\/script>\n<!-- \/ Yoast SEO plugin. -->","yoast_head_json":{"title":"Un patto per la ripresa tra Bankitalia, il governo e le imprese per usare bene i fondi della Ue - Fondazione Pirelli","robots":{"index":"index","follow":"follow","max-snippet":"max-snippet:-1","max-image-preview":"max-image-preview:large","max-video-preview":"max-video-preview:-1"},"canonical":"https:\/\/www.fondazionepirelli.org\/it\/cultura-dimpresa\/un-patto-per-la-ripresa-tra-bankitalia-il-governo-e-le-imprese-per-usare-bene-i-fondi-della-ue\/","og_locale":"it_IT","og_type":"article","og_title":"Un patto per la ripresa tra Bankitalia, il governo e le imprese per usare bene i fondi della Ue - Fondazione Pirelli","og_description":"Ci sono tre parole chiave, in questa faticosa fine di primavera 2020, per ragionare sulla ripartenza, dopo la fase pi\u00f9 acuta e dolorosa della pandemia ma ancora in piena recessione. La prima \u00e8 \u201cinsieme\u201d. La seconda \u00e8 \u201cprogetto\u201d. La terza \u00e8 \u201cresponsabilit\u00e0\u201d. La prima indica il tessuto di valori condivisi che avvolge la societ\u00e0 italiana [&hellip;]","og_url":"https:\/\/www.fondazionepirelli.org\/it\/cultura-dimpresa\/un-patto-per-la-ripresa-tra-bankitalia-il-governo-e-le-imprese-per-usare-bene-i-fondi-della-ue\/","og_site_name":"Fondazione Pirelli","article_published_time":"2020-06-03T06:14:16+00:00","og_image":[{"width":457,"height":307,"url":"https:\/\/wpsite-assets.fondazionepirelli.org\/wp-content\/uploads\/2020\/06\/03071410\/mattarella.jpg","type":"image\/jpeg"}],"author":"fondazionepirelli","twitter_card":"summary_large_image","twitter_misc":{"Scritto da":"fondazionepirelli","Tempo di lettura stimato":"7 minuti"},"schema":{"@context":"https:\/\/schema.org","@graph":[{"@type":"WebPage","@id":"https:\/\/www.fondazionepirelli.org\/it\/cultura-dimpresa\/un-patto-per-la-ripresa-tra-bankitalia-il-governo-e-le-imprese-per-usare-bene-i-fondi-della-ue\/","url":"https:\/\/www.fondazionepirelli.org\/it\/cultura-dimpresa\/un-patto-per-la-ripresa-tra-bankitalia-il-governo-e-le-imprese-per-usare-bene-i-fondi-della-ue\/","name":"Un patto per la ripresa tra Bankitalia, il governo e le imprese per usare bene i fondi della Ue - Fondazione Pirelli","isPartOf":{"@id":"https:\/\/www.fondazionepirelli.org\/it\/#website"},"primaryImageOfPage":{"@id":"https:\/\/www.fondazionepirelli.org\/it\/cultura-dimpresa\/un-patto-per-la-ripresa-tra-bankitalia-il-governo-e-le-imprese-per-usare-bene-i-fondi-della-ue\/#primaryimage"},"image":{"@id":"https:\/\/www.fondazionepirelli.org\/it\/cultura-dimpresa\/un-patto-per-la-ripresa-tra-bankitalia-il-governo-e-le-imprese-per-usare-bene-i-fondi-della-ue\/#primaryimage"},"thumbnailUrl":"https:\/\/wpsite-assets.fondazionepirelli.org\/wp-content\/uploads\/2020\/06\/03071410\/mattarella.jpg","datePublished":"2020-06-03T06:14:16+00:00","author":{"@id":"https:\/\/www.fondazionepirelli.org\/it\/#\/schema\/person\/c31fcf5937a0e6afa45497f3f8b6d7a0"},"breadcrumb":{"@id":"https:\/\/www.fondazionepirelli.org\/it\/cultura-dimpresa\/un-patto-per-la-ripresa-tra-bankitalia-il-governo-e-le-imprese-per-usare-bene-i-fondi-della-ue\/#breadcrumb"},"inLanguage":"it-IT","potentialAction":[{"@type":"ReadAction","target":["https:\/\/www.fondazionepirelli.org\/it\/cultura-dimpresa\/un-patto-per-la-ripresa-tra-bankitalia-il-governo-e-le-imprese-per-usare-bene-i-fondi-della-ue\/"]}]},{"@type":"ImageObject","inLanguage":"it-IT","@id":"https:\/\/www.fondazionepirelli.org\/it\/cultura-dimpresa\/un-patto-per-la-ripresa-tra-bankitalia-il-governo-e-le-imprese-per-usare-bene-i-fondi-della-ue\/#primaryimage","url":"https:\/\/wpsite-assets.fondazionepirelli.org\/wp-content\/uploads\/2020\/06\/03071410\/mattarella.jpg","contentUrl":"https:\/\/wpsite-assets.fondazionepirelli.org\/wp-content\/uploads\/2020\/06\/03071410\/mattarella.jpg","width":457,"height":307,"caption":"Italian President Sergio Mattarella during the concert dedicated to 'coronavirus victims' on the occasion of the 74th anniversary of the National Day of the Republic, Rome, 1 June 2020. ANSA\/PAOLO GIANDOTTI QUIRINALE PRESS OFFICE +++ NO SALES EDITORIAL USE ONLY"},{"@type":"BreadcrumbList","@id":"https:\/\/www.fondazionepirelli.org\/it\/cultura-dimpresa\/un-patto-per-la-ripresa-tra-bankitalia-il-governo-e-le-imprese-per-usare-bene-i-fondi-della-ue\/#breadcrumb","itemListElement":[{"@type":"ListItem","position":1,"name":"Home","item":"https:\/\/www.fondazionepirelli.org\/it\/"},{"@type":"ListItem","position":2,"name":"Un patto per la ripresa tra Bankitalia, il governo e le imprese per usare bene i fondi della Ue"}]},{"@type":"WebSite","@id":"https:\/\/www.fondazionepirelli.org\/it\/#website","url":"https:\/\/www.fondazionepirelli.org\/it\/","name":"Fondazione Pirelli","description":"","potentialAction":[{"@type":"SearchAction","target":{"@type":"EntryPoint","urlTemplate":"https:\/\/www.fondazionepirelli.org\/it\/?s={search_term_string}"},"query-input":{"@type":"PropertyValueSpecification","valueRequired":true,"valueName":"search_term_string"}}],"inLanguage":"it-IT"},{"@type":"Person","@id":"https:\/\/www.fondazionepirelli.org\/it\/#\/schema\/person\/c31fcf5937a0e6afa45497f3f8b6d7a0","name":"fondazionepirelli","image":{"@type":"ImageObject","inLanguage":"it-IT","@id":"https:\/\/www.fondazionepirelli.org\/it\/#\/schema\/person\/image\/","url":"https:\/\/secure.gravatar.com\/avatar\/9cb486421ce1d6eddbf6c4fb66841b4325b786695f7aedf1dde2222428218696?s=96&d=mm&r=g","contentUrl":"https:\/\/secure.gravatar.com\/avatar\/9cb486421ce1d6eddbf6c4fb66841b4325b786695f7aedf1dde2222428218696?s=96&d=mm&r=g","caption":"fondazionepirelli"},"url":"https:\/\/www.fondazionepirelli.org\/it\/author\/fondazionepirelli\/"}]}},"_links":{"self":[{"href":"https:\/\/www.fondazionepirelli.org\/it\/wp-json\/wp\/v2\/posts\/78565\/"}],"collection":[{"href":"https:\/\/www.fondazionepirelli.org\/it\/wp-json\/wp\/v2\/posts\/"}],"about":[{"href":"https:\/\/www.fondazionepirelli.org\/it\/wp-json\/wp\/v2\/types\/post\/"}],"author":[{"embeddable":true,"href":"https:\/\/www.fondazionepirelli.org\/it\/wp-json\/wp\/v2\/users\/9\/"}],"replies":[{"embeddable":true,"href":"https:\/\/www.fondazionepirelli.org\/it\/wp-json\/wp\/v2\/comments\/?post=78565"}],"version-history":[{"count":4,"href":"https:\/\/www.fondazionepirelli.org\/it\/wp-json\/wp\/v2\/posts\/78565\/revisions\/"}],"predecessor-version":[{"id":78580,"href":"https:\/\/www.fondazionepirelli.org\/it\/wp-json\/wp\/v2\/posts\/78565\/revisions\/78580\/"}],"wp:featuredmedia":[{"embeddable":true,"href":"https:\/\/www.fondazionepirelli.org\/it\/wp-json\/wp\/v2\/media\/78582\/"}],"wp:attachment":[{"href":"https:\/\/www.fondazionepirelli.org\/it\/wp-json\/wp\/v2\/media\/?parent=78565"}],"wp:term":[{"taxonomy":"category","embeddable":true,"href":"https:\/\/www.fondazionepirelli.org\/it\/wp-json\/wp\/v2\/categories\/?post=78565"},{"taxonomy":"post_tag","embeddable":true,"href":"https:\/\/www.fondazionepirelli.org\/it\/wp-json\/wp\/v2\/tags\/?post=78565"}],"curies":[{"name":"wp","href":"https:\/\/api.w.org\/{rel}","templated":true}]}}