{"id":78944,"date":"2020-06-09T08:42:33","date_gmt":"2020-06-09T07:42:33","guid":{"rendered":"https:\/\/www.fondazionepirelli.org\/?p=78944"},"modified":"2020-06-09T08:42:33","modified_gmt":"2020-06-09T07:42:33","slug":"le-passerelle-mediatiche-e-i-piani-di-sviluppo-manca-una-parola-chiave-execution-le-scelte-concrete-e-le-responsabilita-di-chi-deve-fare-le-cose","status":"publish","type":"post","link":"https:\/\/www.fondazionepirelli.org\/it\/cultura-dimpresa\/le-passerelle-mediatiche-e-i-piani-di-sviluppo-manca-una-parola-chiave-execution-le-scelte-concrete-e-le-responsabilita-di-chi-deve-fare-le-cose\/","title":{"rendered":"Le passerelle mediatiche e i piani di sviluppo. Manca una parola chiave: execution. Le scelte concrete e le responsabilit\u00e0 di chi deve fare le cose"},"content":{"rendered":"<p>L\u2019obiettivo, naturalmente, \u00e8 condivisibile: un\u2019Italia \u201cpi\u00f9 forte, resiliente, equa\u201d. E lo sono anche le tre indicazioni strategiche per favorire \u201c<strong>digitalizzazione e innovazione<\/strong>\u201d, \u201c<strong>rivoluzione verde<\/strong>\u201d, \u201c<strong>parit\u00e0 di genere e inclusione<\/strong>\u201d. Il robusto documento consegnato dalla task force di esperti guidata da <strong>Vittorio Colao<\/strong> al presidente del Consiglio Giuseppe Conte, con le 102 proposte operative per fare <strong>ripartire l\u2019Italia<\/strong> e portarla fuori dalla crisi da Covid19 e recessione \u00e8 il risultato di una intensa e competente analisi sui tanti limiti che frenano da tempo lo sviluppo del paese e di una conseguente indicazione di scelte, sia per fronteggiare l\u2019urgenza (la drammatica caduta dei redditi di milioni di famiglie e lavoratori, la paralisi di moltissime imprese) sia per avviare finalmente un percorso virtuoso di sviluppo, in cui le imprese e il lavoro hanno una grande centralit\u00e0. E le scelte di intervento (innovazione digitale, infrastrutture, formazione e ricerca, modernizzazione e snellimento della pubblica amministrazione, sostenibilit\u00e0 ambientale e sociale, cultura) sono in linea con quanto da tempo sostengono gli attori economici e sociali pi\u00f9 sensibili e attenti, ma anche le forze politiche pi\u00f9 responsabili.<\/p>\n<p>Difficile non essere d\u2019accordo, dunque. Ed \u00e8 ovvio che un documento cos\u00ec competente e ben informato susciti le critiche di parti del mondo politico che continuano a nutrire polemiche contro l\u2019Europa, propongono flat tax e porti chiusi da miope nazionalismo economico, inseguono velleit\u00e0 da assistenzialismo e sognano lo \u201cStato padrone\u201d come fosse una panacea.<\/p>\n<p>\u201cUn libro dei sogni\u201d, dicono i critici del piano Colao. Un catalogo di buone intenzioni. L\u2019ennesimo documento che finir\u00e0 per infrangersi contro la volont\u00e0 di conservazione di ambienti politici poco disposti al cambiamento. Una indicazione seria di cose da fare, invece. Una ricognizione del tanto che purtroppo non \u00e8 stato fatto e che adesso sar\u00e0 indispensabile fare. Un piano da cui fare discendere scelte concrete, d\u2019urgenza e di prospettiva: responsabilit\u00e0 di governo e Parlamento.<\/p>\n<p>Adesso, si aspettano gli<strong> Stati Generali<\/strong> voluti per il fine settimana dal presidente del Consiglio Conte, per discutere su cosa fare per rilanciare lo sviluppo. Una passerella di intelligenze e competenze, anche di altissimo livello nazionale ed europeo. Una rassegna di proposte ben maturate da parte di <strong>Confindustria<\/strong> e sindacati, da organizzazioni sociali e culturali.<\/p>\n<p>Serviranno? La politica ha i suoi riti, i suoi cerimoniali. La democrazia liberale vive di acquisizione trasparente del consenso. Una certa dose di retorica e di propaganda \u00e8 ineliminabile.<\/p>\n<p>Poi, per\u00f2, si tratta di decidere davvero cosa fare concretamente e come, in che tempi, con un orizzonte chiaro di risultati da raggiungere.<\/p>\n<p>Sinora, abbiamo avuto molti annunci, da parte del governo. Ma risultati scadenti, per quel che riguarda i soldi della cassa integrazione ai lavoratori e il credito d\u2019emergenza alle imprese (tutt\u2019altro che \u201cpigre\u201d, checch\u00e9 ne chiacchieri il presidente dell\u2019Inps Tridico). Abbiamo ascoltato, da Palazzo Chigi e da parecchi ministri, promesse di interventi. Poco efficaci, per\u00f2, se disagio sociale e difficolt\u00e0 di ripresa crescono.<\/p>\n<p>Cos\u00ec, annunci a parte, governo e forze politiche, dopo aver ascoltato gli attori sociali e letto piani, documenti e progetti da task force, dovrebbero rapidamente dire cosa intendono fare, con quali risorse, con che obiettivi e con quale agenda di tempi e risultati.<\/p>\n<p>Nel linguaggio della cultura d\u2019impresa c\u2019\u00e8 una parola chiave: <strong>execution<\/strong>. Vi si confronta ogni imprenditore, ogni buon manager. Le scelte, gli obiettivi, la realizzazione, la misurazione dei risultati. E dunque anche le <strong>responsabilit\u00e0<\/strong>. Chi fa cosa e come ne risponde.<\/p>\n<p>Ecco, l\u2019execution \u00e8 profondamente sconosciuta nelle stanze di chi governa e di chi aspira a governare. Si fanno leggi (spesso peraltro confuse, contraddittorie, mal scritte), nella convinzione che basti una norma a migliorare la realt\u00e0. Ma nessuno sa bene come applicarle, in che tempi e con che effetti. Nessuno che ne risponda, nella foresta oscura di regolamenti di attuazione, inciampi burocratici, formalismi, controlli estenuanti, sanzioni giudiziarie tardive.<\/p>\n<p>Adesso abbiamo a disposizione una enorme dotazione finanziaria, tra fondi Ue (quelli che non siamo riusciti a spendere e sono ritornati nella nostra disponibilit\u00e0), risorse liberate dalla sospensione del Patto di Stabilit\u00e0, risorse del Mes (circa 36 miliardi, a condizioni particolarmente vantaggiose, da spendere per la sanit\u00e0) e del Sure (per finanziare la cassa integrazione) e disponibilit\u00e0 della Bce per rafforzare il credito a famiglie e imprese. E all\u2019orizzonte si intravvedono i fondi pluriennali del Recovery Fund \u201cNext Generation\u201d. Mai cos\u00ec tanti soldi, per rilanciare lo sviluppo italiano, nel contesto europeo.<\/p>\n<p>Spenderli bene sar\u00e0 la vera sfida politica. La Ue ci d\u00e0 le indicazioni generali:<strong> green deal<\/strong> e <strong>economia digitale<\/strong>, cio\u00e8 sostenibilit\u00e0 ambientale e sociale e innovazione tecnologica. Sono indicazioni gi\u00e0 seguite dalle imprese italiane pi\u00f9 innovative e analoghe a quelle del Documento Colao, delle posizioni di Confindustria e di alcune delle migliori elaborazioni della letteratura economica italiana e internazionale. Nulla che gi\u00e0 non si sappia, anche nel dettaglio delle scelte da fare (infrastrutture da realizzare secondo le norme Ue, come per il Pontedi Genova o l\u2019Expo 2015, per esempio; leva fiscale per gli investimenti hi tech i Industria4.0; risorse per usare bene digitale, Intelligenza Artificiale, big data e robotica dall\u2019industria alla formazione, dalla salute ai servizi smart).<\/p>\n<p>Adesso, dunque, si tratta di fare. E presto. nella consapevolezza che, o si rimette in moto la macchina dell\u2019economia (in un paese con una produttivit\u00e0 ferma da vent\u2019anni, nonostante l\u2019impegno delle imprese migliori a innovare e investire) o il debito pubblico ci schiaccer\u00e0.<\/p>\n<p>Governo, dunque. Scelte. Riforme. Investimenti. Realizzazioni. Al di l\u00e0 delle luci della ribalta delle passerelle, delle retoriche, degli Stati pi\u00f9 o meno Generali.<\/p>\n","protected":false},"excerpt":{"rendered":"<p>L\u2019obiettivo, naturalmente, \u00e8 condivisibile: un\u2019Italia \u201cpi\u00f9 forte, resiliente, equa\u201d. E lo sono anche le tre indicazioni strategiche per favorire \u201cdigitalizzazione e innovazione\u201d, \u201crivoluzione verde\u201d, \u201cparit\u00e0 di genere e inclusione\u201d. Il robusto documento consegnato dalla task force di esperti guidata da Vittorio Colao al presidente del Consiglio Giuseppe Conte, con le 102 proposte operative per fare [&hellip;]<\/p>\n","protected":false},"author":9,"featured_media":78951,"comment_status":"open","ping_status":"open","sticky":false,"template":"","format":"standard","meta":{"footnotes":""},"categories":[53,52],"tags":[],"class_list":["post-78944","post","type-post","status-publish","format-standard","has-post-thumbnail","hentry","category-blog","category-cultura-dimpresa"],"acf":[],"yoast_head":"<!-- This site is optimized with the Yoast SEO plugin v25.0 - https:\/\/yoast.com\/wordpress\/plugins\/seo\/ -->\n<title>Le passerelle mediatiche e i piani di sviluppo. Manca una parola chiave: execution. Le scelte concrete e le responsabilit\u00e0 di chi deve fare le cose - Fondazione Pirelli<\/title>\n<meta name=\"robots\" content=\"index, follow, max-snippet:-1, max-image-preview:large, max-video-preview:-1\" \/>\n<link rel=\"canonical\" href=\"https:\/\/www.fondazionepirelli.org\/it\/cultura-dimpresa\/le-passerelle-mediatiche-e-i-piani-di-sviluppo-manca-una-parola-chiave-execution-le-scelte-concrete-e-le-responsabilita-di-chi-deve-fare-le-cose\/\" \/>\n<meta property=\"og:locale\" content=\"it_IT\" \/>\n<meta property=\"og:type\" content=\"article\" \/>\n<meta property=\"og:title\" content=\"Le passerelle mediatiche e i piani di sviluppo. Manca una parola chiave: execution. Le scelte concrete e le responsabilit\u00e0 di chi deve fare le cose - Fondazione Pirelli\" \/>\n<meta property=\"og:description\" content=\"L\u2019obiettivo, naturalmente, \u00e8 condivisibile: un\u2019Italia \u201cpi\u00f9 forte, resiliente, equa\u201d. E lo sono anche le tre indicazioni strategiche per favorire \u201cdigitalizzazione e innovazione\u201d, \u201crivoluzione verde\u201d, \u201cparit\u00e0 di genere e inclusione\u201d. Il robusto documento consegnato dalla task force di esperti guidata da Vittorio Colao al presidente del Consiglio Giuseppe Conte, con le 102 proposte operative per fare [&hellip;]\" \/>\n<meta property=\"og:url\" content=\"https:\/\/www.fondazionepirelli.org\/it\/cultura-dimpresa\/le-passerelle-mediatiche-e-i-piani-di-sviluppo-manca-una-parola-chiave-execution-le-scelte-concrete-e-le-responsabilita-di-chi-deve-fare-le-cose\/\" \/>\n<meta property=\"og:site_name\" content=\"Fondazione Pirelli\" \/>\n<meta property=\"article:published_time\" content=\"2020-06-09T07:42:33+00:00\" \/>\n<meta property=\"og:image\" content=\"https:\/\/wpsite-assets.fondazionepirelli.org\/wp-content\/uploads\/2020\/06\/09084216\/shutterstock_561745243.jpg\" \/>\n\t<meta property=\"og:image:width\" content=\"1000\" \/>\n\t<meta property=\"og:image:height\" content=\"667\" \/>\n\t<meta property=\"og:image:type\" content=\"image\/jpeg\" \/>\n<meta name=\"author\" content=\"fondazionepirelli\" \/>\n<meta name=\"twitter:card\" content=\"summary_large_image\" \/>\n<meta name=\"twitter:label1\" content=\"Scritto da\" \/>\n\t<meta name=\"twitter:data1\" content=\"fondazionepirelli\" \/>\n\t<meta name=\"twitter:label2\" content=\"Tempo di lettura stimato\" \/>\n\t<meta name=\"twitter:data2\" content=\"5 minuti\" \/>\n<script type=\"application\/ld+json\" class=\"yoast-schema-graph\">{\"@context\":\"https:\/\/schema.org\",\"@graph\":[{\"@type\":\"WebPage\",\"@id\":\"https:\/\/www.fondazionepirelli.org\/it\/cultura-dimpresa\/le-passerelle-mediatiche-e-i-piani-di-sviluppo-manca-una-parola-chiave-execution-le-scelte-concrete-e-le-responsabilita-di-chi-deve-fare-le-cose\/\",\"url\":\"https:\/\/www.fondazionepirelli.org\/it\/cultura-dimpresa\/le-passerelle-mediatiche-e-i-piani-di-sviluppo-manca-una-parola-chiave-execution-le-scelte-concrete-e-le-responsabilita-di-chi-deve-fare-le-cose\/\",\"name\":\"Le passerelle mediatiche e i piani di sviluppo. Manca una parola chiave: execution. Le scelte concrete e le responsabilit\u00e0 di chi deve fare le cose - Fondazione Pirelli\",\"isPartOf\":{\"@id\":\"https:\/\/www.fondazionepirelli.org\/it\/#website\"},\"primaryImageOfPage\":{\"@id\":\"https:\/\/www.fondazionepirelli.org\/it\/cultura-dimpresa\/le-passerelle-mediatiche-e-i-piani-di-sviluppo-manca-una-parola-chiave-execution-le-scelte-concrete-e-le-responsabilita-di-chi-deve-fare-le-cose\/#primaryimage\"},\"image\":{\"@id\":\"https:\/\/www.fondazionepirelli.org\/it\/cultura-dimpresa\/le-passerelle-mediatiche-e-i-piani-di-sviluppo-manca-una-parola-chiave-execution-le-scelte-concrete-e-le-responsabilita-di-chi-deve-fare-le-cose\/#primaryimage\"},\"thumbnailUrl\":\"https:\/\/wpsite-assets.fondazionepirelli.org\/wp-content\/uploads\/2020\/06\/09084216\/shutterstock_561745243.jpg\",\"datePublished\":\"2020-06-09T07:42:33+00:00\",\"author\":{\"@id\":\"https:\/\/www.fondazionepirelli.org\/it\/#\/schema\/person\/c31fcf5937a0e6afa45497f3f8b6d7a0\"},\"breadcrumb\":{\"@id\":\"https:\/\/www.fondazionepirelli.org\/it\/cultura-dimpresa\/le-passerelle-mediatiche-e-i-piani-di-sviluppo-manca-una-parola-chiave-execution-le-scelte-concrete-e-le-responsabilita-di-chi-deve-fare-le-cose\/#breadcrumb\"},\"inLanguage\":\"it-IT\",\"potentialAction\":[{\"@type\":\"ReadAction\",\"target\":[\"https:\/\/www.fondazionepirelli.org\/it\/cultura-dimpresa\/le-passerelle-mediatiche-e-i-piani-di-sviluppo-manca-una-parola-chiave-execution-le-scelte-concrete-e-le-responsabilita-di-chi-deve-fare-le-cose\/\"]}]},{\"@type\":\"ImageObject\",\"inLanguage\":\"it-IT\",\"@id\":\"https:\/\/www.fondazionepirelli.org\/it\/cultura-dimpresa\/le-passerelle-mediatiche-e-i-piani-di-sviluppo-manca-una-parola-chiave-execution-le-scelte-concrete-e-le-responsabilita-di-chi-deve-fare-le-cose\/#primaryimage\",\"url\":\"https:\/\/wpsite-assets.fondazionepirelli.org\/wp-content\/uploads\/2020\/06\/09084216\/shutterstock_561745243.jpg\",\"contentUrl\":\"https:\/\/wpsite-assets.fondazionepirelli.org\/wp-content\/uploads\/2020\/06\/09084216\/shutterstock_561745243.jpg\",\"width\":1000,\"height\":667},{\"@type\":\"BreadcrumbList\",\"@id\":\"https:\/\/www.fondazionepirelli.org\/it\/cultura-dimpresa\/le-passerelle-mediatiche-e-i-piani-di-sviluppo-manca-una-parola-chiave-execution-le-scelte-concrete-e-le-responsabilita-di-chi-deve-fare-le-cose\/#breadcrumb\",\"itemListElement\":[{\"@type\":\"ListItem\",\"position\":1,\"name\":\"Home\",\"item\":\"https:\/\/www.fondazionepirelli.org\/it\/\"},{\"@type\":\"ListItem\",\"position\":2,\"name\":\"Le passerelle mediatiche e i piani di sviluppo. Manca una parola chiave: execution. Le scelte concrete e le responsabilit\u00e0 di chi deve fare le cose\"}]},{\"@type\":\"WebSite\",\"@id\":\"https:\/\/www.fondazionepirelli.org\/it\/#website\",\"url\":\"https:\/\/www.fondazionepirelli.org\/it\/\",\"name\":\"Fondazione Pirelli\",\"description\":\"\",\"potentialAction\":[{\"@type\":\"SearchAction\",\"target\":{\"@type\":\"EntryPoint\",\"urlTemplate\":\"https:\/\/www.fondazionepirelli.org\/it\/?s={search_term_string}\"},\"query-input\":{\"@type\":\"PropertyValueSpecification\",\"valueRequired\":true,\"valueName\":\"search_term_string\"}}],\"inLanguage\":\"it-IT\"},{\"@type\":\"Person\",\"@id\":\"https:\/\/www.fondazionepirelli.org\/it\/#\/schema\/person\/c31fcf5937a0e6afa45497f3f8b6d7a0\",\"name\":\"fondazionepirelli\",\"image\":{\"@type\":\"ImageObject\",\"inLanguage\":\"it-IT\",\"@id\":\"https:\/\/www.fondazionepirelli.org\/it\/#\/schema\/person\/image\/\",\"url\":\"https:\/\/secure.gravatar.com\/avatar\/9cb486421ce1d6eddbf6c4fb66841b4325b786695f7aedf1dde2222428218696?s=96&d=mm&r=g\",\"contentUrl\":\"https:\/\/secure.gravatar.com\/avatar\/9cb486421ce1d6eddbf6c4fb66841b4325b786695f7aedf1dde2222428218696?s=96&d=mm&r=g\",\"caption\":\"fondazionepirelli\"},\"url\":\"https:\/\/www.fondazionepirelli.org\/it\/author\/fondazionepirelli\/\"}]}<\/script>\n<!-- \/ Yoast SEO plugin. -->","yoast_head_json":{"title":"Le passerelle mediatiche e i piani di sviluppo. Manca una parola chiave: execution. Le scelte concrete e le responsabilit\u00e0 di chi deve fare le cose - Fondazione Pirelli","robots":{"index":"index","follow":"follow","max-snippet":"max-snippet:-1","max-image-preview":"max-image-preview:large","max-video-preview":"max-video-preview:-1"},"canonical":"https:\/\/www.fondazionepirelli.org\/it\/cultura-dimpresa\/le-passerelle-mediatiche-e-i-piani-di-sviluppo-manca-una-parola-chiave-execution-le-scelte-concrete-e-le-responsabilita-di-chi-deve-fare-le-cose\/","og_locale":"it_IT","og_type":"article","og_title":"Le passerelle mediatiche e i piani di sviluppo. Manca una parola chiave: execution. Le scelte concrete e le responsabilit\u00e0 di chi deve fare le cose - Fondazione Pirelli","og_description":"L\u2019obiettivo, naturalmente, \u00e8 condivisibile: un\u2019Italia \u201cpi\u00f9 forte, resiliente, equa\u201d. E lo sono anche le tre indicazioni strategiche per favorire \u201cdigitalizzazione e innovazione\u201d, \u201crivoluzione verde\u201d, \u201cparit\u00e0 di genere e inclusione\u201d. Il robusto documento consegnato dalla task force di esperti guidata da Vittorio Colao al presidente del Consiglio Giuseppe Conte, con le 102 proposte operative per fare [&hellip;]","og_url":"https:\/\/www.fondazionepirelli.org\/it\/cultura-dimpresa\/le-passerelle-mediatiche-e-i-piani-di-sviluppo-manca-una-parola-chiave-execution-le-scelte-concrete-e-le-responsabilita-di-chi-deve-fare-le-cose\/","og_site_name":"Fondazione Pirelli","article_published_time":"2020-06-09T07:42:33+00:00","og_image":[{"width":1000,"height":667,"url":"https:\/\/wpsite-assets.fondazionepirelli.org\/wp-content\/uploads\/2020\/06\/09084216\/shutterstock_561745243.jpg","type":"image\/jpeg"}],"author":"fondazionepirelli","twitter_card":"summary_large_image","twitter_misc":{"Scritto da":"fondazionepirelli","Tempo di lettura stimato":"5 minuti"},"schema":{"@context":"https:\/\/schema.org","@graph":[{"@type":"WebPage","@id":"https:\/\/www.fondazionepirelli.org\/it\/cultura-dimpresa\/le-passerelle-mediatiche-e-i-piani-di-sviluppo-manca-una-parola-chiave-execution-le-scelte-concrete-e-le-responsabilita-di-chi-deve-fare-le-cose\/","url":"https:\/\/www.fondazionepirelli.org\/it\/cultura-dimpresa\/le-passerelle-mediatiche-e-i-piani-di-sviluppo-manca-una-parola-chiave-execution-le-scelte-concrete-e-le-responsabilita-di-chi-deve-fare-le-cose\/","name":"Le passerelle mediatiche e i piani di sviluppo. Manca una parola chiave: execution. Le scelte concrete e le responsabilit\u00e0 di chi deve fare le cose - Fondazione Pirelli","isPartOf":{"@id":"https:\/\/www.fondazionepirelli.org\/it\/#website"},"primaryImageOfPage":{"@id":"https:\/\/www.fondazionepirelli.org\/it\/cultura-dimpresa\/le-passerelle-mediatiche-e-i-piani-di-sviluppo-manca-una-parola-chiave-execution-le-scelte-concrete-e-le-responsabilita-di-chi-deve-fare-le-cose\/#primaryimage"},"image":{"@id":"https:\/\/www.fondazionepirelli.org\/it\/cultura-dimpresa\/le-passerelle-mediatiche-e-i-piani-di-sviluppo-manca-una-parola-chiave-execution-le-scelte-concrete-e-le-responsabilita-di-chi-deve-fare-le-cose\/#primaryimage"},"thumbnailUrl":"https:\/\/wpsite-assets.fondazionepirelli.org\/wp-content\/uploads\/2020\/06\/09084216\/shutterstock_561745243.jpg","datePublished":"2020-06-09T07:42:33+00:00","author":{"@id":"https:\/\/www.fondazionepirelli.org\/it\/#\/schema\/person\/c31fcf5937a0e6afa45497f3f8b6d7a0"},"breadcrumb":{"@id":"https:\/\/www.fondazionepirelli.org\/it\/cultura-dimpresa\/le-passerelle-mediatiche-e-i-piani-di-sviluppo-manca-una-parola-chiave-execution-le-scelte-concrete-e-le-responsabilita-di-chi-deve-fare-le-cose\/#breadcrumb"},"inLanguage":"it-IT","potentialAction":[{"@type":"ReadAction","target":["https:\/\/www.fondazionepirelli.org\/it\/cultura-dimpresa\/le-passerelle-mediatiche-e-i-piani-di-sviluppo-manca-una-parola-chiave-execution-le-scelte-concrete-e-le-responsabilita-di-chi-deve-fare-le-cose\/"]}]},{"@type":"ImageObject","inLanguage":"it-IT","@id":"https:\/\/www.fondazionepirelli.org\/it\/cultura-dimpresa\/le-passerelle-mediatiche-e-i-piani-di-sviluppo-manca-una-parola-chiave-execution-le-scelte-concrete-e-le-responsabilita-di-chi-deve-fare-le-cose\/#primaryimage","url":"https:\/\/wpsite-assets.fondazionepirelli.org\/wp-content\/uploads\/2020\/06\/09084216\/shutterstock_561745243.jpg","contentUrl":"https:\/\/wpsite-assets.fondazionepirelli.org\/wp-content\/uploads\/2020\/06\/09084216\/shutterstock_561745243.jpg","width":1000,"height":667},{"@type":"BreadcrumbList","@id":"https:\/\/www.fondazionepirelli.org\/it\/cultura-dimpresa\/le-passerelle-mediatiche-e-i-piani-di-sviluppo-manca-una-parola-chiave-execution-le-scelte-concrete-e-le-responsabilita-di-chi-deve-fare-le-cose\/#breadcrumb","itemListElement":[{"@type":"ListItem","position":1,"name":"Home","item":"https:\/\/www.fondazionepirelli.org\/it\/"},{"@type":"ListItem","position":2,"name":"Le passerelle mediatiche e i piani di sviluppo. Manca una parola chiave: execution. Le scelte concrete e le responsabilit\u00e0 di chi deve fare le cose"}]},{"@type":"WebSite","@id":"https:\/\/www.fondazionepirelli.org\/it\/#website","url":"https:\/\/www.fondazionepirelli.org\/it\/","name":"Fondazione Pirelli","description":"","potentialAction":[{"@type":"SearchAction","target":{"@type":"EntryPoint","urlTemplate":"https:\/\/www.fondazionepirelli.org\/it\/?s={search_term_string}"},"query-input":{"@type":"PropertyValueSpecification","valueRequired":true,"valueName":"search_term_string"}}],"inLanguage":"it-IT"},{"@type":"Person","@id":"https:\/\/www.fondazionepirelli.org\/it\/#\/schema\/person\/c31fcf5937a0e6afa45497f3f8b6d7a0","name":"fondazionepirelli","image":{"@type":"ImageObject","inLanguage":"it-IT","@id":"https:\/\/www.fondazionepirelli.org\/it\/#\/schema\/person\/image\/","url":"https:\/\/secure.gravatar.com\/avatar\/9cb486421ce1d6eddbf6c4fb66841b4325b786695f7aedf1dde2222428218696?s=96&d=mm&r=g","contentUrl":"https:\/\/secure.gravatar.com\/avatar\/9cb486421ce1d6eddbf6c4fb66841b4325b786695f7aedf1dde2222428218696?s=96&d=mm&r=g","caption":"fondazionepirelli"},"url":"https:\/\/www.fondazionepirelli.org\/it\/author\/fondazionepirelli\/"}]}},"_links":{"self":[{"href":"https:\/\/www.fondazionepirelli.org\/it\/wp-json\/wp\/v2\/posts\/78944\/"}],"collection":[{"href":"https:\/\/www.fondazionepirelli.org\/it\/wp-json\/wp\/v2\/posts\/"}],"about":[{"href":"https:\/\/www.fondazionepirelli.org\/it\/wp-json\/wp\/v2\/types\/post\/"}],"author":[{"embeddable":true,"href":"https:\/\/www.fondazionepirelli.org\/it\/wp-json\/wp\/v2\/users\/9\/"}],"replies":[{"embeddable":true,"href":"https:\/\/www.fondazionepirelli.org\/it\/wp-json\/wp\/v2\/comments\/?post=78944"}],"version-history":[{"count":3,"href":"https:\/\/www.fondazionepirelli.org\/it\/wp-json\/wp\/v2\/posts\/78944\/revisions\/"}],"predecessor-version":[{"id":78953,"href":"https:\/\/www.fondazionepirelli.org\/it\/wp-json\/wp\/v2\/posts\/78944\/revisions\/78953\/"}],"wp:featuredmedia":[{"embeddable":true,"href":"https:\/\/www.fondazionepirelli.org\/it\/wp-json\/wp\/v2\/media\/78951\/"}],"wp:attachment":[{"href":"https:\/\/www.fondazionepirelli.org\/it\/wp-json\/wp\/v2\/media\/?parent=78944"}],"wp:term":[{"taxonomy":"category","embeddable":true,"href":"https:\/\/www.fondazionepirelli.org\/it\/wp-json\/wp\/v2\/categories\/?post=78944"},{"taxonomy":"post_tag","embeddable":true,"href":"https:\/\/www.fondazionepirelli.org\/it\/wp-json\/wp\/v2\/tags\/?post=78944"}],"curies":[{"name":"wp","href":"https:\/\/api.w.org\/{rel}","templated":true}]}}