{"id":78991,"date":"2020-06-10T10:02:51","date_gmt":"2020-06-10T09:02:51","guid":{"rendered":"https:\/\/www.fondazionepirelli.org\/?p=78991"},"modified":"2021-05-07T11:35:03","modified_gmt":"2021-05-07T10:35:03","slug":"giuseppe-luraghi-un-intellettuale-per-limpresa-2","status":"publish","type":"post","link":"https:\/\/www.fondazionepirelli.org\/it\/iniziative\/giuseppe-luraghi-un-intellettuale-per-limpresa-2\/","title":{"rendered":"Giuseppe Luraghi, un intellettuale per l\u2019impresa"},"content":{"rendered":"<p>Il 12 giugno 1905 nasce a Milano <strong>Giuseppe Luraghi<\/strong>, dirigente d\u2019azienda, editore, poeta e scrittore. Dopo la laurea in economia all\u2019Universit\u00e0 Bocconi nel 1927 con una tesi sull\u2019aviazione civile, e dopo la pubblicazione dei primi \u00a0articoli sullo stesso argomento, Luraghi<strong> entra nel 1930 in Pirelli<\/strong>. Destinazione, la sede spagnola della Societ\u00e0. Costretto a lasciare Barcellona a causa dello scoppio della Guerra Civile, Luraghi torna in Italia nel 1938 per andare a dirigere la Linoleum, societ\u00e0 sempre appartenente al Gruppo Pirelli. Ed \u00e8 in questi anni che inizia, parallelamente, quella che sar\u00e0 un\u2019attivit\u00e0 letteraria particolarmente fervida sia dal punto di vista creativo sia da quello imprenditoriale.<\/p>\n<p>Da una sua intuizione, maturata anche grazie all\u2019amicizia con il poeta-ingegnere <strong>Leonardo Sinisgalli<\/strong>, nasce infatti nel <strong>1948<\/strong> la <strong><a href=\"http:\/\/www.rivistapirelli.org\">Rivista Pirelli<\/a><\/strong>, uno dei pi\u00f9 interessanti <strong>fenomeni editoriali<\/strong> del Dopoguerra. \u00c8 la sua capacit\u00e0 di \u201cleggere\u201d l\u2019impresa a portare Luraghi a immaginare una rivista \u201cdi informazione e di tecnica\u201d scritta dall\u2019Azienda e diretta a un pubblico generalista: uno strumento per parlare anche al consumatore ben al di l\u00e0 del messaggio pubblicitario immediato. Soprattutto un modo per fare<strong> cultura d\u2019impresa<\/strong>. Insieme a Sinisgalli, Luraghi \u00a0\u201crecluta\u201d per la Rivista un nucleo di scrittori, pittori, fotografi che rappresentano all\u2019epoca il meglio della cultura italiana ed internazionale: a loro il compito di <strong>raccontare l\u2019Azienda<\/strong> e spiegare la <strong>visione del mondo<\/strong> di una multinazionale nell\u2019era della Ricostruzione. Il risultato \u00e8 nei <strong>131<\/strong> numeri che la Rivista Pirelli porter\u00e0 in edicola tra il 1948 e il 1972.<\/p>\n<p>Nel <a href=\"https:\/\/www.rivistapirelli.org\/it\/selezione_antologica\/questa-nostra-rivista\/\">1949,<\/a> a un anno dalla pubblicazione del primo numero della Rivista, Luraghi firma un editoriale che ha il significato di una riflessione pi\u00f9 ampia sul valore del fare impresa: \u00ab<em>Non \u00e8 un miracolo che un\u2019industria [&#8230;] si ponga anche il compito pi\u00f9 caldo ed elevato di portare sul piano della cultura problemi che si \u00e8 usi considerare di ordine inferiore [&#8230;] e cerchi nella materia quotidiana, apparentemente arida, quanto vi \u00e8 di meglio, tendendo a lievitarlo e fecondarlo con la grande forza dello spirito. Non \u00e8 un miracolo: ma soltanto un fatto naturale di giusto intuito e di orientamento, \u00e8 un segno di sensibilit\u00e0 e di previdenza. \u00c8 una manifestazione dell\u2019istinto di conservazione \u2013 per l\u2019elevazione \u2013 della nostra specie<\/em>\u00bb. Giuseppe Luraghi lascia la Pirelli nel 1950 per la nuova sfida imprenditoriale di <strong>Finmeccanica<\/strong>, diventando Presidente di Alfa Romeo dal 1960 al 1974. Anche in Finmeccanica Luraghi propone la scommessa vincente di una rivista aziendale: \u00e8 \u201c<strong>Civilt\u00e0 delle Macchine<\/strong>\u201d e al suo fianco c\u2019\u00e8 ancora Leonardo Sinisgalli.<\/p>\n<p>Dal 1977 al 1982 \u00e8 alla guida di Mondadori e per tutta la vita il manager Giuseppe Luraghi non toglier\u00e0 mai spazio allo scrittore e poeta, saggista, nonch\u00e8 pittore: la sua produzione letteraria &#8211; \u00e8 autore di oltre 20 pubblicazioni tra romanzi, saggi e libri di poesia, nonch\u00e9 di numerosi articoli di economia &#8211; rester\u00e0 attivissima fino alla sua scomparsa, avvenuta a Milano nel 1991. Il suo lascito \u00e8 la consapevolezza di una cultura d\u2019impresa che oggi chiamiamo \u201cUmanesimo industriale\u201d.<\/p>","protected":false},"excerpt":{"rendered":"<p>Il 12 giugno 1905 nasce a Milano Giuseppe Luraghi, dirigente d\u2019azienda, editore, poeta e scrittore. Dopo la laurea in economia all\u2019Universit\u00e0 Bocconi nel 1927 con una tesi sull\u2019aviazione civile, e dopo la pubblicazione dei primi \u00a0articoli sullo stesso argomento, Luraghi entra nel 1930 in Pirelli. Destinazione, la sede spagnola della Societ\u00e0. Costretto a lasciare Barcellona [&hellip;]<\/p>\n","protected":false},"author":9,"featured_media":79002,"comment_status":"open","ping_status":"open","sticky":false,"template":"","format":"standard","meta":{"footnotes":""},"categories":[60,62],"tags":[118],"class_list":["post-78991","post","type-post","status-publish","format-standard","has-post-thumbnail","hentry","category-iniziative","category-storie-dal-mondo-pirelli","tag-storia-aziendale"],"acf":[],"yoast_head":"<!-- This site is optimized with the Yoast SEO plugin v25.0 - https:\/\/yoast.com\/wordpress\/plugins\/seo\/ -->\n<title>Giuseppe Luraghi, un intellettuale per l\u2019impresa - Fondazione Pirelli<\/title>\n<meta name=\"robots\" content=\"index, follow, max-snippet:-1, max-image-preview:large, max-video-preview:-1\" \/>\n<link rel=\"canonical\" href=\"https:\/\/www.fondazionepirelli.org\/it\/iniziative\/giuseppe-luraghi-un-intellettuale-per-limpresa-2\/\" \/>\n<meta property=\"og:locale\" content=\"it_IT\" \/>\n<meta property=\"og:type\" content=\"article\" \/>\n<meta property=\"og:title\" content=\"Giuseppe Luraghi, un intellettuale per l\u2019impresa - Fondazione Pirelli\" \/>\n<meta property=\"og:description\" content=\"Il 12 giugno 1905 nasce a Milano Giuseppe Luraghi, dirigente d\u2019azienda, editore, poeta e scrittore. Dopo la laurea in economia all\u2019Universit\u00e0 Bocconi nel 1927 con una tesi sull\u2019aviazione civile, e dopo la pubblicazione dei primi \u00a0articoli sullo stesso argomento, Luraghi entra nel 1930 in Pirelli. Destinazione, la sede spagnola della Societ\u00e0. Costretto a lasciare Barcellona [&hellip;]\" \/>\n<meta property=\"og:url\" content=\"https:\/\/www.fondazionepirelli.org\/it\/iniziative\/giuseppe-luraghi-un-intellettuale-per-limpresa-2\/\" \/>\n<meta property=\"og:site_name\" content=\"Fondazione Pirelli\" \/>\n<meta property=\"article:published_time\" content=\"2020-06-10T09:02:51+00:00\" \/>\n<meta property=\"article:modified_time\" content=\"2021-05-07T10:35:03+00:00\" \/>\n<meta property=\"og:image\" content=\"https:\/\/wpsite-assets.fondazionepirelli.org\/wp-content\/uploads\/2020\/06\/10101038\/RP_NP_1959_4_16_001r_Luraghi_MANDARE-A-LEFTLOFT-e1591780250325.jpg\" \/>\n\t<meta property=\"og:image:width\" content=\"500\" \/>\n\t<meta property=\"og:image:height\" content=\"674\" \/>\n\t<meta property=\"og:image:type\" content=\"image\/jpeg\" \/>\n<meta name=\"author\" content=\"fondazionepirelli\" \/>\n<meta name=\"twitter:card\" content=\"summary_large_image\" \/>\n<meta name=\"twitter:label1\" content=\"Scritto da\" \/>\n\t<meta name=\"twitter:data1\" content=\"fondazionepirelli\" \/>\n\t<meta name=\"twitter:label2\" content=\"Tempo di lettura stimato\" \/>\n\t<meta name=\"twitter:data2\" content=\"2 minuti\" \/>\n<script type=\"application\/ld+json\" class=\"yoast-schema-graph\">{\"@context\":\"https:\/\/schema.org\",\"@graph\":[{\"@type\":\"WebPage\",\"@id\":\"https:\/\/www.fondazionepirelli.org\/it\/iniziative\/giuseppe-luraghi-un-intellettuale-per-limpresa-2\/\",\"url\":\"https:\/\/www.fondazionepirelli.org\/it\/iniziative\/giuseppe-luraghi-un-intellettuale-per-limpresa-2\/\",\"name\":\"Giuseppe Luraghi, un intellettuale per l\u2019impresa - Fondazione Pirelli\",\"isPartOf\":{\"@id\":\"https:\/\/www.fondazionepirelli.org\/it\/#website\"},\"primaryImageOfPage\":{\"@id\":\"https:\/\/www.fondazionepirelli.org\/it\/iniziative\/giuseppe-luraghi-un-intellettuale-per-limpresa-2\/#primaryimage\"},\"image\":{\"@id\":\"https:\/\/www.fondazionepirelli.org\/it\/iniziative\/giuseppe-luraghi-un-intellettuale-per-limpresa-2\/#primaryimage\"},\"thumbnailUrl\":\"https:\/\/wpsite-assets.fondazionepirelli.org\/wp-content\/uploads\/2020\/06\/10101038\/RP_NP_1959_4_16_001r_Luraghi_MANDARE-A-LEFTLOFT-e1591780250325.jpg\",\"datePublished\":\"2020-06-10T09:02:51+00:00\",\"dateModified\":\"2021-05-07T10:35:03+00:00\",\"author\":{\"@id\":\"https:\/\/www.fondazionepirelli.org\/it\/#\/schema\/person\/c31fcf5937a0e6afa45497f3f8b6d7a0\"},\"breadcrumb\":{\"@id\":\"https:\/\/www.fondazionepirelli.org\/it\/iniziative\/giuseppe-luraghi-un-intellettuale-per-limpresa-2\/#breadcrumb\"},\"inLanguage\":\"it-IT\",\"potentialAction\":[{\"@type\":\"ReadAction\",\"target\":[\"https:\/\/www.fondazionepirelli.org\/it\/iniziative\/giuseppe-luraghi-un-intellettuale-per-limpresa-2\/\"]}]},{\"@type\":\"ImageObject\",\"inLanguage\":\"it-IT\",\"@id\":\"https:\/\/www.fondazionepirelli.org\/it\/iniziative\/giuseppe-luraghi-un-intellettuale-per-limpresa-2\/#primaryimage\",\"url\":\"https:\/\/wpsite-assets.fondazionepirelli.org\/wp-content\/uploads\/2020\/06\/10101038\/RP_NP_1959_4_16_001r_Luraghi_MANDARE-A-LEFTLOFT-e1591780250325.jpg\",\"contentUrl\":\"https:\/\/wpsite-assets.fondazionepirelli.org\/wp-content\/uploads\/2020\/06\/10101038\/RP_NP_1959_4_16_001r_Luraghi_MANDARE-A-LEFTLOFT-e1591780250325.jpg\",\"width\":500,\"height\":674},{\"@type\":\"BreadcrumbList\",\"@id\":\"https:\/\/www.fondazionepirelli.org\/it\/iniziative\/giuseppe-luraghi-un-intellettuale-per-limpresa-2\/#breadcrumb\",\"itemListElement\":[{\"@type\":\"ListItem\",\"position\":1,\"name\":\"Home\",\"item\":\"https:\/\/www.fondazionepirelli.org\/it\/\"},{\"@type\":\"ListItem\",\"position\":2,\"name\":\"Giuseppe Luraghi, un intellettuale per l\u2019impresa\"}]},{\"@type\":\"WebSite\",\"@id\":\"https:\/\/www.fondazionepirelli.org\/it\/#website\",\"url\":\"https:\/\/www.fondazionepirelli.org\/it\/\",\"name\":\"Fondazione Pirelli\",\"description\":\"\",\"potentialAction\":[{\"@type\":\"SearchAction\",\"target\":{\"@type\":\"EntryPoint\",\"urlTemplate\":\"https:\/\/www.fondazionepirelli.org\/it\/?s={search_term_string}\"},\"query-input\":{\"@type\":\"PropertyValueSpecification\",\"valueRequired\":true,\"valueName\":\"search_term_string\"}}],\"inLanguage\":\"it-IT\"},{\"@type\":\"Person\",\"@id\":\"https:\/\/www.fondazionepirelli.org\/it\/#\/schema\/person\/c31fcf5937a0e6afa45497f3f8b6d7a0\",\"name\":\"fondazionepirelli\",\"image\":{\"@type\":\"ImageObject\",\"inLanguage\":\"it-IT\",\"@id\":\"https:\/\/www.fondazionepirelli.org\/it\/#\/schema\/person\/image\/\",\"url\":\"https:\/\/secure.gravatar.com\/avatar\/9cb486421ce1d6eddbf6c4fb66841b4325b786695f7aedf1dde2222428218696?s=96&d=mm&r=g\",\"contentUrl\":\"https:\/\/secure.gravatar.com\/avatar\/9cb486421ce1d6eddbf6c4fb66841b4325b786695f7aedf1dde2222428218696?s=96&d=mm&r=g\",\"caption\":\"fondazionepirelli\"},\"url\":\"https:\/\/www.fondazionepirelli.org\/it\/author\/fondazionepirelli\/\"}]}<\/script>\n<!-- \/ Yoast SEO plugin. -->","yoast_head_json":{"title":"Giuseppe Luraghi, un intellettuale per l\u2019impresa - Fondazione Pirelli","robots":{"index":"index","follow":"follow","max-snippet":"max-snippet:-1","max-image-preview":"max-image-preview:large","max-video-preview":"max-video-preview:-1"},"canonical":"https:\/\/www.fondazionepirelli.org\/it\/iniziative\/giuseppe-luraghi-un-intellettuale-per-limpresa-2\/","og_locale":"it_IT","og_type":"article","og_title":"Giuseppe Luraghi, un intellettuale per l\u2019impresa - Fondazione Pirelli","og_description":"Il 12 giugno 1905 nasce a Milano Giuseppe Luraghi, dirigente d\u2019azienda, editore, poeta e scrittore. Dopo la laurea in economia all\u2019Universit\u00e0 Bocconi nel 1927 con una tesi sull\u2019aviazione civile, e dopo la pubblicazione dei primi \u00a0articoli sullo stesso argomento, Luraghi entra nel 1930 in Pirelli. Destinazione, la sede spagnola della Societ\u00e0. Costretto a lasciare Barcellona [&hellip;]","og_url":"https:\/\/www.fondazionepirelli.org\/it\/iniziative\/giuseppe-luraghi-un-intellettuale-per-limpresa-2\/","og_site_name":"Fondazione Pirelli","article_published_time":"2020-06-10T09:02:51+00:00","article_modified_time":"2021-05-07T10:35:03+00:00","og_image":[{"width":500,"height":674,"url":"https:\/\/wpsite-assets.fondazionepirelli.org\/wp-content\/uploads\/2020\/06\/10101038\/RP_NP_1959_4_16_001r_Luraghi_MANDARE-A-LEFTLOFT-e1591780250325.jpg","type":"image\/jpeg"}],"author":"fondazionepirelli","twitter_card":"summary_large_image","twitter_misc":{"Scritto da":"fondazionepirelli","Tempo di lettura stimato":"2 minuti"},"schema":{"@context":"https:\/\/schema.org","@graph":[{"@type":"WebPage","@id":"https:\/\/www.fondazionepirelli.org\/it\/iniziative\/giuseppe-luraghi-un-intellettuale-per-limpresa-2\/","url":"https:\/\/www.fondazionepirelli.org\/it\/iniziative\/giuseppe-luraghi-un-intellettuale-per-limpresa-2\/","name":"Giuseppe Luraghi, un intellettuale per l\u2019impresa - Fondazione Pirelli","isPartOf":{"@id":"https:\/\/www.fondazionepirelli.org\/it\/#website"},"primaryImageOfPage":{"@id":"https:\/\/www.fondazionepirelli.org\/it\/iniziative\/giuseppe-luraghi-un-intellettuale-per-limpresa-2\/#primaryimage"},"image":{"@id":"https:\/\/www.fondazionepirelli.org\/it\/iniziative\/giuseppe-luraghi-un-intellettuale-per-limpresa-2\/#primaryimage"},"thumbnailUrl":"https:\/\/wpsite-assets.fondazionepirelli.org\/wp-content\/uploads\/2020\/06\/10101038\/RP_NP_1959_4_16_001r_Luraghi_MANDARE-A-LEFTLOFT-e1591780250325.jpg","datePublished":"2020-06-10T09:02:51+00:00","dateModified":"2021-05-07T10:35:03+00:00","author":{"@id":"https:\/\/www.fondazionepirelli.org\/it\/#\/schema\/person\/c31fcf5937a0e6afa45497f3f8b6d7a0"},"breadcrumb":{"@id":"https:\/\/www.fondazionepirelli.org\/it\/iniziative\/giuseppe-luraghi-un-intellettuale-per-limpresa-2\/#breadcrumb"},"inLanguage":"it-IT","potentialAction":[{"@type":"ReadAction","target":["https:\/\/www.fondazionepirelli.org\/it\/iniziative\/giuseppe-luraghi-un-intellettuale-per-limpresa-2\/"]}]},{"@type":"ImageObject","inLanguage":"it-IT","@id":"https:\/\/www.fondazionepirelli.org\/it\/iniziative\/giuseppe-luraghi-un-intellettuale-per-limpresa-2\/#primaryimage","url":"https:\/\/wpsite-assets.fondazionepirelli.org\/wp-content\/uploads\/2020\/06\/10101038\/RP_NP_1959_4_16_001r_Luraghi_MANDARE-A-LEFTLOFT-e1591780250325.jpg","contentUrl":"https:\/\/wpsite-assets.fondazionepirelli.org\/wp-content\/uploads\/2020\/06\/10101038\/RP_NP_1959_4_16_001r_Luraghi_MANDARE-A-LEFTLOFT-e1591780250325.jpg","width":500,"height":674},{"@type":"BreadcrumbList","@id":"https:\/\/www.fondazionepirelli.org\/it\/iniziative\/giuseppe-luraghi-un-intellettuale-per-limpresa-2\/#breadcrumb","itemListElement":[{"@type":"ListItem","position":1,"name":"Home","item":"https:\/\/www.fondazionepirelli.org\/it\/"},{"@type":"ListItem","position":2,"name":"Giuseppe Luraghi, un intellettuale per l\u2019impresa"}]},{"@type":"WebSite","@id":"https:\/\/www.fondazionepirelli.org\/it\/#website","url":"https:\/\/www.fondazionepirelli.org\/it\/","name":"Fondazione Pirelli","description":"","potentialAction":[{"@type":"SearchAction","target":{"@type":"EntryPoint","urlTemplate":"https:\/\/www.fondazionepirelli.org\/it\/?s={search_term_string}"},"query-input":{"@type":"PropertyValueSpecification","valueRequired":true,"valueName":"search_term_string"}}],"inLanguage":"it-IT"},{"@type":"Person","@id":"https:\/\/www.fondazionepirelli.org\/it\/#\/schema\/person\/c31fcf5937a0e6afa45497f3f8b6d7a0","name":"fondazionepirelli","image":{"@type":"ImageObject","inLanguage":"it-IT","@id":"https:\/\/www.fondazionepirelli.org\/it\/#\/schema\/person\/image\/","url":"https:\/\/secure.gravatar.com\/avatar\/9cb486421ce1d6eddbf6c4fb66841b4325b786695f7aedf1dde2222428218696?s=96&d=mm&r=g","contentUrl":"https:\/\/secure.gravatar.com\/avatar\/9cb486421ce1d6eddbf6c4fb66841b4325b786695f7aedf1dde2222428218696?s=96&d=mm&r=g","caption":"fondazionepirelli"},"url":"https:\/\/www.fondazionepirelli.org\/it\/author\/fondazionepirelli\/"}]}},"_links":{"self":[{"href":"https:\/\/www.fondazionepirelli.org\/it\/wp-json\/wp\/v2\/posts\/78991\/"}],"collection":[{"href":"https:\/\/www.fondazionepirelli.org\/it\/wp-json\/wp\/v2\/posts\/"}],"about":[{"href":"https:\/\/www.fondazionepirelli.org\/it\/wp-json\/wp\/v2\/types\/post\/"}],"author":[{"embeddable":true,"href":"https:\/\/www.fondazionepirelli.org\/it\/wp-json\/wp\/v2\/users\/9\/"}],"replies":[{"embeddable":true,"href":"https:\/\/www.fondazionepirelli.org\/it\/wp-json\/wp\/v2\/comments\/?post=78991"}],"version-history":[{"count":3,"href":"https:\/\/www.fondazionepirelli.org\/it\/wp-json\/wp\/v2\/posts\/78991\/revisions\/"}],"predecessor-version":[{"id":79097,"href":"https:\/\/www.fondazionepirelli.org\/it\/wp-json\/wp\/v2\/posts\/78991\/revisions\/79097\/"}],"wp:featuredmedia":[{"embeddable":true,"href":"https:\/\/www.fondazionepirelli.org\/it\/wp-json\/wp\/v2\/media\/79002\/"}],"wp:attachment":[{"href":"https:\/\/www.fondazionepirelli.org\/it\/wp-json\/wp\/v2\/media\/?parent=78991"}],"wp:term":[{"taxonomy":"category","embeddable":true,"href":"https:\/\/www.fondazionepirelli.org\/it\/wp-json\/wp\/v2\/categories\/?post=78991"},{"taxonomy":"post_tag","embeddable":true,"href":"https:\/\/www.fondazionepirelli.org\/it\/wp-json\/wp\/v2\/tags\/?post=78991"}],"curies":[{"name":"wp","href":"https:\/\/api.w.org\/{rel}","templated":true}]}}