{"id":79154,"date":"2020-06-16T06:55:24","date_gmt":"2020-06-16T05:55:24","guid":{"rendered":"https:\/\/www.fondazionepirelli.org\/?p=79154"},"modified":"2020-06-16T06:55:24","modified_gmt":"2020-06-16T05:55:24","slug":"il-lavoro-come-attivita-sociale","status":"publish","type":"post","link":"https:\/\/www.fondazionepirelli.org\/it\/cultura-dimpresa\/il-lavoro-come-attivita-sociale\/","title":{"rendered":"Il lavoro come attivit\u00e0 sociale"},"content":{"rendered":"<p><em>Produzione e rapporti interpersonali analizzati dal punto di vista etnografico<\/em><\/p><p>Lavorare e fare impresa come attivit\u00e0 dell\u2019uomo da osservare dal punto di vista scientifico e non solo economico. Espressione, il lavoro, di culture (del produrre), ma anche di assetti sociali, relazioni interpersonali, visioni del mondo che cambiano da societ\u00e0 a societ\u00e0 e che, tutte, hanno peculiarit\u00e0 importanti da comprendere e rispettare. E\u2019 l\u2019impresa e ci\u00f2 che in questa avviene, vista dal lato delle scienze umane. Punto di osservazione interessante, che va tenuto in conto per avere cognizione anche di aspetti spesso posti in secondo piano dalla visione dominante degli studi sul fare impresa.<\/p>\n<p>A questo serve \u201cL\u2019etnografia del lavoro e il lavoro dell\u2019etnografia\u201d scritto da Andrea Bottalico e Valeria Piro apparso recentemente. I due ragionano proprio da un punto di vista diverso da quello consueto e hanno l\u2019obiettivo di fornire una sintesi degli studi \u201csul lavoro\u201d partendo dal metodo etnografico. Particolare attenzione viene posta, poi, alla comprensione dei luoghi di lavoro per arrivare per\u00f2 a fornire un quadro generale delle attuali trasformazioni delle catene globali del valore e dei processi lavorativi visti complessivamente. Grande peculiarit\u00e0 dell\u2019indagine, \u00e8 quella di partire dalla cassetta degli attrezzi propria dell\u2019etnografia, ma di utilizzare anche strumenti confinanti al lavoro dell\u2019etnologo come le indagini statistiche su particolari gruppi di lavoratori, il giornalismo e la letteratura sull\u2019impresa e l\u2019occupazione.<\/p>\n<p>L\u2019intento dell\u2019articolo \u2013 scritto come introduzione ad un numero speciale di Etnografia e ricerca qualitativa -, non \u00e8 quello di arrivare a nuove teorie interpretative del lavoro e dell\u2019impresa ma, invece, di mettere in fila con chiarezza quanto fin qui \u00e8 stato fatto. Sono toccati quindi temi come l\u2019organizzazione della produzione, l\u2019innovazione tecnologica, la vita all\u2019interno dei luoghi di lavoro, le relazioni sociali che si determinano nelle organizzazioni produttive.<\/p>\n<p>Dall\u2019analisi di Bottalico e Piro emerge tutta la complessit\u00e0 e profondit\u00e0 del lavoro visto \u2013 anche oggi \u2013 come uno degli elementi principali dell\u2019attivit\u00e0 umana, composto da aspetti materiali e immateriali che si compenetrano e che non possono essere scissi gli uni dagli altri.<\/p><p><a href=\"https:\/\/www.rivisteweb.it\/doi\/10.3240\/96822\"><strong>L\u2019etnografia del lavoro e il lavoro dell\u2019etnografia<\/strong><\/a><\/p>\n<p>Andrea Bottalico, Valeria Piro<\/p>\n<p>Etnografia e ricerca qualitativa, 1\/2020, pp. 5-29<\/p>","protected":false},"excerpt":{"rendered":"<p>Produzione e rapporti interpersonali analizzati dal punto di vista etnograficoLavorare e fare impresa come attivit\u00e0 dell\u2019uomo da osservare dal punto di vista scientifico e non solo economico. Espressione, il lavoro, di culture (del produrre), ma anche di assetti sociali, relazioni interpersonali, visioni del mondo che cambiano da societ\u00e0 a societ\u00e0 e che, tutte, hanno peculiarit\u00e0 [&hellip;]<\/p>\n","protected":false},"author":9,"featured_media":0,"comment_status":"open","ping_status":"open","sticky":false,"template":"","format":"standard","meta":{"footnotes":""},"categories":[54,52],"tags":[],"class_list":["post-79154","post","type-post","status-publish","format-standard","hentry","category-approfondimenti","category-cultura-dimpresa"],"acf":[],"yoast_head":"<!-- This site is optimized with the Yoast SEO plugin v25.0 - https:\/\/yoast.com\/wordpress\/plugins\/seo\/ -->\n<title>Il lavoro come attivit\u00e0 sociale - Fondazione Pirelli<\/title>\n<meta name=\"robots\" content=\"index, follow, max-snippet:-1, max-image-preview:large, max-video-preview:-1\" \/>\n<link rel=\"canonical\" href=\"https:\/\/www.fondazionepirelli.org\/it\/cultura-dimpresa\/il-lavoro-come-attivita-sociale\/\" \/>\n<meta property=\"og:locale\" content=\"it_IT\" \/>\n<meta property=\"og:type\" content=\"article\" \/>\n<meta property=\"og:title\" content=\"Il lavoro come attivit\u00e0 sociale - Fondazione Pirelli\" \/>\n<meta property=\"og:description\" content=\"Produzione e rapporti interpersonali analizzati dal punto di vista etnograficoLavorare e fare impresa come attivit\u00e0 dell\u2019uomo da osservare dal punto di vista scientifico e non solo economico. Espressione, il lavoro, di culture (del produrre), ma anche di assetti sociali, relazioni interpersonali, visioni del mondo che cambiano da societ\u00e0 a societ\u00e0 e che, tutte, hanno peculiarit\u00e0 [&hellip;]\" \/>\n<meta property=\"og:url\" content=\"https:\/\/www.fondazionepirelli.org\/it\/cultura-dimpresa\/il-lavoro-come-attivita-sociale\/\" \/>\n<meta property=\"og:site_name\" content=\"Fondazione Pirelli\" \/>\n<meta property=\"article:published_time\" content=\"2020-06-16T05:55:24+00:00\" \/>\n<meta name=\"author\" content=\"fondazionepirelli\" \/>\n<meta name=\"twitter:card\" content=\"summary_large_image\" \/>\n<meta name=\"twitter:label1\" content=\"Scritto da\" \/>\n\t<meta name=\"twitter:data1\" content=\"fondazionepirelli\" \/>\n\t<meta name=\"twitter:label2\" content=\"Tempo di lettura stimato\" \/>\n\t<meta name=\"twitter:data2\" content=\"2 minuti\" \/>\n<script type=\"application\/ld+json\" class=\"yoast-schema-graph\">{\"@context\":\"https:\/\/schema.org\",\"@graph\":[{\"@type\":\"WebPage\",\"@id\":\"https:\/\/www.fondazionepirelli.org\/it\/cultura-dimpresa\/il-lavoro-come-attivita-sociale\/\",\"url\":\"https:\/\/www.fondazionepirelli.org\/it\/cultura-dimpresa\/il-lavoro-come-attivita-sociale\/\",\"name\":\"Il lavoro come attivit\u00e0 sociale - Fondazione Pirelli\",\"isPartOf\":{\"@id\":\"https:\/\/www.fondazionepirelli.org\/it\/#website\"},\"datePublished\":\"2020-06-16T05:55:24+00:00\",\"author\":{\"@id\":\"https:\/\/www.fondazionepirelli.org\/it\/#\/schema\/person\/c31fcf5937a0e6afa45497f3f8b6d7a0\"},\"breadcrumb\":{\"@id\":\"https:\/\/www.fondazionepirelli.org\/it\/cultura-dimpresa\/il-lavoro-come-attivita-sociale\/#breadcrumb\"},\"inLanguage\":\"it-IT\",\"potentialAction\":[{\"@type\":\"ReadAction\",\"target\":[\"https:\/\/www.fondazionepirelli.org\/it\/cultura-dimpresa\/il-lavoro-come-attivita-sociale\/\"]}]},{\"@type\":\"BreadcrumbList\",\"@id\":\"https:\/\/www.fondazionepirelli.org\/it\/cultura-dimpresa\/il-lavoro-come-attivita-sociale\/#breadcrumb\",\"itemListElement\":[{\"@type\":\"ListItem\",\"position\":1,\"name\":\"Home\",\"item\":\"https:\/\/www.fondazionepirelli.org\/it\/\"},{\"@type\":\"ListItem\",\"position\":2,\"name\":\"Il lavoro come attivit\u00e0 sociale\"}]},{\"@type\":\"WebSite\",\"@id\":\"https:\/\/www.fondazionepirelli.org\/it\/#website\",\"url\":\"https:\/\/www.fondazionepirelli.org\/it\/\",\"name\":\"Fondazione Pirelli\",\"description\":\"\",\"potentialAction\":[{\"@type\":\"SearchAction\",\"target\":{\"@type\":\"EntryPoint\",\"urlTemplate\":\"https:\/\/www.fondazionepirelli.org\/it\/?s={search_term_string}\"},\"query-input\":{\"@type\":\"PropertyValueSpecification\",\"valueRequired\":true,\"valueName\":\"search_term_string\"}}],\"inLanguage\":\"it-IT\"},{\"@type\":\"Person\",\"@id\":\"https:\/\/www.fondazionepirelli.org\/it\/#\/schema\/person\/c31fcf5937a0e6afa45497f3f8b6d7a0\",\"name\":\"fondazionepirelli\",\"image\":{\"@type\":\"ImageObject\",\"inLanguage\":\"it-IT\",\"@id\":\"https:\/\/www.fondazionepirelli.org\/it\/#\/schema\/person\/image\/\",\"url\":\"https:\/\/secure.gravatar.com\/avatar\/9cb486421ce1d6eddbf6c4fb66841b4325b786695f7aedf1dde2222428218696?s=96&d=mm&r=g\",\"contentUrl\":\"https:\/\/secure.gravatar.com\/avatar\/9cb486421ce1d6eddbf6c4fb66841b4325b786695f7aedf1dde2222428218696?s=96&d=mm&r=g\",\"caption\":\"fondazionepirelli\"},\"url\":\"https:\/\/www.fondazionepirelli.org\/it\/author\/fondazionepirelli\/\"}]}<\/script>\n<!-- \/ Yoast SEO plugin. -->","yoast_head_json":{"title":"Il lavoro come attivit\u00e0 sociale - Fondazione Pirelli","robots":{"index":"index","follow":"follow","max-snippet":"max-snippet:-1","max-image-preview":"max-image-preview:large","max-video-preview":"max-video-preview:-1"},"canonical":"https:\/\/www.fondazionepirelli.org\/it\/cultura-dimpresa\/il-lavoro-come-attivita-sociale\/","og_locale":"it_IT","og_type":"article","og_title":"Il lavoro come attivit\u00e0 sociale - Fondazione Pirelli","og_description":"Produzione e rapporti interpersonali analizzati dal punto di vista etnograficoLavorare e fare impresa come attivit\u00e0 dell\u2019uomo da osservare dal punto di vista scientifico e non solo economico. Espressione, il lavoro, di culture (del produrre), ma anche di assetti sociali, relazioni interpersonali, visioni del mondo che cambiano da societ\u00e0 a societ\u00e0 e che, tutte, hanno peculiarit\u00e0 [&hellip;]","og_url":"https:\/\/www.fondazionepirelli.org\/it\/cultura-dimpresa\/il-lavoro-come-attivita-sociale\/","og_site_name":"Fondazione Pirelli","article_published_time":"2020-06-16T05:55:24+00:00","author":"fondazionepirelli","twitter_card":"summary_large_image","twitter_misc":{"Scritto da":"fondazionepirelli","Tempo di lettura stimato":"2 minuti"},"schema":{"@context":"https:\/\/schema.org","@graph":[{"@type":"WebPage","@id":"https:\/\/www.fondazionepirelli.org\/it\/cultura-dimpresa\/il-lavoro-come-attivita-sociale\/","url":"https:\/\/www.fondazionepirelli.org\/it\/cultura-dimpresa\/il-lavoro-come-attivita-sociale\/","name":"Il lavoro come attivit\u00e0 sociale - Fondazione Pirelli","isPartOf":{"@id":"https:\/\/www.fondazionepirelli.org\/it\/#website"},"datePublished":"2020-06-16T05:55:24+00:00","author":{"@id":"https:\/\/www.fondazionepirelli.org\/it\/#\/schema\/person\/c31fcf5937a0e6afa45497f3f8b6d7a0"},"breadcrumb":{"@id":"https:\/\/www.fondazionepirelli.org\/it\/cultura-dimpresa\/il-lavoro-come-attivita-sociale\/#breadcrumb"},"inLanguage":"it-IT","potentialAction":[{"@type":"ReadAction","target":["https:\/\/www.fondazionepirelli.org\/it\/cultura-dimpresa\/il-lavoro-come-attivita-sociale\/"]}]},{"@type":"BreadcrumbList","@id":"https:\/\/www.fondazionepirelli.org\/it\/cultura-dimpresa\/il-lavoro-come-attivita-sociale\/#breadcrumb","itemListElement":[{"@type":"ListItem","position":1,"name":"Home","item":"https:\/\/www.fondazionepirelli.org\/it\/"},{"@type":"ListItem","position":2,"name":"Il lavoro come attivit\u00e0 sociale"}]},{"@type":"WebSite","@id":"https:\/\/www.fondazionepirelli.org\/it\/#website","url":"https:\/\/www.fondazionepirelli.org\/it\/","name":"Fondazione Pirelli","description":"","potentialAction":[{"@type":"SearchAction","target":{"@type":"EntryPoint","urlTemplate":"https:\/\/www.fondazionepirelli.org\/it\/?s={search_term_string}"},"query-input":{"@type":"PropertyValueSpecification","valueRequired":true,"valueName":"search_term_string"}}],"inLanguage":"it-IT"},{"@type":"Person","@id":"https:\/\/www.fondazionepirelli.org\/it\/#\/schema\/person\/c31fcf5937a0e6afa45497f3f8b6d7a0","name":"fondazionepirelli","image":{"@type":"ImageObject","inLanguage":"it-IT","@id":"https:\/\/www.fondazionepirelli.org\/it\/#\/schema\/person\/image\/","url":"https:\/\/secure.gravatar.com\/avatar\/9cb486421ce1d6eddbf6c4fb66841b4325b786695f7aedf1dde2222428218696?s=96&d=mm&r=g","contentUrl":"https:\/\/secure.gravatar.com\/avatar\/9cb486421ce1d6eddbf6c4fb66841b4325b786695f7aedf1dde2222428218696?s=96&d=mm&r=g","caption":"fondazionepirelli"},"url":"https:\/\/www.fondazionepirelli.org\/it\/author\/fondazionepirelli\/"}]}},"_links":{"self":[{"href":"https:\/\/www.fondazionepirelli.org\/it\/wp-json\/wp\/v2\/posts\/79154\/"}],"collection":[{"href":"https:\/\/www.fondazionepirelli.org\/it\/wp-json\/wp\/v2\/posts\/"}],"about":[{"href":"https:\/\/www.fondazionepirelli.org\/it\/wp-json\/wp\/v2\/types\/post\/"}],"author":[{"embeddable":true,"href":"https:\/\/www.fondazionepirelli.org\/it\/wp-json\/wp\/v2\/users\/9\/"}],"replies":[{"embeddable":true,"href":"https:\/\/www.fondazionepirelli.org\/it\/wp-json\/wp\/v2\/comments\/?post=79154"}],"version-history":[{"count":3,"href":"https:\/\/www.fondazionepirelli.org\/it\/wp-json\/wp\/v2\/posts\/79154\/revisions\/"}],"predecessor-version":[{"id":79173,"href":"https:\/\/www.fondazionepirelli.org\/it\/wp-json\/wp\/v2\/posts\/79154\/revisions\/79173\/"}],"wp:attachment":[{"href":"https:\/\/www.fondazionepirelli.org\/it\/wp-json\/wp\/v2\/media\/?parent=79154"}],"wp:term":[{"taxonomy":"category","embeddable":true,"href":"https:\/\/www.fondazionepirelli.org\/it\/wp-json\/wp\/v2\/categories\/?post=79154"},{"taxonomy":"post_tag","embeddable":true,"href":"https:\/\/www.fondazionepirelli.org\/it\/wp-json\/wp\/v2\/tags\/?post=79154"}],"curies":[{"name":"wp","href":"https:\/\/api.w.org\/{rel}","templated":true}]}}