{"id":79268,"date":"2020-06-22T08:43:59","date_gmt":"2020-06-22T07:43:59","guid":{"rendered":"https:\/\/www.fondazionepirelli.org\/?p=79268"},"modified":"2020-06-22T08:43:59","modified_gmt":"2020-06-22T07:43:59","slug":"italia-2030-ecco-un-piano-di-investimenti-per-lo-sviluppo-infrastrutture-innovazione-economia-digitale-e-sostenibilita","status":"publish","type":"post","link":"https:\/\/www.fondazionepirelli.org\/it\/cultura-dimpresa\/italia-2030-ecco-un-piano-di-investimenti-per-lo-sviluppo-infrastrutture-innovazione-economia-digitale-e-sostenibilita\/","title":{"rendered":"\u201cItalia 2030\u201d, ecco un piano di investimenti per lo sviluppo: infrastrutture, innovazione, economia digitale e sostenibilit\u00e0"},"content":{"rendered":"<p>L\u2019<strong>impresa<\/strong> vive in almeno due diverse, e convergenti, dimensioni del tempo. Il tempo medio-lungo del progetto e dei programmi da realizzare. E il tempo istantaneo delle scelte, delle reazioni ai cambiamenti di mercato, dei singoli passi ben scanditi del risultato finale. Sa fare i conti con i tempi quotidiani del controllo della produzione, delle vendite, delle scorte di magazzino di cui evitare gli eccessi. E con quelli, pi\u00f9 lenti ma ben costruiti e controllati, del passaggio dall\u2019idea iniziale di un prodotto o di un servizio alla ricerca, dall\u2019<strong>ingegnerizzazione dei processi alla produzione<\/strong> e all\u2019offerta sul mercato. C\u2019\u00e8 il tempo dei rendiconti trimestrali, soprattutto per le societ\u00e0 quotate in borsa. E il tempo dei <strong>bilanci annuali<\/strong> o, per le pi\u00f9 organizzate e previdenti, dei bilanci triennali <em>rolling<\/em>, che scorrono aggiornandosi per tenere conto delle novit\u00e0 macro e micro economiche, le evoluzioni sociali e politiche, il \u201ccigno nero\u201d degli eventi improvvisi (come il coronavirus, un disastro ambientale, le bizze nevrotiche e rissose di un governante con scarso controllo). L\u2019impresa vive di tempo. L\u2019impresa vive nel tempo, seguendo le scansioni della sua straordinaria complessit\u00e0 e lavorando per semplificare. E fare. Con lo sguardo lungo del programma. E lo sguardo corto della <em>execution<\/em>: realizzare bene, e tempestivamente, le cose annunciate e promesse.<\/p>\n<p>La<strong> politica,<\/strong> soprattutto in una democrazia liberale, ha, naturalmente, tempi diversi da quelli dell\u2019impresa. Vive anche dei tempi lunghi (talvolta defatiganti) della dialettica, del dibattito, della ricerca della mediazione tra istanze diverse, della conquista faticosa del consenso. Ma non pu\u00f2 tirarla troppo per le lunghe, pena la paralisi e, poi, il disincanto delle promesse tradite. Non pu\u00f2 pretendere d\u2019avere la stessa efficienza di un\u2019impresa (anche per la diversa struttura della <em>governance<\/em> e della catena di comando). E per\u00f2 deve saper essere efficace. Dall\u2019impresa pu\u00f2 prendere il buon esempio della <strong><em>execution<\/em>:<\/strong> decidere e poi sapere cosa fare, come, quando, con che scelte e realizzazioni intermedie e con chiarezza delle singole responsabilit\u00e0. Il governo Conte, per le scelte necessarie ad affrontare l\u2019emergenza Covid 19 e definire un credibile e realizzabile piano di sviluppo, proprio di questi criteri dovrebbe tenere gran conto.<\/p>\n<p>C\u2019\u00e8, appunto, la convergenza di buona cultura politica ed economica, di <strong>senso di responsabilit\u00e0<\/strong> del governare bene e di chiarezza di realizzazione nell\u2019idea di fondo che ha ispirato le pagine di \u201c<strong>Italia 2030 \u2013 Proposte per lo sviluppo<\/strong>\u201d, una raccolta di saggi curati da Marcello Messori e Renato Carli e pubblicata da La nave di Teseo, con una prefazione di Carlo Bonomi, presidente di Assolombarda quando il libro fu ideato e adesso presidente di Confindustria. I singoli saggi sono di Pierpaolo Benigno, Agar Brugiavini, Carlo Carraro, Marcello Clarich, Ilvo Diamanti, Massimo Egidi, Gabriele Pasqui, Salvatore Rossi, Enzo Rullani e Carlo Trigilia. Il Comitato dei Garanti che ne ha riletto le pagine \u00e8 stato composto da Giuliano Amato, don Luca Bressan ed Elio Franzini. Sono tutti <strong>nomi prestigiosi di studiosi di economia e politica<\/strong>, parecchi anche con robusto impegno di gestione di imprese, universit\u00e0, strutture finanziarie. Alcuni, con impegni di governo. Una sintesi originale, dunque, di conoscenze, competenze, esperienze. Sullo sfondo, almeno tre grandi nomi della migliore cultura del Novecento: Max Weber, Hans Kelsen e soprattutto John Maynard Keynes, riletti con intelligenza critica alla luce dell\u2019evoluzione delle idee e degli avvenimenti storici, nel cuore della nostra controversa contemporaneit\u00e0.<\/p>\n<p>Quel libro \u00e8 stato consegnato dal presidente Bonomi al presidente del <strong>Consiglio Conte<\/strong>, durante l\u2019audizione di <strong>Confindustria<\/strong> agli Stati Generali e poi illustrato in pubblico, durante un seguitissimo <em>webinar<\/em> di \u201c<strong>Genio&amp;Impresa<\/strong>\u201d, il web magazine di Assolombarda. Nelle pagine, ci sono le analisi sui motivi della bassissima crescita dell\u2019economia e sulla palude stagnante della produttivit\u00e0, ferma da pi\u00f9 di vent\u2019anni, soprattutto per responsabilit\u00e0 di una legislazione eccessiva e confusa e di una pubblica amministrazione inefficiente, oltre che di servizi pubblici sottratti a un vera competizione di mercato. Le imprese migliori, in questi anni, hanno investito, innovato, esportato, conquistato quote rilevanti sui mercati internazionali. Ma il Paese resta bloccato.<\/p>\n<p>Adesso, l\u2019intreccio tra la pandemia del Covid19 e la conseguente recessione economica, ha aggravato le condizioni dell\u2019Italia.<\/p>\n<p>Eppure, proprio la crisi, se ben affrontata, pu\u00f2 essere una straordinaria <strong>occasione di ripartenza e cambiamento<\/strong>, nonostante la malattia, i lutti, la lunga paralisi economica e sociale, le paure, le nuove fratture che aggravano antichi squilibri e sempre meno sopportabili divari, anche di generazione e di genere.<\/p>\n<p>Oltre alle analisi, in \u201cItalia 2030\u201d ci sono anche le indicazioni chiare, non solo sul \u201cche fare\u201d, ma anche sul \u201ccome fare\u201d, sulle responsabilit\u00e0 della politica e sul ruolo delle forze sociali. Le riforme e, appunto, l\u2019<em>execution<\/em>, come insegna la buona cultura d\u2019impresa. Il progetto. E la sua realizzazione.<\/p>\n<p>Non ci sono grandi novit\u00e0, \u00e8 vero, nelle pagine del libro. Cos\u00ec come non ci sono nel documento del Comitato degli esperti nominati dal Governo e guidati dal manager Vittorio Colao. N\u00e9 in altri documenti, piani e progetti di cui si discute in queste settimane. I mali italiani, i fattori accumulati che ne ostacolano la modernizzazione e la crescita, sono noti, e da tempo, La letteratura economica e sociale, sul tema, \u00e8 sovrabbondante. Purtroppo, per\u00f2, poco letta e non tenuta in alcuna considerazione (e non da oggi) nelle stanze di governo, fatte poche eccezioni.<\/p>\n<p>La speranza, adesso, \u00e8 che finalmente, di fronte all\u2019urgenza delle scelte, il governo decida cosa fare, come e quando. Con una radicale scelta di fondo, che il volume \u201cItalia 2030\u201d indica con grande nettezza: non pi\u00f9 mance, sussidi, sostegni e premi variamente distribuiti \u201ca pioggia\u201d, come se gli italiani fossimo un pubblico di sudditi questuanti in cerca di protezione, ma un serio piano di investimenti per cambiare e fare crescere il Paese, avendo a cuore alcuni punti fermi: la produttivit\u00e0, la competitivit\u00e0, la sostenibilit\u00e0 ambientale e sociale, l\u2019innovazione. Dunque, infrastrutture materiali e immateriali (come per esempio il 5G europeo), scuola e formazione, ricerca, riforma della pubblica amministrazione e della giustizia, stimoli per migliorare radicalmente la qualit\u00e0 del nostro capitale umano e del capitale sociale, del welfare e del mercato del lavoro (con una forte sollecitazione a una ben pi\u00f9 massiccia partecipazione femminile).<\/p>\n<p>N\u00e9 sussidi (se non per fronteggiare l\u2019emergenza di chi ha perso redditi e lavoro) n\u00e9 pensioni anzitempo, n\u00e9 generiche <strong><em>flat tax<\/em> <\/strong>n\u00e9 vaghe riduzioni dell\u2019Iva. Ma investimenti. E una vera e propria scelta innovativa di politica industriale di respiro europeo, che rafforzi i \u201cfattori abilitanti\u201d, in grado di stimolare la produttivit\u00e0 e la crescita delle imprese, da cui dipendono lavoro e benessere, coesione sociale e cambiamento.<\/p>\n<p>Le risorse finanziarie messe a disposizione, a vario titolo, dalla Ue (compresi gli sforamenti di bilancio) sono enormi: quasi 500 miliardi, da adesso ai prossimi tre anni, con il massiccio intervento da 750 miliardi del \u201c<strong>Recovery Fund<\/strong>\u201d battezzato con lungimiranza \u201cNext Generation\u201d (all\u2019Italia dovrebbero arrivarne circa 170, dal 2021 in poi). Soldi da spendere bene, secondo le condivisibili direttrici indicate da Bruxelles: <em>green economy <\/em>e innovazione digitale. E da usare come acceleratore di altri investimenti privati.<\/p>\n<p>C\u2019\u00e8 anche un\u2019idea politica di fondo, che fa gi\u00e0 molto discutere: quella di una \u201cdemocrazia negoziata\u201d, che veda la partecipazione responsabile delle forze economiche e sociali. Non le suggestioni populiste e inefficaci dell\u2019&#8221;uomo solo al comando&#8221;, dei \u201cpieni poteri\u201d, dell\u2019autoritarismo plebiscitario che svuota parlamento, assemblee elettive locali, luoghi della democrazia liberale. Ma un\u2019abitudine al confronto competente con i corpi sociali, come base perch\u00e9 politica e governo possano scegliere con conoscenza e senso di responsabilit\u00e0, tenendo conto innanzitutto dell\u2019interesse generale del Paese.<\/p>\n<p>Viene in mente la stagione migliore della \u201c<strong>concertazione<\/strong>\u201d con cui il governo Ciampi affront\u00f2 la difficilissima stagione di crisi dei primi anni Novanta, avviando l\u2019Italia verso l\u2019integrazione europea e la nascita dell\u2019euro, uno straordinario punto di forza. O, facendo un passo ancora pi\u00f9 indietro, ecco l\u2019accordo tra la Confindustria di Angelo Costa e la Cgil di Giuseppe Di Vittorio, per la ricostruzione italiana dalle macerie del fascismo e della guerra: \u201cPrima le fabbriche, poi le case\u201d, cio\u00e8 il primato del lavoro e dell\u2019intraprendenza, come condizione di base per fare ripartire il Paese. Senza eccessi di retorica e di propaganda, ma con la forza del buon governo e lo sguardo attento all\u2019emergenza e, contemporaneamente, lungimirante, anche stavolta si pu\u00f2 ricominciare. L\u2019\u201dItalia 2030\u201d \u00e8 gi\u00e0 domani.<\/p>\n","protected":false},"excerpt":{"rendered":"<p>L\u2019impresa vive in almeno due diverse, e convergenti, dimensioni del tempo. Il tempo medio-lungo del progetto e dei programmi da realizzare. E il tempo istantaneo delle scelte, delle reazioni ai cambiamenti di mercato, dei singoli passi ben scanditi del risultato finale. Sa fare i conti con i tempi quotidiani del controllo della produzione, delle vendite, [&hellip;]<\/p>\n","protected":false},"author":9,"featured_media":79282,"comment_status":"open","ping_status":"open","sticky":false,"template":"","format":"standard","meta":{"footnotes":""},"categories":[53,52],"tags":[],"class_list":["post-79268","post","type-post","status-publish","format-standard","has-post-thumbnail","hentry","category-blog","category-cultura-dimpresa"],"acf":[],"yoast_head":"<!-- This site is optimized with the Yoast SEO plugin v25.0 - https:\/\/yoast.com\/wordpress\/plugins\/seo\/ -->\n<title>\u201cItalia 2030\u201d, ecco un piano di investimenti per lo sviluppo: infrastrutture, innovazione, economia digitale e sostenibilit\u00e0 - Fondazione Pirelli<\/title>\n<meta name=\"robots\" content=\"index, follow, max-snippet:-1, max-image-preview:large, max-video-preview:-1\" \/>\n<link rel=\"canonical\" href=\"https:\/\/www.fondazionepirelli.org\/it\/cultura-dimpresa\/italia-2030-ecco-un-piano-di-investimenti-per-lo-sviluppo-infrastrutture-innovazione-economia-digitale-e-sostenibilita\/\" \/>\n<meta property=\"og:locale\" content=\"it_IT\" \/>\n<meta property=\"og:type\" content=\"article\" \/>\n<meta property=\"og:title\" content=\"\u201cItalia 2030\u201d, ecco un piano di investimenti per lo sviluppo: infrastrutture, innovazione, economia digitale e sostenibilit\u00e0 - Fondazione Pirelli\" \/>\n<meta property=\"og:description\" content=\"L\u2019impresa vive in almeno due diverse, e convergenti, dimensioni del tempo. Il tempo medio-lungo del progetto e dei programmi da realizzare. E il tempo istantaneo delle scelte, delle reazioni ai cambiamenti di mercato, dei singoli passi ben scanditi del risultato finale. Sa fare i conti con i tempi quotidiani del controllo della produzione, delle vendite, [&hellip;]\" \/>\n<meta property=\"og:url\" content=\"https:\/\/www.fondazionepirelli.org\/it\/cultura-dimpresa\/italia-2030-ecco-un-piano-di-investimenti-per-lo-sviluppo-infrastrutture-innovazione-economia-digitale-e-sostenibilita\/\" \/>\n<meta property=\"og:site_name\" content=\"Fondazione Pirelli\" \/>\n<meta property=\"article:published_time\" content=\"2020-06-22T07:43:59+00:00\" \/>\n<meta property=\"og:image\" content=\"https:\/\/wpsite-assets.fondazionepirelli.org\/wp-content\/uploads\/2020\/06\/22084350\/ricercaesviluppo.jpg\" \/>\n\t<meta property=\"og:image:width\" content=\"1024\" \/>\n\t<meta property=\"og:image:height\" content=\"636\" \/>\n\t<meta property=\"og:image:type\" content=\"image\/jpeg\" \/>\n<meta name=\"author\" content=\"fondazionepirelli\" \/>\n<meta name=\"twitter:card\" content=\"summary_large_image\" \/>\n<meta name=\"twitter:label1\" content=\"Scritto da\" \/>\n\t<meta name=\"twitter:data1\" content=\"fondazionepirelli\" \/>\n\t<meta name=\"twitter:label2\" content=\"Tempo di lettura stimato\" \/>\n\t<meta name=\"twitter:data2\" content=\"7 minuti\" \/>\n<script type=\"application\/ld+json\" class=\"yoast-schema-graph\">{\"@context\":\"https:\/\/schema.org\",\"@graph\":[{\"@type\":\"WebPage\",\"@id\":\"https:\/\/www.fondazionepirelli.org\/it\/cultura-dimpresa\/italia-2030-ecco-un-piano-di-investimenti-per-lo-sviluppo-infrastrutture-innovazione-economia-digitale-e-sostenibilita\/\",\"url\":\"https:\/\/www.fondazionepirelli.org\/it\/cultura-dimpresa\/italia-2030-ecco-un-piano-di-investimenti-per-lo-sviluppo-infrastrutture-innovazione-economia-digitale-e-sostenibilita\/\",\"name\":\"\u201cItalia 2030\u201d, ecco un piano di investimenti per lo sviluppo: infrastrutture, innovazione, economia digitale e sostenibilit\u00e0 - Fondazione Pirelli\",\"isPartOf\":{\"@id\":\"https:\/\/www.fondazionepirelli.org\/it\/#website\"},\"primaryImageOfPage\":{\"@id\":\"https:\/\/www.fondazionepirelli.org\/it\/cultura-dimpresa\/italia-2030-ecco-un-piano-di-investimenti-per-lo-sviluppo-infrastrutture-innovazione-economia-digitale-e-sostenibilita\/#primaryimage\"},\"image\":{\"@id\":\"https:\/\/www.fondazionepirelli.org\/it\/cultura-dimpresa\/italia-2030-ecco-un-piano-di-investimenti-per-lo-sviluppo-infrastrutture-innovazione-economia-digitale-e-sostenibilita\/#primaryimage\"},\"thumbnailUrl\":\"https:\/\/wpsite-assets.fondazionepirelli.org\/wp-content\/uploads\/2020\/06\/22084350\/ricercaesviluppo.jpg\",\"datePublished\":\"2020-06-22T07:43:59+00:00\",\"author\":{\"@id\":\"https:\/\/www.fondazionepirelli.org\/it\/#\/schema\/person\/c31fcf5937a0e6afa45497f3f8b6d7a0\"},\"breadcrumb\":{\"@id\":\"https:\/\/www.fondazionepirelli.org\/it\/cultura-dimpresa\/italia-2030-ecco-un-piano-di-investimenti-per-lo-sviluppo-infrastrutture-innovazione-economia-digitale-e-sostenibilita\/#breadcrumb\"},\"inLanguage\":\"it-IT\",\"potentialAction\":[{\"@type\":\"ReadAction\",\"target\":[\"https:\/\/www.fondazionepirelli.org\/it\/cultura-dimpresa\/italia-2030-ecco-un-piano-di-investimenti-per-lo-sviluppo-infrastrutture-innovazione-economia-digitale-e-sostenibilita\/\"]}]},{\"@type\":\"ImageObject\",\"inLanguage\":\"it-IT\",\"@id\":\"https:\/\/www.fondazionepirelli.org\/it\/cultura-dimpresa\/italia-2030-ecco-un-piano-di-investimenti-per-lo-sviluppo-infrastrutture-innovazione-economia-digitale-e-sostenibilita\/#primaryimage\",\"url\":\"https:\/\/wpsite-assets.fondazionepirelli.org\/wp-content\/uploads\/2020\/06\/22084350\/ricercaesviluppo.jpg\",\"contentUrl\":\"https:\/\/wpsite-assets.fondazionepirelli.org\/wp-content\/uploads\/2020\/06\/22084350\/ricercaesviluppo.jpg\",\"width\":1024,\"height\":636},{\"@type\":\"BreadcrumbList\",\"@id\":\"https:\/\/www.fondazionepirelli.org\/it\/cultura-dimpresa\/italia-2030-ecco-un-piano-di-investimenti-per-lo-sviluppo-infrastrutture-innovazione-economia-digitale-e-sostenibilita\/#breadcrumb\",\"itemListElement\":[{\"@type\":\"ListItem\",\"position\":1,\"name\":\"Home\",\"item\":\"https:\/\/www.fondazionepirelli.org\/it\/\"},{\"@type\":\"ListItem\",\"position\":2,\"name\":\"\u201cItalia 2030\u201d, ecco un piano di investimenti per lo sviluppo: infrastrutture, innovazione, economia digitale e sostenibilit\u00e0\"}]},{\"@type\":\"WebSite\",\"@id\":\"https:\/\/www.fondazionepirelli.org\/it\/#website\",\"url\":\"https:\/\/www.fondazionepirelli.org\/it\/\",\"name\":\"Fondazione Pirelli\",\"description\":\"\",\"potentialAction\":[{\"@type\":\"SearchAction\",\"target\":{\"@type\":\"EntryPoint\",\"urlTemplate\":\"https:\/\/www.fondazionepirelli.org\/it\/?s={search_term_string}\"},\"query-input\":{\"@type\":\"PropertyValueSpecification\",\"valueRequired\":true,\"valueName\":\"search_term_string\"}}],\"inLanguage\":\"it-IT\"},{\"@type\":\"Person\",\"@id\":\"https:\/\/www.fondazionepirelli.org\/it\/#\/schema\/person\/c31fcf5937a0e6afa45497f3f8b6d7a0\",\"name\":\"fondazionepirelli\",\"image\":{\"@type\":\"ImageObject\",\"inLanguage\":\"it-IT\",\"@id\":\"https:\/\/www.fondazionepirelli.org\/it\/#\/schema\/person\/image\/\",\"url\":\"https:\/\/secure.gravatar.com\/avatar\/9cb486421ce1d6eddbf6c4fb66841b4325b786695f7aedf1dde2222428218696?s=96&d=mm&r=g\",\"contentUrl\":\"https:\/\/secure.gravatar.com\/avatar\/9cb486421ce1d6eddbf6c4fb66841b4325b786695f7aedf1dde2222428218696?s=96&d=mm&r=g\",\"caption\":\"fondazionepirelli\"},\"url\":\"https:\/\/www.fondazionepirelli.org\/it\/author\/fondazionepirelli\/\"}]}<\/script>\n<!-- \/ Yoast SEO plugin. -->","yoast_head_json":{"title":"\u201cItalia 2030\u201d, ecco un piano di investimenti per lo sviluppo: infrastrutture, innovazione, economia digitale e sostenibilit\u00e0 - Fondazione Pirelli","robots":{"index":"index","follow":"follow","max-snippet":"max-snippet:-1","max-image-preview":"max-image-preview:large","max-video-preview":"max-video-preview:-1"},"canonical":"https:\/\/www.fondazionepirelli.org\/it\/cultura-dimpresa\/italia-2030-ecco-un-piano-di-investimenti-per-lo-sviluppo-infrastrutture-innovazione-economia-digitale-e-sostenibilita\/","og_locale":"it_IT","og_type":"article","og_title":"\u201cItalia 2030\u201d, ecco un piano di investimenti per lo sviluppo: infrastrutture, innovazione, economia digitale e sostenibilit\u00e0 - Fondazione Pirelli","og_description":"L\u2019impresa vive in almeno due diverse, e convergenti, dimensioni del tempo. Il tempo medio-lungo del progetto e dei programmi da realizzare. E il tempo istantaneo delle scelte, delle reazioni ai cambiamenti di mercato, dei singoli passi ben scanditi del risultato finale. Sa fare i conti con i tempi quotidiani del controllo della produzione, delle vendite, [&hellip;]","og_url":"https:\/\/www.fondazionepirelli.org\/it\/cultura-dimpresa\/italia-2030-ecco-un-piano-di-investimenti-per-lo-sviluppo-infrastrutture-innovazione-economia-digitale-e-sostenibilita\/","og_site_name":"Fondazione Pirelli","article_published_time":"2020-06-22T07:43:59+00:00","og_image":[{"width":1024,"height":636,"url":"https:\/\/wpsite-assets.fondazionepirelli.org\/wp-content\/uploads\/2020\/06\/22084350\/ricercaesviluppo.jpg","type":"image\/jpeg"}],"author":"fondazionepirelli","twitter_card":"summary_large_image","twitter_misc":{"Scritto da":"fondazionepirelli","Tempo di lettura stimato":"7 minuti"},"schema":{"@context":"https:\/\/schema.org","@graph":[{"@type":"WebPage","@id":"https:\/\/www.fondazionepirelli.org\/it\/cultura-dimpresa\/italia-2030-ecco-un-piano-di-investimenti-per-lo-sviluppo-infrastrutture-innovazione-economia-digitale-e-sostenibilita\/","url":"https:\/\/www.fondazionepirelli.org\/it\/cultura-dimpresa\/italia-2030-ecco-un-piano-di-investimenti-per-lo-sviluppo-infrastrutture-innovazione-economia-digitale-e-sostenibilita\/","name":"\u201cItalia 2030\u201d, ecco un piano di investimenti per lo sviluppo: infrastrutture, innovazione, economia digitale e sostenibilit\u00e0 - Fondazione Pirelli","isPartOf":{"@id":"https:\/\/www.fondazionepirelli.org\/it\/#website"},"primaryImageOfPage":{"@id":"https:\/\/www.fondazionepirelli.org\/it\/cultura-dimpresa\/italia-2030-ecco-un-piano-di-investimenti-per-lo-sviluppo-infrastrutture-innovazione-economia-digitale-e-sostenibilita\/#primaryimage"},"image":{"@id":"https:\/\/www.fondazionepirelli.org\/it\/cultura-dimpresa\/italia-2030-ecco-un-piano-di-investimenti-per-lo-sviluppo-infrastrutture-innovazione-economia-digitale-e-sostenibilita\/#primaryimage"},"thumbnailUrl":"https:\/\/wpsite-assets.fondazionepirelli.org\/wp-content\/uploads\/2020\/06\/22084350\/ricercaesviluppo.jpg","datePublished":"2020-06-22T07:43:59+00:00","author":{"@id":"https:\/\/www.fondazionepirelli.org\/it\/#\/schema\/person\/c31fcf5937a0e6afa45497f3f8b6d7a0"},"breadcrumb":{"@id":"https:\/\/www.fondazionepirelli.org\/it\/cultura-dimpresa\/italia-2030-ecco-un-piano-di-investimenti-per-lo-sviluppo-infrastrutture-innovazione-economia-digitale-e-sostenibilita\/#breadcrumb"},"inLanguage":"it-IT","potentialAction":[{"@type":"ReadAction","target":["https:\/\/www.fondazionepirelli.org\/it\/cultura-dimpresa\/italia-2030-ecco-un-piano-di-investimenti-per-lo-sviluppo-infrastrutture-innovazione-economia-digitale-e-sostenibilita\/"]}]},{"@type":"ImageObject","inLanguage":"it-IT","@id":"https:\/\/www.fondazionepirelli.org\/it\/cultura-dimpresa\/italia-2030-ecco-un-piano-di-investimenti-per-lo-sviluppo-infrastrutture-innovazione-economia-digitale-e-sostenibilita\/#primaryimage","url":"https:\/\/wpsite-assets.fondazionepirelli.org\/wp-content\/uploads\/2020\/06\/22084350\/ricercaesviluppo.jpg","contentUrl":"https:\/\/wpsite-assets.fondazionepirelli.org\/wp-content\/uploads\/2020\/06\/22084350\/ricercaesviluppo.jpg","width":1024,"height":636},{"@type":"BreadcrumbList","@id":"https:\/\/www.fondazionepirelli.org\/it\/cultura-dimpresa\/italia-2030-ecco-un-piano-di-investimenti-per-lo-sviluppo-infrastrutture-innovazione-economia-digitale-e-sostenibilita\/#breadcrumb","itemListElement":[{"@type":"ListItem","position":1,"name":"Home","item":"https:\/\/www.fondazionepirelli.org\/it\/"},{"@type":"ListItem","position":2,"name":"\u201cItalia 2030\u201d, ecco un piano di investimenti per lo sviluppo: infrastrutture, innovazione, economia digitale e sostenibilit\u00e0"}]},{"@type":"WebSite","@id":"https:\/\/www.fondazionepirelli.org\/it\/#website","url":"https:\/\/www.fondazionepirelli.org\/it\/","name":"Fondazione Pirelli","description":"","potentialAction":[{"@type":"SearchAction","target":{"@type":"EntryPoint","urlTemplate":"https:\/\/www.fondazionepirelli.org\/it\/?s={search_term_string}"},"query-input":{"@type":"PropertyValueSpecification","valueRequired":true,"valueName":"search_term_string"}}],"inLanguage":"it-IT"},{"@type":"Person","@id":"https:\/\/www.fondazionepirelli.org\/it\/#\/schema\/person\/c31fcf5937a0e6afa45497f3f8b6d7a0","name":"fondazionepirelli","image":{"@type":"ImageObject","inLanguage":"it-IT","@id":"https:\/\/www.fondazionepirelli.org\/it\/#\/schema\/person\/image\/","url":"https:\/\/secure.gravatar.com\/avatar\/9cb486421ce1d6eddbf6c4fb66841b4325b786695f7aedf1dde2222428218696?s=96&d=mm&r=g","contentUrl":"https:\/\/secure.gravatar.com\/avatar\/9cb486421ce1d6eddbf6c4fb66841b4325b786695f7aedf1dde2222428218696?s=96&d=mm&r=g","caption":"fondazionepirelli"},"url":"https:\/\/www.fondazionepirelli.org\/it\/author\/fondazionepirelli\/"}]}},"_links":{"self":[{"href":"https:\/\/www.fondazionepirelli.org\/it\/wp-json\/wp\/v2\/posts\/79268\/"}],"collection":[{"href":"https:\/\/www.fondazionepirelli.org\/it\/wp-json\/wp\/v2\/posts\/"}],"about":[{"href":"https:\/\/www.fondazionepirelli.org\/it\/wp-json\/wp\/v2\/types\/post\/"}],"author":[{"embeddable":true,"href":"https:\/\/www.fondazionepirelli.org\/it\/wp-json\/wp\/v2\/users\/9\/"}],"replies":[{"embeddable":true,"href":"https:\/\/www.fondazionepirelli.org\/it\/wp-json\/wp\/v2\/comments\/?post=79268"}],"version-history":[{"count":4,"href":"https:\/\/www.fondazionepirelli.org\/it\/wp-json\/wp\/v2\/posts\/79268\/revisions\/"}],"predecessor-version":[{"id":79272,"href":"https:\/\/www.fondazionepirelli.org\/it\/wp-json\/wp\/v2\/posts\/79268\/revisions\/79272\/"}],"wp:featuredmedia":[{"embeddable":true,"href":"https:\/\/www.fondazionepirelli.org\/it\/wp-json\/wp\/v2\/media\/79282\/"}],"wp:attachment":[{"href":"https:\/\/www.fondazionepirelli.org\/it\/wp-json\/wp\/v2\/media\/?parent=79268"}],"wp:term":[{"taxonomy":"category","embeddable":true,"href":"https:\/\/www.fondazionepirelli.org\/it\/wp-json\/wp\/v2\/categories\/?post=79268"},{"taxonomy":"post_tag","embeddable":true,"href":"https:\/\/www.fondazionepirelli.org\/it\/wp-json\/wp\/v2\/tags\/?post=79268"}],"curies":[{"name":"wp","href":"https:\/\/api.w.org\/{rel}","templated":true}]}}