{"id":79466,"date":"2020-07-12T07:18:21","date_gmt":"2020-07-12T06:18:21","guid":{"rendered":"https:\/\/www.fondazionepirelli.org\/?p=79466"},"modified":"2021-12-17T16:17:36","modified_gmt":"2021-12-17T15:17:36","slug":"il-turismo-sotto-inchiesta","status":"publish","type":"post","link":"https:\/\/www.fondazionepirelli.org\/it\/iniziative\/il-turismo-sotto-inchiesta\/","title":{"rendered":"Il turismo sotto inchiesta"},"content":{"rendered":"<p>L\u2019Italia che negli anni Cinquanta esce dalla paralisi bellica scopre di avere a disposizione una potenziale ricchezza smisurata: il turismo. O meglio, \u201criscopre\u201d il turismo dopo i fasti del <strong>Grand Tour d\u2019Italie<\/strong>, nato nel XVII secolo: si trattava allora di un turismo d\u2019\u00e9lite, destinato a letterati e nobili avventurieri. Nell\u2019era del boom economico non si parla pi\u00f9 di \u201cvilleggiatura\u201d ma di \u201cvacanze\u201d, o meglio, \u201cferie\u201d: uno svago alla portata della nuova classe media che si muove su strade e spiagge della Penisola, che \u00e8 dotata di veloci automobili per spostarsi e comincia ad avere maggiori disponibilit\u00e0 economiche per i propri svaghi. Insomma, il <strong>turismo<\/strong> \u00e8 una \u201cvena d\u2019oro\u201d, secondo lo scrittore <a href=\"https:\/\/www.fondazionepirelli.org\/archivio-storico\/bookreader\/pubblicazioni-e-riviste\/RivistaPirelli\/1950_4.html#page\/10\/mode\/2up\"><strong>Ignazio Scurto<\/strong><\/a> che gi\u00e0 nel 1950 si chiede sulla Rivista Pirelli se il Paese sar\u00e0 in grado di sfruttarne la ricchezza perch\u00e8, nota l\u2019autore, manca un vero e proprio \u201csistema-turismo\u201d, un\u2019organizzazione programmatica e una visione d\u2019insieme del fenomeno. Non c\u2019\u00e8 un\u2019offerta alberghiera adeguata al gitante medio in un\u2019Italia che offre grandi alberghi d\u2019antan o scomode locande economiche, e manca soprattutto un\u2019etica che regoli i prezzi. Problemi strutturali che, secondo l\u2019economista <strong>Franco Bellorini<\/strong> &#8211; che per il magazine scrive nel 1955 &#8211; non consentono di mettere \u201c<a href=\"https:\/\/www.fondazionepirelli.org\/archivio-storico\/bookreader\/pubblicazioni-e-riviste\/RivistaPirelli\/1955_2.html#page\/52\/mode\/2up\">il sole in vendita<\/a>\u201d. Bellorini parla di \u201ccoscienza turistica\u201d quando fa appello al sistema alberghiero perch\u00e8 dia una risposta alla forte domanda di Italia proveniente dall\u2019estero. Diversamente avremo sempre un \u201c<a href=\"https:\/\/www.fondazionepirelli.org\/archivio-storico\/bookreader\/pubblicazioni-e-riviste\/RivistaPirelli\/1956_4.html#page\/36\/mode\/2up\">turista malcontento<\/a>\u201d, come nel divertente articolo di <strong>Enrico Altavilla<\/strong> del 1956. Poco pi\u00f9 di dieci anni dopo, nel 1968, il giovane studioso <a href=\"https:\/\/www.fondazionepirelli.org\/archivio-storico\/bookreader\/pubblicazioni-e-riviste\/RivistaPirelli\/1968_9.html#page\/78\/mode\/2up\"><strong>Fausto Malcovati<\/strong> <\/a>d\u00e0 un\u2019interpretazione del turismo del tutto nuova. Via dalla pazza folla, via dal conformismo piccolo borghese, via dalle spiagge sovraffollate: \u00e8 bello passare l\u2019estate in un \u201cguscio\u201d, un bungalow affondato nella natura selvaggia delle <strong>Tremiti<\/strong> o della <strong>Maddalena<\/strong>. E come massimo piacere, un\u2019escursione a cavallo sulla spiaggia. \u00c8 tornato il silenzio, \u00e8 tornata la meditazione del Grand Tour di Goethe? Forse, ma nel frattempo molti cambiamenti sono avvenuti nella societ\u00e0 e nell\u2019idea di viaggio e di vacanza.<\/p><p><a href=\"https:\/\/www.fondazionepirelli.org\/it\/mostra\/in-viaggio-con-la-p-lunga\/\">Torna alla pagina principale<\/a><\/p>\n","protected":false},"excerpt":{"rendered":"<p>L\u2019Italia che negli anni Cinquanta esce dalla paralisi bellica scopre di avere a disposizione una potenziale ricchezza smisurata: il turismo. O meglio, \u201criscopre\u201d il turismo dopo i fasti del Grand Tour d\u2019Italie, nato nel XVII secolo: si trattava allora di un turismo d\u2019\u00e9lite, destinato a letterati e nobili avventurieri. Nell\u2019era del boom economico non si [&hellip;]<\/p>\n","protected":false},"author":9,"featured_media":79484,"comment_status":"open","ping_status":"open","sticky":false,"template":"","format":"standard","meta":{"footnotes":""},"categories":[60,77],"tags":[],"class_list":["post-79466","post","type-post","status-publish","format-standard","has-post-thumbnail","hentry","category-iniziative","category-le-mostre"],"acf":[],"yoast_head":"<!-- This site is optimized with the Yoast SEO plugin v25.0 - https:\/\/yoast.com\/wordpress\/plugins\/seo\/ -->\n<title>In viaggio con la P lunga, il turismo sotto inchiesta | Fondazione Pirelli<\/title>\n<meta name=\"description\" content=\"&quot;In viaggio con la P lunga&quot;, una digital exhibtion dedicata al viaggio e al turismo negli anni Cinquanta sulle pagine della Rivista Pirelli. Scopri di pi\u00f9 su fondazionepirelli.org.\" \/>\n<meta name=\"robots\" content=\"index, follow, max-snippet:-1, max-image-preview:large, max-video-preview:-1\" \/>\n<link rel=\"canonical\" href=\"https:\/\/www.fondazionepirelli.org\/it\/iniziative\/il-turismo-sotto-inchiesta\/\" \/>\n<meta property=\"og:locale\" content=\"it_IT\" \/>\n<meta property=\"og:type\" content=\"article\" \/>\n<meta property=\"og:title\" content=\"In viaggio con la P lunga, il turismo sotto inchiesta | Fondazione Pirelli\" \/>\n<meta property=\"og:description\" content=\"&quot;In viaggio con la P lunga&quot;, una digital exhibtion dedicata al viaggio e al turismo negli anni Cinquanta sulle pagine della Rivista Pirelli. Scopri di pi\u00f9 su fondazionepirelli.org.\" \/>\n<meta property=\"og:url\" content=\"https:\/\/www.fondazionepirelli.org\/it\/iniziative\/il-turismo-sotto-inchiesta\/\" \/>\n<meta property=\"og:site_name\" content=\"Fondazione Pirelli\" \/>\n<meta property=\"article:published_time\" content=\"2020-07-12T06:18:21+00:00\" \/>\n<meta property=\"article:modified_time\" content=\"2021-12-17T15:17:36+00:00\" \/>\n<meta property=\"og:image\" content=\"https:\/\/wpsite-assets.fondazionepirelli.org\/wp-content\/uploads\/2020\/07\/01080937\/RP_PP_1955_2_12_001r-e1593587444611.jpg\" \/>\n\t<meta property=\"og:image:width\" content=\"500\" \/>\n\t<meta property=\"og:image:height\" content=\"404\" \/>\n\t<meta property=\"og:image:type\" content=\"image\/jpeg\" \/>\n<meta name=\"author\" content=\"fondazionepirelli\" \/>\n<meta name=\"twitter:card\" content=\"summary_large_image\" \/>\n<meta name=\"twitter:label1\" content=\"Scritto da\" \/>\n\t<meta name=\"twitter:data1\" content=\"fondazionepirelli\" \/>\n\t<meta name=\"twitter:label2\" content=\"Tempo di lettura stimato\" \/>\n\t<meta name=\"twitter:data2\" content=\"2 minuti\" \/>\n<script type=\"application\/ld+json\" class=\"yoast-schema-graph\">{\"@context\":\"https:\/\/schema.org\",\"@graph\":[{\"@type\":\"WebPage\",\"@id\":\"https:\/\/www.fondazionepirelli.org\/it\/iniziative\/il-turismo-sotto-inchiesta\/\",\"url\":\"https:\/\/www.fondazionepirelli.org\/it\/iniziative\/il-turismo-sotto-inchiesta\/\",\"name\":\"In viaggio con la P lunga, il turismo sotto inchiesta | Fondazione Pirelli\",\"isPartOf\":{\"@id\":\"https:\/\/www.fondazionepirelli.org\/it\/#website\"},\"primaryImageOfPage\":{\"@id\":\"https:\/\/www.fondazionepirelli.org\/it\/iniziative\/il-turismo-sotto-inchiesta\/#primaryimage\"},\"image\":{\"@id\":\"https:\/\/www.fondazionepirelli.org\/it\/iniziative\/il-turismo-sotto-inchiesta\/#primaryimage\"},\"thumbnailUrl\":\"https:\/\/wpsite-assets.fondazionepirelli.org\/wp-content\/uploads\/2020\/07\/01080937\/RP_PP_1955_2_12_001r-e1593587444611.jpg\",\"datePublished\":\"2020-07-12T06:18:21+00:00\",\"dateModified\":\"2021-12-17T15:17:36+00:00\",\"author\":{\"@id\":\"https:\/\/www.fondazionepirelli.org\/it\/#\/schema\/person\/c31fcf5937a0e6afa45497f3f8b6d7a0\"},\"description\":\"\\\"In viaggio con la P lunga\\\", una digital exhibtion dedicata al viaggio e al turismo negli anni Cinquanta sulle pagine della Rivista Pirelli. Scopri di pi\u00f9 su fondazionepirelli.org.\",\"breadcrumb\":{\"@id\":\"https:\/\/www.fondazionepirelli.org\/it\/iniziative\/il-turismo-sotto-inchiesta\/#breadcrumb\"},\"inLanguage\":\"it-IT\",\"potentialAction\":[{\"@type\":\"ReadAction\",\"target\":[\"https:\/\/www.fondazionepirelli.org\/it\/iniziative\/il-turismo-sotto-inchiesta\/\"]}]},{\"@type\":\"ImageObject\",\"inLanguage\":\"it-IT\",\"@id\":\"https:\/\/www.fondazionepirelli.org\/it\/iniziative\/il-turismo-sotto-inchiesta\/#primaryimage\",\"url\":\"https:\/\/wpsite-assets.fondazionepirelli.org\/wp-content\/uploads\/2020\/07\/01080937\/RP_PP_1955_2_12_001r-e1593587444611.jpg\",\"contentUrl\":\"https:\/\/wpsite-assets.fondazionepirelli.org\/wp-content\/uploads\/2020\/07\/01080937\/RP_PP_1955_2_12_001r-e1593587444611.jpg\",\"width\":500,\"height\":404},{\"@type\":\"BreadcrumbList\",\"@id\":\"https:\/\/www.fondazionepirelli.org\/it\/iniziative\/il-turismo-sotto-inchiesta\/#breadcrumb\",\"itemListElement\":[{\"@type\":\"ListItem\",\"position\":1,\"name\":\"Home\",\"item\":\"https:\/\/www.fondazionepirelli.org\/it\/\"},{\"@type\":\"ListItem\",\"position\":2,\"name\":\"Il turismo sotto inchiesta\"}]},{\"@type\":\"WebSite\",\"@id\":\"https:\/\/www.fondazionepirelli.org\/it\/#website\",\"url\":\"https:\/\/www.fondazionepirelli.org\/it\/\",\"name\":\"Fondazione Pirelli\",\"description\":\"\",\"potentialAction\":[{\"@type\":\"SearchAction\",\"target\":{\"@type\":\"EntryPoint\",\"urlTemplate\":\"https:\/\/www.fondazionepirelli.org\/it\/?s={search_term_string}\"},\"query-input\":{\"@type\":\"PropertyValueSpecification\",\"valueRequired\":true,\"valueName\":\"search_term_string\"}}],\"inLanguage\":\"it-IT\"},{\"@type\":\"Person\",\"@id\":\"https:\/\/www.fondazionepirelli.org\/it\/#\/schema\/person\/c31fcf5937a0e6afa45497f3f8b6d7a0\",\"name\":\"fondazionepirelli\",\"image\":{\"@type\":\"ImageObject\",\"inLanguage\":\"it-IT\",\"@id\":\"https:\/\/www.fondazionepirelli.org\/it\/#\/schema\/person\/image\/\",\"url\":\"https:\/\/secure.gravatar.com\/avatar\/9cb486421ce1d6eddbf6c4fb66841b4325b786695f7aedf1dde2222428218696?s=96&d=mm&r=g\",\"contentUrl\":\"https:\/\/secure.gravatar.com\/avatar\/9cb486421ce1d6eddbf6c4fb66841b4325b786695f7aedf1dde2222428218696?s=96&d=mm&r=g\",\"caption\":\"fondazionepirelli\"},\"url\":\"https:\/\/www.fondazionepirelli.org\/it\/author\/fondazionepirelli\/\"}]}<\/script>\n<!-- \/ Yoast SEO plugin. -->","yoast_head_json":{"title":"In viaggio con la P lunga, il turismo sotto inchiesta | Fondazione Pirelli","description":"\"In viaggio con la P lunga\", una digital exhibtion dedicata al viaggio e al turismo negli anni Cinquanta sulle pagine della Rivista Pirelli. Scopri di pi\u00f9 su fondazionepirelli.org.","robots":{"index":"index","follow":"follow","max-snippet":"max-snippet:-1","max-image-preview":"max-image-preview:large","max-video-preview":"max-video-preview:-1"},"canonical":"https:\/\/www.fondazionepirelli.org\/it\/iniziative\/il-turismo-sotto-inchiesta\/","og_locale":"it_IT","og_type":"article","og_title":"In viaggio con la P lunga, il turismo sotto inchiesta | Fondazione Pirelli","og_description":"\"In viaggio con la P lunga\", una digital exhibtion dedicata al viaggio e al turismo negli anni Cinquanta sulle pagine della Rivista Pirelli. Scopri di pi\u00f9 su fondazionepirelli.org.","og_url":"https:\/\/www.fondazionepirelli.org\/it\/iniziative\/il-turismo-sotto-inchiesta\/","og_site_name":"Fondazione Pirelli","article_published_time":"2020-07-12T06:18:21+00:00","article_modified_time":"2021-12-17T15:17:36+00:00","og_image":[{"width":500,"height":404,"url":"https:\/\/wpsite-assets.fondazionepirelli.org\/wp-content\/uploads\/2020\/07\/01080937\/RP_PP_1955_2_12_001r-e1593587444611.jpg","type":"image\/jpeg"}],"author":"fondazionepirelli","twitter_card":"summary_large_image","twitter_misc":{"Scritto da":"fondazionepirelli","Tempo di lettura stimato":"2 minuti"},"schema":{"@context":"https:\/\/schema.org","@graph":[{"@type":"WebPage","@id":"https:\/\/www.fondazionepirelli.org\/it\/iniziative\/il-turismo-sotto-inchiesta\/","url":"https:\/\/www.fondazionepirelli.org\/it\/iniziative\/il-turismo-sotto-inchiesta\/","name":"In viaggio con la P lunga, il turismo sotto inchiesta | Fondazione Pirelli","isPartOf":{"@id":"https:\/\/www.fondazionepirelli.org\/it\/#website"},"primaryImageOfPage":{"@id":"https:\/\/www.fondazionepirelli.org\/it\/iniziative\/il-turismo-sotto-inchiesta\/#primaryimage"},"image":{"@id":"https:\/\/www.fondazionepirelli.org\/it\/iniziative\/il-turismo-sotto-inchiesta\/#primaryimage"},"thumbnailUrl":"https:\/\/wpsite-assets.fondazionepirelli.org\/wp-content\/uploads\/2020\/07\/01080937\/RP_PP_1955_2_12_001r-e1593587444611.jpg","datePublished":"2020-07-12T06:18:21+00:00","dateModified":"2021-12-17T15:17:36+00:00","author":{"@id":"https:\/\/www.fondazionepirelli.org\/it\/#\/schema\/person\/c31fcf5937a0e6afa45497f3f8b6d7a0"},"description":"\"In viaggio con la P lunga\", una digital exhibtion dedicata al viaggio e al turismo negli anni Cinquanta sulle pagine della Rivista Pirelli. Scopri di pi\u00f9 su fondazionepirelli.org.","breadcrumb":{"@id":"https:\/\/www.fondazionepirelli.org\/it\/iniziative\/il-turismo-sotto-inchiesta\/#breadcrumb"},"inLanguage":"it-IT","potentialAction":[{"@type":"ReadAction","target":["https:\/\/www.fondazionepirelli.org\/it\/iniziative\/il-turismo-sotto-inchiesta\/"]}]},{"@type":"ImageObject","inLanguage":"it-IT","@id":"https:\/\/www.fondazionepirelli.org\/it\/iniziative\/il-turismo-sotto-inchiesta\/#primaryimage","url":"https:\/\/wpsite-assets.fondazionepirelli.org\/wp-content\/uploads\/2020\/07\/01080937\/RP_PP_1955_2_12_001r-e1593587444611.jpg","contentUrl":"https:\/\/wpsite-assets.fondazionepirelli.org\/wp-content\/uploads\/2020\/07\/01080937\/RP_PP_1955_2_12_001r-e1593587444611.jpg","width":500,"height":404},{"@type":"BreadcrumbList","@id":"https:\/\/www.fondazionepirelli.org\/it\/iniziative\/il-turismo-sotto-inchiesta\/#breadcrumb","itemListElement":[{"@type":"ListItem","position":1,"name":"Home","item":"https:\/\/www.fondazionepirelli.org\/it\/"},{"@type":"ListItem","position":2,"name":"Il turismo sotto inchiesta"}]},{"@type":"WebSite","@id":"https:\/\/www.fondazionepirelli.org\/it\/#website","url":"https:\/\/www.fondazionepirelli.org\/it\/","name":"Fondazione Pirelli","description":"","potentialAction":[{"@type":"SearchAction","target":{"@type":"EntryPoint","urlTemplate":"https:\/\/www.fondazionepirelli.org\/it\/?s={search_term_string}"},"query-input":{"@type":"PropertyValueSpecification","valueRequired":true,"valueName":"search_term_string"}}],"inLanguage":"it-IT"},{"@type":"Person","@id":"https:\/\/www.fondazionepirelli.org\/it\/#\/schema\/person\/c31fcf5937a0e6afa45497f3f8b6d7a0","name":"fondazionepirelli","image":{"@type":"ImageObject","inLanguage":"it-IT","@id":"https:\/\/www.fondazionepirelli.org\/it\/#\/schema\/person\/image\/","url":"https:\/\/secure.gravatar.com\/avatar\/9cb486421ce1d6eddbf6c4fb66841b4325b786695f7aedf1dde2222428218696?s=96&d=mm&r=g","contentUrl":"https:\/\/secure.gravatar.com\/avatar\/9cb486421ce1d6eddbf6c4fb66841b4325b786695f7aedf1dde2222428218696?s=96&d=mm&r=g","caption":"fondazionepirelli"},"url":"https:\/\/www.fondazionepirelli.org\/it\/author\/fondazionepirelli\/"}]}},"_links":{"self":[{"href":"https:\/\/www.fondazionepirelli.org\/it\/wp-json\/wp\/v2\/posts\/79466\/"}],"collection":[{"href":"https:\/\/www.fondazionepirelli.org\/it\/wp-json\/wp\/v2\/posts\/"}],"about":[{"href":"https:\/\/www.fondazionepirelli.org\/it\/wp-json\/wp\/v2\/types\/post\/"}],"author":[{"embeddable":true,"href":"https:\/\/www.fondazionepirelli.org\/it\/wp-json\/wp\/v2\/users\/9\/"}],"replies":[{"embeddable":true,"href":"https:\/\/www.fondazionepirelli.org\/it\/wp-json\/wp\/v2\/comments\/?post=79466"}],"version-history":[{"count":11,"href":"https:\/\/www.fondazionepirelli.org\/it\/wp-json\/wp\/v2\/posts\/79466\/revisions\/"}],"predecessor-version":[{"id":80347,"href":"https:\/\/www.fondazionepirelli.org\/it\/wp-json\/wp\/v2\/posts\/79466\/revisions\/80347\/"}],"wp:featuredmedia":[{"embeddable":true,"href":"https:\/\/www.fondazionepirelli.org\/it\/wp-json\/wp\/v2\/media\/79484\/"}],"wp:attachment":[{"href":"https:\/\/www.fondazionepirelli.org\/it\/wp-json\/wp\/v2\/media\/?parent=79466"}],"wp:term":[{"taxonomy":"category","embeddable":true,"href":"https:\/\/www.fondazionepirelli.org\/it\/wp-json\/wp\/v2\/categories\/?post=79466"},{"taxonomy":"post_tag","embeddable":true,"href":"https:\/\/www.fondazionepirelli.org\/it\/wp-json\/wp\/v2\/tags\/?post=79466"}],"curies":[{"name":"wp","href":"https:\/\/api.w.org\/{rel}","templated":true}]}}