{"id":79474,"date":"2020-07-12T07:22:44","date_gmt":"2020-07-12T06:22:44","guid":{"rendered":"https:\/\/www.fondazionepirelli.org\/?p=79474"},"modified":"2022-01-27T18:01:51","modified_gmt":"2022-01-27T17:01:51","slug":"sguardi-aperti-sul-mondo","status":"publish","type":"post","link":"https:\/\/www.fondazionepirelli.org\/it\/iniziative\/sguardi-aperti-sul-mondo\/","title":{"rendered":"Sguardi aperti sul mondo"},"content":{"rendered":"<p>Una fotografia pu\u00f2 restituire con efficacia e immediatezza il senso di luoghi lontani, di latitudini sconosciute. Quando poi alle capacit\u00e0 di un grande fotografo si uniscono quelle di un grande viaggiatore e narratore, come nel caso di <strong>Fosco Maraini<\/strong>, il risultato pu\u00f2 essere sorprendente. Accade ne \u201c<a href=\"https:\/\/www.fondazionepirelli.org\/archivio-storico\/bookreader\/pubblicazioni-e-riviste\/RivistaPirelli\/1956_4.html#page\/38\/mode\/2up\">L\u2019isola delle pescatrici<\/a>\u201d, articolo firmato da Maraini nel 1956 per la Rivista Pirelli. Insigne orientalista, l\u2019autore svela i segreti del popolo delle <strong>pescatrici giapponesi Ama<\/strong>, che sull\u2019<strong>isola di Ekura <\/strong>si occupano della raccolta sul fondale marino dei preziosi molluschi awabi. Se il testo \u00e8 ispirato da uno sguardo curioso, ancora pi\u00f9 ispirate dalla sacralit\u00e0 orientale sono le foto scattate da Maraini alla festa dell\u2019O Bon. Altre isole pi\u00f9 vicine a noi, nel Mar Egeo, e altri incanti sono invece nell\u2019obiettivo di <strong>Giulia Ferlito<\/strong>, che nel 1958 viaggia per tre settimane in barca dal Pireo alla Calcidica, a <strong>Patmos<\/strong>, a <strong>Rodi<\/strong>. <a href=\"https:\/\/www.rivistapirelli.org\/it\/selezione_antologica\/unisola-al-giorno\/\">Un\u2019isola al giorno<\/a>, ed \u00e8 un trionfo di case bianche e cupole azzurre, mulini a vento, cicogne sui tetti, vele spiegate al meltemi. Ancora Giulia Ferlito, con il cognome acquisito di Pirelli, firma nel 1965 in <a href=\"https:\/\/www.fondazionepirelli.org\/archivio-storico\/bookreader\/pubblicazioni-e-riviste\/RivistaPirelli\/1965_2.html#page\/76\/mode\/2up\"><strong>Kenia<\/strong><\/a> uno splendido reportage in cui ritrae i Masai in magnifici scatti in bianco e nero: sulle pagine della Rivista scorrono i cerchi metallici delle donne Samburu e il ghepardo dell\u2019Amboseli. Ancora isole: \u00e8 Djerba, in <strong>Tunisia<\/strong>, l\u2019omerica \u201c<a href=\"https:\/\/www.fondazionepirelli.org\/archivio-storico\/bookreader\/pubblicazioni-e-riviste\/RivistaPirelli\/1966_1.html#page\/90\/mode\/2up\">isola dei lotofagi<\/a>\u201d, la protagonista delle fotografie di <strong>Marianne Adelmann<\/strong> a corredo dell\u2019articolo di <strong>Tijani Zalila<\/strong> del 1966. L\u2019isola \u00e8 \u201cun\u2019oasi che galleggia sul mare\u201d, e le cupole delle moschee disegnano nette geometrie nell\u2019azzurro del cielo. E poi c\u2019\u00e8 naturalmente <strong>Fulvio Roiter<\/strong>, che immortala le case colorate del Pelourinho di <strong>Salvador de Bahia<\/strong> in \u201c<a href=\"https:\/\/www.fondazionepirelli.org\/archivio-storico\/bookreader\/pubblicazioni-e-riviste\/RivistaPirelli\/1963_5.html#page\/60\/mode\/2up\">Oba Brasil<\/a>\u201d, del 1963, e i paesaggi della \u201cvecchia Europa\u201d nell\u2019articolo <strong>\u201c<a href=\"https:\/\/www.fondazionepirelli.org\/archivio-storico\/bookreader\/pubblicazioni-e-riviste\/RivistaPirelli\/1968_11.html#page\/60\/mode\/2up\">Inafferrabile Bruges<\/a>\u201d<\/strong>, scritto nel 1968 da <strong>Paul van del Bosch<\/strong>. Fino al capolavoro di colori, dal viola, al bianco, all\u2019arancione, della <strong>Madera<\/strong> di \u201c<a href=\"https:\/\/www.fondazionepirelli.org\/archivio-storico\/bookreader\/pubblicazioni-e-riviste\/RivistaPirelli\/1969_1.html#page\/114\/mode\/2up\">A dorso d\u2019uomo<\/a>\u201d, firmato da <strong>Suzanne Chantal<\/strong> nel 1969. Il mondo dentro uno, tanti sguardi, sempre d\u2019autore.<\/p><p><a href=\"https:\/\/www.fondazionepirelli.org\/it\/mostra\/in-viaggio-con-la-p-lunga\/\">Torna alla pagina principale<\/a><\/p>\n","protected":false},"excerpt":{"rendered":"<p>Una fotografia pu\u00f2 restituire con efficacia e immediatezza il senso di luoghi lontani, di latitudini sconosciute. Quando poi alle capacit\u00e0 di un grande fotografo si uniscono quelle di un grande viaggiatore e narratore, come nel caso di Fosco Maraini, il risultato pu\u00f2 essere sorprendente. Accade ne \u201cL\u2019isola delle pescatrici\u201d, articolo firmato da Maraini nel 1956 [&hellip;]<\/p>\n","protected":false},"author":9,"featured_media":79656,"comment_status":"open","ping_status":"open","sticky":false,"template":"","format":"standard","meta":{"footnotes":""},"categories":[60,77],"tags":[],"class_list":["post-79474","post","type-post","status-publish","format-standard","has-post-thumbnail","hentry","category-iniziative","category-le-mostre"],"acf":[],"yoast_head":"<!-- This site is optimized with the Yoast SEO plugin v25.0 - https:\/\/yoast.com\/wordpress\/plugins\/seo\/ -->\n<title>In viaggio con la P lunga, sguardi aperti sul mondo | Fondazione Pirelli<\/title>\n<meta name=\"description\" content=\"Fosco Maraini, Giulia Ferlito, Marianne Adelmann, Fulvio Roiter, i reportage dei grandi fotografi sulla Rivista Pirelli. Scoprili su fondazionepirelli.org.\" \/>\n<meta name=\"robots\" content=\"index, follow, max-snippet:-1, max-image-preview:large, max-video-preview:-1\" \/>\n<link rel=\"canonical\" href=\"https:\/\/www.fondazionepirelli.org\/it\/iniziative\/sguardi-aperti-sul-mondo\/\" \/>\n<meta property=\"og:locale\" content=\"it_IT\" \/>\n<meta property=\"og:type\" content=\"article\" \/>\n<meta property=\"og:title\" content=\"In viaggio con la P lunga, sguardi aperti sul mondo | Fondazione Pirelli\" \/>\n<meta property=\"og:description\" content=\"Fosco Maraini, Giulia Ferlito, Marianne Adelmann, Fulvio Roiter, i reportage dei grandi fotografi sulla Rivista Pirelli. Scoprili su fondazionepirelli.org.\" \/>\n<meta property=\"og:url\" content=\"https:\/\/127.0.0.1\/it\/iniziative\/sguardi-aperti-sul-mondo\/\" \/>\n<meta property=\"og:site_name\" content=\"Fondazione Pirelli\" \/>\n<meta property=\"article:published_time\" content=\"2020-07-12T06:22:44+00:00\" \/>\n<meta property=\"article:modified_time\" content=\"2022-01-27T17:01:51+00:00\" \/>\n<meta property=\"og:image\" content=\"https:\/\/wpsite-assets.fondazionepirelli.org\/wp-content\/uploads\/2020\/07\/01142003\/RP_1965_02_Il-kenya-nero_003-da-unire-con-002-e1593615462459.jpg\" \/>\n\t<meta property=\"og:image:width\" content=\"500\" \/>\n\t<meta property=\"og:image:height\" content=\"677\" \/>\n\t<meta property=\"og:image:type\" content=\"image\/jpeg\" \/>\n<meta name=\"author\" content=\"fondazionepirelli\" \/>\n<meta name=\"twitter:card\" content=\"summary_large_image\" \/>\n<meta name=\"twitter:label1\" content=\"Scritto da\" \/>\n\t<meta name=\"twitter:data1\" content=\"fondazionepirelli\" \/>\n\t<meta name=\"twitter:label2\" content=\"Tempo di lettura stimato\" \/>\n\t<meta name=\"twitter:data2\" content=\"2 minuti\" \/>\n<script type=\"application\/ld+json\" class=\"yoast-schema-graph\">{\"@context\":\"https:\/\/schema.org\",\"@graph\":[{\"@type\":\"WebPage\",\"@id\":\"https:\/\/127.0.0.1\/it\/iniziative\/sguardi-aperti-sul-mondo\/\",\"url\":\"https:\/\/127.0.0.1\/it\/iniziative\/sguardi-aperti-sul-mondo\/\",\"name\":\"In viaggio con la P lunga, sguardi aperti sul mondo | Fondazione Pirelli\",\"isPartOf\":{\"@id\":\"https:\/\/www.fondazionepirelli.org\/it\/#website\"},\"primaryImageOfPage\":{\"@id\":\"https:\/\/127.0.0.1\/it\/iniziative\/sguardi-aperti-sul-mondo\/#primaryimage\"},\"image\":{\"@id\":\"https:\/\/127.0.0.1\/it\/iniziative\/sguardi-aperti-sul-mondo\/#primaryimage\"},\"thumbnailUrl\":\"https:\/\/wpsite-assets.fondazionepirelli.org\/wp-content\/uploads\/2020\/07\/01142003\/RP_1965_02_Il-kenya-nero_003-da-unire-con-002-e1593615462459.jpg\",\"datePublished\":\"2020-07-12T06:22:44+00:00\",\"dateModified\":\"2022-01-27T17:01:51+00:00\",\"author\":{\"@id\":\"https:\/\/www.fondazionepirelli.org\/it\/#\/schema\/person\/c31fcf5937a0e6afa45497f3f8b6d7a0\"},\"description\":\"Fosco Maraini, Giulia Ferlito, Marianne Adelmann, Fulvio Roiter, i reportage dei grandi fotografi sulla Rivista Pirelli. Scoprili su fondazionepirelli.org.\",\"breadcrumb\":{\"@id\":\"https:\/\/127.0.0.1\/it\/iniziative\/sguardi-aperti-sul-mondo\/#breadcrumb\"},\"inLanguage\":\"it-IT\",\"potentialAction\":[{\"@type\":\"ReadAction\",\"target\":[\"https:\/\/127.0.0.1\/it\/iniziative\/sguardi-aperti-sul-mondo\/\"]}]},{\"@type\":\"ImageObject\",\"inLanguage\":\"it-IT\",\"@id\":\"https:\/\/127.0.0.1\/it\/iniziative\/sguardi-aperti-sul-mondo\/#primaryimage\",\"url\":\"https:\/\/wpsite-assets.fondazionepirelli.org\/wp-content\/uploads\/2020\/07\/01142003\/RP_1965_02_Il-kenya-nero_003-da-unire-con-002-e1593615462459.jpg\",\"contentUrl\":\"https:\/\/wpsite-assets.fondazionepirelli.org\/wp-content\/uploads\/2020\/07\/01142003\/RP_1965_02_Il-kenya-nero_003-da-unire-con-002-e1593615462459.jpg\",\"width\":500,\"height\":677},{\"@type\":\"BreadcrumbList\",\"@id\":\"https:\/\/127.0.0.1\/it\/iniziative\/sguardi-aperti-sul-mondo\/#breadcrumb\",\"itemListElement\":[{\"@type\":\"ListItem\",\"position\":1,\"name\":\"Home\",\"item\":\"https:\/\/www.fondazionepirelli.org\/it\/\"},{\"@type\":\"ListItem\",\"position\":2,\"name\":\"Sguardi aperti sul mondo\"}]},{\"@type\":\"WebSite\",\"@id\":\"https:\/\/www.fondazionepirelli.org\/it\/#website\",\"url\":\"https:\/\/www.fondazionepirelli.org\/it\/\",\"name\":\"Fondazione Pirelli\",\"description\":\"\",\"potentialAction\":[{\"@type\":\"SearchAction\",\"target\":{\"@type\":\"EntryPoint\",\"urlTemplate\":\"https:\/\/www.fondazionepirelli.org\/it\/?s={search_term_string}\"},\"query-input\":{\"@type\":\"PropertyValueSpecification\",\"valueRequired\":true,\"valueName\":\"search_term_string\"}}],\"inLanguage\":\"it-IT\"},{\"@type\":\"Person\",\"@id\":\"https:\/\/www.fondazionepirelli.org\/it\/#\/schema\/person\/c31fcf5937a0e6afa45497f3f8b6d7a0\",\"name\":\"fondazionepirelli\",\"image\":{\"@type\":\"ImageObject\",\"inLanguage\":\"it-IT\",\"@id\":\"https:\/\/www.fondazionepirelli.org\/it\/#\/schema\/person\/image\/\",\"url\":\"https:\/\/secure.gravatar.com\/avatar\/9cb486421ce1d6eddbf6c4fb66841b4325b786695f7aedf1dde2222428218696?s=96&d=mm&r=g\",\"contentUrl\":\"https:\/\/secure.gravatar.com\/avatar\/9cb486421ce1d6eddbf6c4fb66841b4325b786695f7aedf1dde2222428218696?s=96&d=mm&r=g\",\"caption\":\"fondazionepirelli\"},\"url\":\"https:\/\/www.fondazionepirelli.org\/it\/author\/fondazionepirelli\/\"}]}<\/script>\n<!-- \/ Yoast SEO plugin. -->","yoast_head_json":{"title":"In viaggio con la P lunga, sguardi aperti sul mondo | Fondazione Pirelli","description":"Fosco Maraini, Giulia Ferlito, Marianne Adelmann, Fulvio Roiter, i reportage dei grandi fotografi sulla Rivista Pirelli. Scoprili su fondazionepirelli.org.","robots":{"index":"index","follow":"follow","max-snippet":"max-snippet:-1","max-image-preview":"max-image-preview:large","max-video-preview":"max-video-preview:-1"},"canonical":"https:\/\/www.fondazionepirelli.org\/it\/iniziative\/sguardi-aperti-sul-mondo\/","og_locale":"it_IT","og_type":"article","og_title":"In viaggio con la P lunga, sguardi aperti sul mondo | Fondazione Pirelli","og_description":"Fosco Maraini, Giulia Ferlito, Marianne Adelmann, Fulvio Roiter, i reportage dei grandi fotografi sulla Rivista Pirelli. Scoprili su fondazionepirelli.org.","og_url":"https:\/\/127.0.0.1\/it\/iniziative\/sguardi-aperti-sul-mondo\/","og_site_name":"Fondazione Pirelli","article_published_time":"2020-07-12T06:22:44+00:00","article_modified_time":"2022-01-27T17:01:51+00:00","og_image":[{"width":500,"height":677,"url":"https:\/\/wpsite-assets.fondazionepirelli.org\/wp-content\/uploads\/2020\/07\/01142003\/RP_1965_02_Il-kenya-nero_003-da-unire-con-002-e1593615462459.jpg","type":"image\/jpeg"}],"author":"fondazionepirelli","twitter_card":"summary_large_image","twitter_misc":{"Scritto da":"fondazionepirelli","Tempo di lettura stimato":"2 minuti"},"schema":{"@context":"https:\/\/schema.org","@graph":[{"@type":"WebPage","@id":"https:\/\/127.0.0.1\/it\/iniziative\/sguardi-aperti-sul-mondo\/","url":"https:\/\/127.0.0.1\/it\/iniziative\/sguardi-aperti-sul-mondo\/","name":"In viaggio con la P lunga, sguardi aperti sul mondo | Fondazione Pirelli","isPartOf":{"@id":"https:\/\/www.fondazionepirelli.org\/it\/#website"},"primaryImageOfPage":{"@id":"https:\/\/127.0.0.1\/it\/iniziative\/sguardi-aperti-sul-mondo\/#primaryimage"},"image":{"@id":"https:\/\/127.0.0.1\/it\/iniziative\/sguardi-aperti-sul-mondo\/#primaryimage"},"thumbnailUrl":"https:\/\/wpsite-assets.fondazionepirelli.org\/wp-content\/uploads\/2020\/07\/01142003\/RP_1965_02_Il-kenya-nero_003-da-unire-con-002-e1593615462459.jpg","datePublished":"2020-07-12T06:22:44+00:00","dateModified":"2022-01-27T17:01:51+00:00","author":{"@id":"https:\/\/www.fondazionepirelli.org\/it\/#\/schema\/person\/c31fcf5937a0e6afa45497f3f8b6d7a0"},"description":"Fosco Maraini, Giulia Ferlito, Marianne Adelmann, Fulvio Roiter, i reportage dei grandi fotografi sulla Rivista Pirelli. Scoprili su fondazionepirelli.org.","breadcrumb":{"@id":"https:\/\/127.0.0.1\/it\/iniziative\/sguardi-aperti-sul-mondo\/#breadcrumb"},"inLanguage":"it-IT","potentialAction":[{"@type":"ReadAction","target":["https:\/\/127.0.0.1\/it\/iniziative\/sguardi-aperti-sul-mondo\/"]}]},{"@type":"ImageObject","inLanguage":"it-IT","@id":"https:\/\/127.0.0.1\/it\/iniziative\/sguardi-aperti-sul-mondo\/#primaryimage","url":"https:\/\/wpsite-assets.fondazionepirelli.org\/wp-content\/uploads\/2020\/07\/01142003\/RP_1965_02_Il-kenya-nero_003-da-unire-con-002-e1593615462459.jpg","contentUrl":"https:\/\/wpsite-assets.fondazionepirelli.org\/wp-content\/uploads\/2020\/07\/01142003\/RP_1965_02_Il-kenya-nero_003-da-unire-con-002-e1593615462459.jpg","width":500,"height":677},{"@type":"BreadcrumbList","@id":"https:\/\/127.0.0.1\/it\/iniziative\/sguardi-aperti-sul-mondo\/#breadcrumb","itemListElement":[{"@type":"ListItem","position":1,"name":"Home","item":"https:\/\/www.fondazionepirelli.org\/it\/"},{"@type":"ListItem","position":2,"name":"Sguardi aperti sul mondo"}]},{"@type":"WebSite","@id":"https:\/\/www.fondazionepirelli.org\/it\/#website","url":"https:\/\/www.fondazionepirelli.org\/it\/","name":"Fondazione Pirelli","description":"","potentialAction":[{"@type":"SearchAction","target":{"@type":"EntryPoint","urlTemplate":"https:\/\/www.fondazionepirelli.org\/it\/?s={search_term_string}"},"query-input":{"@type":"PropertyValueSpecification","valueRequired":true,"valueName":"search_term_string"}}],"inLanguage":"it-IT"},{"@type":"Person","@id":"https:\/\/www.fondazionepirelli.org\/it\/#\/schema\/person\/c31fcf5937a0e6afa45497f3f8b6d7a0","name":"fondazionepirelli","image":{"@type":"ImageObject","inLanguage":"it-IT","@id":"https:\/\/www.fondazionepirelli.org\/it\/#\/schema\/person\/image\/","url":"https:\/\/secure.gravatar.com\/avatar\/9cb486421ce1d6eddbf6c4fb66841b4325b786695f7aedf1dde2222428218696?s=96&d=mm&r=g","contentUrl":"https:\/\/secure.gravatar.com\/avatar\/9cb486421ce1d6eddbf6c4fb66841b4325b786695f7aedf1dde2222428218696?s=96&d=mm&r=g","caption":"fondazionepirelli"},"url":"https:\/\/www.fondazionepirelli.org\/it\/author\/fondazionepirelli\/"}]}},"_links":{"self":[{"href":"https:\/\/www.fondazionepirelli.org\/it\/wp-json\/wp\/v2\/posts\/79474\/"}],"collection":[{"href":"https:\/\/www.fondazionepirelli.org\/it\/wp-json\/wp\/v2\/posts\/"}],"about":[{"href":"https:\/\/www.fondazionepirelli.org\/it\/wp-json\/wp\/v2\/types\/post\/"}],"author":[{"embeddable":true,"href":"https:\/\/www.fondazionepirelli.org\/it\/wp-json\/wp\/v2\/users\/9\/"}],"replies":[{"embeddable":true,"href":"https:\/\/www.fondazionepirelli.org\/it\/wp-json\/wp\/v2\/comments\/?post=79474"}],"version-history":[{"count":12,"href":"https:\/\/www.fondazionepirelli.org\/it\/wp-json\/wp\/v2\/posts\/79474\/revisions\/"}],"predecessor-version":[{"id":80309,"href":"https:\/\/www.fondazionepirelli.org\/it\/wp-json\/wp\/v2\/posts\/79474\/revisions\/80309\/"}],"wp:featuredmedia":[{"embeddable":true,"href":"https:\/\/www.fondazionepirelli.org\/it\/wp-json\/wp\/v2\/media\/79656\/"}],"wp:attachment":[{"href":"https:\/\/www.fondazionepirelli.org\/it\/wp-json\/wp\/v2\/media\/?parent=79474"}],"wp:term":[{"taxonomy":"category","embeddable":true,"href":"https:\/\/www.fondazionepirelli.org\/it\/wp-json\/wp\/v2\/categories\/?post=79474"},{"taxonomy":"post_tag","embeddable":true,"href":"https:\/\/www.fondazionepirelli.org\/it\/wp-json\/wp\/v2\/tags\/?post=79474"}],"curies":[{"name":"wp","href":"https:\/\/api.w.org\/{rel}","templated":true}]}}