{"id":79766,"date":"2020-07-06T09:13:48","date_gmt":"2020-07-06T08:13:48","guid":{"rendered":"https:\/\/www.fondazionepirelli.org\/?p=79766"},"modified":"2020-07-06T09:13:48","modified_gmt":"2020-07-06T08:13:48","slug":"visione-di-lungo-periodo-per-fare-bene-subito","status":"publish","type":"post","link":"https:\/\/www.fondazionepirelli.org\/it\/cultura-dimpresa\/visione-di-lungo-periodo-per-fare-bene-subito\/","title":{"rendered":"Visione di lungo periodo per fare bene subito"},"content":{"rendered":"<p><em>Un intervento del Governatore di Banca d\u2019Italia fornisce una lucida analisi della situazione e delle prospettive del Paese<\/em><\/p>\n<p>Fare subito e bene. E con uno sguardo lungo al futuro. E\u2019 il messaggio che il Governatore della Banca d\u2019Italia, Ignazio Visco, ha lanciato in \u201cLe prospettive e le necessit\u00e0 di riforma dell\u2019economia italiana\u201d, intervento tenuto nell\u2019ambito degli Stati generali del Paese del giugno 2020. L\u2019analisi di Visco \u00e8 utile almeno per due motivi: contiene una sintesi efficace della situazione e delle prospettive possibili, \u00e8 scritta con un linguaggio attento e chiaro: cosa rara, soprattutto di questi tempi.<\/p>\n<p>Ed \u00e8 un piano in pi\u00f9 mosse, quello che Visco propone. Un progetto di ampio respiro fatto di misure economiche puntuali e, soprattutto qui, di uno spirito positivo e propositivo che ancora troppo poco s\u2019\u00e8 diffuso nelle istituzioni e nell\u2019economia.<\/p>\n<p>Il Governatore non si nasconde certo la complessit\u00e0 e l\u2019incertezza della situazione, ma spiega: \u201cQuesta elevata incertezza non deve per\u00f2 costituire una scusa per non agire\u201d. Ma come? Sul piano del metodo e della pi\u00f9 pura cultura economica, Visco ricorda, come aveva gi\u00e0 fatto poco tempo fa, il pensiero di Keynes che 80 anni or sono \u201csuggeriva possibili modi di affrontare, sul piano economico, le difficolt\u00e0 di una grande guerra\u201d. La migliore strategia per l\u2019immediato, dice quindi Visco, \u201c\u00e8 quella di mettere a punto un buon piano per il medio-lungo periodo\u201d.<\/p>\n<p>Visione lunga, quindi, quella che indica Visco che nello stesso intervento dice che \u201cun progetto compiuto rende pi\u00f9 chiara la prospettiva, influisce positivamente sulle aspettative, accresce la fiducia\u201d.<\/p>\n<p>Il Governatore quindi indica tre macroaree nelle quali intervenire: l\u2019amministrazione pubblica, l\u2019innovazione e salvaguardia del patrimonio naturale e artistico del Paese. Ci\u00f2 che pi\u00f9 conta, oltre a tutto questo, \u00e8 per\u00f2 il senso dell\u2019agire che Visco comunica, oltre che l\u2019attenzione alla persona piuttosto che solo ai numeri.\u00a0 \u201cLe risorse \u2013 dice Visco -, vanno indirizzate dove \u00e8 possibile ottenere i rendimenti sociali pi\u00f9 elevati\u201d.<\/p>\n<p>Capacit\u00e0 di progetto, dunque, e quindi visione positiva di un futuro che dipende dalle risorse del Paese, presenti nonostante tutto. Quanto indicato da Visco \u00e8 da leggere, non solo per la sintesi efficace dell\u2019oggi, ma anche per la crescita di una cultura d\u2019impresa che deve essere sempre rivolta a guardare avanti e mai solo indietro.<\/p><p><a href=\"https:\/\/wpsite-assets.fondazionepirelli.org\/wp-content\/uploads\/2020\/07\/06073356\/visco_13062020.pdf\"><strong>Le prospettive e le necessit\u00e0 di riforma dell\u2019economia italiana<\/strong><\/a><\/p>\n<p>Ignazio Visco<\/p>\n<p>Consultazione nazionale, Roma, 13 giugno 2020<\/p>\n","protected":false},"excerpt":{"rendered":"<p>Un intervento del Governatore di Banca d\u2019Italia fornisce una lucida analisi della situazione e delle prospettive del Paese Fare subito e bene. E con uno sguardo lungo al futuro. E\u2019 il messaggio che il Governatore della Banca d\u2019Italia, Ignazio Visco, ha lanciato in \u201cLe prospettive e le necessit\u00e0 di riforma dell\u2019economia italiana\u201d, intervento tenuto nell\u2019ambito [&hellip;]<\/p>\n","protected":false},"author":9,"featured_media":0,"comment_status":"open","ping_status":"open","sticky":false,"template":"","format":"standard","meta":{"footnotes":""},"categories":[54,52],"tags":[],"class_list":["post-79766","post","type-post","status-publish","format-standard","hentry","category-approfondimenti","category-cultura-dimpresa"],"acf":[],"yoast_head":"<!-- This site is optimized with the Yoast SEO plugin v25.0 - https:\/\/yoast.com\/wordpress\/plugins\/seo\/ -->\n<title>Visione di lungo periodo per fare bene subito - Fondazione Pirelli<\/title>\n<meta name=\"robots\" content=\"index, follow, max-snippet:-1, max-image-preview:large, max-video-preview:-1\" \/>\n<link rel=\"canonical\" href=\"https:\/\/www.fondazionepirelli.org\/it\/cultura-dimpresa\/visione-di-lungo-periodo-per-fare-bene-subito\/\" \/>\n<meta property=\"og:locale\" content=\"it_IT\" \/>\n<meta property=\"og:type\" content=\"article\" \/>\n<meta property=\"og:title\" content=\"Visione di lungo periodo per fare bene subito - Fondazione Pirelli\" \/>\n<meta property=\"og:description\" content=\"Un intervento del Governatore di Banca d\u2019Italia fornisce una lucida analisi della situazione e delle prospettive del Paese Fare subito e bene. E con uno sguardo lungo al futuro. E\u2019 il messaggio che il Governatore della Banca d\u2019Italia, Ignazio Visco, ha lanciato in \u201cLe prospettive e le necessit\u00e0 di riforma dell\u2019economia italiana\u201d, intervento tenuto nell\u2019ambito [&hellip;]\" \/>\n<meta property=\"og:url\" content=\"https:\/\/127.0.0.1\/it\/cultura-dimpresa\/visione-di-lungo-periodo-per-fare-bene-subito\/\" \/>\n<meta property=\"og:site_name\" content=\"Fondazione Pirelli\" \/>\n<meta property=\"article:published_time\" content=\"2020-07-06T08:13:48+00:00\" \/>\n<meta name=\"author\" content=\"fondazionepirelli\" \/>\n<meta name=\"twitter:card\" content=\"summary_large_image\" \/>\n<meta name=\"twitter:label1\" content=\"Scritto da\" \/>\n\t<meta name=\"twitter:data1\" content=\"fondazionepirelli\" \/>\n\t<meta name=\"twitter:label2\" content=\"Tempo di lettura stimato\" \/>\n\t<meta name=\"twitter:data2\" content=\"2 minuti\" \/>\n<script type=\"application\/ld+json\" class=\"yoast-schema-graph\">{\"@context\":\"https:\/\/schema.org\",\"@graph\":[{\"@type\":\"WebPage\",\"@id\":\"https:\/\/127.0.0.1\/it\/cultura-dimpresa\/visione-di-lungo-periodo-per-fare-bene-subito\/\",\"url\":\"https:\/\/127.0.0.1\/it\/cultura-dimpresa\/visione-di-lungo-periodo-per-fare-bene-subito\/\",\"name\":\"Visione di lungo periodo per fare bene subito - Fondazione Pirelli\",\"isPartOf\":{\"@id\":\"https:\/\/www.fondazionepirelli.org\/it\/#website\"},\"datePublished\":\"2020-07-06T08:13:48+00:00\",\"author\":{\"@id\":\"https:\/\/www.fondazionepirelli.org\/it\/#\/schema\/person\/c31fcf5937a0e6afa45497f3f8b6d7a0\"},\"breadcrumb\":{\"@id\":\"https:\/\/127.0.0.1\/it\/cultura-dimpresa\/visione-di-lungo-periodo-per-fare-bene-subito\/#breadcrumb\"},\"inLanguage\":\"it-IT\",\"potentialAction\":[{\"@type\":\"ReadAction\",\"target\":[\"https:\/\/127.0.0.1\/it\/cultura-dimpresa\/visione-di-lungo-periodo-per-fare-bene-subito\/\"]}]},{\"@type\":\"BreadcrumbList\",\"@id\":\"https:\/\/127.0.0.1\/it\/cultura-dimpresa\/visione-di-lungo-periodo-per-fare-bene-subito\/#breadcrumb\",\"itemListElement\":[{\"@type\":\"ListItem\",\"position\":1,\"name\":\"Home\",\"item\":\"https:\/\/www.fondazionepirelli.org\/it\/\"},{\"@type\":\"ListItem\",\"position\":2,\"name\":\"Visione di lungo periodo per fare bene subito\"}]},{\"@type\":\"WebSite\",\"@id\":\"https:\/\/www.fondazionepirelli.org\/it\/#website\",\"url\":\"https:\/\/www.fondazionepirelli.org\/it\/\",\"name\":\"Fondazione Pirelli\",\"description\":\"\",\"potentialAction\":[{\"@type\":\"SearchAction\",\"target\":{\"@type\":\"EntryPoint\",\"urlTemplate\":\"https:\/\/www.fondazionepirelli.org\/it\/?s={search_term_string}\"},\"query-input\":{\"@type\":\"PropertyValueSpecification\",\"valueRequired\":true,\"valueName\":\"search_term_string\"}}],\"inLanguage\":\"it-IT\"},{\"@type\":\"Person\",\"@id\":\"https:\/\/www.fondazionepirelli.org\/it\/#\/schema\/person\/c31fcf5937a0e6afa45497f3f8b6d7a0\",\"name\":\"fondazionepirelli\",\"image\":{\"@type\":\"ImageObject\",\"inLanguage\":\"it-IT\",\"@id\":\"https:\/\/www.fondazionepirelli.org\/it\/#\/schema\/person\/image\/\",\"url\":\"https:\/\/secure.gravatar.com\/avatar\/9cb486421ce1d6eddbf6c4fb66841b4325b786695f7aedf1dde2222428218696?s=96&d=mm&r=g\",\"contentUrl\":\"https:\/\/secure.gravatar.com\/avatar\/9cb486421ce1d6eddbf6c4fb66841b4325b786695f7aedf1dde2222428218696?s=96&d=mm&r=g\",\"caption\":\"fondazionepirelli\"},\"url\":\"https:\/\/www.fondazionepirelli.org\/it\/author\/fondazionepirelli\/\"}]}<\/script>\n<!-- \/ Yoast SEO plugin. -->","yoast_head_json":{"title":"Visione di lungo periodo per fare bene subito - Fondazione Pirelli","robots":{"index":"index","follow":"follow","max-snippet":"max-snippet:-1","max-image-preview":"max-image-preview:large","max-video-preview":"max-video-preview:-1"},"canonical":"https:\/\/www.fondazionepirelli.org\/it\/cultura-dimpresa\/visione-di-lungo-periodo-per-fare-bene-subito\/","og_locale":"it_IT","og_type":"article","og_title":"Visione di lungo periodo per fare bene subito - Fondazione Pirelli","og_description":"Un intervento del Governatore di Banca d\u2019Italia fornisce una lucida analisi della situazione e delle prospettive del Paese Fare subito e bene. E con uno sguardo lungo al futuro. E\u2019 il messaggio che il Governatore della Banca d\u2019Italia, Ignazio Visco, ha lanciato in \u201cLe prospettive e le necessit\u00e0 di riforma dell\u2019economia italiana\u201d, intervento tenuto nell\u2019ambito [&hellip;]","og_url":"https:\/\/127.0.0.1\/it\/cultura-dimpresa\/visione-di-lungo-periodo-per-fare-bene-subito\/","og_site_name":"Fondazione Pirelli","article_published_time":"2020-07-06T08:13:48+00:00","author":"fondazionepirelli","twitter_card":"summary_large_image","twitter_misc":{"Scritto da":"fondazionepirelli","Tempo di lettura stimato":"2 minuti"},"schema":{"@context":"https:\/\/schema.org","@graph":[{"@type":"WebPage","@id":"https:\/\/127.0.0.1\/it\/cultura-dimpresa\/visione-di-lungo-periodo-per-fare-bene-subito\/","url":"https:\/\/127.0.0.1\/it\/cultura-dimpresa\/visione-di-lungo-periodo-per-fare-bene-subito\/","name":"Visione di lungo periodo per fare bene subito - Fondazione Pirelli","isPartOf":{"@id":"https:\/\/www.fondazionepirelli.org\/it\/#website"},"datePublished":"2020-07-06T08:13:48+00:00","author":{"@id":"https:\/\/www.fondazionepirelli.org\/it\/#\/schema\/person\/c31fcf5937a0e6afa45497f3f8b6d7a0"},"breadcrumb":{"@id":"https:\/\/127.0.0.1\/it\/cultura-dimpresa\/visione-di-lungo-periodo-per-fare-bene-subito\/#breadcrumb"},"inLanguage":"it-IT","potentialAction":[{"@type":"ReadAction","target":["https:\/\/127.0.0.1\/it\/cultura-dimpresa\/visione-di-lungo-periodo-per-fare-bene-subito\/"]}]},{"@type":"BreadcrumbList","@id":"https:\/\/127.0.0.1\/it\/cultura-dimpresa\/visione-di-lungo-periodo-per-fare-bene-subito\/#breadcrumb","itemListElement":[{"@type":"ListItem","position":1,"name":"Home","item":"https:\/\/www.fondazionepirelli.org\/it\/"},{"@type":"ListItem","position":2,"name":"Visione di lungo periodo per fare bene subito"}]},{"@type":"WebSite","@id":"https:\/\/www.fondazionepirelli.org\/it\/#website","url":"https:\/\/www.fondazionepirelli.org\/it\/","name":"Fondazione Pirelli","description":"","potentialAction":[{"@type":"SearchAction","target":{"@type":"EntryPoint","urlTemplate":"https:\/\/www.fondazionepirelli.org\/it\/?s={search_term_string}"},"query-input":{"@type":"PropertyValueSpecification","valueRequired":true,"valueName":"search_term_string"}}],"inLanguage":"it-IT"},{"@type":"Person","@id":"https:\/\/www.fondazionepirelli.org\/it\/#\/schema\/person\/c31fcf5937a0e6afa45497f3f8b6d7a0","name":"fondazionepirelli","image":{"@type":"ImageObject","inLanguage":"it-IT","@id":"https:\/\/www.fondazionepirelli.org\/it\/#\/schema\/person\/image\/","url":"https:\/\/secure.gravatar.com\/avatar\/9cb486421ce1d6eddbf6c4fb66841b4325b786695f7aedf1dde2222428218696?s=96&d=mm&r=g","contentUrl":"https:\/\/secure.gravatar.com\/avatar\/9cb486421ce1d6eddbf6c4fb66841b4325b786695f7aedf1dde2222428218696?s=96&d=mm&r=g","caption":"fondazionepirelli"},"url":"https:\/\/www.fondazionepirelli.org\/it\/author\/fondazionepirelli\/"}]}},"_links":{"self":[{"href":"https:\/\/www.fondazionepirelli.org\/it\/wp-json\/wp\/v2\/posts\/79766\/"}],"collection":[{"href":"https:\/\/www.fondazionepirelli.org\/it\/wp-json\/wp\/v2\/posts\/"}],"about":[{"href":"https:\/\/www.fondazionepirelli.org\/it\/wp-json\/wp\/v2\/types\/post\/"}],"author":[{"embeddable":true,"href":"https:\/\/www.fondazionepirelli.org\/it\/wp-json\/wp\/v2\/users\/9\/"}],"replies":[{"embeddable":true,"href":"https:\/\/www.fondazionepirelli.org\/it\/wp-json\/wp\/v2\/comments\/?post=79766"}],"version-history":[{"count":1,"href":"https:\/\/www.fondazionepirelli.org\/it\/wp-json\/wp\/v2\/posts\/79766\/revisions\/"}],"predecessor-version":[{"id":79769,"href":"https:\/\/www.fondazionepirelli.org\/it\/wp-json\/wp\/v2\/posts\/79766\/revisions\/79769\/"}],"wp:attachment":[{"href":"https:\/\/www.fondazionepirelli.org\/it\/wp-json\/wp\/v2\/media\/?parent=79766"}],"wp:term":[{"taxonomy":"category","embeddable":true,"href":"https:\/\/www.fondazionepirelli.org\/it\/wp-json\/wp\/v2\/categories\/?post=79766"},{"taxonomy":"post_tag","embeddable":true,"href":"https:\/\/www.fondazionepirelli.org\/it\/wp-json\/wp\/v2\/tags\/?post=79766"}],"curies":[{"name":"wp","href":"https:\/\/api.w.org\/{rel}","templated":true}]}}