{"id":79770,"date":"2020-07-06T09:13:28","date_gmt":"2020-07-06T08:13:28","guid":{"rendered":"https:\/\/www.fondazionepirelli.org\/?p=79770"},"modified":"2020-07-06T09:13:28","modified_gmt":"2020-07-06T08:13:28","slug":"progresso-per-tutti","status":"publish","type":"post","link":"https:\/\/www.fondazionepirelli.org\/it\/cultura-dimpresa\/progresso-per-tutti\/","title":{"rendered":"Progresso per tutti"},"content":{"rendered":"<p><em>L\u2019ultimo libro di un grande storico fa ragionare su uno dei concetti pi\u00f9 importanti per l\u2019uomo<\/em><\/p><p>Guardare avanti. Scorgere un orizzonte migliore del presente. Cercare comunque di trovare un senso a quanto accade. E\u2019 pratica, questa, importante per chiunque voglia consapevolmente rendersi conto di dov\u2019\u00e8. Vale anche per le organizzazioni della produzione, e quindi per imprenditori e <em>manager <\/em>ai quali oltre che il profitto interessi anche il senso della loro attivit\u00e0.<\/p>\n<p>E\u2019 buona cosa allora leggere \u201cProgresso\u201d di Aldo Schiavone (storico e soprattutto acuto osservatore degli intrecci tra storia e realt\u00e0 dell\u2019oggi). Libro breve (poco meno di 140 pagine), ma densissimo di idee e di contenuti, l\u2019ultima fatica letteraria di Schiavone \u00e8 un viaggio attorno e dentro l\u2019idea di progresso vista e raccontata facendo uso di tutta una vita di studi storici e di un grande acume critico (oltre che di una buona capacit\u00e0 di scrivere e raccontare).<\/p>\n<p>L\u2019autore lavora quindi attorno ad una parola che sembra, oggi, quasi da evitare, un ricordo di tempi lontani e di perdute ingenuit\u00e0 intellettuali. Eppure, l\u2019idea di progresso esprime qualcosa di profondo e di essenziale: una rappresentazione della storia senza la quale la nostra identit\u00e0 e la nostra capacit\u00e0 di progettare il futuro sono a rischio. E\u2019 proprio da questo concetto che deriva il valore del libro anche per chi si ritrova a dover \u201cgovernare\u201d un aggregato sociale oppure un\u2019impresa.<\/p>\n<p>Il libro ha una struttura semplice. Prima viene svolta una analisi dell\u2019idea di progresso nel corso della storia, poi viene affrontato il tema del presente e, quindi, di come oggi approcciarsi alla stessa idea di progresso e di quanto questa debba ancora essere considerata. Scrive Schiavone: \u201cLa consapevolezza del passato (\u2026) aiuta a concentraci sulla sfida\u00a0 che ci aspetta: una prova chiede di adeguare a un salto tecnologico vertiginoso (appena cominciato e gi\u00e0 sconvolgente) una capacit\u00e0 di costruzione sociale, etica, politica, giuridica in grado di sostenerne gli effetti e di orientarli nel verso che finora non \u00e8 stato mai smarrito, nonostante terribili cadute e oscure tortuosit\u00e0: quello di una maggiore libert\u00e0 dell\u2019umane, e di una sua maggiore capacit\u00e0 di comprendere e di realizzarsi\u201d.<\/p>\n<p>Il libro di Schiavone d\u00e0 vivo tutto il senso di speranza che comunque \u00e8 possibile trarre dalla condizione umana. A patto che si sappia bene stabilire cosa occorre fare. Scritto poco prima della pandemia di Covid-19, \u201cProgresso\u201d acquista di questi tempi ancora pi\u00f9 significato.<\/p><p><strong>Progresso<\/strong><\/p>\n<p>Aldo Schiavone<\/p>\n<p>il Mulino, 2020<\/p>","protected":false},"excerpt":{"rendered":"<p>L\u2019ultimo libro di un grande storico fa ragionare su uno dei concetti pi\u00f9 importanti per l\u2019uomoGuardare avanti. Scorgere un orizzonte migliore del presente. Cercare comunque di trovare un senso a quanto accade. E\u2019 pratica, questa, importante per chiunque voglia consapevolmente rendersi conto di dov\u2019\u00e8. Vale anche per le organizzazioni della produzione, e quindi per imprenditori [&hellip;]<\/p>\n","protected":false},"author":9,"featured_media":79771,"comment_status":"open","ping_status":"open","sticky":false,"template":"","format":"standard","meta":{"footnotes":""},"categories":[52,58],"tags":[],"class_list":["post-79770","post","type-post","status-publish","format-standard","has-post-thumbnail","hentry","category-cultura-dimpresa","category-recensioni-libri"],"acf":[],"yoast_head":"<!-- This site is optimized with the Yoast SEO plugin v25.0 - https:\/\/yoast.com\/wordpress\/plugins\/seo\/ -->\n<title>Progresso per tutti - Fondazione Pirelli<\/title>\n<meta name=\"robots\" content=\"index, follow, max-snippet:-1, max-image-preview:large, max-video-preview:-1\" \/>\n<link rel=\"canonical\" href=\"https:\/\/www.fondazionepirelli.org\/it\/cultura-dimpresa\/progresso-per-tutti\/\" \/>\n<meta property=\"og:locale\" content=\"it_IT\" \/>\n<meta property=\"og:type\" content=\"article\" \/>\n<meta property=\"og:title\" content=\"Progresso per tutti - Fondazione Pirelli\" \/>\n<meta property=\"og:description\" content=\"L\u2019ultimo libro di un grande storico fa ragionare su uno dei concetti pi\u00f9 importanti per l\u2019uomoGuardare avanti. Scorgere un orizzonte migliore del presente. Cercare comunque di trovare un senso a quanto accade. E\u2019 pratica, questa, importante per chiunque voglia consapevolmente rendersi conto di dov\u2019\u00e8. Vale anche per le organizzazioni della produzione, e quindi per imprenditori [&hellip;]\" \/>\n<meta property=\"og:url\" content=\"https:\/\/www.fondazionepirelli.org\/it\/cultura-dimpresa\/progresso-per-tutti\/\" \/>\n<meta property=\"og:site_name\" content=\"Fondazione Pirelli\" \/>\n<meta property=\"article:published_time\" content=\"2020-07-06T08:13:28+00:00\" \/>\n<meta property=\"og:image\" content=\"https:\/\/wpsite-assets.fondazionepirelli.org\/wp-content\/uploads\/2020\/07\/06073740\/612nBtGlWFL-e1594017470282.jpg\" \/>\n\t<meta property=\"og:image:width\" content=\"400\" \/>\n\t<meta property=\"og:image:height\" content=\"636\" \/>\n\t<meta property=\"og:image:type\" content=\"image\/jpeg\" \/>\n<meta name=\"author\" content=\"fondazionepirelli\" \/>\n<meta name=\"twitter:card\" content=\"summary_large_image\" \/>\n<meta name=\"twitter:label1\" content=\"Scritto da\" \/>\n\t<meta name=\"twitter:data1\" content=\"fondazionepirelli\" \/>\n\t<meta name=\"twitter:label2\" content=\"Tempo di lettura stimato\" \/>\n\t<meta name=\"twitter:data2\" content=\"2 minuti\" \/>\n<script type=\"application\/ld+json\" class=\"yoast-schema-graph\">{\"@context\":\"https:\/\/schema.org\",\"@graph\":[{\"@type\":\"WebPage\",\"@id\":\"https:\/\/www.fondazionepirelli.org\/it\/cultura-dimpresa\/progresso-per-tutti\/\",\"url\":\"https:\/\/www.fondazionepirelli.org\/it\/cultura-dimpresa\/progresso-per-tutti\/\",\"name\":\"Progresso per tutti - Fondazione Pirelli\",\"isPartOf\":{\"@id\":\"https:\/\/www.fondazionepirelli.org\/it\/#website\"},\"primaryImageOfPage\":{\"@id\":\"https:\/\/www.fondazionepirelli.org\/it\/cultura-dimpresa\/progresso-per-tutti\/#primaryimage\"},\"image\":{\"@id\":\"https:\/\/www.fondazionepirelli.org\/it\/cultura-dimpresa\/progresso-per-tutti\/#primaryimage\"},\"thumbnailUrl\":\"https:\/\/wpsite-assets.fondazionepirelli.org\/wp-content\/uploads\/2020\/07\/06073740\/612nBtGlWFL-e1594017470282.jpg\",\"datePublished\":\"2020-07-06T08:13:28+00:00\",\"author\":{\"@id\":\"https:\/\/www.fondazionepirelli.org\/it\/#\/schema\/person\/c31fcf5937a0e6afa45497f3f8b6d7a0\"},\"breadcrumb\":{\"@id\":\"https:\/\/www.fondazionepirelli.org\/it\/cultura-dimpresa\/progresso-per-tutti\/#breadcrumb\"},\"inLanguage\":\"it-IT\",\"potentialAction\":[{\"@type\":\"ReadAction\",\"target\":[\"https:\/\/www.fondazionepirelli.org\/it\/cultura-dimpresa\/progresso-per-tutti\/\"]}]},{\"@type\":\"ImageObject\",\"inLanguage\":\"it-IT\",\"@id\":\"https:\/\/www.fondazionepirelli.org\/it\/cultura-dimpresa\/progresso-per-tutti\/#primaryimage\",\"url\":\"https:\/\/wpsite-assets.fondazionepirelli.org\/wp-content\/uploads\/2020\/07\/06073740\/612nBtGlWFL-e1594017470282.jpg\",\"contentUrl\":\"https:\/\/wpsite-assets.fondazionepirelli.org\/wp-content\/uploads\/2020\/07\/06073740\/612nBtGlWFL-e1594017470282.jpg\",\"width\":400,\"height\":636},{\"@type\":\"BreadcrumbList\",\"@id\":\"https:\/\/www.fondazionepirelli.org\/it\/cultura-dimpresa\/progresso-per-tutti\/#breadcrumb\",\"itemListElement\":[{\"@type\":\"ListItem\",\"position\":1,\"name\":\"Home\",\"item\":\"https:\/\/www.fondazionepirelli.org\/it\/\"},{\"@type\":\"ListItem\",\"position\":2,\"name\":\"Progresso per tutti\"}]},{\"@type\":\"WebSite\",\"@id\":\"https:\/\/www.fondazionepirelli.org\/it\/#website\",\"url\":\"https:\/\/www.fondazionepirelli.org\/it\/\",\"name\":\"Fondazione Pirelli\",\"description\":\"\",\"potentialAction\":[{\"@type\":\"SearchAction\",\"target\":{\"@type\":\"EntryPoint\",\"urlTemplate\":\"https:\/\/www.fondazionepirelli.org\/it\/?s={search_term_string}\"},\"query-input\":{\"@type\":\"PropertyValueSpecification\",\"valueRequired\":true,\"valueName\":\"search_term_string\"}}],\"inLanguage\":\"it-IT\"},{\"@type\":\"Person\",\"@id\":\"https:\/\/www.fondazionepirelli.org\/it\/#\/schema\/person\/c31fcf5937a0e6afa45497f3f8b6d7a0\",\"name\":\"fondazionepirelli\",\"image\":{\"@type\":\"ImageObject\",\"inLanguage\":\"it-IT\",\"@id\":\"https:\/\/www.fondazionepirelli.org\/it\/#\/schema\/person\/image\/\",\"url\":\"https:\/\/secure.gravatar.com\/avatar\/9cb486421ce1d6eddbf6c4fb66841b4325b786695f7aedf1dde2222428218696?s=96&d=mm&r=g\",\"contentUrl\":\"https:\/\/secure.gravatar.com\/avatar\/9cb486421ce1d6eddbf6c4fb66841b4325b786695f7aedf1dde2222428218696?s=96&d=mm&r=g\",\"caption\":\"fondazionepirelli\"},\"url\":\"https:\/\/www.fondazionepirelli.org\/it\/author\/fondazionepirelli\/\"}]}<\/script>\n<!-- \/ Yoast SEO plugin. -->","yoast_head_json":{"title":"Progresso per tutti - Fondazione Pirelli","robots":{"index":"index","follow":"follow","max-snippet":"max-snippet:-1","max-image-preview":"max-image-preview:large","max-video-preview":"max-video-preview:-1"},"canonical":"https:\/\/www.fondazionepirelli.org\/it\/cultura-dimpresa\/progresso-per-tutti\/","og_locale":"it_IT","og_type":"article","og_title":"Progresso per tutti - Fondazione Pirelli","og_description":"L\u2019ultimo libro di un grande storico fa ragionare su uno dei concetti pi\u00f9 importanti per l\u2019uomoGuardare avanti. Scorgere un orizzonte migliore del presente. Cercare comunque di trovare un senso a quanto accade. E\u2019 pratica, questa, importante per chiunque voglia consapevolmente rendersi conto di dov\u2019\u00e8. Vale anche per le organizzazioni della produzione, e quindi per imprenditori [&hellip;]","og_url":"https:\/\/www.fondazionepirelli.org\/it\/cultura-dimpresa\/progresso-per-tutti\/","og_site_name":"Fondazione Pirelli","article_published_time":"2020-07-06T08:13:28+00:00","og_image":[{"width":400,"height":636,"url":"https:\/\/wpsite-assets.fondazionepirelli.org\/wp-content\/uploads\/2020\/07\/06073740\/612nBtGlWFL-e1594017470282.jpg","type":"image\/jpeg"}],"author":"fondazionepirelli","twitter_card":"summary_large_image","twitter_misc":{"Scritto da":"fondazionepirelli","Tempo di lettura stimato":"2 minuti"},"schema":{"@context":"https:\/\/schema.org","@graph":[{"@type":"WebPage","@id":"https:\/\/www.fondazionepirelli.org\/it\/cultura-dimpresa\/progresso-per-tutti\/","url":"https:\/\/www.fondazionepirelli.org\/it\/cultura-dimpresa\/progresso-per-tutti\/","name":"Progresso per tutti - Fondazione Pirelli","isPartOf":{"@id":"https:\/\/www.fondazionepirelli.org\/it\/#website"},"primaryImageOfPage":{"@id":"https:\/\/www.fondazionepirelli.org\/it\/cultura-dimpresa\/progresso-per-tutti\/#primaryimage"},"image":{"@id":"https:\/\/www.fondazionepirelli.org\/it\/cultura-dimpresa\/progresso-per-tutti\/#primaryimage"},"thumbnailUrl":"https:\/\/wpsite-assets.fondazionepirelli.org\/wp-content\/uploads\/2020\/07\/06073740\/612nBtGlWFL-e1594017470282.jpg","datePublished":"2020-07-06T08:13:28+00:00","author":{"@id":"https:\/\/www.fondazionepirelli.org\/it\/#\/schema\/person\/c31fcf5937a0e6afa45497f3f8b6d7a0"},"breadcrumb":{"@id":"https:\/\/www.fondazionepirelli.org\/it\/cultura-dimpresa\/progresso-per-tutti\/#breadcrumb"},"inLanguage":"it-IT","potentialAction":[{"@type":"ReadAction","target":["https:\/\/www.fondazionepirelli.org\/it\/cultura-dimpresa\/progresso-per-tutti\/"]}]},{"@type":"ImageObject","inLanguage":"it-IT","@id":"https:\/\/www.fondazionepirelli.org\/it\/cultura-dimpresa\/progresso-per-tutti\/#primaryimage","url":"https:\/\/wpsite-assets.fondazionepirelli.org\/wp-content\/uploads\/2020\/07\/06073740\/612nBtGlWFL-e1594017470282.jpg","contentUrl":"https:\/\/wpsite-assets.fondazionepirelli.org\/wp-content\/uploads\/2020\/07\/06073740\/612nBtGlWFL-e1594017470282.jpg","width":400,"height":636},{"@type":"BreadcrumbList","@id":"https:\/\/www.fondazionepirelli.org\/it\/cultura-dimpresa\/progresso-per-tutti\/#breadcrumb","itemListElement":[{"@type":"ListItem","position":1,"name":"Home","item":"https:\/\/www.fondazionepirelli.org\/it\/"},{"@type":"ListItem","position":2,"name":"Progresso per tutti"}]},{"@type":"WebSite","@id":"https:\/\/www.fondazionepirelli.org\/it\/#website","url":"https:\/\/www.fondazionepirelli.org\/it\/","name":"Fondazione Pirelli","description":"","potentialAction":[{"@type":"SearchAction","target":{"@type":"EntryPoint","urlTemplate":"https:\/\/www.fondazionepirelli.org\/it\/?s={search_term_string}"},"query-input":{"@type":"PropertyValueSpecification","valueRequired":true,"valueName":"search_term_string"}}],"inLanguage":"it-IT"},{"@type":"Person","@id":"https:\/\/www.fondazionepirelli.org\/it\/#\/schema\/person\/c31fcf5937a0e6afa45497f3f8b6d7a0","name":"fondazionepirelli","image":{"@type":"ImageObject","inLanguage":"it-IT","@id":"https:\/\/www.fondazionepirelli.org\/it\/#\/schema\/person\/image\/","url":"https:\/\/secure.gravatar.com\/avatar\/9cb486421ce1d6eddbf6c4fb66841b4325b786695f7aedf1dde2222428218696?s=96&d=mm&r=g","contentUrl":"https:\/\/secure.gravatar.com\/avatar\/9cb486421ce1d6eddbf6c4fb66841b4325b786695f7aedf1dde2222428218696?s=96&d=mm&r=g","caption":"fondazionepirelli"},"url":"https:\/\/www.fondazionepirelli.org\/it\/author\/fondazionepirelli\/"}]}},"_links":{"self":[{"href":"https:\/\/www.fondazionepirelli.org\/it\/wp-json\/wp\/v2\/posts\/79770\/"}],"collection":[{"href":"https:\/\/www.fondazionepirelli.org\/it\/wp-json\/wp\/v2\/posts\/"}],"about":[{"href":"https:\/\/www.fondazionepirelli.org\/it\/wp-json\/wp\/v2\/types\/post\/"}],"author":[{"embeddable":true,"href":"https:\/\/www.fondazionepirelli.org\/it\/wp-json\/wp\/v2\/users\/9\/"}],"replies":[{"embeddable":true,"href":"https:\/\/www.fondazionepirelli.org\/it\/wp-json\/wp\/v2\/comments\/?post=79770"}],"version-history":[{"count":1,"href":"https:\/\/www.fondazionepirelli.org\/it\/wp-json\/wp\/v2\/posts\/79770\/revisions\/"}],"predecessor-version":[{"id":79773,"href":"https:\/\/www.fondazionepirelli.org\/it\/wp-json\/wp\/v2\/posts\/79770\/revisions\/79773\/"}],"wp:featuredmedia":[{"embeddable":true,"href":"https:\/\/www.fondazionepirelli.org\/it\/wp-json\/wp\/v2\/media\/79771\/"}],"wp:attachment":[{"href":"https:\/\/www.fondazionepirelli.org\/it\/wp-json\/wp\/v2\/media\/?parent=79770"}],"wp:term":[{"taxonomy":"category","embeddable":true,"href":"https:\/\/www.fondazionepirelli.org\/it\/wp-json\/wp\/v2\/categories\/?post=79770"},{"taxonomy":"post_tag","embeddable":true,"href":"https:\/\/www.fondazionepirelli.org\/it\/wp-json\/wp\/v2\/tags\/?post=79770"}],"curies":[{"name":"wp","href":"https:\/\/api.w.org\/{rel}","templated":true}]}}