{"id":80335,"date":"2020-07-13T10:02:53","date_gmt":"2020-07-13T09:02:53","guid":{"rendered":"https:\/\/www.fondazionepirelli.org\/?p=80335"},"modified":"2020-07-13T10:02:53","modified_gmt":"2020-07-13T09:02:53","slug":"investire-su-scuola-formazione-e-lavoro-per-usare-bene-il-recovery-fund-della-ue","status":"publish","type":"post","link":"https:\/\/www.fondazionepirelli.org\/it\/cultura-dimpresa\/investire-su-scuola-formazione-e-lavoro-per-usare-bene-il-recovery-fund-della-ue\/","title":{"rendered":"Investire su scuola, formazione e lavoro per usare bene il Recovery Fund della Ue"},"content":{"rendered":"<p>\u201c<strong>Next generation<\/strong>\u201d si chiama il<strong> Recovery Fund c<\/strong>he la Ue sta preparando per aiutare soprattutto i paesi pi\u00f9 colpiti dalla pandemia da Covid 19 e dalla conseguente recessione a uscire dalla crisi. Fin dal nome, dunque, c\u2019\u00e8 uno sguardo verso il futuro, per dare ai giovani europei maggiori e migliori opportunit\u00e0 di crescita. I nomi non sono mai casuali: identificano una condizione e indicano una direzione, parlano di storia e di futuro. E proprio adesso, con sapienza in parte inaspettata e con ambizione lungimirante, l\u2019Europa dichiara che, per uscire dalla crisi economica e sociale pi\u00f9 grave dopo il devastante crollo economico e finanziario del 1929, bisogna rinnovare radicalmente il nostro modo di vivere e guardare alle nuove generazioni, di organizzare l\u2019economia, la scuola, il lavoro. Anche le strade concrete lungo cui muoversi sono chiaramente indicate: <strong><em>green economy <\/em><\/strong>e <strong><em>digital economy<\/em><\/strong>. La sostenibilit\u00e0 ambientale e sociale e l\u2019innovazione, la qualit\u00e0 della vita e delle attivit\u00e0 professionali e la conoscenza. Cui destinare un vasto programma di investimenti pubblici e secondo cui stimolare gli investimenti privati.<\/p>\n<p>E\u2019 questo, dunque, l\u2019orizzonte cui orientare le scelte dei governi nazionali, a cominciare da quello italiano. Proprio per \u201c<strong>Investire sul capitale umano<\/strong>\u201d, come indica il titolo di un volume curato da Assolombarda, in collaborazione con Confindustria Canavese su \u201c<strong>il futuro della formazione<\/strong>\u201d, cio\u00e8 sul tema \u201cdi maggior rilievo strategico per la competitivit\u00e0 delle imprese e lo sviluppo del Paese nel lungo termine\u201d: le persone e \u201ci processi di istruzione e formazione\u201d che qualificano appunto quel capitale umano senza il quale non ci saranno n\u00e9 crescita economica n\u00e9 buoni equilibri sociali. Dunque, \u201cfuturo della formazione legato a doppio filo al futuro del lavoro\u201d: \u201cImprenditori, classe dirigente, insegnanti, decisori pubblici, studenti e lavoratori, tutti sono chiamati a disegnare e a incarnare un nuovo quadro di riferimento rispondente al futuro che si prospetta e che gi\u00e0 cominciamo a intravvedere\u201d, sostiene <strong>Pietro Guindani<\/strong>, presidente di Vodafone e vicepresidente di Assolombarda con la delega su \u201cuniversit\u00e0, innovazione e capitale umano\u201d.<\/p>\n<p>E\u2019 un tema che comincia a trovare spazio nel discorso pubblico. Sul \u201cCorriere della Sera\u201d di domenica 17 maggio Ferruccio de Bortoli aveva molto insistito sulla centralit\u00e0 di un grande investimento sulla scuola, come luogo cardine per il miglioramento della coscienza civile e la formazione di una nuova classe dirigente, mettendo insieme risorse pubbliche e private. Altre voci autorevoli si sono aggiunte nel tempo. La questione, anche in vista della riapertura delle scuole a settembre, occupa uno spazio crescente, nell\u2019attenzione generale, ma senza avere finora, dal governo, indicazioni chiare, efficaci, soddisfacenti. Servono scelte serie, responsabili, lungimiranti.<\/p>\n<p>E\u2019 una sfida su cui proprio le imprese sono particolarmente sensibili. Una sfida di buona politica. Che riguarda il governo e le forze politiche, ma anche gli attori sociali, le persone del mondo della cultura, tutti i cittadini che hanno a cuore lo sviluppo del Paese.<\/p>\n<p>La condizione attuale della formazione, dalla scuola all\u2019universit\u00e0 e ai processi che legano formazione e lavoro \u00e8, purtroppo, tutt\u2019altro che positiva. Alcuni numeri, per capire meglio.<\/p>\n<p>Siamo gli<strong> ultimi in Europa<\/strong> per giovani laureati che, a distanza di tre anni dalla fine degli studi, hanno trovato lavoro: sono appena il 58,7%, rispetto al 93,1% di Malta, al 92,7% della Germania, al 75,7% della Francia al 73% della Spagna (dati Eurostat 2020). La crisi Covid ha ridotto ancora il tasso di occupazione. E se guardiamo meglio all\u2019interno della statistica generale, il tasso del Mezzogiorno \u00e8 molto pi\u00f9 basso di quello medio dell\u2019Italia: una marginalit\u00e0 nella marginalit\u00e0. Proprio nel tempo dominato dalla \u201ceconomia della conoscenza\u201d, affrontiamo la competizione europea e internazionale poco e male attrezzati.<\/p>\n<p>Avevamo gi\u00e0 una quota di laureati molto al di sotto della media Ue, appena il 28% dei giovani tra i 30 e i 34 anni, contro il 40,3% europeo. E un tasso di abbandono della scuola del 14,5%, quart\u2019ultimi in Europa. <strong>Intelligenze sprecate<\/strong>, capacit\u00e0 umiliate, progetti di crescita infranti. E una scala sociale, naturalmente, bloccata: senza studio non ci sono n\u00e9 lavoro n\u00e9 reddito migliori.<\/p>\n<p>Il divario \u00e8 aggravato proprio nel momento in cui la crisi Covid19 ha messo in evidenza anche gli effetti di una crescente \u201cdiseguaglianza digitale\u201d. L\u2019Agcom (l\u2019Authority per le telecomunicazioni) ha rilevato come, di fronte a una copertura territoriale che potenzialmente consente all\u201988,9% delle famiglie di accedere a servizi Internet con velocit\u00e0 pari almeno a 30 Mbps, solo il 37,2% possiede una corrispondente connessione (\u201cIlSole24Ore\u201d, 8 luglio). E, ancora una volta, nel Sud va peggio: da uno studio del Censis sullo stress cui il Coronavirus ha sottoposto l\u2019Italia emerge che nelle regioni meridionali la quota di famiglie prive di personal computer o di tablet supera il 40%, mentre nel Centro Nord si oscilla tra il 25 e il 35%. Appunto, un divario digitale grave, che condiziona anche la formazione (molti bambini e adolescenti sono rimasti tagliati fuori dalla \u201clezioni a distanza\u201d e hanno perso davvero un anno scolastico) e peser\u00e0 moltissimo sulle possibilit\u00e0 di lavoro e di futuro.<\/p>\n<p>Il Rapporto DESI 2020 (Digital Economy and Society Index) della Commissione Ue conferma che l\u2019Italia \u00e8 al 25\u00b0 posto tra i 28 Paesi Ue. Scarsa competenza digitale, bassa produttivit\u00e0, scadente competitivit\u00e0, economia ferma.<\/p>\n<p>Proprio in base a queste considerazioni, i fondi europei vanno usati definendo programmi, tra <em>green <\/em>e <em>digital economy<\/em>, in cui scuola e formazione siano centrali. Investimenti per le infrastrutture scolastiche, materiali e immateriali. Un vasto piano di digitalizzazione, con il 5G d\u2019impianto europeo. Un lavoro attento e di lungo periodo sulla qualit\u00e0 dell\u2019insegnamento, compresa la selezione e il premio ai professori migliori. E un raccordo stretto tra formazione e lavoro. Anche qui torna in primo piano il Recovery Fund europeo: gli stimoli fiscali per Industry4.0, cardine della <em>digital economy<\/em> guidata dall\u2019espansione della \u201c<strong>Intelligenza artificiale<\/strong>\u201d vanno estesi dagli investimenti in impianti e tecnologie a quelli sulla formazione, per persone che siano in grado di progettare e governare produzione e servizi di una <em>data driver economy<\/em>.<\/p>\n<p>Proprio il rapidissimo cambiamento che investe le tecnologie pone una questione di fondo, sulla necessit\u00e0 di tenersi al passo con competenze a continuo rischio di usura e di superamento. E\u2019 necessario dunque avere un sistema scolastico e universitario in cui \u00e8 necessario \u201cimparare a imparare\u201d, acquisire cio\u00e8 conoscenze critiche che nettano le persone in grado di aggiornare o modificare radicalmente le competenze acquisite, conquistarne di nuove, prepararsi a elaborare quelle che si intravvedono.<\/p>\n<p>\u201cLe nuove tecnologie possono risultare inutili se non ci sono persone con le competenze necessarie per utilizzarle. E nello stesso tempo \u00e8 fondamentale che ci siano persone in grado di creare nuove tecnologie. Due aspetti tra loro strettamente connessi che, considerati nel loro insieme, costituiscono l\u2019essenza della crescita economica\u201d, sostiene Patrizia Paglia, presidente di Confindustria Canavese, memore dell\u2019insegnamento di Adriano Olivetti sull\u2019essenzialit\u00e0 della scuola e della formazione in generale.<\/p>\n<p>C\u2019\u00e8 una seconda linea di scelte, su cui orientare gli investimenti: la formazione continua, in un processo costante che occupa tutta la vita. Per lavorare meglio, avere le opportunit\u00e0 di cambiare lavoro acquisendo competenze nuove. Dunque, sintetizza Guindani nel volume Assolombarda, bisogna \u201cspingere verso una maggiore focalizzazione sulle competenze digitali e le discipline <strong>STEM<\/strong>\u201d (l\u2019acronimo che indica <em>science<\/em>, <em>technology<\/em>, <em>engineering<\/em> e <em>mathematics<\/em>); investire su percorsi di <em><strong>re-skilling<\/strong> <\/em>e<strong> <em>up-skilling, <\/em><\/strong>nuova e maggiore formazione professionale per i lavoratori gi\u00e0 inseriti sul mercato. E ancora: \u201cPromuovere le attivit\u00e0 di orientamento, iscrivendo a pieno titolo le imprese come partner del mondo della formazione, per dare vita a corsi di laurea capaci di rispondere realmente alle esigenze di occupabilit\u00e0 dei giovani\u201d. E \u201cattribuire rinnovata dignit\u00e0 e visibilit\u00e0 sociale al comparto tecnico e professionale dell\u2019istruzione: l\u2019istruzione tecnica non pu\u00f2 e non deve essere considerata una scelta secondaria rispetto ai licei\u201d. Il quinto punto: \u201cRiconoscere le imprese come partner formativi della scuola per la costruzione delle figure professionali del futuro, in particolare potenziando gli strumenti dell\u2019alternanza scuola-lavoro e dell\u2019apprendistato\u201d.<\/p>\n<p>Ma c\u2019\u00e8 anche un aspetto generale da mettere al centro della riflessione e dei programmi di investimento sulla scuola. <strong>Sapere e conoscenza<\/strong> sono indispensabili per lavorare e crescere di pi\u00f9 e meglio. Ma servono soprattutto per avere, da cittadini, gli strumenti intellettuali e culturali necessari a decidere sui temi generali che, passando dalla scienza, occupano e condizionano le nostre vite. Se la democrazia \u00e8 partecipazione consapevole, la conoscenza ne \u00e8 cardine fondamentale.<\/p>","protected":false},"excerpt":{"rendered":"<p>\u201cNext generation\u201d si chiama il Recovery Fund che la Ue sta preparando per aiutare soprattutto i paesi pi\u00f9 colpiti dalla pandemia da Covid 19 e dalla conseguente recessione a uscire dalla crisi. Fin dal nome, dunque, c\u2019\u00e8 uno sguardo verso il futuro, per dare ai giovani europei maggiori e migliori opportunit\u00e0 di crescita. I nomi [&hellip;]<\/p>\n","protected":false},"author":9,"featured_media":80363,"comment_status":"open","ping_status":"open","sticky":false,"template":"","format":"standard","meta":{"footnotes":""},"categories":[53,52],"tags":[],"class_list":["post-80335","post","type-post","status-publish","format-standard","has-post-thumbnail","hentry","category-blog","category-cultura-dimpresa"],"acf":[],"yoast_head":"<!-- This site is optimized with the Yoast SEO plugin v25.0 - https:\/\/yoast.com\/wordpress\/plugins\/seo\/ -->\n<title>Investire su scuola, formazione e lavoro per usare bene il Recovery Fund della Ue - Fondazione Pirelli<\/title>\n<meta name=\"robots\" content=\"index, follow, max-snippet:-1, max-image-preview:large, max-video-preview:-1\" \/>\n<link rel=\"canonical\" href=\"https:\/\/www.fondazionepirelli.org\/it\/cultura-dimpresa\/investire-su-scuola-formazione-e-lavoro-per-usare-bene-il-recovery-fund-della-ue\/\" \/>\n<meta property=\"og:locale\" content=\"it_IT\" \/>\n<meta property=\"og:type\" content=\"article\" \/>\n<meta property=\"og:title\" content=\"Investire su scuola, formazione e lavoro per usare bene il Recovery Fund della Ue - Fondazione Pirelli\" \/>\n<meta property=\"og:description\" content=\"\u201cNext generation\u201d si chiama il Recovery Fund che la Ue sta preparando per aiutare soprattutto i paesi pi\u00f9 colpiti dalla pandemia da Covid 19 e dalla conseguente recessione a uscire dalla crisi. Fin dal nome, dunque, c\u2019\u00e8 uno sguardo verso il futuro, per dare ai giovani europei maggiori e migliori opportunit\u00e0 di crescita. I nomi [&hellip;]\" \/>\n<meta property=\"og:url\" content=\"https:\/\/www.fondazionepirelli.org\/it\/cultura-dimpresa\/investire-su-scuola-formazione-e-lavoro-per-usare-bene-il-recovery-fund-della-ue\/\" \/>\n<meta property=\"og:site_name\" content=\"Fondazione Pirelli\" \/>\n<meta property=\"article:published_time\" content=\"2020-07-13T09:02:53+00:00\" \/>\n<meta property=\"og:image\" content=\"https:\/\/wpsite-assets.fondazionepirelli.org\/wp-content\/uploads\/2020\/07\/13100208\/b3a1df2d-a5e9-41bf-82d8-e0552bb7d11e_large-e1594630953269.jpg\" \/>\n\t<meta property=\"og:image:width\" content=\"590\" \/>\n\t<meta property=\"og:image:height\" content=\"393\" \/>\n\t<meta property=\"og:image:type\" content=\"image\/jpeg\" \/>\n<meta name=\"author\" content=\"fondazionepirelli\" \/>\n<meta name=\"twitter:card\" content=\"summary_large_image\" \/>\n<meta name=\"twitter:label1\" content=\"Scritto da\" \/>\n\t<meta name=\"twitter:data1\" content=\"fondazionepirelli\" \/>\n\t<meta name=\"twitter:label2\" content=\"Tempo di lettura stimato\" \/>\n\t<meta name=\"twitter:data2\" content=\"7 minuti\" \/>\n<script type=\"application\/ld+json\" class=\"yoast-schema-graph\">{\"@context\":\"https:\/\/schema.org\",\"@graph\":[{\"@type\":\"WebPage\",\"@id\":\"https:\/\/www.fondazionepirelli.org\/it\/cultura-dimpresa\/investire-su-scuola-formazione-e-lavoro-per-usare-bene-il-recovery-fund-della-ue\/\",\"url\":\"https:\/\/www.fondazionepirelli.org\/it\/cultura-dimpresa\/investire-su-scuola-formazione-e-lavoro-per-usare-bene-il-recovery-fund-della-ue\/\",\"name\":\"Investire su scuola, formazione e lavoro per usare bene il Recovery Fund della Ue - Fondazione Pirelli\",\"isPartOf\":{\"@id\":\"https:\/\/www.fondazionepirelli.org\/it\/#website\"},\"primaryImageOfPage\":{\"@id\":\"https:\/\/www.fondazionepirelli.org\/it\/cultura-dimpresa\/investire-su-scuola-formazione-e-lavoro-per-usare-bene-il-recovery-fund-della-ue\/#primaryimage\"},\"image\":{\"@id\":\"https:\/\/www.fondazionepirelli.org\/it\/cultura-dimpresa\/investire-su-scuola-formazione-e-lavoro-per-usare-bene-il-recovery-fund-della-ue\/#primaryimage\"},\"thumbnailUrl\":\"https:\/\/wpsite-assets.fondazionepirelli.org\/wp-content\/uploads\/2020\/07\/13100208\/b3a1df2d-a5e9-41bf-82d8-e0552bb7d11e_large-e1594630953269.jpg\",\"datePublished\":\"2020-07-13T09:02:53+00:00\",\"author\":{\"@id\":\"https:\/\/www.fondazionepirelli.org\/it\/#\/schema\/person\/c31fcf5937a0e6afa45497f3f8b6d7a0\"},\"breadcrumb\":{\"@id\":\"https:\/\/www.fondazionepirelli.org\/it\/cultura-dimpresa\/investire-su-scuola-formazione-e-lavoro-per-usare-bene-il-recovery-fund-della-ue\/#breadcrumb\"},\"inLanguage\":\"it-IT\",\"potentialAction\":[{\"@type\":\"ReadAction\",\"target\":[\"https:\/\/www.fondazionepirelli.org\/it\/cultura-dimpresa\/investire-su-scuola-formazione-e-lavoro-per-usare-bene-il-recovery-fund-della-ue\/\"]}]},{\"@type\":\"ImageObject\",\"inLanguage\":\"it-IT\",\"@id\":\"https:\/\/www.fondazionepirelli.org\/it\/cultura-dimpresa\/investire-su-scuola-formazione-e-lavoro-per-usare-bene-il-recovery-fund-della-ue\/#primaryimage\",\"url\":\"https:\/\/wpsite-assets.fondazionepirelli.org\/wp-content\/uploads\/2020\/07\/13100208\/b3a1df2d-a5e9-41bf-82d8-e0552bb7d11e_large-e1594630953269.jpg\",\"contentUrl\":\"https:\/\/wpsite-assets.fondazionepirelli.org\/wp-content\/uploads\/2020\/07\/13100208\/b3a1df2d-a5e9-41bf-82d8-e0552bb7d11e_large-e1594630953269.jpg\",\"width\":590,\"height\":393},{\"@type\":\"BreadcrumbList\",\"@id\":\"https:\/\/www.fondazionepirelli.org\/it\/cultura-dimpresa\/investire-su-scuola-formazione-e-lavoro-per-usare-bene-il-recovery-fund-della-ue\/#breadcrumb\",\"itemListElement\":[{\"@type\":\"ListItem\",\"position\":1,\"name\":\"Home\",\"item\":\"https:\/\/www.fondazionepirelli.org\/it\/\"},{\"@type\":\"ListItem\",\"position\":2,\"name\":\"Investire su scuola, formazione e lavoro per usare bene il Recovery Fund della Ue\"}]},{\"@type\":\"WebSite\",\"@id\":\"https:\/\/www.fondazionepirelli.org\/it\/#website\",\"url\":\"https:\/\/www.fondazionepirelli.org\/it\/\",\"name\":\"Fondazione Pirelli\",\"description\":\"\",\"potentialAction\":[{\"@type\":\"SearchAction\",\"target\":{\"@type\":\"EntryPoint\",\"urlTemplate\":\"https:\/\/www.fondazionepirelli.org\/it\/?s={search_term_string}\"},\"query-input\":{\"@type\":\"PropertyValueSpecification\",\"valueRequired\":true,\"valueName\":\"search_term_string\"}}],\"inLanguage\":\"it-IT\"},{\"@type\":\"Person\",\"@id\":\"https:\/\/www.fondazionepirelli.org\/it\/#\/schema\/person\/c31fcf5937a0e6afa45497f3f8b6d7a0\",\"name\":\"fondazionepirelli\",\"image\":{\"@type\":\"ImageObject\",\"inLanguage\":\"it-IT\",\"@id\":\"https:\/\/www.fondazionepirelli.org\/it\/#\/schema\/person\/image\/\",\"url\":\"https:\/\/secure.gravatar.com\/avatar\/9cb486421ce1d6eddbf6c4fb66841b4325b786695f7aedf1dde2222428218696?s=96&d=mm&r=g\",\"contentUrl\":\"https:\/\/secure.gravatar.com\/avatar\/9cb486421ce1d6eddbf6c4fb66841b4325b786695f7aedf1dde2222428218696?s=96&d=mm&r=g\",\"caption\":\"fondazionepirelli\"},\"url\":\"https:\/\/www.fondazionepirelli.org\/it\/author\/fondazionepirelli\/\"}]}<\/script>\n<!-- \/ Yoast SEO plugin. -->","yoast_head_json":{"title":"Investire su scuola, formazione e lavoro per usare bene il Recovery Fund della Ue - Fondazione Pirelli","robots":{"index":"index","follow":"follow","max-snippet":"max-snippet:-1","max-image-preview":"max-image-preview:large","max-video-preview":"max-video-preview:-1"},"canonical":"https:\/\/www.fondazionepirelli.org\/it\/cultura-dimpresa\/investire-su-scuola-formazione-e-lavoro-per-usare-bene-il-recovery-fund-della-ue\/","og_locale":"it_IT","og_type":"article","og_title":"Investire su scuola, formazione e lavoro per usare bene il Recovery Fund della Ue - Fondazione Pirelli","og_description":"\u201cNext generation\u201d si chiama il Recovery Fund che la Ue sta preparando per aiutare soprattutto i paesi pi\u00f9 colpiti dalla pandemia da Covid 19 e dalla conseguente recessione a uscire dalla crisi. Fin dal nome, dunque, c\u2019\u00e8 uno sguardo verso il futuro, per dare ai giovani europei maggiori e migliori opportunit\u00e0 di crescita. I nomi [&hellip;]","og_url":"https:\/\/www.fondazionepirelli.org\/it\/cultura-dimpresa\/investire-su-scuola-formazione-e-lavoro-per-usare-bene-il-recovery-fund-della-ue\/","og_site_name":"Fondazione Pirelli","article_published_time":"2020-07-13T09:02:53+00:00","og_image":[{"width":590,"height":393,"url":"https:\/\/wpsite-assets.fondazionepirelli.org\/wp-content\/uploads\/2020\/07\/13100208\/b3a1df2d-a5e9-41bf-82d8-e0552bb7d11e_large-e1594630953269.jpg","type":"image\/jpeg"}],"author":"fondazionepirelli","twitter_card":"summary_large_image","twitter_misc":{"Scritto da":"fondazionepirelli","Tempo di lettura stimato":"7 minuti"},"schema":{"@context":"https:\/\/schema.org","@graph":[{"@type":"WebPage","@id":"https:\/\/www.fondazionepirelli.org\/it\/cultura-dimpresa\/investire-su-scuola-formazione-e-lavoro-per-usare-bene-il-recovery-fund-della-ue\/","url":"https:\/\/www.fondazionepirelli.org\/it\/cultura-dimpresa\/investire-su-scuola-formazione-e-lavoro-per-usare-bene-il-recovery-fund-della-ue\/","name":"Investire su scuola, formazione e lavoro per usare bene il Recovery Fund della Ue - Fondazione Pirelli","isPartOf":{"@id":"https:\/\/www.fondazionepirelli.org\/it\/#website"},"primaryImageOfPage":{"@id":"https:\/\/www.fondazionepirelli.org\/it\/cultura-dimpresa\/investire-su-scuola-formazione-e-lavoro-per-usare-bene-il-recovery-fund-della-ue\/#primaryimage"},"image":{"@id":"https:\/\/www.fondazionepirelli.org\/it\/cultura-dimpresa\/investire-su-scuola-formazione-e-lavoro-per-usare-bene-il-recovery-fund-della-ue\/#primaryimage"},"thumbnailUrl":"https:\/\/wpsite-assets.fondazionepirelli.org\/wp-content\/uploads\/2020\/07\/13100208\/b3a1df2d-a5e9-41bf-82d8-e0552bb7d11e_large-e1594630953269.jpg","datePublished":"2020-07-13T09:02:53+00:00","author":{"@id":"https:\/\/www.fondazionepirelli.org\/it\/#\/schema\/person\/c31fcf5937a0e6afa45497f3f8b6d7a0"},"breadcrumb":{"@id":"https:\/\/www.fondazionepirelli.org\/it\/cultura-dimpresa\/investire-su-scuola-formazione-e-lavoro-per-usare-bene-il-recovery-fund-della-ue\/#breadcrumb"},"inLanguage":"it-IT","potentialAction":[{"@type":"ReadAction","target":["https:\/\/www.fondazionepirelli.org\/it\/cultura-dimpresa\/investire-su-scuola-formazione-e-lavoro-per-usare-bene-il-recovery-fund-della-ue\/"]}]},{"@type":"ImageObject","inLanguage":"it-IT","@id":"https:\/\/www.fondazionepirelli.org\/it\/cultura-dimpresa\/investire-su-scuola-formazione-e-lavoro-per-usare-bene-il-recovery-fund-della-ue\/#primaryimage","url":"https:\/\/wpsite-assets.fondazionepirelli.org\/wp-content\/uploads\/2020\/07\/13100208\/b3a1df2d-a5e9-41bf-82d8-e0552bb7d11e_large-e1594630953269.jpg","contentUrl":"https:\/\/wpsite-assets.fondazionepirelli.org\/wp-content\/uploads\/2020\/07\/13100208\/b3a1df2d-a5e9-41bf-82d8-e0552bb7d11e_large-e1594630953269.jpg","width":590,"height":393},{"@type":"BreadcrumbList","@id":"https:\/\/www.fondazionepirelli.org\/it\/cultura-dimpresa\/investire-su-scuola-formazione-e-lavoro-per-usare-bene-il-recovery-fund-della-ue\/#breadcrumb","itemListElement":[{"@type":"ListItem","position":1,"name":"Home","item":"https:\/\/www.fondazionepirelli.org\/it\/"},{"@type":"ListItem","position":2,"name":"Investire su scuola, formazione e lavoro per usare bene il Recovery Fund della Ue"}]},{"@type":"WebSite","@id":"https:\/\/www.fondazionepirelli.org\/it\/#website","url":"https:\/\/www.fondazionepirelli.org\/it\/","name":"Fondazione Pirelli","description":"","potentialAction":[{"@type":"SearchAction","target":{"@type":"EntryPoint","urlTemplate":"https:\/\/www.fondazionepirelli.org\/it\/?s={search_term_string}"},"query-input":{"@type":"PropertyValueSpecification","valueRequired":true,"valueName":"search_term_string"}}],"inLanguage":"it-IT"},{"@type":"Person","@id":"https:\/\/www.fondazionepirelli.org\/it\/#\/schema\/person\/c31fcf5937a0e6afa45497f3f8b6d7a0","name":"fondazionepirelli","image":{"@type":"ImageObject","inLanguage":"it-IT","@id":"https:\/\/www.fondazionepirelli.org\/it\/#\/schema\/person\/image\/","url":"https:\/\/secure.gravatar.com\/avatar\/9cb486421ce1d6eddbf6c4fb66841b4325b786695f7aedf1dde2222428218696?s=96&d=mm&r=g","contentUrl":"https:\/\/secure.gravatar.com\/avatar\/9cb486421ce1d6eddbf6c4fb66841b4325b786695f7aedf1dde2222428218696?s=96&d=mm&r=g","caption":"fondazionepirelli"},"url":"https:\/\/www.fondazionepirelli.org\/it\/author\/fondazionepirelli\/"}]}},"_links":{"self":[{"href":"https:\/\/www.fondazionepirelli.org\/it\/wp-json\/wp\/v2\/posts\/80335\/"}],"collection":[{"href":"https:\/\/www.fondazionepirelli.org\/it\/wp-json\/wp\/v2\/posts\/"}],"about":[{"href":"https:\/\/www.fondazionepirelli.org\/it\/wp-json\/wp\/v2\/types\/post\/"}],"author":[{"embeddable":true,"href":"https:\/\/www.fondazionepirelli.org\/it\/wp-json\/wp\/v2\/users\/9\/"}],"replies":[{"embeddable":true,"href":"https:\/\/www.fondazionepirelli.org\/it\/wp-json\/wp\/v2\/comments\/?post=80335"}],"version-history":[{"count":3,"href":"https:\/\/www.fondazionepirelli.org\/it\/wp-json\/wp\/v2\/posts\/80335\/revisions\/"}],"predecessor-version":[{"id":80346,"href":"https:\/\/www.fondazionepirelli.org\/it\/wp-json\/wp\/v2\/posts\/80335\/revisions\/80346\/"}],"wp:featuredmedia":[{"embeddable":true,"href":"https:\/\/www.fondazionepirelli.org\/it\/wp-json\/wp\/v2\/media\/80363\/"}],"wp:attachment":[{"href":"https:\/\/www.fondazionepirelli.org\/it\/wp-json\/wp\/v2\/media\/?parent=80335"}],"wp:term":[{"taxonomy":"category","embeddable":true,"href":"https:\/\/www.fondazionepirelli.org\/it\/wp-json\/wp\/v2\/categories\/?post=80335"},{"taxonomy":"post_tag","embeddable":true,"href":"https:\/\/www.fondazionepirelli.org\/it\/wp-json\/wp\/v2\/tags\/?post=80335"}],"curies":[{"name":"wp","href":"https:\/\/api.w.org\/{rel}","templated":true}]}}