{"id":80373,"date":"2020-07-15T07:55:08","date_gmt":"2020-07-15T06:55:08","guid":{"rendered":"https:\/\/www.fondazionepirelli.org\/?p=80373"},"modified":"2021-12-17T16:18:52","modified_gmt":"2021-12-17T15:18:52","slug":"in-vacanza-con-pirelli-in-viaggio-con-la-modernita","status":"publish","type":"post","link":"https:\/\/www.fondazionepirelli.org\/it\/iniziative\/in-vacanza-con-pirelli-in-viaggio-con-la-modernita\/","title":{"rendered":"In vacanza con Pirelli, in viaggio con la modernit\u00e0"},"content":{"rendered":"<p>Se pensiamo ai nobili e agli intellettuali che nel Seicento si apprestavano al Grand Tour d\u2019Italie, viaggiando a bordo di carrozze dalle ruote ferrate, giganteschi bauli al seguito, ombrellini di seta per ripararsi dal sole, \u00e8 facile immaginare che la <strong>gomma<\/strong> sia stata protagonista della modernit\u00e0 anche quando si parla di viaggi e di vacanze. Le prime cuffie da bagno in lattice degli anni Venti del Novecento e prima ancora, a inizio secolo, le \u201ccinture da nuoto\u201d, non raccontano solo una moda, ma un intero mondo e una societ\u00e0 in evoluzione. Il ritorno alla vita negli anni del secondo dopoguerra sar\u00e0 poi un vero e proprio tributo alla \u201cgomma in vacanza\u201d. Gli italiani non sono pi\u00f9 legati al lavoro contadino e alla terra, l\u2019impiego nell\u2019industria permette alcune settimane di vacanza. Anzi, di \u201cferie\u201d. E allora ci si muove, con l\u2019automobile finalmente alla portata di tutti, veloce e sicura grazie ai suoi pneumatici <strong>Pirelli Cinturato<\/strong>, sulle nuove comode autostrade che portano al mare, accompagnati da un universo di prodotti in gomma. \u00c8 di tessuto gommato il materassino rosso e blu per dondolarsi vicino a riva, e di gomma \u00e8 anche il battello pneumatico arancione Nautilus, da gonfiare sulla spiaggia.<\/p>\n<p>Il costume da bagno \u00e8 in <strong>Lastex<\/strong>, il filato in fibra di lattice pratico e innovativo, dopo anni di costumi in lana impossibili da asciugare: un tessuto che con la sua modernit\u00e0 conquista anche l\u2019attrice <strong>Marilyn Monroe,<\/strong> una \u201ctestimonial\u201d d\u2019eccezione. Cos\u00ec come lo sar\u00e0 Ingrid Bergman, ritratta da <strong>Lamberti Sorrentino<\/strong> per la<a href=\"https:\/\/www.fondazionepirelli.org\/archivio-storico\/bookreader\/pubblicazioni-e-riviste\/RivistaPirelli\/1949_3.html#page\/38\/mode\/2up\"> Rivista Pirelli<\/a> con la nuova maschera subacquea in gomma al largo di Stromboli, durante la lavorazione dell\u2019omonimo film di Roberto Rossellini. La stessa maschera marchio Pirelli che Ian Fleming fa indossare al maggiore Dexter Smythe per le sue immersioni in \u201cOctopussy\u201d, uno dei romanzi della saga dedicata a James Bond, il mitico agente 007. Per spingersi al largo servono barche e fuoribordo leggeri e resistenti come il Levriero, o Daino o Giaguaro, costruiti in materiali innovativi e prodotti dalla pirelliana <strong>Azienda Monza<\/strong>.<\/p>\n<p>Ma non dimentichiamo la montagna, meta di vacanze estive e invernali. Il vulcanico ingegnere <strong>Carlo Barassi<\/strong> pensa alle trasferte ad alta quota gi\u00e0 nel lontano 1950 inventando un portasci in tessuto gommato cord in grado di resistere al freddo e alla neve. D\u2019altra parte, Barassi era esperto di pneumatici invernali, per salire in montagna in tutta sicurezza tra neve e ghiaccio: si deve a lui il brevetto del famoso BS3, presentato al Salone dell\u2019Auto di Torino nel 1959. Ancora gomma per le coloratissime giacche a vento, e per le suole degli iconici scarponi <strong>G3 di Superga<\/strong>, allora consociata Pirelli. In montagna lo stesso materassino usato sulla spiaggia pu\u00f2 servire da letto per tranquille notti in tenda, dentro un sacco a pelo naturalmente gommato. Che si tratti di escursioni alpestri o marittime, un colorato catalogo di prodotti Pirelli accompagna gli italiani nei loro viaggi per il mondo, e verso la modernit\u00e0.<\/p>\n","protected":false},"excerpt":{"rendered":"<p>Se pensiamo ai nobili e agli intellettuali che nel Seicento si apprestavano al Grand Tour d\u2019Italie, viaggiando a bordo di carrozze dalle ruote ferrate, giganteschi bauli al seguito, ombrellini di seta per ripararsi dal sole, \u00e8 facile immaginare che la gomma sia stata protagonista della modernit\u00e0 anche quando si parla di viaggi e di vacanze. [&hellip;]<\/p>\n","protected":false},"author":9,"featured_media":80381,"comment_status":"open","ping_status":"open","sticky":false,"template":"","format":"standard","meta":{"footnotes":""},"categories":[60,62],"tags":[118,125],"class_list":["post-80373","post","type-post","status-publish","format-standard","has-post-thumbnail","hentry","category-iniziative","category-storie-dal-mondo-pirelli","tag-storia-aziendale","tag-storie-di-prodotto"],"acf":[],"yoast_head":"<!-- This site is optimized with the Yoast SEO plugin v25.0 - https:\/\/yoast.com\/wordpress\/plugins\/seo\/ -->\n<title>In vacanza con Pirelli, modernit\u00e0 in viaggio | Fondazione Pirelli<\/title>\n<meta name=\"description\" content=\"Dalle cuffie da bagno ai materassini, quando la gomma Pirelli \u00e8 protagonista dei viaggi e delle vacanze. Scopri di pi\u00f9 su fondazionepirelli.org.\" \/>\n<meta name=\"robots\" content=\"index, follow, max-snippet:-1, max-image-preview:large, max-video-preview:-1\" \/>\n<link rel=\"canonical\" href=\"https:\/\/www.fondazionepirelli.org\/it\/iniziative\/in-vacanza-con-pirelli-in-viaggio-con-la-modernita\/\" \/>\n<meta property=\"og:locale\" content=\"it_IT\" \/>\n<meta property=\"og:type\" content=\"article\" \/>\n<meta property=\"og:title\" content=\"In vacanza con Pirelli, modernit\u00e0 in viaggio | Fondazione Pirelli\" \/>\n<meta property=\"og:description\" content=\"Dalle cuffie da bagno ai materassini, quando la gomma Pirelli \u00e8 protagonista dei viaggi e delle vacanze. Scopri di pi\u00f9 su fondazionepirelli.org.\" \/>\n<meta property=\"og:url\" content=\"https:\/\/www.fondazionepirelli.org\/it\/iniziative\/in-vacanza-con-pirelli-in-viaggio-con-la-modernita\/\" \/>\n<meta property=\"og:site_name\" content=\"Fondazione Pirelli\" \/>\n<meta property=\"article:published_time\" content=\"2020-07-15T06:55:08+00:00\" \/>\n<meta property=\"article:modified_time\" content=\"2021-12-17T15:18:52+00:00\" \/>\n<meta property=\"og:image\" content=\"https:\/\/wpsite-assets.fondazionepirelli.org\/wp-content\/uploads\/2020\/07\/14104708\/3A_1954-Pirelli-mare-e1594720206442.jpg\" \/>\n\t<meta property=\"og:image:width\" content=\"500\" \/>\n\t<meta property=\"og:image:height\" content=\"688\" \/>\n\t<meta property=\"og:image:type\" content=\"image\/jpeg\" \/>\n<meta name=\"author\" content=\"fondazionepirelli\" \/>\n<meta name=\"twitter:card\" content=\"summary_large_image\" \/>\n<meta name=\"twitter:label1\" content=\"Scritto da\" \/>\n\t<meta name=\"twitter:data1\" content=\"fondazionepirelli\" \/>\n\t<meta name=\"twitter:label2\" content=\"Tempo di lettura stimato\" \/>\n\t<meta name=\"twitter:data2\" content=\"2 minuti\" \/>\n<script type=\"application\/ld+json\" class=\"yoast-schema-graph\">{\"@context\":\"https:\/\/schema.org\",\"@graph\":[{\"@type\":\"WebPage\",\"@id\":\"https:\/\/www.fondazionepirelli.org\/it\/iniziative\/in-vacanza-con-pirelli-in-viaggio-con-la-modernita\/\",\"url\":\"https:\/\/www.fondazionepirelli.org\/it\/iniziative\/in-vacanza-con-pirelli-in-viaggio-con-la-modernita\/\",\"name\":\"In vacanza con Pirelli, modernit\u00e0 in viaggio | Fondazione Pirelli\",\"isPartOf\":{\"@id\":\"https:\/\/www.fondazionepirelli.org\/it\/#website\"},\"primaryImageOfPage\":{\"@id\":\"https:\/\/www.fondazionepirelli.org\/it\/iniziative\/in-vacanza-con-pirelli-in-viaggio-con-la-modernita\/#primaryimage\"},\"image\":{\"@id\":\"https:\/\/www.fondazionepirelli.org\/it\/iniziative\/in-vacanza-con-pirelli-in-viaggio-con-la-modernita\/#primaryimage\"},\"thumbnailUrl\":\"https:\/\/wpsite-assets.fondazionepirelli.org\/wp-content\/uploads\/2020\/07\/14104708\/3A_1954-Pirelli-mare-e1594720206442.jpg\",\"datePublished\":\"2020-07-15T06:55:08+00:00\",\"dateModified\":\"2021-12-17T15:18:52+00:00\",\"author\":{\"@id\":\"https:\/\/www.fondazionepirelli.org\/it\/#\/schema\/person\/c31fcf5937a0e6afa45497f3f8b6d7a0\"},\"description\":\"Dalle cuffie da bagno ai materassini, quando la gomma Pirelli \u00e8 protagonista dei viaggi e delle vacanze. Scopri di pi\u00f9 su fondazionepirelli.org.\",\"breadcrumb\":{\"@id\":\"https:\/\/www.fondazionepirelli.org\/it\/iniziative\/in-vacanza-con-pirelli-in-viaggio-con-la-modernita\/#breadcrumb\"},\"inLanguage\":\"it-IT\",\"potentialAction\":[{\"@type\":\"ReadAction\",\"target\":[\"https:\/\/www.fondazionepirelli.org\/it\/iniziative\/in-vacanza-con-pirelli-in-viaggio-con-la-modernita\/\"]}]},{\"@type\":\"ImageObject\",\"inLanguage\":\"it-IT\",\"@id\":\"https:\/\/www.fondazionepirelli.org\/it\/iniziative\/in-vacanza-con-pirelli-in-viaggio-con-la-modernita\/#primaryimage\",\"url\":\"https:\/\/wpsite-assets.fondazionepirelli.org\/wp-content\/uploads\/2020\/07\/14104708\/3A_1954-Pirelli-mare-e1594720206442.jpg\",\"contentUrl\":\"https:\/\/wpsite-assets.fondazionepirelli.org\/wp-content\/uploads\/2020\/07\/14104708\/3A_1954-Pirelli-mare-e1594720206442.jpg\",\"width\":500,\"height\":688},{\"@type\":\"BreadcrumbList\",\"@id\":\"https:\/\/www.fondazionepirelli.org\/it\/iniziative\/in-vacanza-con-pirelli-in-viaggio-con-la-modernita\/#breadcrumb\",\"itemListElement\":[{\"@type\":\"ListItem\",\"position\":1,\"name\":\"Home\",\"item\":\"https:\/\/www.fondazionepirelli.org\/it\/\"},{\"@type\":\"ListItem\",\"position\":2,\"name\":\"In vacanza con Pirelli, in viaggio con la modernit\u00e0\"}]},{\"@type\":\"WebSite\",\"@id\":\"https:\/\/www.fondazionepirelli.org\/it\/#website\",\"url\":\"https:\/\/www.fondazionepirelli.org\/it\/\",\"name\":\"Fondazione Pirelli\",\"description\":\"\",\"potentialAction\":[{\"@type\":\"SearchAction\",\"target\":{\"@type\":\"EntryPoint\",\"urlTemplate\":\"https:\/\/www.fondazionepirelli.org\/it\/?s={search_term_string}\"},\"query-input\":{\"@type\":\"PropertyValueSpecification\",\"valueRequired\":true,\"valueName\":\"search_term_string\"}}],\"inLanguage\":\"it-IT\"},{\"@type\":\"Person\",\"@id\":\"https:\/\/www.fondazionepirelli.org\/it\/#\/schema\/person\/c31fcf5937a0e6afa45497f3f8b6d7a0\",\"name\":\"fondazionepirelli\",\"image\":{\"@type\":\"ImageObject\",\"inLanguage\":\"it-IT\",\"@id\":\"https:\/\/www.fondazionepirelli.org\/it\/#\/schema\/person\/image\/\",\"url\":\"https:\/\/secure.gravatar.com\/avatar\/9cb486421ce1d6eddbf6c4fb66841b4325b786695f7aedf1dde2222428218696?s=96&d=mm&r=g\",\"contentUrl\":\"https:\/\/secure.gravatar.com\/avatar\/9cb486421ce1d6eddbf6c4fb66841b4325b786695f7aedf1dde2222428218696?s=96&d=mm&r=g\",\"caption\":\"fondazionepirelli\"},\"url\":\"https:\/\/www.fondazionepirelli.org\/it\/author\/fondazionepirelli\/\"}]}<\/script>\n<!-- \/ Yoast SEO plugin. -->","yoast_head_json":{"title":"In vacanza con Pirelli, modernit\u00e0 in viaggio | Fondazione Pirelli","description":"Dalle cuffie da bagno ai materassini, quando la gomma Pirelli \u00e8 protagonista dei viaggi e delle vacanze. Scopri di pi\u00f9 su fondazionepirelli.org.","robots":{"index":"index","follow":"follow","max-snippet":"max-snippet:-1","max-image-preview":"max-image-preview:large","max-video-preview":"max-video-preview:-1"},"canonical":"https:\/\/www.fondazionepirelli.org\/it\/iniziative\/in-vacanza-con-pirelli-in-viaggio-con-la-modernita\/","og_locale":"it_IT","og_type":"article","og_title":"In vacanza con Pirelli, modernit\u00e0 in viaggio | Fondazione Pirelli","og_description":"Dalle cuffie da bagno ai materassini, quando la gomma Pirelli \u00e8 protagonista dei viaggi e delle vacanze. Scopri di pi\u00f9 su fondazionepirelli.org.","og_url":"https:\/\/www.fondazionepirelli.org\/it\/iniziative\/in-vacanza-con-pirelli-in-viaggio-con-la-modernita\/","og_site_name":"Fondazione Pirelli","article_published_time":"2020-07-15T06:55:08+00:00","article_modified_time":"2021-12-17T15:18:52+00:00","og_image":[{"width":500,"height":688,"url":"https:\/\/wpsite-assets.fondazionepirelli.org\/wp-content\/uploads\/2020\/07\/14104708\/3A_1954-Pirelli-mare-e1594720206442.jpg","type":"image\/jpeg"}],"author":"fondazionepirelli","twitter_card":"summary_large_image","twitter_misc":{"Scritto da":"fondazionepirelli","Tempo di lettura stimato":"2 minuti"},"schema":{"@context":"https:\/\/schema.org","@graph":[{"@type":"WebPage","@id":"https:\/\/www.fondazionepirelli.org\/it\/iniziative\/in-vacanza-con-pirelli-in-viaggio-con-la-modernita\/","url":"https:\/\/www.fondazionepirelli.org\/it\/iniziative\/in-vacanza-con-pirelli-in-viaggio-con-la-modernita\/","name":"In vacanza con Pirelli, modernit\u00e0 in viaggio | Fondazione Pirelli","isPartOf":{"@id":"https:\/\/www.fondazionepirelli.org\/it\/#website"},"primaryImageOfPage":{"@id":"https:\/\/www.fondazionepirelli.org\/it\/iniziative\/in-vacanza-con-pirelli-in-viaggio-con-la-modernita\/#primaryimage"},"image":{"@id":"https:\/\/www.fondazionepirelli.org\/it\/iniziative\/in-vacanza-con-pirelli-in-viaggio-con-la-modernita\/#primaryimage"},"thumbnailUrl":"https:\/\/wpsite-assets.fondazionepirelli.org\/wp-content\/uploads\/2020\/07\/14104708\/3A_1954-Pirelli-mare-e1594720206442.jpg","datePublished":"2020-07-15T06:55:08+00:00","dateModified":"2021-12-17T15:18:52+00:00","author":{"@id":"https:\/\/www.fondazionepirelli.org\/it\/#\/schema\/person\/c31fcf5937a0e6afa45497f3f8b6d7a0"},"description":"Dalle cuffie da bagno ai materassini, quando la gomma Pirelli \u00e8 protagonista dei viaggi e delle vacanze. Scopri di pi\u00f9 su fondazionepirelli.org.","breadcrumb":{"@id":"https:\/\/www.fondazionepirelli.org\/it\/iniziative\/in-vacanza-con-pirelli-in-viaggio-con-la-modernita\/#breadcrumb"},"inLanguage":"it-IT","potentialAction":[{"@type":"ReadAction","target":["https:\/\/www.fondazionepirelli.org\/it\/iniziative\/in-vacanza-con-pirelli-in-viaggio-con-la-modernita\/"]}]},{"@type":"ImageObject","inLanguage":"it-IT","@id":"https:\/\/www.fondazionepirelli.org\/it\/iniziative\/in-vacanza-con-pirelli-in-viaggio-con-la-modernita\/#primaryimage","url":"https:\/\/wpsite-assets.fondazionepirelli.org\/wp-content\/uploads\/2020\/07\/14104708\/3A_1954-Pirelli-mare-e1594720206442.jpg","contentUrl":"https:\/\/wpsite-assets.fondazionepirelli.org\/wp-content\/uploads\/2020\/07\/14104708\/3A_1954-Pirelli-mare-e1594720206442.jpg","width":500,"height":688},{"@type":"BreadcrumbList","@id":"https:\/\/www.fondazionepirelli.org\/it\/iniziative\/in-vacanza-con-pirelli-in-viaggio-con-la-modernita\/#breadcrumb","itemListElement":[{"@type":"ListItem","position":1,"name":"Home","item":"https:\/\/www.fondazionepirelli.org\/it\/"},{"@type":"ListItem","position":2,"name":"In vacanza con Pirelli, in viaggio con la modernit\u00e0"}]},{"@type":"WebSite","@id":"https:\/\/www.fondazionepirelli.org\/it\/#website","url":"https:\/\/www.fondazionepirelli.org\/it\/","name":"Fondazione Pirelli","description":"","potentialAction":[{"@type":"SearchAction","target":{"@type":"EntryPoint","urlTemplate":"https:\/\/www.fondazionepirelli.org\/it\/?s={search_term_string}"},"query-input":{"@type":"PropertyValueSpecification","valueRequired":true,"valueName":"search_term_string"}}],"inLanguage":"it-IT"},{"@type":"Person","@id":"https:\/\/www.fondazionepirelli.org\/it\/#\/schema\/person\/c31fcf5937a0e6afa45497f3f8b6d7a0","name":"fondazionepirelli","image":{"@type":"ImageObject","inLanguage":"it-IT","@id":"https:\/\/www.fondazionepirelli.org\/it\/#\/schema\/person\/image\/","url":"https:\/\/secure.gravatar.com\/avatar\/9cb486421ce1d6eddbf6c4fb66841b4325b786695f7aedf1dde2222428218696?s=96&d=mm&r=g","contentUrl":"https:\/\/secure.gravatar.com\/avatar\/9cb486421ce1d6eddbf6c4fb66841b4325b786695f7aedf1dde2222428218696?s=96&d=mm&r=g","caption":"fondazionepirelli"},"url":"https:\/\/www.fondazionepirelli.org\/it\/author\/fondazionepirelli\/"}]}},"_links":{"self":[{"href":"https:\/\/www.fondazionepirelli.org\/it\/wp-json\/wp\/v2\/posts\/80373\/"}],"collection":[{"href":"https:\/\/www.fondazionepirelli.org\/it\/wp-json\/wp\/v2\/posts\/"}],"about":[{"href":"https:\/\/www.fondazionepirelli.org\/it\/wp-json\/wp\/v2\/types\/post\/"}],"author":[{"embeddable":true,"href":"https:\/\/www.fondazionepirelli.org\/it\/wp-json\/wp\/v2\/users\/9\/"}],"replies":[{"embeddable":true,"href":"https:\/\/www.fondazionepirelli.org\/it\/wp-json\/wp\/v2\/comments\/?post=80373"}],"version-history":[{"count":9,"href":"https:\/\/www.fondazionepirelli.org\/it\/wp-json\/wp\/v2\/posts\/80373\/revisions\/"}],"predecessor-version":[{"id":80477,"href":"https:\/\/www.fondazionepirelli.org\/it\/wp-json\/wp\/v2\/posts\/80373\/revisions\/80477\/"}],"wp:featuredmedia":[{"embeddable":true,"href":"https:\/\/www.fondazionepirelli.org\/it\/wp-json\/wp\/v2\/media\/80381\/"}],"wp:attachment":[{"href":"https:\/\/www.fondazionepirelli.org\/it\/wp-json\/wp\/v2\/media\/?parent=80373"}],"wp:term":[{"taxonomy":"category","embeddable":true,"href":"https:\/\/www.fondazionepirelli.org\/it\/wp-json\/wp\/v2\/categories\/?post=80373"},{"taxonomy":"post_tag","embeddable":true,"href":"https:\/\/www.fondazionepirelli.org\/it\/wp-json\/wp\/v2\/tags\/?post=80373"}],"curies":[{"name":"wp","href":"https:\/\/api.w.org\/{rel}","templated":true}]}}