{"id":80456,"date":"2020-07-17T10:22:48","date_gmt":"2020-07-17T09:22:48","guid":{"rendered":"https:\/\/www.fondazionepirelli.org\/?p=80456"},"modified":"2021-10-13T10:33:02","modified_gmt":"2021-10-13T09:33:02","slug":"a-milano-museocity-2020-la-bellezza-in-vacanza-con-fondazione-pirelli","status":"publish","type":"post","link":"https:\/\/www.fondazionepirelli.org\/it\/iniziative\/a-milano-museocity-2020-la-bellezza-in-vacanza-con-fondazione-pirelli\/","title":{"rendered":"A Milano Museocity 2020, la bellezza in vacanza&#8230; con Fondazione Pirelli"},"content":{"rendered":"<p>\u201cLa bellezza in vacanza con noi\u201d \u00e8 il titolo delle attivit\u00e0 live proposte da Fondazione Pirelli in occasione della <strong>quarta edizione<\/strong> di <strong>Milano Museocity<\/strong>, manifestazione diffusa che si terr\u00e0 tra il 31 luglio e il 2 agosto. Nel pomeriggio di venerd\u00ec 31 luglio sar\u00e0 possibile partecipare a un <strong>live virtual tour<\/strong> della Fondazione Pirelli per approfondire il rapporto tra Pirelli e l\u2019arte al femminile, mentre i pi\u00f9 piccoli potranno prendere parte a un laboratorio creativo online.<\/p>\n<p><strong>Storie di\u00a0 creativit\u00e0 al femminile<\/strong><\/p>\n<p>Alle <strong>ore 18<\/strong>, \u00a0i nostri ospiti saranno accompagnati in una visita inedita, attraverso le stanze della Fondazione Pirelli e del suo Archivio Storico Pirelli, per ripercorrere una storia di bellezza e innovazione tutta \u201cal femminile\u201d. <strong>Donne pilote<\/strong>, alla guida di potenti automobili, in sella a biciclette o elegantemente pronte per un bagno al mare o in piscina con le cuffie Pirelli. Una ricca selezione di bozzetti originali, fotografie d\u2019autore, filmati pubblicitari che dagli anni Venti del Novecento a oggi vedono le donne protagoniste. Le eleganti silhouette di Jeanne Michot Grignani e lo stile moderno di Lora Lamm, che ci racconta una donna alla moda e indipendente. I colorati progetti per i manifesti pubblicitari astratti della pittrice Sonia Delaunay e le psichedeliche elaborazioni grafiche della Plunga di Christiane Beyler. E ancora campagna del Cinturato Pirelli \u201cUn viaggio ma\u201d, descritta da Camilla Cederna e l\u2019America vista con gli occhi e le parole di Fernanda Pivano. E infine le incredibili prodezze della velocista Marie-Jos\u00e9 P\u00e9rec e una giovane Marilyn Monroe che sulla spiaggia di Tobay Beach indossa un comodo e rivoluzionario costume da bagno in filato lastex Pirelli.<\/p>\n<p><strong>Opere d\u2019arte da viaggio<\/strong><\/p>\n<p>Alle ore <strong>15<\/strong> i bambini dai 6 agli 8 anni saranno guidati lungo un percorso interattivo che li porter\u00e0 a conoscere i tesori dell\u2019Archivio Storico Pirelli tra fotografie di corse automobilistiche, manifesti e mosaici di grandi artisti, cartoni d\u2019animazione e grandi campioni dello sport internazionale, e a realizzare una piccola opera d\u2019arte da viaggio, da mettere in valigia e portare con s\u00e8 in vacanza.<\/p>\n<p>La prenotazione \u00e8 obbligatoria. Scrivere a <a href=\"mailto:visite@fondazionepirelli.org\">visite@fondazionepirelli.org<\/a> specificando l\u2019attivit\u00e0 scelta e il nome e cognome dei partecipanti.<\/p>\n<p>Le informazioni dettagliate per partecipare saranno comunicate insieme alla e-mail di conferma della prenotazione.<\/p>\n<p>Le iscrizioni si chiuderanno il <strong>28 luglio<\/strong><\/p>\n<p>Vi aspettiamo<\/p>","protected":false},"excerpt":{"rendered":"<p>\u201cLa bellezza in vacanza con noi\u201d \u00e8 il titolo delle attivit\u00e0 live proposte da Fondazione Pirelli in occasione della quarta edizione di Milano Museocity, manifestazione diffusa che si terr\u00e0 tra il 31 luglio e il 2 agosto. Nel pomeriggio di venerd\u00ec 31 luglio sar\u00e0 possibile partecipare a un live virtual tour della Fondazione Pirelli per [&hellip;]<\/p>\n","protected":false},"author":9,"featured_media":80457,"comment_status":"open","ping_status":"open","sticky":false,"template":"","format":"standard","meta":{"footnotes":""},"categories":[78,60,63,64],"tags":[],"class_list":["post-80456","post","type-post","status-publish","format-standard","has-post-thumbnail","hentry","category-gli-eventi-e-i-percorsi-guidati","category-iniziative","category-la-fondazione","category-la-fondazione-pirelli"],"acf":[],"yoast_head":"<!-- This site is optimized with the Yoast SEO plugin v25.0 - https:\/\/yoast.com\/wordpress\/plugins\/seo\/ -->\n<title>MuseoCity 2020, la bellezza in vacanza | Fondazione Pirelli<\/title>\n<meta name=\"description\" content=\"\u201cLa bellezza in vacanza con noi\u201d l&#039;iniziativa digitale di Fondazione Pirelli per la quarta edizione di Milano MuseoCity. Scopri di pi\u00f9.\" \/>\n<meta name=\"robots\" content=\"index, follow, max-snippet:-1, max-image-preview:large, max-video-preview:-1\" \/>\n<link rel=\"canonical\" href=\"https:\/\/www.fondazionepirelli.org\/it\/iniziative\/a-milano-museocity-2020-la-bellezza-in-vacanza-con-fondazione-pirelli\/\" \/>\n<meta property=\"og:locale\" content=\"it_IT\" \/>\n<meta property=\"og:type\" content=\"article\" \/>\n<meta property=\"og:title\" content=\"MuseoCity 2020, la bellezza in vacanza | Fondazione Pirelli\" \/>\n<meta property=\"og:description\" content=\"\u201cLa bellezza in vacanza con noi\u201d l&#039;iniziativa digitale di Fondazione Pirelli per la quarta edizione di Milano MuseoCity. Scopri di pi\u00f9.\" \/>\n<meta property=\"og:url\" content=\"https:\/\/www.fondazionepirelli.org\/it\/iniziative\/a-milano-museocity-2020-la-bellezza-in-vacanza-con-fondazione-pirelli\/\" \/>\n<meta property=\"og:site_name\" content=\"Fondazione Pirelli\" \/>\n<meta property=\"article:published_time\" content=\"2020-07-17T09:22:48+00:00\" \/>\n<meta property=\"article:modified_time\" content=\"2021-10-13T09:33:02+00:00\" \/>\n<meta property=\"og:image\" content=\"https:\/\/wpsite-assets.fondazionepirelli.org\/wp-content\/uploads\/2020\/07\/16165202\/FP-Museocity-luglio_B-e1594914787385.png\" \/>\n\t<meta property=\"og:image:width\" content=\"645\" \/>\n\t<meta property=\"og:image:height\" content=\"500\" \/>\n\t<meta property=\"og:image:type\" content=\"image\/png\" \/>\n<meta name=\"author\" content=\"fondazionepirelli\" \/>\n<meta name=\"twitter:card\" content=\"summary_large_image\" \/>\n<meta name=\"twitter:label1\" content=\"Scritto da\" \/>\n\t<meta name=\"twitter:data1\" content=\"fondazionepirelli\" \/>\n\t<meta name=\"twitter:label2\" content=\"Tempo di lettura stimato\" \/>\n\t<meta name=\"twitter:data2\" content=\"2 minuti\" \/>\n<script type=\"application\/ld+json\" class=\"yoast-schema-graph\">{\"@context\":\"https:\/\/schema.org\",\"@graph\":[{\"@type\":\"WebPage\",\"@id\":\"https:\/\/www.fondazionepirelli.org\/it\/iniziative\/a-milano-museocity-2020-la-bellezza-in-vacanza-con-fondazione-pirelli\/\",\"url\":\"https:\/\/www.fondazionepirelli.org\/it\/iniziative\/a-milano-museocity-2020-la-bellezza-in-vacanza-con-fondazione-pirelli\/\",\"name\":\"MuseoCity 2020, la bellezza in vacanza | Fondazione Pirelli\",\"isPartOf\":{\"@id\":\"https:\/\/www.fondazionepirelli.org\/it\/#website\"},\"primaryImageOfPage\":{\"@id\":\"https:\/\/www.fondazionepirelli.org\/it\/iniziative\/a-milano-museocity-2020-la-bellezza-in-vacanza-con-fondazione-pirelli\/#primaryimage\"},\"image\":{\"@id\":\"https:\/\/www.fondazionepirelli.org\/it\/iniziative\/a-milano-museocity-2020-la-bellezza-in-vacanza-con-fondazione-pirelli\/#primaryimage\"},\"thumbnailUrl\":\"https:\/\/wpsite-assets.fondazionepirelli.org\/wp-content\/uploads\/2020\/07\/16165202\/FP-Museocity-luglio_B-e1594914787385.png\",\"datePublished\":\"2020-07-17T09:22:48+00:00\",\"dateModified\":\"2021-10-13T09:33:02+00:00\",\"author\":{\"@id\":\"https:\/\/www.fondazionepirelli.org\/it\/#\/schema\/person\/c31fcf5937a0e6afa45497f3f8b6d7a0\"},\"description\":\"\u201cLa bellezza in vacanza con noi\u201d l'iniziativa digitale di Fondazione Pirelli per la quarta edizione di Milano MuseoCity. Scopri di pi\u00f9.\",\"breadcrumb\":{\"@id\":\"https:\/\/www.fondazionepirelli.org\/it\/iniziative\/a-milano-museocity-2020-la-bellezza-in-vacanza-con-fondazione-pirelli\/#breadcrumb\"},\"inLanguage\":\"it-IT\",\"potentialAction\":[{\"@type\":\"ReadAction\",\"target\":[\"https:\/\/www.fondazionepirelli.org\/it\/iniziative\/a-milano-museocity-2020-la-bellezza-in-vacanza-con-fondazione-pirelli\/\"]}]},{\"@type\":\"ImageObject\",\"inLanguage\":\"it-IT\",\"@id\":\"https:\/\/www.fondazionepirelli.org\/it\/iniziative\/a-milano-museocity-2020-la-bellezza-in-vacanza-con-fondazione-pirelli\/#primaryimage\",\"url\":\"https:\/\/wpsite-assets.fondazionepirelli.org\/wp-content\/uploads\/2020\/07\/16165202\/FP-Museocity-luglio_B-e1594914787385.png\",\"contentUrl\":\"https:\/\/wpsite-assets.fondazionepirelli.org\/wp-content\/uploads\/2020\/07\/16165202\/FP-Museocity-luglio_B-e1594914787385.png\",\"width\":645,\"height\":500},{\"@type\":\"BreadcrumbList\",\"@id\":\"https:\/\/www.fondazionepirelli.org\/it\/iniziative\/a-milano-museocity-2020-la-bellezza-in-vacanza-con-fondazione-pirelli\/#breadcrumb\",\"itemListElement\":[{\"@type\":\"ListItem\",\"position\":1,\"name\":\"Home\",\"item\":\"https:\/\/www.fondazionepirelli.org\/it\/\"},{\"@type\":\"ListItem\",\"position\":2,\"name\":\"A Milano Museocity 2020, la bellezza in vacanza&#8230; con Fondazione Pirelli\"}]},{\"@type\":\"WebSite\",\"@id\":\"https:\/\/www.fondazionepirelli.org\/it\/#website\",\"url\":\"https:\/\/www.fondazionepirelli.org\/it\/\",\"name\":\"Fondazione Pirelli\",\"description\":\"\",\"potentialAction\":[{\"@type\":\"SearchAction\",\"target\":{\"@type\":\"EntryPoint\",\"urlTemplate\":\"https:\/\/www.fondazionepirelli.org\/it\/?s={search_term_string}\"},\"query-input\":{\"@type\":\"PropertyValueSpecification\",\"valueRequired\":true,\"valueName\":\"search_term_string\"}}],\"inLanguage\":\"it-IT\"},{\"@type\":\"Person\",\"@id\":\"https:\/\/www.fondazionepirelli.org\/it\/#\/schema\/person\/c31fcf5937a0e6afa45497f3f8b6d7a0\",\"name\":\"fondazionepirelli\",\"image\":{\"@type\":\"ImageObject\",\"inLanguage\":\"it-IT\",\"@id\":\"https:\/\/www.fondazionepirelli.org\/it\/#\/schema\/person\/image\/\",\"url\":\"https:\/\/secure.gravatar.com\/avatar\/9cb486421ce1d6eddbf6c4fb66841b4325b786695f7aedf1dde2222428218696?s=96&d=mm&r=g\",\"contentUrl\":\"https:\/\/secure.gravatar.com\/avatar\/9cb486421ce1d6eddbf6c4fb66841b4325b786695f7aedf1dde2222428218696?s=96&d=mm&r=g\",\"caption\":\"fondazionepirelli\"},\"url\":\"https:\/\/www.fondazionepirelli.org\/it\/author\/fondazionepirelli\/\"}]}<\/script>\n<!-- \/ Yoast SEO plugin. -->","yoast_head_json":{"title":"MuseoCity 2020, la bellezza in vacanza | Fondazione Pirelli","description":"\u201cLa bellezza in vacanza con noi\u201d l'iniziativa digitale di Fondazione Pirelli per la quarta edizione di Milano MuseoCity. Scopri di pi\u00f9.","robots":{"index":"index","follow":"follow","max-snippet":"max-snippet:-1","max-image-preview":"max-image-preview:large","max-video-preview":"max-video-preview:-1"},"canonical":"https:\/\/www.fondazionepirelli.org\/it\/iniziative\/a-milano-museocity-2020-la-bellezza-in-vacanza-con-fondazione-pirelli\/","og_locale":"it_IT","og_type":"article","og_title":"MuseoCity 2020, la bellezza in vacanza | Fondazione Pirelli","og_description":"\u201cLa bellezza in vacanza con noi\u201d l'iniziativa digitale di Fondazione Pirelli per la quarta edizione di Milano MuseoCity. Scopri di pi\u00f9.","og_url":"https:\/\/www.fondazionepirelli.org\/it\/iniziative\/a-milano-museocity-2020-la-bellezza-in-vacanza-con-fondazione-pirelli\/","og_site_name":"Fondazione Pirelli","article_published_time":"2020-07-17T09:22:48+00:00","article_modified_time":"2021-10-13T09:33:02+00:00","og_image":[{"width":645,"height":500,"url":"https:\/\/wpsite-assets.fondazionepirelli.org\/wp-content\/uploads\/2020\/07\/16165202\/FP-Museocity-luglio_B-e1594914787385.png","type":"image\/png"}],"author":"fondazionepirelli","twitter_card":"summary_large_image","twitter_misc":{"Scritto da":"fondazionepirelli","Tempo di lettura stimato":"2 minuti"},"schema":{"@context":"https:\/\/schema.org","@graph":[{"@type":"WebPage","@id":"https:\/\/www.fondazionepirelli.org\/it\/iniziative\/a-milano-museocity-2020-la-bellezza-in-vacanza-con-fondazione-pirelli\/","url":"https:\/\/www.fondazionepirelli.org\/it\/iniziative\/a-milano-museocity-2020-la-bellezza-in-vacanza-con-fondazione-pirelli\/","name":"MuseoCity 2020, la bellezza in vacanza | Fondazione Pirelli","isPartOf":{"@id":"https:\/\/www.fondazionepirelli.org\/it\/#website"},"primaryImageOfPage":{"@id":"https:\/\/www.fondazionepirelli.org\/it\/iniziative\/a-milano-museocity-2020-la-bellezza-in-vacanza-con-fondazione-pirelli\/#primaryimage"},"image":{"@id":"https:\/\/www.fondazionepirelli.org\/it\/iniziative\/a-milano-museocity-2020-la-bellezza-in-vacanza-con-fondazione-pirelli\/#primaryimage"},"thumbnailUrl":"https:\/\/wpsite-assets.fondazionepirelli.org\/wp-content\/uploads\/2020\/07\/16165202\/FP-Museocity-luglio_B-e1594914787385.png","datePublished":"2020-07-17T09:22:48+00:00","dateModified":"2021-10-13T09:33:02+00:00","author":{"@id":"https:\/\/www.fondazionepirelli.org\/it\/#\/schema\/person\/c31fcf5937a0e6afa45497f3f8b6d7a0"},"description":"\u201cLa bellezza in vacanza con noi\u201d l'iniziativa digitale di Fondazione Pirelli per la quarta edizione di Milano MuseoCity. Scopri di pi\u00f9.","breadcrumb":{"@id":"https:\/\/www.fondazionepirelli.org\/it\/iniziative\/a-milano-museocity-2020-la-bellezza-in-vacanza-con-fondazione-pirelli\/#breadcrumb"},"inLanguage":"it-IT","potentialAction":[{"@type":"ReadAction","target":["https:\/\/www.fondazionepirelli.org\/it\/iniziative\/a-milano-museocity-2020-la-bellezza-in-vacanza-con-fondazione-pirelli\/"]}]},{"@type":"ImageObject","inLanguage":"it-IT","@id":"https:\/\/www.fondazionepirelli.org\/it\/iniziative\/a-milano-museocity-2020-la-bellezza-in-vacanza-con-fondazione-pirelli\/#primaryimage","url":"https:\/\/wpsite-assets.fondazionepirelli.org\/wp-content\/uploads\/2020\/07\/16165202\/FP-Museocity-luglio_B-e1594914787385.png","contentUrl":"https:\/\/wpsite-assets.fondazionepirelli.org\/wp-content\/uploads\/2020\/07\/16165202\/FP-Museocity-luglio_B-e1594914787385.png","width":645,"height":500},{"@type":"BreadcrumbList","@id":"https:\/\/www.fondazionepirelli.org\/it\/iniziative\/a-milano-museocity-2020-la-bellezza-in-vacanza-con-fondazione-pirelli\/#breadcrumb","itemListElement":[{"@type":"ListItem","position":1,"name":"Home","item":"https:\/\/www.fondazionepirelli.org\/it\/"},{"@type":"ListItem","position":2,"name":"A Milano Museocity 2020, la bellezza in vacanza&#8230; con Fondazione Pirelli"}]},{"@type":"WebSite","@id":"https:\/\/www.fondazionepirelli.org\/it\/#website","url":"https:\/\/www.fondazionepirelli.org\/it\/","name":"Fondazione Pirelli","description":"","potentialAction":[{"@type":"SearchAction","target":{"@type":"EntryPoint","urlTemplate":"https:\/\/www.fondazionepirelli.org\/it\/?s={search_term_string}"},"query-input":{"@type":"PropertyValueSpecification","valueRequired":true,"valueName":"search_term_string"}}],"inLanguage":"it-IT"},{"@type":"Person","@id":"https:\/\/www.fondazionepirelli.org\/it\/#\/schema\/person\/c31fcf5937a0e6afa45497f3f8b6d7a0","name":"fondazionepirelli","image":{"@type":"ImageObject","inLanguage":"it-IT","@id":"https:\/\/www.fondazionepirelli.org\/it\/#\/schema\/person\/image\/","url":"https:\/\/secure.gravatar.com\/avatar\/9cb486421ce1d6eddbf6c4fb66841b4325b786695f7aedf1dde2222428218696?s=96&d=mm&r=g","contentUrl":"https:\/\/secure.gravatar.com\/avatar\/9cb486421ce1d6eddbf6c4fb66841b4325b786695f7aedf1dde2222428218696?s=96&d=mm&r=g","caption":"fondazionepirelli"},"url":"https:\/\/www.fondazionepirelli.org\/it\/author\/fondazionepirelli\/"}]}},"_links":{"self":[{"href":"https:\/\/www.fondazionepirelli.org\/it\/wp-json\/wp\/v2\/posts\/80456\/"}],"collection":[{"href":"https:\/\/www.fondazionepirelli.org\/it\/wp-json\/wp\/v2\/posts\/"}],"about":[{"href":"https:\/\/www.fondazionepirelli.org\/it\/wp-json\/wp\/v2\/types\/post\/"}],"author":[{"embeddable":true,"href":"https:\/\/www.fondazionepirelli.org\/it\/wp-json\/wp\/v2\/users\/9\/"}],"replies":[{"embeddable":true,"href":"https:\/\/www.fondazionepirelli.org\/it\/wp-json\/wp\/v2\/comments\/?post=80456"}],"version-history":[{"count":5,"href":"https:\/\/www.fondazionepirelli.org\/it\/wp-json\/wp\/v2\/posts\/80456\/revisions\/"}],"predecessor-version":[{"id":80650,"href":"https:\/\/www.fondazionepirelli.org\/it\/wp-json\/wp\/v2\/posts\/80456\/revisions\/80650\/"}],"wp:featuredmedia":[{"embeddable":true,"href":"https:\/\/www.fondazionepirelli.org\/it\/wp-json\/wp\/v2\/media\/80457\/"}],"wp:attachment":[{"href":"https:\/\/www.fondazionepirelli.org\/it\/wp-json\/wp\/v2\/media\/?parent=80456"}],"wp:term":[{"taxonomy":"category","embeddable":true,"href":"https:\/\/www.fondazionepirelli.org\/it\/wp-json\/wp\/v2\/categories\/?post=80456"},{"taxonomy":"post_tag","embeddable":true,"href":"https:\/\/www.fondazionepirelli.org\/it\/wp-json\/wp\/v2\/tags\/?post=80456"}],"curies":[{"name":"wp","href":"https:\/\/api.w.org\/{rel}","templated":true}]}}