{"id":80511,"date":"2020-07-21T07:55:47","date_gmt":"2020-07-21T06:55:47","guid":{"rendered":"https:\/\/www.fondazionepirelli.org\/?p=80511"},"modified":"2020-07-21T07:55:47","modified_gmt":"2020-07-21T06:55:47","slug":"fabbrica-e-cultura-racconto-per-immagini","status":"publish","type":"post","link":"https:\/\/www.fondazionepirelli.org\/it\/cultura-dimpresa\/fabbrica-e-cultura-racconto-per-immagini\/","title":{"rendered":"Fabbrica e cultura, racconto per immagini"},"content":{"rendered":"<p><em>L\u2019analisi delle trasformazioni di un\u2019area industriale raccontata attraverso un film<\/em><\/p>\n<p><strong>\u00a0<\/strong><\/p>\n<p>Industria \u00e8 cultura. Constatazione ormai acclarata, che, tuttavia, ha sempre bisogno di conferme e di verifiche. Perch\u00e9 la \u201cfabbrica\u201d oppure gli \u201cuffici\u201d, possono sempre essere confusi come semplici luoghi di fatica senza orizzonti. Riscoprire i tanti modi attraverso i quali fare industria pu\u00f2 significare anche fare cultura, attraverso modalit\u00e0 e vicende ogni volta particolari, \u00e8 quindi cosa buona. Leggere quindi \u201cIl caso Pirelli-Bicocca. La fabbrica (dismessa) tra realt\u00e0 e immagine\u201d scritto da Ornella Castiglione e apparso qualche settimana fa, \u00e8 allora utile per capire quanto fabbrica e cultura possano andare di pari passo. Anche quando, appunto, la fabbrica viene dismessa.<\/p>\n<p>Castiglione guarda al binomio fabbrica-cultura da un particolare punto di vista, quello cinematografico. Il racconto della fabbrica che si trasforma, viene cio\u00e8 svolto sulla scorta di documenti filmati. L\u2019articolo \u00e8 quindi fondato sull\u2019analisi della fabbrica che, da luogo di manifattura, diventa altro. Il caso raccontato \u00e8 quello del distretto Bicocca a Milano protagonista di una trasformazione urbana a tutti gli effetti. All&#8217;inizio degli anni Ottanta infatti, l&#8217;intero complesso Pirelli inizi\u00f2 il suo processo di smantellamento: l&#8217;abbandono dei suoi spazi port\u00f2 alla riqualificazione del distretto, da un sito di produzione industriale in uno spazio di cultura e innovazione della conoscenza. A raccontare la trasformazione \u00e8 stato anche uno degli interpreti pi\u00f9 significativi del cambiamento industriale come Silvio Soldini, con il documentario \u201cLa fabbrica sospesa\u201d (1985). Come Milano, d\u2019altra parte, anche altre citt\u00e0 industriali settentrionali hanno fornito lo sfondo per interessanti indagini sociali e iconografiche, come rappresentato nel Trevico-Torino (1973) di Ettore Scola.<\/p>\n<p>Ornella Castiglione, quindi, analizza la vicenda e ne trae un\u2019indicazione di fondo che si basa sulla capacit\u00e0 della fabbrica non solo di generare cultura nel momento della sua attivit\u00e0, ma anche quando \u2013 dismessa -, riesce a fornire la base per la creazione di luoghi per espressioni culturali sotto forme diverse.<\/p><p><a href=\"https:\/\/www.rivisteweb.it\/doi\/10.17397\/97433\"><strong>Il caso Pirelli-Bicocca. La fabbrica (dismessa) tra realt\u00e0 e immagine<\/strong><\/a><\/p>\n<p>Ornella Castiglione<\/p>\n<p>L\u2019avventura, 1\/2020. Gennaio-giugno<\/p>","protected":false},"excerpt":{"rendered":"<p>L\u2019analisi delle trasformazioni di un\u2019area industriale raccontata attraverso un film \u00a0 Industria \u00e8 cultura. Constatazione ormai acclarata, che, tuttavia, ha sempre bisogno di conferme e di verifiche. Perch\u00e9 la \u201cfabbrica\u201d oppure gli \u201cuffici\u201d, possono sempre essere confusi come semplici luoghi di fatica senza orizzonti. Riscoprire i tanti modi attraverso i quali fare industria pu\u00f2 significare [&hellip;]<\/p>\n","protected":false},"author":9,"featured_media":0,"comment_status":"open","ping_status":"open","sticky":false,"template":"","format":"standard","meta":{"footnotes":""},"categories":[54,52],"tags":[],"class_list":["post-80511","post","type-post","status-publish","format-standard","hentry","category-approfondimenti","category-cultura-dimpresa"],"acf":[],"yoast_head":"<!-- This site is optimized with the Yoast SEO plugin v25.0 - https:\/\/yoast.com\/wordpress\/plugins\/seo\/ -->\n<title>Fabbrica e cultura, racconto per immagini - Fondazione Pirelli<\/title>\n<meta name=\"robots\" content=\"index, follow, max-snippet:-1, max-image-preview:large, max-video-preview:-1\" \/>\n<link rel=\"canonical\" href=\"https:\/\/www.fondazionepirelli.org\/it\/cultura-dimpresa\/fabbrica-e-cultura-racconto-per-immagini\/\" \/>\n<meta property=\"og:locale\" content=\"it_IT\" \/>\n<meta property=\"og:type\" content=\"article\" \/>\n<meta property=\"og:title\" content=\"Fabbrica e cultura, racconto per immagini - Fondazione Pirelli\" \/>\n<meta property=\"og:description\" content=\"L\u2019analisi delle trasformazioni di un\u2019area industriale raccontata attraverso un film \u00a0 Industria \u00e8 cultura. Constatazione ormai acclarata, che, tuttavia, ha sempre bisogno di conferme e di verifiche. Perch\u00e9 la \u201cfabbrica\u201d oppure gli \u201cuffici\u201d, possono sempre essere confusi come semplici luoghi di fatica senza orizzonti. Riscoprire i tanti modi attraverso i quali fare industria pu\u00f2 significare [&hellip;]\" \/>\n<meta property=\"og:url\" content=\"https:\/\/127.0.0.1\/it\/cultura-dimpresa\/fabbrica-e-cultura-racconto-per-immagini\/\" \/>\n<meta property=\"og:site_name\" content=\"Fondazione Pirelli\" \/>\n<meta property=\"article:published_time\" content=\"2020-07-21T06:55:47+00:00\" \/>\n<meta name=\"author\" content=\"fondazionepirelli\" \/>\n<meta name=\"twitter:card\" content=\"summary_large_image\" \/>\n<meta name=\"twitter:label1\" content=\"Scritto da\" \/>\n\t<meta name=\"twitter:data1\" content=\"fondazionepirelli\" \/>\n\t<meta name=\"twitter:label2\" content=\"Tempo di lettura stimato\" \/>\n\t<meta name=\"twitter:data2\" content=\"2 minuti\" \/>\n<script type=\"application\/ld+json\" class=\"yoast-schema-graph\">{\"@context\":\"https:\/\/schema.org\",\"@graph\":[{\"@type\":\"WebPage\",\"@id\":\"https:\/\/127.0.0.1\/it\/cultura-dimpresa\/fabbrica-e-cultura-racconto-per-immagini\/\",\"url\":\"https:\/\/127.0.0.1\/it\/cultura-dimpresa\/fabbrica-e-cultura-racconto-per-immagini\/\",\"name\":\"Fabbrica e cultura, racconto per immagini - Fondazione Pirelli\",\"isPartOf\":{\"@id\":\"https:\/\/www.fondazionepirelli.org\/it\/#website\"},\"datePublished\":\"2020-07-21T06:55:47+00:00\",\"author\":{\"@id\":\"https:\/\/www.fondazionepirelli.org\/it\/#\/schema\/person\/c31fcf5937a0e6afa45497f3f8b6d7a0\"},\"breadcrumb\":{\"@id\":\"https:\/\/127.0.0.1\/it\/cultura-dimpresa\/fabbrica-e-cultura-racconto-per-immagini\/#breadcrumb\"},\"inLanguage\":\"it-IT\",\"potentialAction\":[{\"@type\":\"ReadAction\",\"target\":[\"https:\/\/127.0.0.1\/it\/cultura-dimpresa\/fabbrica-e-cultura-racconto-per-immagini\/\"]}]},{\"@type\":\"BreadcrumbList\",\"@id\":\"https:\/\/127.0.0.1\/it\/cultura-dimpresa\/fabbrica-e-cultura-racconto-per-immagini\/#breadcrumb\",\"itemListElement\":[{\"@type\":\"ListItem\",\"position\":1,\"name\":\"Home\",\"item\":\"https:\/\/www.fondazionepirelli.org\/it\/\"},{\"@type\":\"ListItem\",\"position\":2,\"name\":\"Fabbrica e cultura, racconto per immagini\"}]},{\"@type\":\"WebSite\",\"@id\":\"https:\/\/www.fondazionepirelli.org\/it\/#website\",\"url\":\"https:\/\/www.fondazionepirelli.org\/it\/\",\"name\":\"Fondazione Pirelli\",\"description\":\"\",\"potentialAction\":[{\"@type\":\"SearchAction\",\"target\":{\"@type\":\"EntryPoint\",\"urlTemplate\":\"https:\/\/www.fondazionepirelli.org\/it\/?s={search_term_string}\"},\"query-input\":{\"@type\":\"PropertyValueSpecification\",\"valueRequired\":true,\"valueName\":\"search_term_string\"}}],\"inLanguage\":\"it-IT\"},{\"@type\":\"Person\",\"@id\":\"https:\/\/www.fondazionepirelli.org\/it\/#\/schema\/person\/c31fcf5937a0e6afa45497f3f8b6d7a0\",\"name\":\"fondazionepirelli\",\"image\":{\"@type\":\"ImageObject\",\"inLanguage\":\"it-IT\",\"@id\":\"https:\/\/www.fondazionepirelli.org\/it\/#\/schema\/person\/image\/\",\"url\":\"https:\/\/secure.gravatar.com\/avatar\/9cb486421ce1d6eddbf6c4fb66841b4325b786695f7aedf1dde2222428218696?s=96&d=mm&r=g\",\"contentUrl\":\"https:\/\/secure.gravatar.com\/avatar\/9cb486421ce1d6eddbf6c4fb66841b4325b786695f7aedf1dde2222428218696?s=96&d=mm&r=g\",\"caption\":\"fondazionepirelli\"},\"url\":\"https:\/\/www.fondazionepirelli.org\/it\/author\/fondazionepirelli\/\"}]}<\/script>\n<!-- \/ Yoast SEO plugin. -->","yoast_head_json":{"title":"Fabbrica e cultura, racconto per immagini - Fondazione Pirelli","robots":{"index":"index","follow":"follow","max-snippet":"max-snippet:-1","max-image-preview":"max-image-preview:large","max-video-preview":"max-video-preview:-1"},"canonical":"https:\/\/www.fondazionepirelli.org\/it\/cultura-dimpresa\/fabbrica-e-cultura-racconto-per-immagini\/","og_locale":"it_IT","og_type":"article","og_title":"Fabbrica e cultura, racconto per immagini - Fondazione Pirelli","og_description":"L\u2019analisi delle trasformazioni di un\u2019area industriale raccontata attraverso un film \u00a0 Industria \u00e8 cultura. Constatazione ormai acclarata, che, tuttavia, ha sempre bisogno di conferme e di verifiche. Perch\u00e9 la \u201cfabbrica\u201d oppure gli \u201cuffici\u201d, possono sempre essere confusi come semplici luoghi di fatica senza orizzonti. Riscoprire i tanti modi attraverso i quali fare industria pu\u00f2 significare [&hellip;]","og_url":"https:\/\/127.0.0.1\/it\/cultura-dimpresa\/fabbrica-e-cultura-racconto-per-immagini\/","og_site_name":"Fondazione Pirelli","article_published_time":"2020-07-21T06:55:47+00:00","author":"fondazionepirelli","twitter_card":"summary_large_image","twitter_misc":{"Scritto da":"fondazionepirelli","Tempo di lettura stimato":"2 minuti"},"schema":{"@context":"https:\/\/schema.org","@graph":[{"@type":"WebPage","@id":"https:\/\/127.0.0.1\/it\/cultura-dimpresa\/fabbrica-e-cultura-racconto-per-immagini\/","url":"https:\/\/127.0.0.1\/it\/cultura-dimpresa\/fabbrica-e-cultura-racconto-per-immagini\/","name":"Fabbrica e cultura, racconto per immagini - Fondazione Pirelli","isPartOf":{"@id":"https:\/\/www.fondazionepirelli.org\/it\/#website"},"datePublished":"2020-07-21T06:55:47+00:00","author":{"@id":"https:\/\/www.fondazionepirelli.org\/it\/#\/schema\/person\/c31fcf5937a0e6afa45497f3f8b6d7a0"},"breadcrumb":{"@id":"https:\/\/127.0.0.1\/it\/cultura-dimpresa\/fabbrica-e-cultura-racconto-per-immagini\/#breadcrumb"},"inLanguage":"it-IT","potentialAction":[{"@type":"ReadAction","target":["https:\/\/127.0.0.1\/it\/cultura-dimpresa\/fabbrica-e-cultura-racconto-per-immagini\/"]}]},{"@type":"BreadcrumbList","@id":"https:\/\/127.0.0.1\/it\/cultura-dimpresa\/fabbrica-e-cultura-racconto-per-immagini\/#breadcrumb","itemListElement":[{"@type":"ListItem","position":1,"name":"Home","item":"https:\/\/www.fondazionepirelli.org\/it\/"},{"@type":"ListItem","position":2,"name":"Fabbrica e cultura, racconto per immagini"}]},{"@type":"WebSite","@id":"https:\/\/www.fondazionepirelli.org\/it\/#website","url":"https:\/\/www.fondazionepirelli.org\/it\/","name":"Fondazione Pirelli","description":"","potentialAction":[{"@type":"SearchAction","target":{"@type":"EntryPoint","urlTemplate":"https:\/\/www.fondazionepirelli.org\/it\/?s={search_term_string}"},"query-input":{"@type":"PropertyValueSpecification","valueRequired":true,"valueName":"search_term_string"}}],"inLanguage":"it-IT"},{"@type":"Person","@id":"https:\/\/www.fondazionepirelli.org\/it\/#\/schema\/person\/c31fcf5937a0e6afa45497f3f8b6d7a0","name":"fondazionepirelli","image":{"@type":"ImageObject","inLanguage":"it-IT","@id":"https:\/\/www.fondazionepirelli.org\/it\/#\/schema\/person\/image\/","url":"https:\/\/secure.gravatar.com\/avatar\/9cb486421ce1d6eddbf6c4fb66841b4325b786695f7aedf1dde2222428218696?s=96&d=mm&r=g","contentUrl":"https:\/\/secure.gravatar.com\/avatar\/9cb486421ce1d6eddbf6c4fb66841b4325b786695f7aedf1dde2222428218696?s=96&d=mm&r=g","caption":"fondazionepirelli"},"url":"https:\/\/www.fondazionepirelli.org\/it\/author\/fondazionepirelli\/"}]}},"_links":{"self":[{"href":"https:\/\/www.fondazionepirelli.org\/it\/wp-json\/wp\/v2\/posts\/80511\/"}],"collection":[{"href":"https:\/\/www.fondazionepirelli.org\/it\/wp-json\/wp\/v2\/posts\/"}],"about":[{"href":"https:\/\/www.fondazionepirelli.org\/it\/wp-json\/wp\/v2\/types\/post\/"}],"author":[{"embeddable":true,"href":"https:\/\/www.fondazionepirelli.org\/it\/wp-json\/wp\/v2\/users\/9\/"}],"replies":[{"embeddable":true,"href":"https:\/\/www.fondazionepirelli.org\/it\/wp-json\/wp\/v2\/comments\/?post=80511"}],"version-history":[{"count":2,"href":"https:\/\/www.fondazionepirelli.org\/it\/wp-json\/wp\/v2\/posts\/80511\/revisions\/"}],"predecessor-version":[{"id":80513,"href":"https:\/\/www.fondazionepirelli.org\/it\/wp-json\/wp\/v2\/posts\/80511\/revisions\/80513\/"}],"wp:attachment":[{"href":"https:\/\/www.fondazionepirelli.org\/it\/wp-json\/wp\/v2\/media\/?parent=80511"}],"wp:term":[{"taxonomy":"category","embeddable":true,"href":"https:\/\/www.fondazionepirelli.org\/it\/wp-json\/wp\/v2\/categories\/?post=80511"},{"taxonomy":"post_tag","embeddable":true,"href":"https:\/\/www.fondazionepirelli.org\/it\/wp-json\/wp\/v2\/tags\/?post=80511"}],"curies":[{"name":"wp","href":"https:\/\/api.w.org\/{rel}","templated":true}]}}