{"id":80545,"date":"2020-07-23T07:27:28","date_gmt":"2020-07-23T06:27:28","guid":{"rendered":"https:\/\/www.fondazionepirelli.org\/?p=80545"},"modified":"2021-10-06T13:57:04","modified_gmt":"2021-10-06T12:57:04","slug":"pirelli-in-digitale-tra-arte-produzione-e-innovazione","status":"publish","type":"post","link":"https:\/\/www.fondazionepirelli.org\/it\/education\/pirelli-in-digitale-tra-arte-produzione-e-innovazione\/","title":{"rendered":"\u201cPirelli in digitale\u201d, tra arte, produzione e innovazione"},"content":{"rendered":"<p><em>Conoscere e progettare l\u2019impresa con i nuovi percorsi di Fondazione Pirelli Educational<\/em><\/p><p><strong>Pronti a ripartire.<\/strong> Anche per il prossimo anno scolastico Fondazione Pirelli accompagner\u00e0 <strong>studenti e insegnanti<\/strong> alla scoperta del mondo dell\u2019impresa, attraverso <strong>percorsi formativi \u201ca distanza\u201d<\/strong> strutturati in pi\u00f9 appuntamenti, tra virtual tour, lezioni live e laboratori. Cultura d\u2019impresa e patrimonio storico-artistico dell\u2019Archivio Storico Pirelli formeranno un ecosistema di<strong> contenuti e-learning<\/strong> a disposizione delle scuole. L\u2019offerta didattica interdisciplinare si concentrer\u00e0 in modo particolare sul rapporto tra arte e <strong>produzione industriale<\/strong>, sulla storia delle invenzioni e innovazioni di Pirelli, sull\u2019evoluzione della <strong>comunicazione visiva<\/strong> dell\u2019azienda e sui profondi cambiamenti che hanno interessato il nostro modo di muoverci, dall\u2019introduzione della ruota fino alla mobilit\u00e0 sostenibile.<\/p>\n<p>Attraverso l\u2019utilizzo del sito di Fondazione Pirelli, di <strong>materiali multimediali<\/strong>, <strong>podcast e video<\/strong>, sar\u00e0 possibile analizzare i bozzetti preparatori delle celebri campagne pubblicitarie di Pirelli, seguire le storie degli inventori che con il loro impegno e creativit\u00e0 hanno contribuito a rivoluzionare il modo di vivere, conoscere le pi\u00f9 importanti strategie adottate dalle imprese in materia di <strong>sostenibilit\u00e0<\/strong> e <strong>sicurezza<\/strong>, farsi trasportare in un viaggio nel tempo per scoprire la storia e l\u2019attualit\u00e0 di una grande realt\u00e0 industriale multinazionale come Pirelli.<\/p>\n<p>Per questo nuovo anno scolastico molti dei percorsi didattici saranno articolati in pi\u00f9 step formativi: presentazione del focus dell\u2019attivit\u00e0, analisi dei materiali e degli strumenti di approfondimento, assegnazione di un <strong>obiettivo pratico-laboratoriale<\/strong> e successiva discussione con i ragazzi degli output dei progetti elaborati.<br \/>\nTutti i dettagli della proposta formativa, diversificata per ordine e grado scolastico, saranno presentati ai docenti a settembre in due incontri che si svolgeranno tramite la piattaforma <strong>Microsoft Teams.<\/strong><\/p>\n<p>Per rimanere informati sul progetto \u00e8 possibile consultare la pagina di <a href=\"https:\/\/www.fondazionepirelli.org\/it\/education\/fondazione-pirelli-educational\/\">Fondazione Pirelli Educational o<\/a> iscriversi alla <strong>mailing list<\/strong> di Fondazione Pirelli.<\/p>\n","protected":false},"excerpt":{"rendered":"<p>Conoscere e progettare l\u2019impresa con i nuovi percorsi di Fondazione Pirelli EducationalPronti a ripartire. Anche per il prossimo anno scolastico Fondazione Pirelli accompagner\u00e0 studenti e insegnanti alla scoperta del mondo dell\u2019impresa, attraverso percorsi formativi \u201ca distanza\u201d strutturati in pi\u00f9 appuntamenti, tra virtual tour, lezioni live e laboratori. Cultura d\u2019impresa e patrimonio storico-artistico dell\u2019Archivio Storico Pirelli [&hellip;]<\/p>\n","protected":false},"author":9,"featured_media":80547,"comment_status":"open","ping_status":"open","sticky":false,"template":"","format":"standard","meta":{"footnotes":""},"categories":[59,120],"tags":[],"class_list":["post-80545","post","type-post","status-publish","format-standard","has-post-thumbnail","hentry","category-education","category-fondazione-pirelli-educational"],"acf":[],"yoast_head":"<!-- This site is optimized with the Yoast SEO plugin v25.0 - https:\/\/yoast.com\/wordpress\/plugins\/seo\/ -->\n<title>\u201cPirelli in digitale\u201d | Fondazione Pirelli<\/title>\n<meta name=\"description\" content=\"Online i nuovi percorsi digitali di Fondazione Pirelli Educational, per imparare a conoscere e progettare l\u2019impresa. Visita il nostro sito e scopri di pi\u00f9, su fondazionepirelli.org.\" \/>\n<meta name=\"robots\" content=\"index, follow, max-snippet:-1, max-image-preview:large, max-video-preview:-1\" \/>\n<link rel=\"canonical\" href=\"https:\/\/www.fondazionepirelli.org\/it\/education\/pirelli-in-digitale-tra-arte-produzione-e-innovazione\/\" \/>\n<meta property=\"og:locale\" content=\"it_IT\" \/>\n<meta property=\"og:type\" content=\"article\" \/>\n<meta property=\"og:title\" content=\"\u201cPirelli in digitale\u201d | Fondazione Pirelli\" \/>\n<meta property=\"og:description\" content=\"Online i nuovi percorsi digitali di Fondazione Pirelli Educational, per imparare a conoscere e progettare l\u2019impresa. Visita il nostro sito e scopri di pi\u00f9, su fondazionepirelli.org.\" \/>\n<meta property=\"og:url\" content=\"https:\/\/www.fondazionepirelli.org\/it\/education\/pirelli-in-digitale-tra-arte-produzione-e-innovazione\/\" \/>\n<meta property=\"og:site_name\" content=\"Fondazione Pirelli\" \/>\n<meta property=\"article:published_time\" content=\"2020-07-23T06:27:28+00:00\" \/>\n<meta property=\"article:modified_time\" content=\"2021-10-06T12:57:04+00:00\" \/>\n<meta property=\"og:image\" content=\"https:\/\/wpsite-assets.fondazionepirelli.org\/wp-content\/uploads\/2020\/07\/22154812\/rev-e1595431096128.jpg\" \/>\n\t<meta property=\"og:image:width\" content=\"500\" \/>\n\t<meta property=\"og:image:height\" content=\"358\" \/>\n\t<meta property=\"og:image:type\" content=\"image\/jpeg\" \/>\n<meta name=\"author\" content=\"fondazionepirelli\" \/>\n<meta name=\"twitter:card\" content=\"summary_large_image\" \/>\n<meta name=\"twitter:label1\" content=\"Scritto da\" \/>\n\t<meta name=\"twitter:data1\" content=\"fondazionepirelli\" \/>\n\t<meta name=\"twitter:label2\" content=\"Tempo di lettura stimato\" \/>\n\t<meta name=\"twitter:data2\" content=\"1 minuto\" \/>\n<script type=\"application\/ld+json\" class=\"yoast-schema-graph\">{\"@context\":\"https:\/\/schema.org\",\"@graph\":[{\"@type\":\"WebPage\",\"@id\":\"https:\/\/www.fondazionepirelli.org\/it\/education\/pirelli-in-digitale-tra-arte-produzione-e-innovazione\/\",\"url\":\"https:\/\/www.fondazionepirelli.org\/it\/education\/pirelli-in-digitale-tra-arte-produzione-e-innovazione\/\",\"name\":\"\u201cPirelli in digitale\u201d | Fondazione Pirelli\",\"isPartOf\":{\"@id\":\"https:\/\/www.fondazionepirelli.org\/it\/#website\"},\"primaryImageOfPage\":{\"@id\":\"https:\/\/www.fondazionepirelli.org\/it\/education\/pirelli-in-digitale-tra-arte-produzione-e-innovazione\/#primaryimage\"},\"image\":{\"@id\":\"https:\/\/www.fondazionepirelli.org\/it\/education\/pirelli-in-digitale-tra-arte-produzione-e-innovazione\/#primaryimage\"},\"thumbnailUrl\":\"https:\/\/wpsite-assets.fondazionepirelli.org\/wp-content\/uploads\/2020\/07\/22154812\/rev-e1595431096128.jpg\",\"datePublished\":\"2020-07-23T06:27:28+00:00\",\"dateModified\":\"2021-10-06T12:57:04+00:00\",\"author\":{\"@id\":\"https:\/\/www.fondazionepirelli.org\/it\/#\/schema\/person\/c31fcf5937a0e6afa45497f3f8b6d7a0\"},\"description\":\"Online i nuovi percorsi digitali di Fondazione Pirelli Educational, per imparare a conoscere e progettare l\u2019impresa. Visita il nostro sito e scopri di pi\u00f9, su fondazionepirelli.org.\",\"breadcrumb\":{\"@id\":\"https:\/\/www.fondazionepirelli.org\/it\/education\/pirelli-in-digitale-tra-arte-produzione-e-innovazione\/#breadcrumb\"},\"inLanguage\":\"it-IT\",\"potentialAction\":[{\"@type\":\"ReadAction\",\"target\":[\"https:\/\/www.fondazionepirelli.org\/it\/education\/pirelli-in-digitale-tra-arte-produzione-e-innovazione\/\"]}]},{\"@type\":\"ImageObject\",\"inLanguage\":\"it-IT\",\"@id\":\"https:\/\/www.fondazionepirelli.org\/it\/education\/pirelli-in-digitale-tra-arte-produzione-e-innovazione\/#primaryimage\",\"url\":\"https:\/\/wpsite-assets.fondazionepirelli.org\/wp-content\/uploads\/2020\/07\/22154812\/rev-e1595431096128.jpg\",\"contentUrl\":\"https:\/\/wpsite-assets.fondazionepirelli.org\/wp-content\/uploads\/2020\/07\/22154812\/rev-e1595431096128.jpg\",\"width\":500,\"height\":358},{\"@type\":\"BreadcrumbList\",\"@id\":\"https:\/\/www.fondazionepirelli.org\/it\/education\/pirelli-in-digitale-tra-arte-produzione-e-innovazione\/#breadcrumb\",\"itemListElement\":[{\"@type\":\"ListItem\",\"position\":1,\"name\":\"Home\",\"item\":\"https:\/\/www.fondazionepirelli.org\/it\/\"},{\"@type\":\"ListItem\",\"position\":2,\"name\":\"\u201cPirelli in digitale\u201d, tra arte, produzione e innovazione\"}]},{\"@type\":\"WebSite\",\"@id\":\"https:\/\/www.fondazionepirelli.org\/it\/#website\",\"url\":\"https:\/\/www.fondazionepirelli.org\/it\/\",\"name\":\"Fondazione Pirelli\",\"description\":\"\",\"potentialAction\":[{\"@type\":\"SearchAction\",\"target\":{\"@type\":\"EntryPoint\",\"urlTemplate\":\"https:\/\/www.fondazionepirelli.org\/it\/?s={search_term_string}\"},\"query-input\":{\"@type\":\"PropertyValueSpecification\",\"valueRequired\":true,\"valueName\":\"search_term_string\"}}],\"inLanguage\":\"it-IT\"},{\"@type\":\"Person\",\"@id\":\"https:\/\/www.fondazionepirelli.org\/it\/#\/schema\/person\/c31fcf5937a0e6afa45497f3f8b6d7a0\",\"name\":\"fondazionepirelli\",\"image\":{\"@type\":\"ImageObject\",\"inLanguage\":\"it-IT\",\"@id\":\"https:\/\/www.fondazionepirelli.org\/it\/#\/schema\/person\/image\/\",\"url\":\"https:\/\/secure.gravatar.com\/avatar\/9cb486421ce1d6eddbf6c4fb66841b4325b786695f7aedf1dde2222428218696?s=96&d=mm&r=g\",\"contentUrl\":\"https:\/\/secure.gravatar.com\/avatar\/9cb486421ce1d6eddbf6c4fb66841b4325b786695f7aedf1dde2222428218696?s=96&d=mm&r=g\",\"caption\":\"fondazionepirelli\"},\"url\":\"https:\/\/www.fondazionepirelli.org\/it\/author\/fondazionepirelli\/\"}]}<\/script>\n<!-- \/ Yoast SEO plugin. -->","yoast_head_json":{"title":"\u201cPirelli in digitale\u201d | Fondazione Pirelli","description":"Online i nuovi percorsi digitali di Fondazione Pirelli Educational, per imparare a conoscere e progettare l\u2019impresa. Visita il nostro sito e scopri di pi\u00f9, su fondazionepirelli.org.","robots":{"index":"index","follow":"follow","max-snippet":"max-snippet:-1","max-image-preview":"max-image-preview:large","max-video-preview":"max-video-preview:-1"},"canonical":"https:\/\/www.fondazionepirelli.org\/it\/education\/pirelli-in-digitale-tra-arte-produzione-e-innovazione\/","og_locale":"it_IT","og_type":"article","og_title":"\u201cPirelli in digitale\u201d | Fondazione Pirelli","og_description":"Online i nuovi percorsi digitali di Fondazione Pirelli Educational, per imparare a conoscere e progettare l\u2019impresa. Visita il nostro sito e scopri di pi\u00f9, su fondazionepirelli.org.","og_url":"https:\/\/www.fondazionepirelli.org\/it\/education\/pirelli-in-digitale-tra-arte-produzione-e-innovazione\/","og_site_name":"Fondazione Pirelli","article_published_time":"2020-07-23T06:27:28+00:00","article_modified_time":"2021-10-06T12:57:04+00:00","og_image":[{"width":500,"height":358,"url":"https:\/\/wpsite-assets.fondazionepirelli.org\/wp-content\/uploads\/2020\/07\/22154812\/rev-e1595431096128.jpg","type":"image\/jpeg"}],"author":"fondazionepirelli","twitter_card":"summary_large_image","twitter_misc":{"Scritto da":"fondazionepirelli","Tempo di lettura stimato":"1 minuto"},"schema":{"@context":"https:\/\/schema.org","@graph":[{"@type":"WebPage","@id":"https:\/\/www.fondazionepirelli.org\/it\/education\/pirelli-in-digitale-tra-arte-produzione-e-innovazione\/","url":"https:\/\/www.fondazionepirelli.org\/it\/education\/pirelli-in-digitale-tra-arte-produzione-e-innovazione\/","name":"\u201cPirelli in digitale\u201d | Fondazione Pirelli","isPartOf":{"@id":"https:\/\/www.fondazionepirelli.org\/it\/#website"},"primaryImageOfPage":{"@id":"https:\/\/www.fondazionepirelli.org\/it\/education\/pirelli-in-digitale-tra-arte-produzione-e-innovazione\/#primaryimage"},"image":{"@id":"https:\/\/www.fondazionepirelli.org\/it\/education\/pirelli-in-digitale-tra-arte-produzione-e-innovazione\/#primaryimage"},"thumbnailUrl":"https:\/\/wpsite-assets.fondazionepirelli.org\/wp-content\/uploads\/2020\/07\/22154812\/rev-e1595431096128.jpg","datePublished":"2020-07-23T06:27:28+00:00","dateModified":"2021-10-06T12:57:04+00:00","author":{"@id":"https:\/\/www.fondazionepirelli.org\/it\/#\/schema\/person\/c31fcf5937a0e6afa45497f3f8b6d7a0"},"description":"Online i nuovi percorsi digitali di Fondazione Pirelli Educational, per imparare a conoscere e progettare l\u2019impresa. Visita il nostro sito e scopri di pi\u00f9, su fondazionepirelli.org.","breadcrumb":{"@id":"https:\/\/www.fondazionepirelli.org\/it\/education\/pirelli-in-digitale-tra-arte-produzione-e-innovazione\/#breadcrumb"},"inLanguage":"it-IT","potentialAction":[{"@type":"ReadAction","target":["https:\/\/www.fondazionepirelli.org\/it\/education\/pirelli-in-digitale-tra-arte-produzione-e-innovazione\/"]}]},{"@type":"ImageObject","inLanguage":"it-IT","@id":"https:\/\/www.fondazionepirelli.org\/it\/education\/pirelli-in-digitale-tra-arte-produzione-e-innovazione\/#primaryimage","url":"https:\/\/wpsite-assets.fondazionepirelli.org\/wp-content\/uploads\/2020\/07\/22154812\/rev-e1595431096128.jpg","contentUrl":"https:\/\/wpsite-assets.fondazionepirelli.org\/wp-content\/uploads\/2020\/07\/22154812\/rev-e1595431096128.jpg","width":500,"height":358},{"@type":"BreadcrumbList","@id":"https:\/\/www.fondazionepirelli.org\/it\/education\/pirelli-in-digitale-tra-arte-produzione-e-innovazione\/#breadcrumb","itemListElement":[{"@type":"ListItem","position":1,"name":"Home","item":"https:\/\/www.fondazionepirelli.org\/it\/"},{"@type":"ListItem","position":2,"name":"\u201cPirelli in digitale\u201d, tra arte, produzione e innovazione"}]},{"@type":"WebSite","@id":"https:\/\/www.fondazionepirelli.org\/it\/#website","url":"https:\/\/www.fondazionepirelli.org\/it\/","name":"Fondazione Pirelli","description":"","potentialAction":[{"@type":"SearchAction","target":{"@type":"EntryPoint","urlTemplate":"https:\/\/www.fondazionepirelli.org\/it\/?s={search_term_string}"},"query-input":{"@type":"PropertyValueSpecification","valueRequired":true,"valueName":"search_term_string"}}],"inLanguage":"it-IT"},{"@type":"Person","@id":"https:\/\/www.fondazionepirelli.org\/it\/#\/schema\/person\/c31fcf5937a0e6afa45497f3f8b6d7a0","name":"fondazionepirelli","image":{"@type":"ImageObject","inLanguage":"it-IT","@id":"https:\/\/www.fondazionepirelli.org\/it\/#\/schema\/person\/image\/","url":"https:\/\/secure.gravatar.com\/avatar\/9cb486421ce1d6eddbf6c4fb66841b4325b786695f7aedf1dde2222428218696?s=96&d=mm&r=g","contentUrl":"https:\/\/secure.gravatar.com\/avatar\/9cb486421ce1d6eddbf6c4fb66841b4325b786695f7aedf1dde2222428218696?s=96&d=mm&r=g","caption":"fondazionepirelli"},"url":"https:\/\/www.fondazionepirelli.org\/it\/author\/fondazionepirelli\/"}]}},"_links":{"self":[{"href":"https:\/\/www.fondazionepirelli.org\/it\/wp-json\/wp\/v2\/posts\/80545\/"}],"collection":[{"href":"https:\/\/www.fondazionepirelli.org\/it\/wp-json\/wp\/v2\/posts\/"}],"about":[{"href":"https:\/\/www.fondazionepirelli.org\/it\/wp-json\/wp\/v2\/types\/post\/"}],"author":[{"embeddable":true,"href":"https:\/\/www.fondazionepirelli.org\/it\/wp-json\/wp\/v2\/users\/9\/"}],"replies":[{"embeddable":true,"href":"https:\/\/www.fondazionepirelli.org\/it\/wp-json\/wp\/v2\/comments\/?post=80545"}],"version-history":[{"count":4,"href":"https:\/\/www.fondazionepirelli.org\/it\/wp-json\/wp\/v2\/posts\/80545\/revisions\/"}],"predecessor-version":[{"id":80553,"href":"https:\/\/www.fondazionepirelli.org\/it\/wp-json\/wp\/v2\/posts\/80545\/revisions\/80553\/"}],"wp:featuredmedia":[{"embeddable":true,"href":"https:\/\/www.fondazionepirelli.org\/it\/wp-json\/wp\/v2\/media\/80547\/"}],"wp:attachment":[{"href":"https:\/\/www.fondazionepirelli.org\/it\/wp-json\/wp\/v2\/media\/?parent=80545"}],"wp:term":[{"taxonomy":"category","embeddable":true,"href":"https:\/\/www.fondazionepirelli.org\/it\/wp-json\/wp\/v2\/categories\/?post=80545"},{"taxonomy":"post_tag","embeddable":true,"href":"https:\/\/www.fondazionepirelli.org\/it\/wp-json\/wp\/v2\/tags\/?post=80545"}],"curies":[{"name":"wp","href":"https:\/\/api.w.org\/{rel}","templated":true}]}}