{"id":80583,"date":"2020-07-28T07:55:53","date_gmt":"2020-07-28T06:55:53","guid":{"rendered":"https:\/\/www.fondazionepirelli.org\/?p=80583"},"modified":"2020-07-31T16:32:08","modified_gmt":"2020-07-31T15:32:08","slug":"europa-nonostante-tutto-ecco-le-scelte-che-il-governo-deve-fare-per-lo-sviluppo","status":"publish","type":"post","link":"https:\/\/www.fondazionepirelli.org\/it\/cultura-dimpresa\/europa-nonostante-tutto-ecco-le-scelte-che-il-governo-deve-fare-per-lo-sviluppo\/","title":{"rendered":"Europa nonostante tutto.<br> Ecco le scelte che il Governo deve fare per lo sviluppo"},"content":{"rendered":"<p><strong>Europa<\/strong>, nonostante tutto. La conclusione dell\u2019estenuante Consiglio Europeo, a met\u00e0 luglio, ha sancito l\u2019ingresso delle Ue in una nuova fase, dopo gli anni dell\u2019ortodossia dei conti in regola con i parametri di Maastricht (ma solo su debito e deficit dei paesi mediterranei, mai sui surplus commerciali di Germania e Olanda) e dell\u2019ideologia ordoliberista. Una Ue, finalmente, capace di una <strong>strategia comune<\/strong> per fronteggiare la drammatica crisi da Covid19 e recessione, forte di una visione lungimirante con il <strong>Recovery Fund<\/strong> chiamato, saggiamente, \u201c<strong>Next Generation<\/strong>\u201d, decisa a condividere, grazie anche a fondi trovati sui mercati, una politica condivisa di sviluppo secondo due chiarissime direttrici, green economy e digital economy, e cio\u00e8 crescita sostenibile sia ambientale che sociale e innovazione in base ai migliori paradigmi della \u201ceconomia della conoscenza\u201d. Un\u2019Europa, dunque, in movimento, verso una robusta soggettivit\u00e0 politica proprio nella stagione quanto mai contrastata dei nazionalismi, delle guerre commerciali, degli scontri tra Usa, Cina e Russia in cerca di nuovi equilibri egoistici e di ruvidi protagonismi sugli scenari del mondo.Europa, dunque, attenta e attiva. Nonostante i guasti della Brexit, le tensioni introdotte dalla Turchia (pur sempre partner della Nato) in un inquieto Mediterraneo, proprio in contrasto con i paesi europei. E nonostante i tentativi dell\u2019ideologia rissosa dell\u2019America First di dividere tra loro i paesi Ue.<\/p>\n<p>Adesso, serve \u201cun\u2019<strong>Europa che ispiri emozioni<\/strong>\u201d, si augura Angelo Panebianco sulla prima pagina del \u201cCorriere della Sera\u201d (27 luglio). Ha fondato la sua crescita e la sua affermazione, pur tra mille difficolt\u00e0, su due pilastri economici, il mercato comune e la moneta. Adesso serve uno scatto in avanti, una pi\u00f9 solida unione politica, dando spazio e prospettive, proprio per le nuove generazioni, ai valori che hanno contrassegnato l\u2019esperienza storica europea: \u201cLa societ\u00e0 aperta con le sue libert\u00e0 civili ed economiche, la democrazia liberale, la rule of law (il governo della legge) sono patrimonio comune del mondo occidentale. Riescono a mobilitare emozioni solo quando l\u2019opinione pubblica (o una sua parte significativa) ne avverte la fragilit\u00e0, quando \u00e8 messa in condizione di comprendere quali pericoli esso corra, quali siano le minacce pendenti\u201d, nota Panebianco. E sono minacce che arrivano non solo dall\u2019esterno, da regimi segnati da robuste inclinazioni alll\u2019autoritarismo o chiaramente totalitari, ma anche dall\u2019interno stesso della Ue, da paesi in cui \u00e8 in corso una drammatica compressione dei diritti civili e personali (l\u2019Ungheria, la Polonia) su cui Bruxelles ha la responsabilit\u00e0 di dire parole chiare e fare scelte conseguenti.<\/p>\n<p>Quest\u2019Europa \u201cnon merita i fichi secchi\u201d, scriveva, all\u2019inizio degli anni Cinquanta, Ernesto Rossi a Sergio Siglienti, presidente dell\u2019Imi (l\u2019Istituto che sta gestendo i fondi del Piano Marshall) e dell\u2019Abi, l\u2019Associazione bancaria), per sollecitare<strong> investimenti<\/strong> in grado di fare crescere una solida cultura europeista. Quel monito vale ancora oggi.Quei \u201cfichi secchi\u201d che l\u2019Europa e soprattutto le nostre giovani generazioni non meritano oggi possono essere ben rappresentati da insipienze politiche e progetti miopi di chi ancora, sia negli ambienti di governo sia all\u2019opposizione, si muove confusamente nella definizione rapida e precisa di scelte per usare i 200 miliardi del Recovery Fund per l\u2019Italia, chiacchiera vanamente sull\u2019utilizzo dei 37 miliardi del Mes (indispensabili per dare forza ed efficienza alla nostra sanit\u00e0, a dispetto dei fastidi tutti ideologici e propagandistici di una parte dei 5Stelle), non ha ancora ben programmato l\u2019uso dei fondi che vengono dagli \u201cscostamenti di bilancio\u201d e dall\u2019ombrello protettivo della Bce sui titoli pubblici italiani (pi\u00f9 di 200 miliardi).Si tratta di fare scelte chiare, concrete, coerenti con una strategia di profonda riforma e di sviluppo del Paese. Non distribuzioni a pioggia, elargizioni assistenziali care alla infausta stagione di governo dello scorso anno sull\u2019asse Lega-5Stelle (reddito di cittadinanza, quota 100 per le pensioni, contributi per clientele e corporazioni) ma progetti di riforma e di intervento, appunto secondo le indicazioni di Bruxelles sul Recovery Fund.<\/p>\n<p>I nostri \u201ccompiti a casa\u201d, per essere all\u2019altezza delle scelte strategiche della Ue e adeguati al bisogno di profondo rinnovamento del nostro Paese. Su questo piano, il governo Conte si muove tra le incertezze e le chiacchiere politiche su comitati, inutili \u201cCommissioni Bicamerali\u201d parlamentari, tentazioni di nuovi, dannosi sussidi. E ha ragione il presidente di Confindustria Carlo Bonomi quando, sul \u201cCorriere della Sera\u201d di oggi, chiede riforme (fisco, pubblica amministrazione) e investimenti produttivi.Il punto di svolta di un\u2019Italia europea sta proprio qui: nella capacit\u00e0 di mettere in moto la macchina dello sviluppo, dopo la lunga stagione della \u201ccrescita zero\u201d e, adesso, le cadute della recessione post Covid19. Il che comporta la<strong> responsabilit\u00e0 di scelte<\/strong> su produttivit\u00e0, competitivit\u00e0, innovazione, scuola e formazione permanente, ambiente e sostenibilit\u00e0. E, naturalmente, politiche attive del lavoro, non tanto per difendere posti e salari attuali, ma per andare verso il lavoro da creare: assistenza e formazione oggi, nuove imprese e nuovi lavori nell\u2019immediato futuro. Tutto il contrario del sussidio caro ai 5Stelle.<\/p>\n<p>Il Governo \u00e8 su un crinale. Pu\u00f2 decidere e fare sul versante dello sviluppo, meritando attenzione e fiducia dei cittadini. O pu\u00f2 perdere l\u2019ennesima occasione di fare il bene del Paese. E\u2019 l\u2019agosto delle scelte, in vista di un autunno difficile e impegnativo. L\u2019orizzonte \u00e8 la politica del fare, e fare bene. Finalmente.<\/p>\n","protected":false},"excerpt":{"rendered":"<p>Europa, nonostante tutto. La conclusione dell\u2019estenuante Consiglio Europeo, a met\u00e0 luglio, ha sancito l\u2019ingresso delle Ue in una nuova fase, dopo gli anni dell\u2019ortodossia dei conti in regola con i parametri di Maastricht (ma solo su debito e deficit dei paesi mediterranei, mai sui surplus commerciali di Germania e Olanda) e dell\u2019ideologia ordoliberista. Una Ue, [&hellip;]<\/p>\n","protected":false},"author":9,"featured_media":80594,"comment_status":"open","ping_status":"open","sticky":false,"template":"","format":"standard","meta":{"footnotes":""},"categories":[53,52],"tags":[],"class_list":["post-80583","post","type-post","status-publish","format-standard","has-post-thumbnail","hentry","category-blog","category-cultura-dimpresa"],"acf":[],"yoast_head":"<!-- This site is optimized with the Yoast SEO plugin v25.0 - https:\/\/yoast.com\/wordpress\/plugins\/seo\/ -->\n<title>Europa nonostante tutto. Ecco le scelte che il Governo deve fare per lo sviluppo - Fondazione Pirelli<\/title>\n<meta name=\"robots\" content=\"index, follow, max-snippet:-1, max-image-preview:large, max-video-preview:-1\" \/>\n<link rel=\"canonical\" href=\"https:\/\/www.fondazionepirelli.org\/it\/cultura-dimpresa\/europa-nonostante-tutto-ecco-le-scelte-che-il-governo-deve-fare-per-lo-sviluppo\/\" \/>\n<meta property=\"og:locale\" content=\"it_IT\" \/>\n<meta property=\"og:type\" content=\"article\" \/>\n<meta property=\"og:title\" content=\"Europa nonostante tutto. Ecco le scelte che il Governo deve fare per lo sviluppo - Fondazione Pirelli\" \/>\n<meta property=\"og:description\" content=\"Europa, nonostante tutto. La conclusione dell\u2019estenuante Consiglio Europeo, a met\u00e0 luglio, ha sancito l\u2019ingresso delle Ue in una nuova fase, dopo gli anni dell\u2019ortodossia dei conti in regola con i parametri di Maastricht (ma solo su debito e deficit dei paesi mediterranei, mai sui surplus commerciali di Germania e Olanda) e dell\u2019ideologia ordoliberista. Una Ue, [&hellip;]\" \/>\n<meta property=\"og:url\" content=\"https:\/\/127.0.0.1\/it\/cultura-dimpresa\/europa-nonostante-tutto-ecco-le-scelte-che-il-governo-deve-fare-per-lo-sviluppo\/\" \/>\n<meta property=\"og:site_name\" content=\"Fondazione Pirelli\" \/>\n<meta property=\"article:published_time\" content=\"2020-07-28T06:55:53+00:00\" \/>\n<meta property=\"article:modified_time\" content=\"2020-07-31T15:32:08+00:00\" \/>\n<meta property=\"og:image\" content=\"https:\/\/wpsite-assets.fondazionepirelli.org\/wp-content\/uploads\/2020\/07\/28075524\/consiglio-europeo-1-e1595919333912.jpg\" \/>\n\t<meta property=\"og:image:width\" content=\"540\" \/>\n\t<meta property=\"og:image:height\" content=\"359\" \/>\n\t<meta property=\"og:image:type\" content=\"image\/jpeg\" \/>\n<meta name=\"author\" content=\"fondazionepirelli\" \/>\n<meta name=\"twitter:card\" content=\"summary_large_image\" \/>\n<meta name=\"twitter:label1\" content=\"Scritto da\" \/>\n\t<meta name=\"twitter:data1\" content=\"fondazionepirelli\" \/>\n\t<meta name=\"twitter:label2\" content=\"Tempo di lettura stimato\" \/>\n\t<meta name=\"twitter:data2\" content=\"4 minuti\" \/>\n<script type=\"application\/ld+json\" class=\"yoast-schema-graph\">{\"@context\":\"https:\/\/schema.org\",\"@graph\":[{\"@type\":\"WebPage\",\"@id\":\"https:\/\/127.0.0.1\/it\/cultura-dimpresa\/europa-nonostante-tutto-ecco-le-scelte-che-il-governo-deve-fare-per-lo-sviluppo\/\",\"url\":\"https:\/\/127.0.0.1\/it\/cultura-dimpresa\/europa-nonostante-tutto-ecco-le-scelte-che-il-governo-deve-fare-per-lo-sviluppo\/\",\"name\":\"Europa nonostante tutto. Ecco le scelte che il Governo deve fare per lo sviluppo - Fondazione Pirelli\",\"isPartOf\":{\"@id\":\"https:\/\/www.fondazionepirelli.org\/it\/#website\"},\"primaryImageOfPage\":{\"@id\":\"https:\/\/127.0.0.1\/it\/cultura-dimpresa\/europa-nonostante-tutto-ecco-le-scelte-che-il-governo-deve-fare-per-lo-sviluppo\/#primaryimage\"},\"image\":{\"@id\":\"https:\/\/127.0.0.1\/it\/cultura-dimpresa\/europa-nonostante-tutto-ecco-le-scelte-che-il-governo-deve-fare-per-lo-sviluppo\/#primaryimage\"},\"thumbnailUrl\":\"https:\/\/wpsite-assets.fondazionepirelli.org\/wp-content\/uploads\/2020\/07\/28075524\/consiglio-europeo-1-e1595919333912.jpg\",\"datePublished\":\"2020-07-28T06:55:53+00:00\",\"dateModified\":\"2020-07-31T15:32:08+00:00\",\"author\":{\"@id\":\"https:\/\/www.fondazionepirelli.org\/it\/#\/schema\/person\/c31fcf5937a0e6afa45497f3f8b6d7a0\"},\"breadcrumb\":{\"@id\":\"https:\/\/127.0.0.1\/it\/cultura-dimpresa\/europa-nonostante-tutto-ecco-le-scelte-che-il-governo-deve-fare-per-lo-sviluppo\/#breadcrumb\"},\"inLanguage\":\"it-IT\",\"potentialAction\":[{\"@type\":\"ReadAction\",\"target\":[\"https:\/\/127.0.0.1\/it\/cultura-dimpresa\/europa-nonostante-tutto-ecco-le-scelte-che-il-governo-deve-fare-per-lo-sviluppo\/\"]}]},{\"@type\":\"ImageObject\",\"inLanguage\":\"it-IT\",\"@id\":\"https:\/\/127.0.0.1\/it\/cultura-dimpresa\/europa-nonostante-tutto-ecco-le-scelte-che-il-governo-deve-fare-per-lo-sviluppo\/#primaryimage\",\"url\":\"https:\/\/wpsite-assets.fondazionepirelli.org\/wp-content\/uploads\/2020\/07\/28075524\/consiglio-europeo-1-e1595919333912.jpg\",\"contentUrl\":\"https:\/\/wpsite-assets.fondazionepirelli.org\/wp-content\/uploads\/2020\/07\/28075524\/consiglio-europeo-1-e1595919333912.jpg\",\"width\":540,\"height\":359},{\"@type\":\"BreadcrumbList\",\"@id\":\"https:\/\/127.0.0.1\/it\/cultura-dimpresa\/europa-nonostante-tutto-ecco-le-scelte-che-il-governo-deve-fare-per-lo-sviluppo\/#breadcrumb\",\"itemListElement\":[{\"@type\":\"ListItem\",\"position\":1,\"name\":\"Home\",\"item\":\"https:\/\/www.fondazionepirelli.org\/it\/\"},{\"@type\":\"ListItem\",\"position\":2,\"name\":\"Europa nonostante tutto. Ecco le scelte che il Governo deve fare per lo sviluppo\"}]},{\"@type\":\"WebSite\",\"@id\":\"https:\/\/www.fondazionepirelli.org\/it\/#website\",\"url\":\"https:\/\/www.fondazionepirelli.org\/it\/\",\"name\":\"Fondazione Pirelli\",\"description\":\"\",\"potentialAction\":[{\"@type\":\"SearchAction\",\"target\":{\"@type\":\"EntryPoint\",\"urlTemplate\":\"https:\/\/www.fondazionepirelli.org\/it\/?s={search_term_string}\"},\"query-input\":{\"@type\":\"PropertyValueSpecification\",\"valueRequired\":true,\"valueName\":\"search_term_string\"}}],\"inLanguage\":\"it-IT\"},{\"@type\":\"Person\",\"@id\":\"https:\/\/www.fondazionepirelli.org\/it\/#\/schema\/person\/c31fcf5937a0e6afa45497f3f8b6d7a0\",\"name\":\"fondazionepirelli\",\"image\":{\"@type\":\"ImageObject\",\"inLanguage\":\"it-IT\",\"@id\":\"https:\/\/www.fondazionepirelli.org\/it\/#\/schema\/person\/image\/\",\"url\":\"https:\/\/secure.gravatar.com\/avatar\/9cb486421ce1d6eddbf6c4fb66841b4325b786695f7aedf1dde2222428218696?s=96&d=mm&r=g\",\"contentUrl\":\"https:\/\/secure.gravatar.com\/avatar\/9cb486421ce1d6eddbf6c4fb66841b4325b786695f7aedf1dde2222428218696?s=96&d=mm&r=g\",\"caption\":\"fondazionepirelli\"},\"url\":\"https:\/\/www.fondazionepirelli.org\/it\/author\/fondazionepirelli\/\"}]}<\/script>\n<!-- \/ Yoast SEO plugin. -->","yoast_head_json":{"title":"Europa nonostante tutto. Ecco le scelte che il Governo deve fare per lo sviluppo - Fondazione Pirelli","robots":{"index":"index","follow":"follow","max-snippet":"max-snippet:-1","max-image-preview":"max-image-preview:large","max-video-preview":"max-video-preview:-1"},"canonical":"https:\/\/www.fondazionepirelli.org\/it\/cultura-dimpresa\/europa-nonostante-tutto-ecco-le-scelte-che-il-governo-deve-fare-per-lo-sviluppo\/","og_locale":"it_IT","og_type":"article","og_title":"Europa nonostante tutto. Ecco le scelte che il Governo deve fare per lo sviluppo - Fondazione Pirelli","og_description":"Europa, nonostante tutto. La conclusione dell\u2019estenuante Consiglio Europeo, a met\u00e0 luglio, ha sancito l\u2019ingresso delle Ue in una nuova fase, dopo gli anni dell\u2019ortodossia dei conti in regola con i parametri di Maastricht (ma solo su debito e deficit dei paesi mediterranei, mai sui surplus commerciali di Germania e Olanda) e dell\u2019ideologia ordoliberista. Una Ue, [&hellip;]","og_url":"https:\/\/127.0.0.1\/it\/cultura-dimpresa\/europa-nonostante-tutto-ecco-le-scelte-che-il-governo-deve-fare-per-lo-sviluppo\/","og_site_name":"Fondazione Pirelli","article_published_time":"2020-07-28T06:55:53+00:00","article_modified_time":"2020-07-31T15:32:08+00:00","og_image":[{"width":540,"height":359,"url":"https:\/\/wpsite-assets.fondazionepirelli.org\/wp-content\/uploads\/2020\/07\/28075524\/consiglio-europeo-1-e1595919333912.jpg","type":"image\/jpeg"}],"author":"fondazionepirelli","twitter_card":"summary_large_image","twitter_misc":{"Scritto da":"fondazionepirelli","Tempo di lettura stimato":"4 minuti"},"schema":{"@context":"https:\/\/schema.org","@graph":[{"@type":"WebPage","@id":"https:\/\/127.0.0.1\/it\/cultura-dimpresa\/europa-nonostante-tutto-ecco-le-scelte-che-il-governo-deve-fare-per-lo-sviluppo\/","url":"https:\/\/127.0.0.1\/it\/cultura-dimpresa\/europa-nonostante-tutto-ecco-le-scelte-che-il-governo-deve-fare-per-lo-sviluppo\/","name":"Europa nonostante tutto. Ecco le scelte che il Governo deve fare per lo sviluppo - Fondazione Pirelli","isPartOf":{"@id":"https:\/\/www.fondazionepirelli.org\/it\/#website"},"primaryImageOfPage":{"@id":"https:\/\/127.0.0.1\/it\/cultura-dimpresa\/europa-nonostante-tutto-ecco-le-scelte-che-il-governo-deve-fare-per-lo-sviluppo\/#primaryimage"},"image":{"@id":"https:\/\/127.0.0.1\/it\/cultura-dimpresa\/europa-nonostante-tutto-ecco-le-scelte-che-il-governo-deve-fare-per-lo-sviluppo\/#primaryimage"},"thumbnailUrl":"https:\/\/wpsite-assets.fondazionepirelli.org\/wp-content\/uploads\/2020\/07\/28075524\/consiglio-europeo-1-e1595919333912.jpg","datePublished":"2020-07-28T06:55:53+00:00","dateModified":"2020-07-31T15:32:08+00:00","author":{"@id":"https:\/\/www.fondazionepirelli.org\/it\/#\/schema\/person\/c31fcf5937a0e6afa45497f3f8b6d7a0"},"breadcrumb":{"@id":"https:\/\/127.0.0.1\/it\/cultura-dimpresa\/europa-nonostante-tutto-ecco-le-scelte-che-il-governo-deve-fare-per-lo-sviluppo\/#breadcrumb"},"inLanguage":"it-IT","potentialAction":[{"@type":"ReadAction","target":["https:\/\/127.0.0.1\/it\/cultura-dimpresa\/europa-nonostante-tutto-ecco-le-scelte-che-il-governo-deve-fare-per-lo-sviluppo\/"]}]},{"@type":"ImageObject","inLanguage":"it-IT","@id":"https:\/\/127.0.0.1\/it\/cultura-dimpresa\/europa-nonostante-tutto-ecco-le-scelte-che-il-governo-deve-fare-per-lo-sviluppo\/#primaryimage","url":"https:\/\/wpsite-assets.fondazionepirelli.org\/wp-content\/uploads\/2020\/07\/28075524\/consiglio-europeo-1-e1595919333912.jpg","contentUrl":"https:\/\/wpsite-assets.fondazionepirelli.org\/wp-content\/uploads\/2020\/07\/28075524\/consiglio-europeo-1-e1595919333912.jpg","width":540,"height":359},{"@type":"BreadcrumbList","@id":"https:\/\/127.0.0.1\/it\/cultura-dimpresa\/europa-nonostante-tutto-ecco-le-scelte-che-il-governo-deve-fare-per-lo-sviluppo\/#breadcrumb","itemListElement":[{"@type":"ListItem","position":1,"name":"Home","item":"https:\/\/www.fondazionepirelli.org\/it\/"},{"@type":"ListItem","position":2,"name":"Europa nonostante tutto. Ecco le scelte che il Governo deve fare per lo sviluppo"}]},{"@type":"WebSite","@id":"https:\/\/www.fondazionepirelli.org\/it\/#website","url":"https:\/\/www.fondazionepirelli.org\/it\/","name":"Fondazione Pirelli","description":"","potentialAction":[{"@type":"SearchAction","target":{"@type":"EntryPoint","urlTemplate":"https:\/\/www.fondazionepirelli.org\/it\/?s={search_term_string}"},"query-input":{"@type":"PropertyValueSpecification","valueRequired":true,"valueName":"search_term_string"}}],"inLanguage":"it-IT"},{"@type":"Person","@id":"https:\/\/www.fondazionepirelli.org\/it\/#\/schema\/person\/c31fcf5937a0e6afa45497f3f8b6d7a0","name":"fondazionepirelli","image":{"@type":"ImageObject","inLanguage":"it-IT","@id":"https:\/\/www.fondazionepirelli.org\/it\/#\/schema\/person\/image\/","url":"https:\/\/secure.gravatar.com\/avatar\/9cb486421ce1d6eddbf6c4fb66841b4325b786695f7aedf1dde2222428218696?s=96&d=mm&r=g","contentUrl":"https:\/\/secure.gravatar.com\/avatar\/9cb486421ce1d6eddbf6c4fb66841b4325b786695f7aedf1dde2222428218696?s=96&d=mm&r=g","caption":"fondazionepirelli"},"url":"https:\/\/www.fondazionepirelli.org\/it\/author\/fondazionepirelli\/"}]}},"_links":{"self":[{"href":"https:\/\/www.fondazionepirelli.org\/it\/wp-json\/wp\/v2\/posts\/80583\/"}],"collection":[{"href":"https:\/\/www.fondazionepirelli.org\/it\/wp-json\/wp\/v2\/posts\/"}],"about":[{"href":"https:\/\/www.fondazionepirelli.org\/it\/wp-json\/wp\/v2\/types\/post\/"}],"author":[{"embeddable":true,"href":"https:\/\/www.fondazionepirelli.org\/it\/wp-json\/wp\/v2\/users\/9\/"}],"replies":[{"embeddable":true,"href":"https:\/\/www.fondazionepirelli.org\/it\/wp-json\/wp\/v2\/comments\/?post=80583"}],"version-history":[{"count":5,"href":"https:\/\/www.fondazionepirelli.org\/it\/wp-json\/wp\/v2\/posts\/80583\/revisions\/"}],"predecessor-version":[{"id":80613,"href":"https:\/\/www.fondazionepirelli.org\/it\/wp-json\/wp\/v2\/posts\/80583\/revisions\/80613\/"}],"wp:featuredmedia":[{"embeddable":true,"href":"https:\/\/www.fondazionepirelli.org\/it\/wp-json\/wp\/v2\/media\/80594\/"}],"wp:attachment":[{"href":"https:\/\/www.fondazionepirelli.org\/it\/wp-json\/wp\/v2\/media\/?parent=80583"}],"wp:term":[{"taxonomy":"category","embeddable":true,"href":"https:\/\/www.fondazionepirelli.org\/it\/wp-json\/wp\/v2\/categories\/?post=80583"},{"taxonomy":"post_tag","embeddable":true,"href":"https:\/\/www.fondazionepirelli.org\/it\/wp-json\/wp\/v2\/tags\/?post=80583"}],"curies":[{"name":"wp","href":"https:\/\/api.w.org\/{rel}","templated":true}]}}