{"id":80586,"date":"2020-07-28T07:56:27","date_gmt":"2020-07-28T06:56:27","guid":{"rendered":"https:\/\/www.fondazionepirelli.org\/?p=80586"},"modified":"2020-07-28T07:56:27","modified_gmt":"2020-07-28T06:56:27","slug":"limpresa-a-tutto-tondo","status":"publish","type":"post","link":"https:\/\/www.fondazionepirelli.org\/it\/cultura-dimpresa\/limpresa-a-tutto-tondo\/","title":{"rendered":"L\u2019impresa a tutto tondo"},"content":{"rendered":"<p><em>Un libro appena pubblicato legge l\u2019economia, e il suo futuro, sulla base dei principi dell\u2019etica cristiana<\/em><\/p>\n<p><strong>\u00a0<\/strong><\/p>\n<p><strong>\u00a0<\/strong>L\u2019impresa \u2013 la buona impresa -, progettata, costruita e gestita da un punto di vista diverso. A far da guida, non il profitto costi quel che costi, ma l\u2019etica e in particolare l\u2019etica cristiana. E\u2019 importante dirlo subito: non \u00e8 l\u2019impresa buonista quella di cui si parla. Ma ben altro. Per capire, \u00e8 bene leggere \u201cMeno \u00e8 di pi\u00f9. Le Regole monastiche di Francesco e Benedetto per ridare anima all\u2019economia, alla finanza, all\u2019impresa e al lavoro\u201d, scritto da Francesco Antonioli.<\/p>\n<p>Giornalista di grande esperienza, e quindi attento osservatore dei fatti, ma anche conoscitore dei collegamenti (molti e complessi) che possono esistere tra mondo dell\u2019economia e mondo dell\u2019etica e della spiritualit\u00e0, Antonioli ha scritto un libro solo in apparenza facile da leggere (perch\u00e9 scritto bene), ma in realt\u00e0 complesso e da meditare con attenzione. Il tema attorno al quale ragiona l\u2019autore, \u00e8 quello della possibilit\u00e0 di costruire davvero un\u2019economia basata sui grandi principi della cristianit\u00e0 cattolica. Che non significa lasciare da parte il profitto e l\u2019efficiente gestione economica degli affari. Ma vuol dire qualcosa di molto pi\u00f9 complesso. E affascinante.<\/p>\n<p>Antonioli scrive: \u201cMeno non significa affatto decrescere. Vuol dire arretrare, questo s\u00ec: nell&#8217;indifferenza, nell&#8217;individualismo, nella conflittualit\u00e0, nella bulimia del consumismo e della ricchezza. Ma per essere pi\u00f9. Pi\u00f9 civili, pi\u00f9 realizzati, pi\u00f9 umani, pi\u00f9 felici. S\u00ec, meno \u00e8 di pi\u00f9. Occorre creativit\u00e0, e anche un po&#8217; di follia, occorre essere affamati di futuro\u201d. Grande modernit\u00e0, dunque, e grande cultura d\u2019impresa.<\/p>\n<p>Il libro \u2013 come \u00e8 evidente \u2013 prende le mosse dall\u2019iniziativa <em>The economy of Francesco <\/em>con la quale papa Bergoglio ha convocato ad Assisi cinquecento giovani economisti e imprenditori sotto i 35 anni, invitati a scrivere un &#8220;patto&#8221; per cambiare l&#8217;attuale economia e dare un&#8217;anima all&#8217;economia di domani. Antonioli parte da questo evento per fornire una sua versione di quanto occorrerebbe fare. E cio\u00e8 correggere i modelli di crescita incapaci di garantire il rispetto dell&#8217;ambiente, l&#8217;equit\u00e0 sociale, la dignit\u00e0 dei lavoratori, i diritti delle generazioni future. Tutto recuperando gli insegnamenti di due santi carismatici \u2013 a loro modo inventori di prototipi finanziari e di organizzazione aziendale -, come Francesco e Benedetto. Chi legge, quindi, inizia il suo percorso trovando risposte alle domande sulla possibilit\u00e0 di dare un nuovo corso all\u2019economia, passando poi ad affrontare l\u2019analisi dei problemi \u201cdell\u2019altra economia\u201d (\u201ctriste e inefficace\u201d), per poi approdare agli approfondimenti dell\u2019economia secondo san Benedetto prima e san Francesco dopo.<\/p>\n<p>Chi vede il profitto come unico fine dell\u2019impresa non sar\u00e0 d\u2019accordo con Antonioli, cos\u00ec come non lo sar\u00e0 chi concepisce l\u2019organizzazione della produzione come qualcosa che debba essere votato a fare il bene senza guardare all\u2019efficienza. Chi, invece, guarda all\u2019economia e alle imprese come entit\u00e0 vive, fatte di donne e uomini ai quali devono essere dati dignit\u00e0 e rispetto, chi guarda al futuro della produzione in questo modo, trover\u00e0 nel libro di Francesco Antonioli una buona lettura.<\/p>\n<p><strong>\u00a0<\/strong><\/p>\n<p><strong>Meno \u00e8 di pi\u00f9. <\/strong><strong>Le Regole monastiche di Francesco e Benedetto per ridare anima all\u2019economia, alla finanza, all\u2019impresa e al lavoro<\/strong><\/p>\n<p>Francesco Antonioli<\/p>\n<p>Edizioni Terra Santa, 2020<\/p>\n","protected":false},"excerpt":{"rendered":"<p>Un libro appena pubblicato legge l\u2019economia, e il suo futuro, sulla base dei principi dell\u2019etica cristiana \u00a0 \u00a0L\u2019impresa \u2013 la buona impresa -, progettata, costruita e gestita da un punto di vista diverso. A far da guida, non il profitto costi quel che costi, ma l\u2019etica e in particolare l\u2019etica cristiana. E\u2019 importante dirlo subito: [&hellip;]<\/p>\n","protected":false},"author":9,"featured_media":80587,"comment_status":"open","ping_status":"open","sticky":false,"template":"","format":"standard","meta":{"footnotes":""},"categories":[52,58],"tags":[],"class_list":["post-80586","post","type-post","status-publish","format-standard","has-post-thumbnail","hentry","category-cultura-dimpresa","category-recensioni-libri"],"acf":[],"yoast_head":"<!-- This site is optimized with the Yoast SEO plugin v25.0 - https:\/\/yoast.com\/wordpress\/plugins\/seo\/ -->\n<title>L\u2019impresa a tutto tondo - Fondazione Pirelli<\/title>\n<meta name=\"robots\" content=\"index, follow, max-snippet:-1, max-image-preview:large, max-video-preview:-1\" \/>\n<link rel=\"canonical\" href=\"https:\/\/www.fondazionepirelli.org\/it\/cultura-dimpresa\/limpresa-a-tutto-tondo\/\" \/>\n<meta property=\"og:locale\" content=\"it_IT\" \/>\n<meta property=\"og:type\" content=\"article\" \/>\n<meta property=\"og:title\" content=\"L\u2019impresa a tutto tondo - Fondazione Pirelli\" \/>\n<meta property=\"og:description\" content=\"Un libro appena pubblicato legge l\u2019economia, e il suo futuro, sulla base dei principi dell\u2019etica cristiana \u00a0 \u00a0L\u2019impresa \u2013 la buona impresa -, progettata, costruita e gestita da un punto di vista diverso. A far da guida, non il profitto costi quel che costi, ma l\u2019etica e in particolare l\u2019etica cristiana. E\u2019 importante dirlo subito: [&hellip;]\" \/>\n<meta property=\"og:url\" content=\"https:\/\/www.fondazionepirelli.org\/it\/cultura-dimpresa\/limpresa-a-tutto-tondo\/\" \/>\n<meta property=\"og:site_name\" content=\"Fondazione Pirelli\" \/>\n<meta property=\"article:published_time\" content=\"2020-07-28T06:56:27+00:00\" \/>\n<meta property=\"og:image\" content=\"https:\/\/wpsite-assets.fondazionepirelli.org\/wp-content\/uploads\/2020\/07\/28074933\/Cop_Antonioli-e1596208083214.jpeg\" \/>\n\t<meta property=\"og:image:width\" content=\"445\" \/>\n\t<meta property=\"og:image:height\" content=\"636\" \/>\n\t<meta property=\"og:image:type\" content=\"image\/jpeg\" \/>\n<meta name=\"author\" content=\"fondazionepirelli\" \/>\n<meta name=\"twitter:card\" content=\"summary_large_image\" \/>\n<meta name=\"twitter:label1\" content=\"Scritto da\" \/>\n\t<meta name=\"twitter:data1\" content=\"fondazionepirelli\" \/>\n\t<meta name=\"twitter:label2\" content=\"Tempo di lettura stimato\" \/>\n\t<meta name=\"twitter:data2\" content=\"3 minuti\" \/>\n<script type=\"application\/ld+json\" class=\"yoast-schema-graph\">{\"@context\":\"https:\/\/schema.org\",\"@graph\":[{\"@type\":\"WebPage\",\"@id\":\"https:\/\/www.fondazionepirelli.org\/it\/cultura-dimpresa\/limpresa-a-tutto-tondo\/\",\"url\":\"https:\/\/www.fondazionepirelli.org\/it\/cultura-dimpresa\/limpresa-a-tutto-tondo\/\",\"name\":\"L\u2019impresa a tutto tondo - Fondazione Pirelli\",\"isPartOf\":{\"@id\":\"https:\/\/www.fondazionepirelli.org\/it\/#website\"},\"primaryImageOfPage\":{\"@id\":\"https:\/\/www.fondazionepirelli.org\/it\/cultura-dimpresa\/limpresa-a-tutto-tondo\/#primaryimage\"},\"image\":{\"@id\":\"https:\/\/www.fondazionepirelli.org\/it\/cultura-dimpresa\/limpresa-a-tutto-tondo\/#primaryimage\"},\"thumbnailUrl\":\"https:\/\/wpsite-assets.fondazionepirelli.org\/wp-content\/uploads\/2020\/07\/28074933\/Cop_Antonioli-e1596208083214.jpeg\",\"datePublished\":\"2020-07-28T06:56:27+00:00\",\"author\":{\"@id\":\"https:\/\/www.fondazionepirelli.org\/it\/#\/schema\/person\/c31fcf5937a0e6afa45497f3f8b6d7a0\"},\"breadcrumb\":{\"@id\":\"https:\/\/www.fondazionepirelli.org\/it\/cultura-dimpresa\/limpresa-a-tutto-tondo\/#breadcrumb\"},\"inLanguage\":\"it-IT\",\"potentialAction\":[{\"@type\":\"ReadAction\",\"target\":[\"https:\/\/www.fondazionepirelli.org\/it\/cultura-dimpresa\/limpresa-a-tutto-tondo\/\"]}]},{\"@type\":\"ImageObject\",\"inLanguage\":\"it-IT\",\"@id\":\"https:\/\/www.fondazionepirelli.org\/it\/cultura-dimpresa\/limpresa-a-tutto-tondo\/#primaryimage\",\"url\":\"https:\/\/wpsite-assets.fondazionepirelli.org\/wp-content\/uploads\/2020\/07\/28074933\/Cop_Antonioli-e1596208083214.jpeg\",\"contentUrl\":\"https:\/\/wpsite-assets.fondazionepirelli.org\/wp-content\/uploads\/2020\/07\/28074933\/Cop_Antonioli-e1596208083214.jpeg\",\"width\":445,\"height\":636},{\"@type\":\"BreadcrumbList\",\"@id\":\"https:\/\/www.fondazionepirelli.org\/it\/cultura-dimpresa\/limpresa-a-tutto-tondo\/#breadcrumb\",\"itemListElement\":[{\"@type\":\"ListItem\",\"position\":1,\"name\":\"Home\",\"item\":\"https:\/\/www.fondazionepirelli.org\/it\/\"},{\"@type\":\"ListItem\",\"position\":2,\"name\":\"L\u2019impresa a tutto tondo\"}]},{\"@type\":\"WebSite\",\"@id\":\"https:\/\/www.fondazionepirelli.org\/it\/#website\",\"url\":\"https:\/\/www.fondazionepirelli.org\/it\/\",\"name\":\"Fondazione Pirelli\",\"description\":\"\",\"potentialAction\":[{\"@type\":\"SearchAction\",\"target\":{\"@type\":\"EntryPoint\",\"urlTemplate\":\"https:\/\/www.fondazionepirelli.org\/it\/?s={search_term_string}\"},\"query-input\":{\"@type\":\"PropertyValueSpecification\",\"valueRequired\":true,\"valueName\":\"search_term_string\"}}],\"inLanguage\":\"it-IT\"},{\"@type\":\"Person\",\"@id\":\"https:\/\/www.fondazionepirelli.org\/it\/#\/schema\/person\/c31fcf5937a0e6afa45497f3f8b6d7a0\",\"name\":\"fondazionepirelli\",\"image\":{\"@type\":\"ImageObject\",\"inLanguage\":\"it-IT\",\"@id\":\"https:\/\/www.fondazionepirelli.org\/it\/#\/schema\/person\/image\/\",\"url\":\"https:\/\/secure.gravatar.com\/avatar\/9cb486421ce1d6eddbf6c4fb66841b4325b786695f7aedf1dde2222428218696?s=96&d=mm&r=g\",\"contentUrl\":\"https:\/\/secure.gravatar.com\/avatar\/9cb486421ce1d6eddbf6c4fb66841b4325b786695f7aedf1dde2222428218696?s=96&d=mm&r=g\",\"caption\":\"fondazionepirelli\"},\"url\":\"https:\/\/www.fondazionepirelli.org\/it\/author\/fondazionepirelli\/\"}]}<\/script>\n<!-- \/ Yoast SEO plugin. -->","yoast_head_json":{"title":"L\u2019impresa a tutto tondo - Fondazione Pirelli","robots":{"index":"index","follow":"follow","max-snippet":"max-snippet:-1","max-image-preview":"max-image-preview:large","max-video-preview":"max-video-preview:-1"},"canonical":"https:\/\/www.fondazionepirelli.org\/it\/cultura-dimpresa\/limpresa-a-tutto-tondo\/","og_locale":"it_IT","og_type":"article","og_title":"L\u2019impresa a tutto tondo - Fondazione Pirelli","og_description":"Un libro appena pubblicato legge l\u2019economia, e il suo futuro, sulla base dei principi dell\u2019etica cristiana \u00a0 \u00a0L\u2019impresa \u2013 la buona impresa -, progettata, costruita e gestita da un punto di vista diverso. A far da guida, non il profitto costi quel che costi, ma l\u2019etica e in particolare l\u2019etica cristiana. E\u2019 importante dirlo subito: [&hellip;]","og_url":"https:\/\/www.fondazionepirelli.org\/it\/cultura-dimpresa\/limpresa-a-tutto-tondo\/","og_site_name":"Fondazione Pirelli","article_published_time":"2020-07-28T06:56:27+00:00","og_image":[{"width":445,"height":636,"url":"https:\/\/wpsite-assets.fondazionepirelli.org\/wp-content\/uploads\/2020\/07\/28074933\/Cop_Antonioli-e1596208083214.jpeg","type":"image\/jpeg"}],"author":"fondazionepirelli","twitter_card":"summary_large_image","twitter_misc":{"Scritto da":"fondazionepirelli","Tempo di lettura stimato":"3 minuti"},"schema":{"@context":"https:\/\/schema.org","@graph":[{"@type":"WebPage","@id":"https:\/\/www.fondazionepirelli.org\/it\/cultura-dimpresa\/limpresa-a-tutto-tondo\/","url":"https:\/\/www.fondazionepirelli.org\/it\/cultura-dimpresa\/limpresa-a-tutto-tondo\/","name":"L\u2019impresa a tutto tondo - Fondazione Pirelli","isPartOf":{"@id":"https:\/\/www.fondazionepirelli.org\/it\/#website"},"primaryImageOfPage":{"@id":"https:\/\/www.fondazionepirelli.org\/it\/cultura-dimpresa\/limpresa-a-tutto-tondo\/#primaryimage"},"image":{"@id":"https:\/\/www.fondazionepirelli.org\/it\/cultura-dimpresa\/limpresa-a-tutto-tondo\/#primaryimage"},"thumbnailUrl":"https:\/\/wpsite-assets.fondazionepirelli.org\/wp-content\/uploads\/2020\/07\/28074933\/Cop_Antonioli-e1596208083214.jpeg","datePublished":"2020-07-28T06:56:27+00:00","author":{"@id":"https:\/\/www.fondazionepirelli.org\/it\/#\/schema\/person\/c31fcf5937a0e6afa45497f3f8b6d7a0"},"breadcrumb":{"@id":"https:\/\/www.fondazionepirelli.org\/it\/cultura-dimpresa\/limpresa-a-tutto-tondo\/#breadcrumb"},"inLanguage":"it-IT","potentialAction":[{"@type":"ReadAction","target":["https:\/\/www.fondazionepirelli.org\/it\/cultura-dimpresa\/limpresa-a-tutto-tondo\/"]}]},{"@type":"ImageObject","inLanguage":"it-IT","@id":"https:\/\/www.fondazionepirelli.org\/it\/cultura-dimpresa\/limpresa-a-tutto-tondo\/#primaryimage","url":"https:\/\/wpsite-assets.fondazionepirelli.org\/wp-content\/uploads\/2020\/07\/28074933\/Cop_Antonioli-e1596208083214.jpeg","contentUrl":"https:\/\/wpsite-assets.fondazionepirelli.org\/wp-content\/uploads\/2020\/07\/28074933\/Cop_Antonioli-e1596208083214.jpeg","width":445,"height":636},{"@type":"BreadcrumbList","@id":"https:\/\/www.fondazionepirelli.org\/it\/cultura-dimpresa\/limpresa-a-tutto-tondo\/#breadcrumb","itemListElement":[{"@type":"ListItem","position":1,"name":"Home","item":"https:\/\/www.fondazionepirelli.org\/it\/"},{"@type":"ListItem","position":2,"name":"L\u2019impresa a tutto tondo"}]},{"@type":"WebSite","@id":"https:\/\/www.fondazionepirelli.org\/it\/#website","url":"https:\/\/www.fondazionepirelli.org\/it\/","name":"Fondazione Pirelli","description":"","potentialAction":[{"@type":"SearchAction","target":{"@type":"EntryPoint","urlTemplate":"https:\/\/www.fondazionepirelli.org\/it\/?s={search_term_string}"},"query-input":{"@type":"PropertyValueSpecification","valueRequired":true,"valueName":"search_term_string"}}],"inLanguage":"it-IT"},{"@type":"Person","@id":"https:\/\/www.fondazionepirelli.org\/it\/#\/schema\/person\/c31fcf5937a0e6afa45497f3f8b6d7a0","name":"fondazionepirelli","image":{"@type":"ImageObject","inLanguage":"it-IT","@id":"https:\/\/www.fondazionepirelli.org\/it\/#\/schema\/person\/image\/","url":"https:\/\/secure.gravatar.com\/avatar\/9cb486421ce1d6eddbf6c4fb66841b4325b786695f7aedf1dde2222428218696?s=96&d=mm&r=g","contentUrl":"https:\/\/secure.gravatar.com\/avatar\/9cb486421ce1d6eddbf6c4fb66841b4325b786695f7aedf1dde2222428218696?s=96&d=mm&r=g","caption":"fondazionepirelli"},"url":"https:\/\/www.fondazionepirelli.org\/it\/author\/fondazionepirelli\/"}]}},"_links":{"self":[{"href":"https:\/\/www.fondazionepirelli.org\/it\/wp-json\/wp\/v2\/posts\/80586\/"}],"collection":[{"href":"https:\/\/www.fondazionepirelli.org\/it\/wp-json\/wp\/v2\/posts\/"}],"about":[{"href":"https:\/\/www.fondazionepirelli.org\/it\/wp-json\/wp\/v2\/types\/post\/"}],"author":[{"embeddable":true,"href":"https:\/\/www.fondazionepirelli.org\/it\/wp-json\/wp\/v2\/users\/9\/"}],"replies":[{"embeddable":true,"href":"https:\/\/www.fondazionepirelli.org\/it\/wp-json\/wp\/v2\/comments\/?post=80586"}],"version-history":[{"count":2,"href":"https:\/\/www.fondazionepirelli.org\/it\/wp-json\/wp\/v2\/posts\/80586\/revisions\/"}],"predecessor-version":[{"id":80608,"href":"https:\/\/www.fondazionepirelli.org\/it\/wp-json\/wp\/v2\/posts\/80586\/revisions\/80608\/"}],"wp:featuredmedia":[{"embeddable":true,"href":"https:\/\/www.fondazionepirelli.org\/it\/wp-json\/wp\/v2\/media\/80587\/"}],"wp:attachment":[{"href":"https:\/\/www.fondazionepirelli.org\/it\/wp-json\/wp\/v2\/media\/?parent=80586"}],"wp:term":[{"taxonomy":"category","embeddable":true,"href":"https:\/\/www.fondazionepirelli.org\/it\/wp-json\/wp\/v2\/categories\/?post=80586"},{"taxonomy":"post_tag","embeddable":true,"href":"https:\/\/www.fondazionepirelli.org\/it\/wp-json\/wp\/v2\/tags\/?post=80586"}],"curies":[{"name":"wp","href":"https:\/\/api.w.org\/{rel}","templated":true}]}}