{"id":80660,"date":"2020-08-28T08:17:29","date_gmt":"2020-08-28T07:17:29","guid":{"rendered":"https:\/\/www.fondazionepirelli.org\/?p=80660"},"modified":"2021-10-06T13:55:16","modified_gmt":"2021-10-06T12:55:16","slug":"limpresa-in-digitale-un-nuovo-anno-scolastico-con-fondazione-pirelli-educational","status":"publish","type":"post","link":"https:\/\/www.fondazionepirelli.org\/it\/education\/limpresa-in-digitale-un-nuovo-anno-scolastico-con-fondazione-pirelli-educational\/","title":{"rendered":"L\u2019impresa in digitale:<br> un nuovo anno scolastico con Fondazione Pirelli Educational"},"content":{"rendered":"<p>Sar\u00e0 un anno scolastico tutto in digitale per il nuovo programma didattico di Fondazione Pirelli Educational. <strong>Marted\u00ec 22 e gioved\u00ec 24 settembre due incontri in streaming<\/strong> permetteranno ai docenti di conoscere in dettaglio i percorsi dedicati alle scuole primarie e secondarie e capire quali saranno le nuove modalit\u00e0 di svolgimento e partecipazione. Le attivit\u00e0, che dal 2013 trasmettono i temi legati alla cultura d\u2019impresa pirelliana e solitamente hanno luogo presso la sede di Fondazione Pirelli, si trasformano e per la prima volta si svolgeranno interamente sul web raggiungendo cos\u00ec le scuole di tutta Italia. In un secondo momento della presentazione sar\u00e0 possibile entrare virtualmente nell\u2019archivio storico di Fondazione Pirelli e nei suoi spazi espositivi per scoprire la ricchezza del patrimonio storico-artistico dell\u2019azienda partecipando a un <strong><em>tour guidato online.<\/em><\/strong><\/p>\n<p>Gi\u00e0 dalla scorsa primavera Fondazione Pirelli Educational ha iniziato a supportare i docenti nella didattica a distanza fornendo contenuti digitali di approfondimento scaricabili tramite il sito. Da settembre la relazione con le classi sar\u00e0 ancora pi\u00f9 stretta e si articoler\u00e0 in diversi appuntamenti in diretta, attivit\u00e0 da realizzare in autonomia con il supporto di contenuti e-learning elaborati a partire dalla documentazione del nostro Archivio Storico (fotografie, documenti, audiovisivi e materiale pubblicitario d\u2019epoca) e momenti di confronto e discussione con gli studenti dei progetti elaborati.<\/p>\n<p>In particolare le <strong>scuole primarie<\/strong> si potranno avvicinare al mondo degli inventori e delle invenzioni, conoscere la relazione tra gli artisti e la fabbrica, ascoltare racconti d\u2019autore.<\/p>\n<p>Le <strong>scuole secondarie di I grado<\/strong> avranno modo di conoscere le principali innovazioni introdotte da Pirelli nell\u2019arco di quasi un secolo e mezzo di storia, gli articoli scritti da grandi firme del Novecento per la Rivista Pirelli, le trasformazioni del territorio urbano milanese.<\/p>\n<p>Infine per le <strong>scuole secondarie di II grado<\/strong> sar\u00e0 possibile scoprire la storia di un\u2019impresa multinazionale e la fabbrica digitale, dall\u2019evoluzione della sua comunicazione pubblicitaria fino al moderno concetto di mobilit\u00e0 sostenibile.<\/p>\n<p>Per partecipare alle presentazioni del nuovo programma che avverranno online in diretta streaming tramite la piattaforma Microsoft Teams scrivete a <a href=\"mailto:scuole@fondazionepirelli.org\">scuole@fondazionepirelli.org<\/a> indicando nome e cognome, principali materie d\u2019interesse e istituto scolastico.<\/p>\n<p>Tutte le informazioni sul progetto saranno pubblicate nell\u2019area del <a href=\"https:\/\/www.fondazionepirelli.org\/it\/education\/\">sito<\/a> dedicata all\u2019education.<\/p>\n<p>Per essere sempre aggiornati sulle nostre attivit\u00e0 vi invitiamo a iscrivervi alla mailing list di Fondazione Pirelli in fondo alla pagina<\/p><p><a href=\"https:\/\/wpsite-assets.fondazionepirelli.org\/wp-content\/uploads\/2020\/08\/21135229\/CS_Fondazione-Pirelli-Educational_20201021-003.pdf\">Comunicato stampa<\/a><\/p>","protected":false},"excerpt":{"rendered":"<p>Sar\u00e0 un anno scolastico tutto in digitale per il nuovo programma didattico di Fondazione Pirelli Educational. Marted\u00ec 22 e gioved\u00ec 24 settembre due incontri in streaming permetteranno ai docenti di conoscere in dettaglio i percorsi dedicati alle scuole primarie e secondarie e capire quali saranno le nuove modalit\u00e0 di svolgimento e partecipazione. Le attivit\u00e0, che [&hellip;]<\/p>\n","protected":false},"author":9,"featured_media":81116,"comment_status":"open","ping_status":"open","sticky":false,"template":"","format":"standard","meta":{"footnotes":""},"categories":[59,120,121],"tags":[],"class_list":["post-80660","post","type-post","status-publish","format-standard","has-post-thumbnail","hentry","category-education","category-fondazione-pirelli-educational","category-per-gli-insegnanti"],"acf":[],"yoast_head":"<!-- This site is optimized with the Yoast SEO plugin v25.0 - https:\/\/yoast.com\/wordpress\/plugins\/seo\/ -->\n<title>L\u2019impresa in digitale | Fondazione Pirelli<\/title>\n<meta name=\"description\" content=\"Scopri il nuovo programma didattico di Fondazione Pirelli Educational, vai su fondazionepirelli.org\" \/>\n<meta name=\"robots\" content=\"index, follow, max-snippet:-1, max-image-preview:large, max-video-preview:-1\" \/>\n<link rel=\"canonical\" href=\"https:\/\/www.fondazionepirelli.org\/it\/education\/limpresa-in-digitale-un-nuovo-anno-scolastico-con-fondazione-pirelli-educational\/\" \/>\n<meta property=\"og:locale\" content=\"it_IT\" \/>\n<meta property=\"og:type\" content=\"article\" \/>\n<meta property=\"og:title\" content=\"L\u2019impresa in digitale | Fondazione Pirelli\" \/>\n<meta property=\"og:description\" content=\"Scopri il nuovo programma didattico di Fondazione Pirelli Educational, vai su fondazionepirelli.org\" \/>\n<meta property=\"og:url\" content=\"https:\/\/www.fondazionepirelli.org\/it\/education\/limpresa-in-digitale-un-nuovo-anno-scolastico-con-fondazione-pirelli-educational\/\" \/>\n<meta property=\"og:site_name\" content=\"Fondazione Pirelli\" \/>\n<meta property=\"article:published_time\" content=\"2020-08-28T07:17:29+00:00\" \/>\n<meta property=\"article:modified_time\" content=\"2021-10-06T12:55:16+00:00\" \/>\n<meta property=\"og:image\" content=\"https:\/\/wpsite-assets.fondazionepirelli.org\/wp-content\/uploads\/2020\/08\/21075025\/FP_scuole_1.jpg\" \/>\n\t<meta property=\"og:image:width\" content=\"2560\" \/>\n\t<meta property=\"og:image:height\" content=\"1440\" \/>\n\t<meta property=\"og:image:type\" content=\"image\/jpeg\" \/>\n<meta name=\"author\" content=\"fondazionepirelli\" \/>\n<meta name=\"twitter:card\" content=\"summary_large_image\" \/>\n<meta name=\"twitter:label1\" content=\"Scritto da\" \/>\n\t<meta name=\"twitter:data1\" content=\"fondazionepirelli\" \/>\n\t<meta name=\"twitter:label2\" content=\"Tempo di lettura stimato\" \/>\n\t<meta name=\"twitter:data2\" content=\"2 minuti\" \/>\n<script type=\"application\/ld+json\" class=\"yoast-schema-graph\">{\"@context\":\"https:\/\/schema.org\",\"@graph\":[{\"@type\":\"WebPage\",\"@id\":\"https:\/\/www.fondazionepirelli.org\/it\/education\/limpresa-in-digitale-un-nuovo-anno-scolastico-con-fondazione-pirelli-educational\/\",\"url\":\"https:\/\/www.fondazionepirelli.org\/it\/education\/limpresa-in-digitale-un-nuovo-anno-scolastico-con-fondazione-pirelli-educational\/\",\"name\":\"L\u2019impresa in digitale | Fondazione Pirelli\",\"isPartOf\":{\"@id\":\"https:\/\/www.fondazionepirelli.org\/it\/#website\"},\"primaryImageOfPage\":{\"@id\":\"https:\/\/www.fondazionepirelli.org\/it\/education\/limpresa-in-digitale-un-nuovo-anno-scolastico-con-fondazione-pirelli-educational\/#primaryimage\"},\"image\":{\"@id\":\"https:\/\/www.fondazionepirelli.org\/it\/education\/limpresa-in-digitale-un-nuovo-anno-scolastico-con-fondazione-pirelli-educational\/#primaryimage\"},\"thumbnailUrl\":\"https:\/\/wpsite-assets.fondazionepirelli.org\/wp-content\/uploads\/2020\/08\/21075025\/FP_scuole_1.jpg\",\"datePublished\":\"2020-08-28T07:17:29+00:00\",\"dateModified\":\"2021-10-06T12:55:16+00:00\",\"author\":{\"@id\":\"https:\/\/www.fondazionepirelli.org\/it\/#\/schema\/person\/c31fcf5937a0e6afa45497f3f8b6d7a0\"},\"description\":\"Scopri il nuovo programma didattico di Fondazione Pirelli Educational, vai su fondazionepirelli.org\",\"breadcrumb\":{\"@id\":\"https:\/\/www.fondazionepirelli.org\/it\/education\/limpresa-in-digitale-un-nuovo-anno-scolastico-con-fondazione-pirelli-educational\/#breadcrumb\"},\"inLanguage\":\"it-IT\",\"potentialAction\":[{\"@type\":\"ReadAction\",\"target\":[\"https:\/\/www.fondazionepirelli.org\/it\/education\/limpresa-in-digitale-un-nuovo-anno-scolastico-con-fondazione-pirelli-educational\/\"]}]},{\"@type\":\"ImageObject\",\"inLanguage\":\"it-IT\",\"@id\":\"https:\/\/www.fondazionepirelli.org\/it\/education\/limpresa-in-digitale-un-nuovo-anno-scolastico-con-fondazione-pirelli-educational\/#primaryimage\",\"url\":\"https:\/\/wpsite-assets.fondazionepirelli.org\/wp-content\/uploads\/2020\/08\/21075025\/FP_scuole_1.jpg\",\"contentUrl\":\"https:\/\/wpsite-assets.fondazionepirelli.org\/wp-content\/uploads\/2020\/08\/21075025\/FP_scuole_1.jpg\",\"width\":2560,\"height\":1440},{\"@type\":\"BreadcrumbList\",\"@id\":\"https:\/\/www.fondazionepirelli.org\/it\/education\/limpresa-in-digitale-un-nuovo-anno-scolastico-con-fondazione-pirelli-educational\/#breadcrumb\",\"itemListElement\":[{\"@type\":\"ListItem\",\"position\":1,\"name\":\"Home\",\"item\":\"https:\/\/www.fondazionepirelli.org\/it\/\"},{\"@type\":\"ListItem\",\"position\":2,\"name\":\"L\u2019impresa in digitale: un nuovo anno scolastico con Fondazione Pirelli Educational\"}]},{\"@type\":\"WebSite\",\"@id\":\"https:\/\/www.fondazionepirelli.org\/it\/#website\",\"url\":\"https:\/\/www.fondazionepirelli.org\/it\/\",\"name\":\"Fondazione Pirelli\",\"description\":\"\",\"potentialAction\":[{\"@type\":\"SearchAction\",\"target\":{\"@type\":\"EntryPoint\",\"urlTemplate\":\"https:\/\/www.fondazionepirelli.org\/it\/?s={search_term_string}\"},\"query-input\":{\"@type\":\"PropertyValueSpecification\",\"valueRequired\":true,\"valueName\":\"search_term_string\"}}],\"inLanguage\":\"it-IT\"},{\"@type\":\"Person\",\"@id\":\"https:\/\/www.fondazionepirelli.org\/it\/#\/schema\/person\/c31fcf5937a0e6afa45497f3f8b6d7a0\",\"name\":\"fondazionepirelli\",\"image\":{\"@type\":\"ImageObject\",\"inLanguage\":\"it-IT\",\"@id\":\"https:\/\/www.fondazionepirelli.org\/it\/#\/schema\/person\/image\/\",\"url\":\"https:\/\/secure.gravatar.com\/avatar\/9cb486421ce1d6eddbf6c4fb66841b4325b786695f7aedf1dde2222428218696?s=96&d=mm&r=g\",\"contentUrl\":\"https:\/\/secure.gravatar.com\/avatar\/9cb486421ce1d6eddbf6c4fb66841b4325b786695f7aedf1dde2222428218696?s=96&d=mm&r=g\",\"caption\":\"fondazionepirelli\"},\"url\":\"https:\/\/www.fondazionepirelli.org\/it\/author\/fondazionepirelli\/\"}]}<\/script>\n<!-- \/ Yoast SEO plugin. -->","yoast_head_json":{"title":"L\u2019impresa in digitale | Fondazione Pirelli","description":"Scopri il nuovo programma didattico di Fondazione Pirelli Educational, vai su fondazionepirelli.org","robots":{"index":"index","follow":"follow","max-snippet":"max-snippet:-1","max-image-preview":"max-image-preview:large","max-video-preview":"max-video-preview:-1"},"canonical":"https:\/\/www.fondazionepirelli.org\/it\/education\/limpresa-in-digitale-un-nuovo-anno-scolastico-con-fondazione-pirelli-educational\/","og_locale":"it_IT","og_type":"article","og_title":"L\u2019impresa in digitale | Fondazione Pirelli","og_description":"Scopri il nuovo programma didattico di Fondazione Pirelli Educational, vai su fondazionepirelli.org","og_url":"https:\/\/www.fondazionepirelli.org\/it\/education\/limpresa-in-digitale-un-nuovo-anno-scolastico-con-fondazione-pirelli-educational\/","og_site_name":"Fondazione Pirelli","article_published_time":"2020-08-28T07:17:29+00:00","article_modified_time":"2021-10-06T12:55:16+00:00","og_image":[{"width":2560,"height":1440,"url":"https:\/\/wpsite-assets.fondazionepirelli.org\/wp-content\/uploads\/2020\/08\/21075025\/FP_scuole_1.jpg","type":"image\/jpeg"}],"author":"fondazionepirelli","twitter_card":"summary_large_image","twitter_misc":{"Scritto da":"fondazionepirelli","Tempo di lettura stimato":"2 minuti"},"schema":{"@context":"https:\/\/schema.org","@graph":[{"@type":"WebPage","@id":"https:\/\/www.fondazionepirelli.org\/it\/education\/limpresa-in-digitale-un-nuovo-anno-scolastico-con-fondazione-pirelli-educational\/","url":"https:\/\/www.fondazionepirelli.org\/it\/education\/limpresa-in-digitale-un-nuovo-anno-scolastico-con-fondazione-pirelli-educational\/","name":"L\u2019impresa in digitale | Fondazione Pirelli","isPartOf":{"@id":"https:\/\/www.fondazionepirelli.org\/it\/#website"},"primaryImageOfPage":{"@id":"https:\/\/www.fondazionepirelli.org\/it\/education\/limpresa-in-digitale-un-nuovo-anno-scolastico-con-fondazione-pirelli-educational\/#primaryimage"},"image":{"@id":"https:\/\/www.fondazionepirelli.org\/it\/education\/limpresa-in-digitale-un-nuovo-anno-scolastico-con-fondazione-pirelli-educational\/#primaryimage"},"thumbnailUrl":"https:\/\/wpsite-assets.fondazionepirelli.org\/wp-content\/uploads\/2020\/08\/21075025\/FP_scuole_1.jpg","datePublished":"2020-08-28T07:17:29+00:00","dateModified":"2021-10-06T12:55:16+00:00","author":{"@id":"https:\/\/www.fondazionepirelli.org\/it\/#\/schema\/person\/c31fcf5937a0e6afa45497f3f8b6d7a0"},"description":"Scopri il nuovo programma didattico di Fondazione Pirelli Educational, vai su fondazionepirelli.org","breadcrumb":{"@id":"https:\/\/www.fondazionepirelli.org\/it\/education\/limpresa-in-digitale-un-nuovo-anno-scolastico-con-fondazione-pirelli-educational\/#breadcrumb"},"inLanguage":"it-IT","potentialAction":[{"@type":"ReadAction","target":["https:\/\/www.fondazionepirelli.org\/it\/education\/limpresa-in-digitale-un-nuovo-anno-scolastico-con-fondazione-pirelli-educational\/"]}]},{"@type":"ImageObject","inLanguage":"it-IT","@id":"https:\/\/www.fondazionepirelli.org\/it\/education\/limpresa-in-digitale-un-nuovo-anno-scolastico-con-fondazione-pirelli-educational\/#primaryimage","url":"https:\/\/wpsite-assets.fondazionepirelli.org\/wp-content\/uploads\/2020\/08\/21075025\/FP_scuole_1.jpg","contentUrl":"https:\/\/wpsite-assets.fondazionepirelli.org\/wp-content\/uploads\/2020\/08\/21075025\/FP_scuole_1.jpg","width":2560,"height":1440},{"@type":"BreadcrumbList","@id":"https:\/\/www.fondazionepirelli.org\/it\/education\/limpresa-in-digitale-un-nuovo-anno-scolastico-con-fondazione-pirelli-educational\/#breadcrumb","itemListElement":[{"@type":"ListItem","position":1,"name":"Home","item":"https:\/\/www.fondazionepirelli.org\/it\/"},{"@type":"ListItem","position":2,"name":"L\u2019impresa in digitale: un nuovo anno scolastico con Fondazione Pirelli Educational"}]},{"@type":"WebSite","@id":"https:\/\/www.fondazionepirelli.org\/it\/#website","url":"https:\/\/www.fondazionepirelli.org\/it\/","name":"Fondazione Pirelli","description":"","potentialAction":[{"@type":"SearchAction","target":{"@type":"EntryPoint","urlTemplate":"https:\/\/www.fondazionepirelli.org\/it\/?s={search_term_string}"},"query-input":{"@type":"PropertyValueSpecification","valueRequired":true,"valueName":"search_term_string"}}],"inLanguage":"it-IT"},{"@type":"Person","@id":"https:\/\/www.fondazionepirelli.org\/it\/#\/schema\/person\/c31fcf5937a0e6afa45497f3f8b6d7a0","name":"fondazionepirelli","image":{"@type":"ImageObject","inLanguage":"it-IT","@id":"https:\/\/www.fondazionepirelli.org\/it\/#\/schema\/person\/image\/","url":"https:\/\/secure.gravatar.com\/avatar\/9cb486421ce1d6eddbf6c4fb66841b4325b786695f7aedf1dde2222428218696?s=96&d=mm&r=g","contentUrl":"https:\/\/secure.gravatar.com\/avatar\/9cb486421ce1d6eddbf6c4fb66841b4325b786695f7aedf1dde2222428218696?s=96&d=mm&r=g","caption":"fondazionepirelli"},"url":"https:\/\/www.fondazionepirelli.org\/it\/author\/fondazionepirelli\/"}]}},"_links":{"self":[{"href":"https:\/\/www.fondazionepirelli.org\/it\/wp-json\/wp\/v2\/posts\/80660\/"}],"collection":[{"href":"https:\/\/www.fondazionepirelli.org\/it\/wp-json\/wp\/v2\/posts\/"}],"about":[{"href":"https:\/\/www.fondazionepirelli.org\/it\/wp-json\/wp\/v2\/types\/post\/"}],"author":[{"embeddable":true,"href":"https:\/\/www.fondazionepirelli.org\/it\/wp-json\/wp\/v2\/users\/9\/"}],"replies":[{"embeddable":true,"href":"https:\/\/www.fondazionepirelli.org\/it\/wp-json\/wp\/v2\/comments\/?post=80660"}],"version-history":[{"count":12,"href":"https:\/\/www.fondazionepirelli.org\/it\/wp-json\/wp\/v2\/posts\/80660\/revisions\/"}],"predecessor-version":[{"id":81596,"href":"https:\/\/www.fondazionepirelli.org\/it\/wp-json\/wp\/v2\/posts\/80660\/revisions\/81596\/"}],"wp:featuredmedia":[{"embeddable":true,"href":"https:\/\/www.fondazionepirelli.org\/it\/wp-json\/wp\/v2\/media\/81116\/"}],"wp:attachment":[{"href":"https:\/\/www.fondazionepirelli.org\/it\/wp-json\/wp\/v2\/media\/?parent=80660"}],"wp:term":[{"taxonomy":"category","embeddable":true,"href":"https:\/\/www.fondazionepirelli.org\/it\/wp-json\/wp\/v2\/categories\/?post=80660"},{"taxonomy":"post_tag","embeddable":true,"href":"https:\/\/www.fondazionepirelli.org\/it\/wp-json\/wp\/v2\/tags\/?post=80660"}],"curies":[{"name":"wp","href":"https:\/\/api.w.org\/{rel}","templated":true}]}}