{"id":80675,"date":"2020-09-02T08:08:43","date_gmt":"2020-09-02T07:08:43","guid":{"rendered":"https:\/\/www.fondazionepirelli.org\/?p=80675"},"modified":"2020-09-02T08:08:43","modified_gmt":"2020-09-02T07:08:43","slug":"cultura-dellorganizzazione-produttiva","status":"publish","type":"post","link":"https:\/\/www.fondazionepirelli.org\/it\/cultura-dimpresa\/cultura-dellorganizzazione-produttiva\/","title":{"rendered":"Cultura dell\u2019organizzazione produttiva"},"content":{"rendered":"<p><em>Un libro appena ripubblicato in Italia affronta uno dei temi pi\u00f9 interessanti della cultura d\u2019impresa<\/em><\/p><p>Le organizzazioni produttive sono rese vive da donne e uomini, e le une e gli altri riescono a plasmare gli schemi con comportamenti ogni volta diversi dei quali, comunque, \u00e8 bene tentare di delineare analisi attente per capirne il significato e l\u2019evoluzione. Studiare il comportamento organizzativo continua ad essere cosa utile per chi voglia capire meglio la situazione e l\u2019evoluzione delle imprese. Leggere la terza edizione di \u201cComportamento organizzativo\u201d scritto da Massimo Pilati e Henry Tosi, \u00e8 una buona strada da percorrere.<br \/>\nIl libro offre un\u2019analisi sistematica, scientifica e aggiornata degli studi sul comportamento organizzativo, per quanto attiene sia ai principali schemi teorici di riferimento sia ai pi\u00f9 rilevanti risultati della ricerca empirica. Particolare attenzione viene prestata alla dimensione applicativa e alle implicazioni manageriali dello studio del comportamento organizzativo. Il libro \u2013 scritto da un ordinario di organizzazione aziendale e da un emerito di organizzazione e management -, illustra lo studio del comportamento all\u2019interno delle organizzazioni della produzione utilizzando prospettive teoriche e di ricerca multidisciplinari, di matrice psicologica, sociologica ed economica. Emerge cos\u00ec dalle pagine del volume l\u2019obiettivo comune di questa disciplina: studiare le azioni e le interazioni di individui e gruppi nelle organizzazioni, per comprendere e predire le determinanti delle prestazioni individuali, di gruppo e dell\u2019organizzazione, e per spiegarne il funzionamento, individuando le possibili aree di miglioramento.<br \/>\nPer raggiungere questo traguardo, Pilati e Tosi iniziano affrontando prima l\u2019analisi della personalit\u00e0 e poi i meccanismi legati agli atteggiamenti, alle emozioni, alle percezioni e ai giudizi, in una parola agli individui. Successivamente, si passa a ragionare attorno alle relazioni tra gli individui per arrivare poi ai collegamenti tra persone e organizzazione della produzione.<br \/>\nIl tema del libro non \u00e8 certamente facile, ma le pagine sono scritte con un linguaggio diretto e semplice. Ci\u00f2 che pi\u00f9 conta, inoltre, \u00e8 il delinearsi di stretti legami tra il comportamento organizzativo e la pi\u00f9 generale cultura del produrre che d\u00e0 forma all\u2019impresa presa nel suo complesso.<\/p>\n<p><strong>Comportamento organizzativo<\/strong><br \/>\nMassimo Pilati, Henry Tosi<br \/>\nEGEA, 2020<\/p>\n","protected":false},"excerpt":{"rendered":"<p>Un libro appena ripubblicato in Italia affronta uno dei temi pi\u00f9 interessanti della cultura d\u2019impresaLe organizzazioni produttive sono rese vive da donne e uomini, e le une e gli altri riescono a plasmare gli schemi con comportamenti ogni volta diversi dei quali, comunque, \u00e8 bene tentare di delineare analisi attente per capirne il significato e [&hellip;]<\/p>\n","protected":false},"author":9,"featured_media":80676,"comment_status":"open","ping_status":"open","sticky":false,"template":"","format":"standard","meta":{"footnotes":""},"categories":[52,58],"tags":[],"class_list":["post-80675","post","type-post","status-publish","format-standard","has-post-thumbnail","hentry","category-cultura-dimpresa","category-recensioni-libri"],"acf":[],"yoast_head":"<!-- This site is optimized with the Yoast SEO plugin v25.0 - https:\/\/yoast.com\/wordpress\/plugins\/seo\/ -->\n<title>Cultura dell\u2019organizzazione produttiva - Fondazione Pirelli<\/title>\n<meta name=\"robots\" content=\"index, follow, max-snippet:-1, max-image-preview:large, max-video-preview:-1\" \/>\n<link rel=\"canonical\" href=\"https:\/\/www.fondazionepirelli.org\/it\/cultura-dimpresa\/cultura-dellorganizzazione-produttiva\/\" \/>\n<meta property=\"og:locale\" content=\"it_IT\" \/>\n<meta property=\"og:type\" content=\"article\" \/>\n<meta property=\"og:title\" content=\"Cultura dell\u2019organizzazione produttiva - Fondazione Pirelli\" \/>\n<meta property=\"og:description\" content=\"Un libro appena ripubblicato in Italia affronta uno dei temi pi\u00f9 interessanti della cultura d\u2019impresaLe organizzazioni produttive sono rese vive da donne e uomini, e le une e gli altri riescono a plasmare gli schemi con comportamenti ogni volta diversi dei quali, comunque, \u00e8 bene tentare di delineare analisi attente per capirne il significato e [&hellip;]\" \/>\n<meta property=\"og:url\" content=\"https:\/\/127.0.0.1\/it\/cultura-dimpresa\/cultura-dellorganizzazione-produttiva\/\" \/>\n<meta property=\"og:site_name\" content=\"Fondazione Pirelli\" \/>\n<meta property=\"article:published_time\" content=\"2020-09-02T07:08:43+00:00\" \/>\n<meta property=\"og:image\" content=\"https:\/\/wpsite-assets.fondazionepirelli.org\/wp-content\/uploads\/2020\/08\/31081438\/91m3zeYal1L-e1598858086914.jpg\" \/>\n\t<meta property=\"og:image:width\" content=\"500\" \/>\n\t<meta property=\"og:image:height\" content=\"733\" \/>\n\t<meta property=\"og:image:type\" content=\"image\/jpeg\" \/>\n<meta name=\"author\" content=\"fondazionepirelli\" \/>\n<meta name=\"twitter:card\" content=\"summary_large_image\" \/>\n<meta name=\"twitter:label1\" content=\"Scritto da\" \/>\n\t<meta name=\"twitter:data1\" content=\"fondazionepirelli\" \/>\n\t<meta name=\"twitter:label2\" content=\"Tempo di lettura stimato\" \/>\n\t<meta name=\"twitter:data2\" content=\"2 minuti\" \/>\n<script type=\"application\/ld+json\" class=\"yoast-schema-graph\">{\"@context\":\"https:\/\/schema.org\",\"@graph\":[{\"@type\":\"WebPage\",\"@id\":\"https:\/\/127.0.0.1\/it\/cultura-dimpresa\/cultura-dellorganizzazione-produttiva\/\",\"url\":\"https:\/\/127.0.0.1\/it\/cultura-dimpresa\/cultura-dellorganizzazione-produttiva\/\",\"name\":\"Cultura dell\u2019organizzazione produttiva - Fondazione Pirelli\",\"isPartOf\":{\"@id\":\"https:\/\/www.fondazionepirelli.org\/it\/#website\"},\"primaryImageOfPage\":{\"@id\":\"https:\/\/127.0.0.1\/it\/cultura-dimpresa\/cultura-dellorganizzazione-produttiva\/#primaryimage\"},\"image\":{\"@id\":\"https:\/\/127.0.0.1\/it\/cultura-dimpresa\/cultura-dellorganizzazione-produttiva\/#primaryimage\"},\"thumbnailUrl\":\"https:\/\/wpsite-assets.fondazionepirelli.org\/wp-content\/uploads\/2020\/08\/31081438\/91m3zeYal1L-e1598858086914.jpg\",\"datePublished\":\"2020-09-02T07:08:43+00:00\",\"author\":{\"@id\":\"https:\/\/www.fondazionepirelli.org\/it\/#\/schema\/person\/c31fcf5937a0e6afa45497f3f8b6d7a0\"},\"breadcrumb\":{\"@id\":\"https:\/\/127.0.0.1\/it\/cultura-dimpresa\/cultura-dellorganizzazione-produttiva\/#breadcrumb\"},\"inLanguage\":\"it-IT\",\"potentialAction\":[{\"@type\":\"ReadAction\",\"target\":[\"https:\/\/127.0.0.1\/it\/cultura-dimpresa\/cultura-dellorganizzazione-produttiva\/\"]}]},{\"@type\":\"ImageObject\",\"inLanguage\":\"it-IT\",\"@id\":\"https:\/\/127.0.0.1\/it\/cultura-dimpresa\/cultura-dellorganizzazione-produttiva\/#primaryimage\",\"url\":\"https:\/\/wpsite-assets.fondazionepirelli.org\/wp-content\/uploads\/2020\/08\/31081438\/91m3zeYal1L-e1598858086914.jpg\",\"contentUrl\":\"https:\/\/wpsite-assets.fondazionepirelli.org\/wp-content\/uploads\/2020\/08\/31081438\/91m3zeYal1L-e1598858086914.jpg\",\"width\":500,\"height\":733},{\"@type\":\"BreadcrumbList\",\"@id\":\"https:\/\/127.0.0.1\/it\/cultura-dimpresa\/cultura-dellorganizzazione-produttiva\/#breadcrumb\",\"itemListElement\":[{\"@type\":\"ListItem\",\"position\":1,\"name\":\"Home\",\"item\":\"https:\/\/www.fondazionepirelli.org\/it\/\"},{\"@type\":\"ListItem\",\"position\":2,\"name\":\"Cultura dell\u2019organizzazione produttiva\"}]},{\"@type\":\"WebSite\",\"@id\":\"https:\/\/www.fondazionepirelli.org\/it\/#website\",\"url\":\"https:\/\/www.fondazionepirelli.org\/it\/\",\"name\":\"Fondazione Pirelli\",\"description\":\"\",\"potentialAction\":[{\"@type\":\"SearchAction\",\"target\":{\"@type\":\"EntryPoint\",\"urlTemplate\":\"https:\/\/www.fondazionepirelli.org\/it\/?s={search_term_string}\"},\"query-input\":{\"@type\":\"PropertyValueSpecification\",\"valueRequired\":true,\"valueName\":\"search_term_string\"}}],\"inLanguage\":\"it-IT\"},{\"@type\":\"Person\",\"@id\":\"https:\/\/www.fondazionepirelli.org\/it\/#\/schema\/person\/c31fcf5937a0e6afa45497f3f8b6d7a0\",\"name\":\"fondazionepirelli\",\"image\":{\"@type\":\"ImageObject\",\"inLanguage\":\"it-IT\",\"@id\":\"https:\/\/www.fondazionepirelli.org\/it\/#\/schema\/person\/image\/\",\"url\":\"https:\/\/secure.gravatar.com\/avatar\/9cb486421ce1d6eddbf6c4fb66841b4325b786695f7aedf1dde2222428218696?s=96&d=mm&r=g\",\"contentUrl\":\"https:\/\/secure.gravatar.com\/avatar\/9cb486421ce1d6eddbf6c4fb66841b4325b786695f7aedf1dde2222428218696?s=96&d=mm&r=g\",\"caption\":\"fondazionepirelli\"},\"url\":\"https:\/\/www.fondazionepirelli.org\/it\/author\/fondazionepirelli\/\"}]}<\/script>\n<!-- \/ Yoast SEO plugin. -->","yoast_head_json":{"title":"Cultura dell\u2019organizzazione produttiva - Fondazione Pirelli","robots":{"index":"index","follow":"follow","max-snippet":"max-snippet:-1","max-image-preview":"max-image-preview:large","max-video-preview":"max-video-preview:-1"},"canonical":"https:\/\/www.fondazionepirelli.org\/it\/cultura-dimpresa\/cultura-dellorganizzazione-produttiva\/","og_locale":"it_IT","og_type":"article","og_title":"Cultura dell\u2019organizzazione produttiva - Fondazione Pirelli","og_description":"Un libro appena ripubblicato in Italia affronta uno dei temi pi\u00f9 interessanti della cultura d\u2019impresaLe organizzazioni produttive sono rese vive da donne e uomini, e le une e gli altri riescono a plasmare gli schemi con comportamenti ogni volta diversi dei quali, comunque, \u00e8 bene tentare di delineare analisi attente per capirne il significato e [&hellip;]","og_url":"https:\/\/127.0.0.1\/it\/cultura-dimpresa\/cultura-dellorganizzazione-produttiva\/","og_site_name":"Fondazione Pirelli","article_published_time":"2020-09-02T07:08:43+00:00","og_image":[{"width":500,"height":733,"url":"https:\/\/wpsite-assets.fondazionepirelli.org\/wp-content\/uploads\/2020\/08\/31081438\/91m3zeYal1L-e1598858086914.jpg","type":"image\/jpeg"}],"author":"fondazionepirelli","twitter_card":"summary_large_image","twitter_misc":{"Scritto da":"fondazionepirelli","Tempo di lettura stimato":"2 minuti"},"schema":{"@context":"https:\/\/schema.org","@graph":[{"@type":"WebPage","@id":"https:\/\/127.0.0.1\/it\/cultura-dimpresa\/cultura-dellorganizzazione-produttiva\/","url":"https:\/\/127.0.0.1\/it\/cultura-dimpresa\/cultura-dellorganizzazione-produttiva\/","name":"Cultura dell\u2019organizzazione produttiva - Fondazione Pirelli","isPartOf":{"@id":"https:\/\/www.fondazionepirelli.org\/it\/#website"},"primaryImageOfPage":{"@id":"https:\/\/127.0.0.1\/it\/cultura-dimpresa\/cultura-dellorganizzazione-produttiva\/#primaryimage"},"image":{"@id":"https:\/\/127.0.0.1\/it\/cultura-dimpresa\/cultura-dellorganizzazione-produttiva\/#primaryimage"},"thumbnailUrl":"https:\/\/wpsite-assets.fondazionepirelli.org\/wp-content\/uploads\/2020\/08\/31081438\/91m3zeYal1L-e1598858086914.jpg","datePublished":"2020-09-02T07:08:43+00:00","author":{"@id":"https:\/\/www.fondazionepirelli.org\/it\/#\/schema\/person\/c31fcf5937a0e6afa45497f3f8b6d7a0"},"breadcrumb":{"@id":"https:\/\/127.0.0.1\/it\/cultura-dimpresa\/cultura-dellorganizzazione-produttiva\/#breadcrumb"},"inLanguage":"it-IT","potentialAction":[{"@type":"ReadAction","target":["https:\/\/127.0.0.1\/it\/cultura-dimpresa\/cultura-dellorganizzazione-produttiva\/"]}]},{"@type":"ImageObject","inLanguage":"it-IT","@id":"https:\/\/127.0.0.1\/it\/cultura-dimpresa\/cultura-dellorganizzazione-produttiva\/#primaryimage","url":"https:\/\/wpsite-assets.fondazionepirelli.org\/wp-content\/uploads\/2020\/08\/31081438\/91m3zeYal1L-e1598858086914.jpg","contentUrl":"https:\/\/wpsite-assets.fondazionepirelli.org\/wp-content\/uploads\/2020\/08\/31081438\/91m3zeYal1L-e1598858086914.jpg","width":500,"height":733},{"@type":"BreadcrumbList","@id":"https:\/\/127.0.0.1\/it\/cultura-dimpresa\/cultura-dellorganizzazione-produttiva\/#breadcrumb","itemListElement":[{"@type":"ListItem","position":1,"name":"Home","item":"https:\/\/www.fondazionepirelli.org\/it\/"},{"@type":"ListItem","position":2,"name":"Cultura dell\u2019organizzazione produttiva"}]},{"@type":"WebSite","@id":"https:\/\/www.fondazionepirelli.org\/it\/#website","url":"https:\/\/www.fondazionepirelli.org\/it\/","name":"Fondazione Pirelli","description":"","potentialAction":[{"@type":"SearchAction","target":{"@type":"EntryPoint","urlTemplate":"https:\/\/www.fondazionepirelli.org\/it\/?s={search_term_string}"},"query-input":{"@type":"PropertyValueSpecification","valueRequired":true,"valueName":"search_term_string"}}],"inLanguage":"it-IT"},{"@type":"Person","@id":"https:\/\/www.fondazionepirelli.org\/it\/#\/schema\/person\/c31fcf5937a0e6afa45497f3f8b6d7a0","name":"fondazionepirelli","image":{"@type":"ImageObject","inLanguage":"it-IT","@id":"https:\/\/www.fondazionepirelli.org\/it\/#\/schema\/person\/image\/","url":"https:\/\/secure.gravatar.com\/avatar\/9cb486421ce1d6eddbf6c4fb66841b4325b786695f7aedf1dde2222428218696?s=96&d=mm&r=g","contentUrl":"https:\/\/secure.gravatar.com\/avatar\/9cb486421ce1d6eddbf6c4fb66841b4325b786695f7aedf1dde2222428218696?s=96&d=mm&r=g","caption":"fondazionepirelli"},"url":"https:\/\/www.fondazionepirelli.org\/it\/author\/fondazionepirelli\/"}]}},"_links":{"self":[{"href":"https:\/\/www.fondazionepirelli.org\/it\/wp-json\/wp\/v2\/posts\/80675\/"}],"collection":[{"href":"https:\/\/www.fondazionepirelli.org\/it\/wp-json\/wp\/v2\/posts\/"}],"about":[{"href":"https:\/\/www.fondazionepirelli.org\/it\/wp-json\/wp\/v2\/types\/post\/"}],"author":[{"embeddable":true,"href":"https:\/\/www.fondazionepirelli.org\/it\/wp-json\/wp\/v2\/users\/9\/"}],"replies":[{"embeddable":true,"href":"https:\/\/www.fondazionepirelli.org\/it\/wp-json\/wp\/v2\/comments\/?post=80675"}],"version-history":[{"count":1,"href":"https:\/\/www.fondazionepirelli.org\/it\/wp-json\/wp\/v2\/posts\/80675\/revisions\/"}],"predecessor-version":[{"id":80678,"href":"https:\/\/www.fondazionepirelli.org\/it\/wp-json\/wp\/v2\/posts\/80675\/revisions\/80678\/"}],"wp:featuredmedia":[{"embeddable":true,"href":"https:\/\/www.fondazionepirelli.org\/it\/wp-json\/wp\/v2\/media\/80676\/"}],"wp:attachment":[{"href":"https:\/\/www.fondazionepirelli.org\/it\/wp-json\/wp\/v2\/media\/?parent=80675"}],"wp:term":[{"taxonomy":"category","embeddable":true,"href":"https:\/\/www.fondazionepirelli.org\/it\/wp-json\/wp\/v2\/categories\/?post=80675"},{"taxonomy":"post_tag","embeddable":true,"href":"https:\/\/www.fondazionepirelli.org\/it\/wp-json\/wp\/v2\/tags\/?post=80675"}],"curies":[{"name":"wp","href":"https:\/\/api.w.org\/{rel}","templated":true}]}}