{"id":80694,"date":"2020-09-02T08:07:43","date_gmt":"2020-09-02T07:07:43","guid":{"rendered":"https:\/\/www.fondazionepirelli.org\/?p=80694"},"modified":"2020-09-02T08:07:43","modified_gmt":"2020-09-02T07:07:43","slug":"il-rilancio-del-soft-power-per-rafforzare-democrazie-liberali-ed-economie-di-mercato","status":"publish","type":"post","link":"https:\/\/www.fondazionepirelli.org\/it\/cultura-dimpresa\/il-rilancio-del-soft-power-per-rafforzare-democrazie-liberali-ed-economie-di-mercato\/","title":{"rendered":"Il rilancio del soft power per rafforzare democrazie liberali ed economie di mercato"},"content":{"rendered":"<p>Dici <strong><em>soft power<\/em><\/strong> e ti vengono subito in mente i confronti di idee, le discussioni culturali, i dibattiti politici, la costruzione di opinioni che passano dal buon giornalismo e da iniziative artistiche, letteratura, film. Insomma, l\u2019<strong>opinione pubblica<\/strong> \u201cdiscorsiva\u201d cara a <strong>Jurgen Habermas<\/strong> (capace cio\u00e8 di un discorso pubblico critico e ben informato) e la democrazia parlamentare, la diplomazia e la gentilezza delle relazioni tra persone diverse, in cerca di punti d\u2019incontro, di sintesi. Poi ci pensi un po\u2019 meglio e capisci che <em>soft power<\/em> pu\u00f2 essere anche la <strong>manipolazione delle idee<\/strong>, la diffusione di <em>fake news<\/em>, l\u2019uso dei <em>social media <\/em>per diffondere paure, ostilit\u00e0, tensioni politiche e sociali. In un modo o nell\u2019altro, il \u201c<em>soft power<\/em>\u201d delle storie e delle parole usate per costruirle.<\/p>\n<p>Vale la pena, allora, cercare di capire un po\u2019 meglio. E fare riferimento alla prima <strong><em>Soft Power Conference<\/em><\/strong>, organizzata nei primi giorni della settimana a Venezia, alla Fondazione Cini, da <strong>Francesco Rutelli<\/strong>, fondatore del <em>Soft Power Club <\/em>ed ex ministro dell\u2019Ambiente e dei Beni culturali, oltre che ex sindaco di Roma. L\u2019obiettivo: rilanciare il senso profondo delle idee del politologo americano <strong>Joseph Nye<\/strong>, professore ad Harvard e autore, nei primi anni Novanta, di una serie di studi sul tema poi sistematizzati, nel 2004, in un libro profondamente innovatore del pensiero politico contemporaneo, \u201c<strong>Soft Power: The Means to Success in World Politics<\/strong>\u201d (l\u2019edizione italiana, per Einaudi, \u00e8 del 2005).<\/p>\n<p>Quel <em>soft power<\/em> \u00e8 \u201c<strong>l\u2019altra faccia del potere<\/strong>\u201d, del cosiddetto <strong><em>hard power<\/em><\/strong>, le politiche di potenza fondate sui primati militari, sulle quantit\u00e0 della crescita economica, sull\u2019esercizio della forza nelle relazioni internazionali. Dopo la fine dell\u2019equilibrio bipolare tra Usa e Urss che aveva dominato il mondo dal 1945 al 1989, dalla fine della Seconda Guerra Mondiale alle lunghe stagioni della \u201cguerra fredda\u201d e delle timide \u201cdistensioni\u201d, sino alla caduta del Muro di Berlino e all\u2019implosione dell\u2019impero sovietico, gli anni Novanta e poi i Duemila sono il tempo della globalizzazione, dell\u2019emergere di nuovi attori sulla scena internazionale, dei radicali cambiamenti dell\u2019opinione pubblica sotto la spinta delle nuove tecnologie. Ma anche delle crisi ambientali e sociali, sino alle preoccupazioni attuali per il sommarsi della pandemia del Covid 19 e della drammatica recessione mondiale.<\/p>\n<p>Serve \u2013 s\u2019\u00e8 detto a Venezia &#8211; un nuovo <strong>ordine del mondo<\/strong>, che rilanci i valori del dialogo, del confronto, della forza delle idee. Faccia fronte alle tensioni dei nuovi nazionalismi e dei prepotenti populismi. E coinvolga positivamente attori politici ed economici, ambienti culturali, forze sociali per costruire \u201cle storie\u201d che determinano e raccontano nuovi equilibri del mondo.<\/p>\n<p>Di fronte alle ondate degli scontri nazionalisti e razzisti, servono le politiche di inclusione e integrazione fondate sull\u2019assimilazione di diritti e doveri. Di fronte alla globalizzazione senza freni n\u00e9 regole (l\u2019<em>hard power<\/em> del pi\u00f9 forte), sono necessari la riforma e il rafforzamento degli organismi internazionali, con un passaggio dal <em>free trade <\/em>caro all\u2019Ocse dei primi anni Duemila (il commercio estero privo di limiti) al <em>fair trade<\/em>, un sistema di scambi che tenga conto dei diritti ambientali, sociali e personali. Di fronte alle tentazioni e la fascino oscuro di vecchi e nuovi autoritarismi, ecco il rilancio della <strong>democrazia liberale<\/strong>. Di fronte ai nuovi sviluppi dell\u2019era digitale, \u00e8 indispensabile un\u2019attenzione forte contro le manipolazioni, le <em>fake news<\/em>, gli oligopoli della rete, i rischi del <em>cyber crime<\/em>.<\/p>\n<p>Sintetizza Rutelli, sul \u201cCorriere della Sera\u201d: \u201cNye, in una stagione \u2018unipolare\u2019 dominata dagli Usa, propose il valore di un equilibrio basato anche sulla reciproca <strong>comprensione tra nazioni<\/strong>, sul dialogo centrato sul pluralismo e sulla diversit\u00e0 delle culture e della stessa capacit\u00e0 di fare impresa. Oggi tutto \u00e8 cambiato, ma l\u2019interdipendenza globale appare ancora pi\u00f9 forte: per contribuire a evitare che l\u2019egoismo e le polarizzazioni radicali portino a nuovi conflitti. \u00c8 necessario rilanciare uno spazio di incontro, ricordando a tutti quanto sia vitale il responsabile uso della rete e dei social media\u201d.<\/p>\n<p>L\u2019attenzione va soprattutto all\u2019Europa, alle istituzioni e alle scelte politiche della Ue che proprio adesso, in tempi di crisi, rilanciano le politiche di collaborazione e i valori delle democrazie liberali e dell\u2019economia di mercato con forti valenze sociali. Il <strong>Recovery Fund<\/strong> \u201cNext Generation\u201d, rivolto ai giovani, all\u2019ambiente, all\u2019innovazione e a migliori equilibri sociali, \u00e8 un buon esempio di uso del\u00a0 <em>soft power <\/em>sia verso i cittadini europei che verso gli altri protagonisti della scena internazionale. E pu\u00f2 ricordare gli effetti positivi di quel Piano Marshall, tanto apprezzato da Nye, con cui gli Usa guidano la ricostruzione post bellica in Europa e consolidano l\u2019infuenza mondiale di una grande democrazia.<\/p>\n<p>C\u2019\u00e8 un altro termine, caro a Nye, che ha molto a che fare con il <em>soft power <\/em>ben interpretato da uno studioso liberale: l\u2019<strong>etica<\/strong>. Il suo ultimo libro ha come titolo \u201cDo Moral Matters? Presidents and Foreign Policy from Franklyn D. Roosevelt to Trump\u201d (appena pubblicato dalla Oxford University Press\u201d. E sostiene che l\u2019etica ha un ruolo centrale, pure per le relazioni internazionali, nonostante le opinioni contrarie dei \u201crealisti\u201d che si rifanno a Machiavelli e Hobbes. L\u2019esempio positivo ha anche in questo caso radici in Europa: \u201cIl liberalismo europeo, nella tradizione iluminista kantiana, afferma che certi valori sono universali e devono essere applicati anche alla politica estera\u201d (\u201cla Repubblica\u201d).<\/p>\n<p><em>Soft power<\/em>, insomma, come <strong>sistema di valori<\/strong> e rete di rapporti di fiducia tra istituzioni e societ\u00e0, politica e cittadini, mercato e imprese. Per una \u201cqualit\u00e0\u201d dello sviluppo di cui l\u2019Occidente e l\u2019Europa possono ancora vantare il buon esempio, l\u2019indicazione di un paradigma positivo.<\/p>\n","protected":false},"excerpt":{"rendered":"<p>Dici soft power e ti vengono subito in mente i confronti di idee, le discussioni culturali, i dibattiti politici, la costruzione di opinioni che passano dal buon giornalismo e da iniziative artistiche, letteratura, film. Insomma, l\u2019opinione pubblica \u201cdiscorsiva\u201d cara a Jurgen Habermas (capace cio\u00e8 di un discorso pubblico critico e ben informato) e la democrazia [&hellip;]<\/p>\n","protected":false},"author":9,"featured_media":80699,"comment_status":"open","ping_status":"open","sticky":false,"template":"","format":"standard","meta":{"footnotes":""},"categories":[53,52],"tags":[],"class_list":["post-80694","post","type-post","status-publish","format-standard","has-post-thumbnail","hentry","category-blog","category-cultura-dimpresa"],"acf":[],"yoast_head":"<!-- This site is optimized with the Yoast SEO plugin v25.0 - https:\/\/yoast.com\/wordpress\/plugins\/seo\/ -->\n<title>Il rilancio del soft power per rafforzare democrazie liberali ed economie di mercato - Fondazione Pirelli<\/title>\n<meta name=\"robots\" content=\"index, follow, max-snippet:-1, max-image-preview:large, max-video-preview:-1\" \/>\n<link rel=\"canonical\" href=\"https:\/\/www.fondazionepirelli.org\/it\/cultura-dimpresa\/il-rilancio-del-soft-power-per-rafforzare-democrazie-liberali-ed-economie-di-mercato\/\" \/>\n<meta property=\"og:locale\" content=\"it_IT\" \/>\n<meta property=\"og:type\" content=\"article\" \/>\n<meta property=\"og:title\" content=\"Il rilancio del soft power per rafforzare democrazie liberali ed economie di mercato - Fondazione Pirelli\" \/>\n<meta property=\"og:description\" content=\"Dici soft power e ti vengono subito in mente i confronti di idee, le discussioni culturali, i dibattiti politici, la costruzione di opinioni che passano dal buon giornalismo e da iniziative artistiche, letteratura, film. Insomma, l\u2019opinione pubblica \u201cdiscorsiva\u201d cara a Jurgen Habermas (capace cio\u00e8 di un discorso pubblico critico e ben informato) e la democrazia [&hellip;]\" \/>\n<meta property=\"og:url\" content=\"https:\/\/www.fondazionepirelli.org\/it\/cultura-dimpresa\/il-rilancio-del-soft-power-per-rafforzare-democrazie-liberali-ed-economie-di-mercato\/\" \/>\n<meta property=\"og:site_name\" content=\"Fondazione Pirelli\" \/>\n<meta property=\"article:published_time\" content=\"2020-09-02T07:07:43+00:00\" \/>\n<meta property=\"og:image\" content=\"https:\/\/wpsite-assets.fondazionepirelli.org\/wp-content\/uploads\/2020\/09\/02080652\/Softpower-e1599030451400.jpg\" \/>\n\t<meta property=\"og:image:width\" content=\"500\" \/>\n\t<meta property=\"og:image:height\" content=\"472\" \/>\n\t<meta property=\"og:image:type\" content=\"image\/jpeg\" \/>\n<meta name=\"author\" content=\"fondazionepirelli\" \/>\n<meta name=\"twitter:card\" content=\"summary_large_image\" \/>\n<meta name=\"twitter:label1\" content=\"Scritto da\" \/>\n\t<meta name=\"twitter:data1\" content=\"fondazionepirelli\" \/>\n\t<meta name=\"twitter:label2\" content=\"Tempo di lettura stimato\" \/>\n\t<meta name=\"twitter:data2\" content=\"5 minuti\" \/>\n<script type=\"application\/ld+json\" class=\"yoast-schema-graph\">{\"@context\":\"https:\/\/schema.org\",\"@graph\":[{\"@type\":\"WebPage\",\"@id\":\"https:\/\/www.fondazionepirelli.org\/it\/cultura-dimpresa\/il-rilancio-del-soft-power-per-rafforzare-democrazie-liberali-ed-economie-di-mercato\/\",\"url\":\"https:\/\/www.fondazionepirelli.org\/it\/cultura-dimpresa\/il-rilancio-del-soft-power-per-rafforzare-democrazie-liberali-ed-economie-di-mercato\/\",\"name\":\"Il rilancio del soft power per rafforzare democrazie liberali ed economie di mercato - Fondazione Pirelli\",\"isPartOf\":{\"@id\":\"https:\/\/www.fondazionepirelli.org\/it\/#website\"},\"primaryImageOfPage\":{\"@id\":\"https:\/\/www.fondazionepirelli.org\/it\/cultura-dimpresa\/il-rilancio-del-soft-power-per-rafforzare-democrazie-liberali-ed-economie-di-mercato\/#primaryimage\"},\"image\":{\"@id\":\"https:\/\/www.fondazionepirelli.org\/it\/cultura-dimpresa\/il-rilancio-del-soft-power-per-rafforzare-democrazie-liberali-ed-economie-di-mercato\/#primaryimage\"},\"thumbnailUrl\":\"https:\/\/wpsite-assets.fondazionepirelli.org\/wp-content\/uploads\/2020\/09\/02080652\/Softpower-e1599030451400.jpg\",\"datePublished\":\"2020-09-02T07:07:43+00:00\",\"author\":{\"@id\":\"https:\/\/www.fondazionepirelli.org\/it\/#\/schema\/person\/c31fcf5937a0e6afa45497f3f8b6d7a0\"},\"breadcrumb\":{\"@id\":\"https:\/\/www.fondazionepirelli.org\/it\/cultura-dimpresa\/il-rilancio-del-soft-power-per-rafforzare-democrazie-liberali-ed-economie-di-mercato\/#breadcrumb\"},\"inLanguage\":\"it-IT\",\"potentialAction\":[{\"@type\":\"ReadAction\",\"target\":[\"https:\/\/www.fondazionepirelli.org\/it\/cultura-dimpresa\/il-rilancio-del-soft-power-per-rafforzare-democrazie-liberali-ed-economie-di-mercato\/\"]}]},{\"@type\":\"ImageObject\",\"inLanguage\":\"it-IT\",\"@id\":\"https:\/\/www.fondazionepirelli.org\/it\/cultura-dimpresa\/il-rilancio-del-soft-power-per-rafforzare-democrazie-liberali-ed-economie-di-mercato\/#primaryimage\",\"url\":\"https:\/\/wpsite-assets.fondazionepirelli.org\/wp-content\/uploads\/2020\/09\/02080652\/Softpower-e1599030451400.jpg\",\"contentUrl\":\"https:\/\/wpsite-assets.fondazionepirelli.org\/wp-content\/uploads\/2020\/09\/02080652\/Softpower-e1599030451400.jpg\",\"width\":500,\"height\":472},{\"@type\":\"BreadcrumbList\",\"@id\":\"https:\/\/www.fondazionepirelli.org\/it\/cultura-dimpresa\/il-rilancio-del-soft-power-per-rafforzare-democrazie-liberali-ed-economie-di-mercato\/#breadcrumb\",\"itemListElement\":[{\"@type\":\"ListItem\",\"position\":1,\"name\":\"Home\",\"item\":\"https:\/\/www.fondazionepirelli.org\/it\/\"},{\"@type\":\"ListItem\",\"position\":2,\"name\":\"Il rilancio del soft power per rafforzare democrazie liberali ed economie di mercato\"}]},{\"@type\":\"WebSite\",\"@id\":\"https:\/\/www.fondazionepirelli.org\/it\/#website\",\"url\":\"https:\/\/www.fondazionepirelli.org\/it\/\",\"name\":\"Fondazione Pirelli\",\"description\":\"\",\"potentialAction\":[{\"@type\":\"SearchAction\",\"target\":{\"@type\":\"EntryPoint\",\"urlTemplate\":\"https:\/\/www.fondazionepirelli.org\/it\/?s={search_term_string}\"},\"query-input\":{\"@type\":\"PropertyValueSpecification\",\"valueRequired\":true,\"valueName\":\"search_term_string\"}}],\"inLanguage\":\"it-IT\"},{\"@type\":\"Person\",\"@id\":\"https:\/\/www.fondazionepirelli.org\/it\/#\/schema\/person\/c31fcf5937a0e6afa45497f3f8b6d7a0\",\"name\":\"fondazionepirelli\",\"image\":{\"@type\":\"ImageObject\",\"inLanguage\":\"it-IT\",\"@id\":\"https:\/\/www.fondazionepirelli.org\/it\/#\/schema\/person\/image\/\",\"url\":\"https:\/\/secure.gravatar.com\/avatar\/9cb486421ce1d6eddbf6c4fb66841b4325b786695f7aedf1dde2222428218696?s=96&d=mm&r=g\",\"contentUrl\":\"https:\/\/secure.gravatar.com\/avatar\/9cb486421ce1d6eddbf6c4fb66841b4325b786695f7aedf1dde2222428218696?s=96&d=mm&r=g\",\"caption\":\"fondazionepirelli\"},\"url\":\"https:\/\/www.fondazionepirelli.org\/it\/author\/fondazionepirelli\/\"}]}<\/script>\n<!-- \/ Yoast SEO plugin. -->","yoast_head_json":{"title":"Il rilancio del soft power per rafforzare democrazie liberali ed economie di mercato - Fondazione Pirelli","robots":{"index":"index","follow":"follow","max-snippet":"max-snippet:-1","max-image-preview":"max-image-preview:large","max-video-preview":"max-video-preview:-1"},"canonical":"https:\/\/www.fondazionepirelli.org\/it\/cultura-dimpresa\/il-rilancio-del-soft-power-per-rafforzare-democrazie-liberali-ed-economie-di-mercato\/","og_locale":"it_IT","og_type":"article","og_title":"Il rilancio del soft power per rafforzare democrazie liberali ed economie di mercato - Fondazione Pirelli","og_description":"Dici soft power e ti vengono subito in mente i confronti di idee, le discussioni culturali, i dibattiti politici, la costruzione di opinioni che passano dal buon giornalismo e da iniziative artistiche, letteratura, film. Insomma, l\u2019opinione pubblica \u201cdiscorsiva\u201d cara a Jurgen Habermas (capace cio\u00e8 di un discorso pubblico critico e ben informato) e la democrazia [&hellip;]","og_url":"https:\/\/www.fondazionepirelli.org\/it\/cultura-dimpresa\/il-rilancio-del-soft-power-per-rafforzare-democrazie-liberali-ed-economie-di-mercato\/","og_site_name":"Fondazione Pirelli","article_published_time":"2020-09-02T07:07:43+00:00","og_image":[{"width":500,"height":472,"url":"https:\/\/wpsite-assets.fondazionepirelli.org\/wp-content\/uploads\/2020\/09\/02080652\/Softpower-e1599030451400.jpg","type":"image\/jpeg"}],"author":"fondazionepirelli","twitter_card":"summary_large_image","twitter_misc":{"Scritto da":"fondazionepirelli","Tempo di lettura stimato":"5 minuti"},"schema":{"@context":"https:\/\/schema.org","@graph":[{"@type":"WebPage","@id":"https:\/\/www.fondazionepirelli.org\/it\/cultura-dimpresa\/il-rilancio-del-soft-power-per-rafforzare-democrazie-liberali-ed-economie-di-mercato\/","url":"https:\/\/www.fondazionepirelli.org\/it\/cultura-dimpresa\/il-rilancio-del-soft-power-per-rafforzare-democrazie-liberali-ed-economie-di-mercato\/","name":"Il rilancio del soft power per rafforzare democrazie liberali ed economie di mercato - Fondazione Pirelli","isPartOf":{"@id":"https:\/\/www.fondazionepirelli.org\/it\/#website"},"primaryImageOfPage":{"@id":"https:\/\/www.fondazionepirelli.org\/it\/cultura-dimpresa\/il-rilancio-del-soft-power-per-rafforzare-democrazie-liberali-ed-economie-di-mercato\/#primaryimage"},"image":{"@id":"https:\/\/www.fondazionepirelli.org\/it\/cultura-dimpresa\/il-rilancio-del-soft-power-per-rafforzare-democrazie-liberali-ed-economie-di-mercato\/#primaryimage"},"thumbnailUrl":"https:\/\/wpsite-assets.fondazionepirelli.org\/wp-content\/uploads\/2020\/09\/02080652\/Softpower-e1599030451400.jpg","datePublished":"2020-09-02T07:07:43+00:00","author":{"@id":"https:\/\/www.fondazionepirelli.org\/it\/#\/schema\/person\/c31fcf5937a0e6afa45497f3f8b6d7a0"},"breadcrumb":{"@id":"https:\/\/www.fondazionepirelli.org\/it\/cultura-dimpresa\/il-rilancio-del-soft-power-per-rafforzare-democrazie-liberali-ed-economie-di-mercato\/#breadcrumb"},"inLanguage":"it-IT","potentialAction":[{"@type":"ReadAction","target":["https:\/\/www.fondazionepirelli.org\/it\/cultura-dimpresa\/il-rilancio-del-soft-power-per-rafforzare-democrazie-liberali-ed-economie-di-mercato\/"]}]},{"@type":"ImageObject","inLanguage":"it-IT","@id":"https:\/\/www.fondazionepirelli.org\/it\/cultura-dimpresa\/il-rilancio-del-soft-power-per-rafforzare-democrazie-liberali-ed-economie-di-mercato\/#primaryimage","url":"https:\/\/wpsite-assets.fondazionepirelli.org\/wp-content\/uploads\/2020\/09\/02080652\/Softpower-e1599030451400.jpg","contentUrl":"https:\/\/wpsite-assets.fondazionepirelli.org\/wp-content\/uploads\/2020\/09\/02080652\/Softpower-e1599030451400.jpg","width":500,"height":472},{"@type":"BreadcrumbList","@id":"https:\/\/www.fondazionepirelli.org\/it\/cultura-dimpresa\/il-rilancio-del-soft-power-per-rafforzare-democrazie-liberali-ed-economie-di-mercato\/#breadcrumb","itemListElement":[{"@type":"ListItem","position":1,"name":"Home","item":"https:\/\/www.fondazionepirelli.org\/it\/"},{"@type":"ListItem","position":2,"name":"Il rilancio del soft power per rafforzare democrazie liberali ed economie di mercato"}]},{"@type":"WebSite","@id":"https:\/\/www.fondazionepirelli.org\/it\/#website","url":"https:\/\/www.fondazionepirelli.org\/it\/","name":"Fondazione Pirelli","description":"","potentialAction":[{"@type":"SearchAction","target":{"@type":"EntryPoint","urlTemplate":"https:\/\/www.fondazionepirelli.org\/it\/?s={search_term_string}"},"query-input":{"@type":"PropertyValueSpecification","valueRequired":true,"valueName":"search_term_string"}}],"inLanguage":"it-IT"},{"@type":"Person","@id":"https:\/\/www.fondazionepirelli.org\/it\/#\/schema\/person\/c31fcf5937a0e6afa45497f3f8b6d7a0","name":"fondazionepirelli","image":{"@type":"ImageObject","inLanguage":"it-IT","@id":"https:\/\/www.fondazionepirelli.org\/it\/#\/schema\/person\/image\/","url":"https:\/\/secure.gravatar.com\/avatar\/9cb486421ce1d6eddbf6c4fb66841b4325b786695f7aedf1dde2222428218696?s=96&d=mm&r=g","contentUrl":"https:\/\/secure.gravatar.com\/avatar\/9cb486421ce1d6eddbf6c4fb66841b4325b786695f7aedf1dde2222428218696?s=96&d=mm&r=g","caption":"fondazionepirelli"},"url":"https:\/\/www.fondazionepirelli.org\/it\/author\/fondazionepirelli\/"}]}},"_links":{"self":[{"href":"https:\/\/www.fondazionepirelli.org\/it\/wp-json\/wp\/v2\/posts\/80694\/"}],"collection":[{"href":"https:\/\/www.fondazionepirelli.org\/it\/wp-json\/wp\/v2\/posts\/"}],"about":[{"href":"https:\/\/www.fondazionepirelli.org\/it\/wp-json\/wp\/v2\/types\/post\/"}],"author":[{"embeddable":true,"href":"https:\/\/www.fondazionepirelli.org\/it\/wp-json\/wp\/v2\/users\/9\/"}],"replies":[{"embeddable":true,"href":"https:\/\/www.fondazionepirelli.org\/it\/wp-json\/wp\/v2\/comments\/?post=80694"}],"version-history":[{"count":2,"href":"https:\/\/www.fondazionepirelli.org\/it\/wp-json\/wp\/v2\/posts\/80694\/revisions\/"}],"predecessor-version":[{"id":80701,"href":"https:\/\/www.fondazionepirelli.org\/it\/wp-json\/wp\/v2\/posts\/80694\/revisions\/80701\/"}],"wp:featuredmedia":[{"embeddable":true,"href":"https:\/\/www.fondazionepirelli.org\/it\/wp-json\/wp\/v2\/media\/80699\/"}],"wp:attachment":[{"href":"https:\/\/www.fondazionepirelli.org\/it\/wp-json\/wp\/v2\/media\/?parent=80694"}],"wp:term":[{"taxonomy":"category","embeddable":true,"href":"https:\/\/www.fondazionepirelli.org\/it\/wp-json\/wp\/v2\/categories\/?post=80694"},{"taxonomy":"post_tag","embeddable":true,"href":"https:\/\/www.fondazionepirelli.org\/it\/wp-json\/wp\/v2\/tags\/?post=80694"}],"curies":[{"name":"wp","href":"https:\/\/api.w.org\/{rel}","templated":true}]}}