{"id":80778,"date":"2020-09-08T11:21:08","date_gmt":"2020-09-08T10:21:08","guid":{"rendered":"https:\/\/www.fondazionepirelli.org\/?p=80778"},"modified":"2020-09-08T12:33:58","modified_gmt":"2020-09-08T11:33:58","slug":"borghi-e-periferie-da-rammendare-per-fare-rivivere-con-leconomia-digitale-e-il-5g-la-qualita-di-vita-e-lavoro","status":"publish","type":"post","link":"https:\/\/www.fondazionepirelli.org\/it\/cultura-dimpresa\/borghi-e-periferie-da-rammendare-per-fare-rivivere-con-leconomia-digitale-e-il-5g-la-qualita-di-vita-e-lavoro\/","title":{"rendered":"Borghi e periferie da \u201crammendare\u201d per fare rivivere, con l\u2019economia digitale e il 5G, la qualit\u00e0 di vita e lavoro"},"content":{"rendered":"<p>La bellezza de \u201cL\u2019Italia di Dante\u201d, seguendo nelle pagine della Divina Commedia la <strong>geografia letteraria<\/strong> di borghi e citt\u00e0 (Giulio Ferrini ne ha appena scritto in un fascinosissimo libro, per La nave di Teseo). E la bellezza dei luoghi del <strong>Grand Tour<\/strong> celebrati dagli aristocratici e dagli intellettuali europei, primo tra tutti <strong>Johann Wolfgang Goethe<\/strong> (\u201cL\u2019Italia senza la Sicilia non lascia nello spirito immagine alcuna. E\u2019 in Sicilia che si trova la chiave di tutto\u201d). Il \u201cViaggio in Italia\u201d di Guido Piovene, per Rai e \u201cCorriere della Sera\u201d, da Bolzano a Palermo, alla fine degli anni Cinquanta, tra ricostruzione e boom economico: un paese fragile ma di forte carattere, che resiste alle tensioni pi\u00f9 drammatiche della sua storia. Le anime del Nord di Testori e Meneghello, il mare triestino di Magris e quello isolano di Camilleri, l\u2019Appennino di Crovi e Guccini, Nigro e Lupo, ricordando Carlo Levi e l\u2019ingegnere-poeta <strong>Leonardo Sinisgalli<\/strong> nutrito dalle nostalgie lucane e dagli entusiasmi industriali lombardi. \u201cViva l\u2019Italia\u201d di Francesco De Gregori, tra paesi e metropoli. L\u2019Italia della scienza del Nobel per la chimica di <strong>Giulio Natta<\/strong> e di quello per la medicina di Rita Levi Montalcini, con una robusta schiera di eredi. E la dinamica Italia delle imprese, con quei suoi abitanti cos\u00ec ben raccontati da Carlo Maria Cipolla, \u201cabituati, fin dal Medio Evo a produrre, all\u2019ombra dei campanili, cose belle che piacciono al mondo\u201d: industria con forti radici nei territori d\u2019origine e sguardo innovativo aperto sui mercati internazionali. Il ritratto d\u2019Italia \u00e8 proprio cos\u00ec, costruito da una molteplicit\u00e0 di paesaggi e attitudini, un\u2019<strong>identit\u00e0 di mescolanze<\/strong>, un orgoglio di diversit\u00e0 che si riconoscono nello sguardo solidale con \u201cl\u2019altro\u201d. Italia caleidoscopio vitale.<\/p>\n<p>Ecco l\u2019Italia di provincia ma molto spesso tutt\u2019altro che provinciale, che adesso si ritrova impegnata a ridefinire il proprio futuro e che, negli ambienti pi\u00f9 responsabili, sa che deve impegnarsi per usare bene i 200 miliardi del <strong>Recovery Fund<\/strong> della Ue per cambiare radicalmente il paradigma del proprio sviluppo economico e sociale seguendo due indicazioni, la <em>green economy <\/em>e la <em>digital economy<\/em>, cio\u00e8 la sostenibilit\u00e0 ambientale e sociale e l\u2019innovazione profonda di fabbriche e servizi, consumi e stili di vita.<\/p>\n<p>C\u2019\u00e8 da guardare soprattutto proprio al nome dato dalla Commissione di Bruxelles a quella strategia: \u201c<strong>Next Generation<\/strong>\u201d. Un futuro migliore per i nostri figli e nipoti, con investimenti di lungo periodo su scuola, formazione, ricerca, nuove tecnologie \u201cpulite\u201d. L\u2019Italia delle metropoli dinamiche e competitive, aperte e inclusive (Milano ne pu\u00f2 ben essere un paradigma) e dei paesi da fare rivivere, dell\u2019<strong>industria diffusa<\/strong> e di una straordinaria cultura di comunit\u00e0 pu\u00f2 giocare su un terreno che le \u00e8 favorevole. Dimostrando di saper essere, come nei momenti migliori della sua storia, non il \u201cbordello\u201d esecrato da Dante ma \u201cla chiave di tutto\u201d ricordata da Goethe, tra Europa continentale e Mediterraneo.<\/p>\n<p><strong>La pandemia<\/strong>, con le chiusure a casa e il lavoro a distanza (solo in parte davvero <em>smart<\/em>, ma comunque legato alle connessioni digitali), con la paura per i luoghi affollati (una caratteristica nevrotica ma stimolante delle dimensioni metropolitane) e la passioni per gli spazi aperti, la natura e i giardini, ha rimesso in circolo, nei nostri pensieri, l\u2019idea di una utile disaggregazione e di una possibile diversa <strong>geografia economica e sociale<\/strong>, di una ricollocazione delle parecchie attivit\u00e0 di lavoro e di parte delle abitudini personali e familiari, con una articolazione del tempo tra citt\u00e0 e borghi. Se si pu\u00f2 lavorare a distanza, perch\u00e9 subire i ritmi del traffico di punta (non ci saranno pi\u00f9 o quasi, \u201cle punte\u201d&#8230;), dei treni e delle metropolitane affollate, degli orari scanditi in ugual modo per tutti, delle scelte abitative e di servizio in luoghi in cui concentrare umanit\u00e0 frettolosa e indaffarata?<\/p>\n<p>Da tempo, \u00e8 vero, la fine della stagione \u201c<strong>fordista<\/strong>\u201d del lavoro ha modificato parzialmente abitudini e stili di vita. La pandemia, adesso, ha accelerato i processi, ha stimolato la diffusione del lavoro a distanza, ha spinto persone e imprese a ripensare criticamente la struttura di tempi e metodi dei processi produttivi e dei servizi. E ha portato alla riscoperta e alla rivalutazione dell\u2019Italia dei paesi e dei borghi, della provincia e della campagna, delle colline e, perch\u00e9 no? delle isole. Un cambio di <strong>paradigma abitativo e produttivo<\/strong> che andr\u00e0 avanti, incentivato anche dall\u2019apprezzamento per la \u201cmobilit\u00e0 dolce\u201d e dalle riconsiderazioni delle forme e delle funzioni dell\u2019abitare, pi\u00f9 sensibili al \u201cben essere\u201d.<\/p>\n<p>Da anni, associazioni prestigiose e ricche di cultura dell\u2019ambiente e della bellezza (il <strong>Touring Club<\/strong>, il <strong>Fai<\/strong>, <strong>Symbola<\/strong>) e intellettuali d\u2019esperienza e spessore internazionale (Renzo Piano con la sua idea del \u201crammendo\u201d delle periferie, Stefano Boeri con la riscoperta dei borghi appenninici), amministratori pubblici lungimiranti e imprenditori con forte senso civile (Dallara sulle colline emiliane grazie all\u2019impegno del suo amministratore delegato Andrea Pontremoli, Loccioni nelle Marche, Cucinelli in Umbria, Carrano in Basilicata e tanti altri ancora) testimoniano come proprio l\u2019Italia, con la ricchezza culturale e professionale dei suoi territori, sia gi\u00e0 molto avanti sulla strada per disegnare una diversa e sostenibile qualit\u00e0 del produrre e del vivere. Un territorio da salvare dai rischi di degrado, i paesi da riscattare dalle tendenze all\u2019abbandono. Un patrimonio, insomma, da recuperare e valorizzare.<\/p>\n<p>Certo, non mancano problemi, anche di forte impatto, da risolvere, dai collegamenti alle interconnessioni digitali, dal ridisegno efficiente delle funzioni produttive e delle relazioni industriali (anche innovando profondamente i contratti di lavoro, legandoli alla produttivit\u00e0 dei risultati e non pi\u00f9 al tempo di fabbrica e ufficio) ai servizi diffusi (scuola, sanit\u00e0, tempo libero). E non tutti i lavori potranno essere \u201ca distanza\u201d ma tanti, sicuramente <em>smart<\/em>, saranno trasformati dagli <strong>strumenti digitali<\/strong>. C\u2019\u00e8 comunque da pensare e riformare. C\u2019\u00e8 da riscrivere &#8211; ecco una straordinaria sfida sociale, culturale e, perch\u00e9 no? etica &#8211; la mappa della geografia economica, valorizzando proprio una caratteristica della storia e della civilt\u00e0 italiana: la <strong>multicentricit\u00e0<\/strong> e l\u2019attitudine alla ricchezza complessa delle interazioni.<\/p>\n<p>Le indicazioni del <em>Recovery Fund<\/em> (ambiente, innovazione, equilibri sociali, formazione, energia, ricerca) sono adatte proprio a un impegno del genere. Guai a sprecarle.<\/p>\n<p>Anche la <strong>Rete 5G<\/strong> (l\u2019alta velocit\u00e0 dei collegamenti digitali) fa parte di questa strategia, per un profondo cambiamento degli assetti produttivi e dei servizi in tutto il Paese: se gestita con efficienza, trasparenza e cura per la qualit\u00e0 del servizio pubblico, pu\u00f2 essere lo strumento cardine per lo sviluppo italiano e per legare metropoli e borghi, nord e sud, imprese e mercati. Fare crescere le opportunit\u00e0 del <strong>made in Italy<\/strong> anche nei posti pi\u00f9 sperduti di montagna e delle isole. E garantire, tra <em>smart working <\/em>e insegnamenti scolastici a distanza, monitoraggio sanitario e accesso a tutte le opportunit\u00e0 messe in rete, un\u2019effettiva partecipazione di tutti alla vita produttiva e culturale. Proprio cos\u00ec <em>Recovery <\/em>pu\u00f2 voler dire davvero ricostruzione, ripartenza, ripresa. Con pi\u00f9 equilibrio che nel passato delle fragilit\u00e0 e delle crisi.<\/p>","protected":false},"excerpt":{"rendered":"<p>La bellezza de \u201cL\u2019Italia di Dante\u201d, seguendo nelle pagine della Divina Commedia la geografia letteraria di borghi e citt\u00e0 (Giulio Ferrini ne ha appena scritto in un fascinosissimo libro, per La nave di Teseo). E la bellezza dei luoghi del Grand Tour celebrati dagli aristocratici e dagli intellettuali europei, primo tra tutti Johann Wolfgang Goethe [&hellip;]<\/p>\n","protected":false},"author":9,"featured_media":80798,"comment_status":"open","ping_status":"open","sticky":false,"template":"","format":"standard","meta":{"footnotes":""},"categories":[53,52],"tags":[],"class_list":["post-80778","post","type-post","status-publish","format-standard","has-post-thumbnail","hentry","category-blog","category-cultura-dimpresa"],"acf":[],"yoast_head":"<!-- This site is optimized with the Yoast SEO plugin v25.0 - https:\/\/yoast.com\/wordpress\/plugins\/seo\/ -->\n<title>Borghi e periferie da \u201crammendare\u201d per fare rivivere, con l\u2019economia digitale e il 5G, la qualit\u00e0 di vita e lavoro - Fondazione Pirelli<\/title>\n<meta name=\"robots\" content=\"index, follow, max-snippet:-1, max-image-preview:large, max-video-preview:-1\" \/>\n<link rel=\"canonical\" href=\"https:\/\/www.fondazionepirelli.org\/it\/cultura-dimpresa\/borghi-e-periferie-da-rammendare-per-fare-rivivere-con-leconomia-digitale-e-il-5g-la-qualita-di-vita-e-lavoro\/\" \/>\n<meta property=\"og:locale\" content=\"it_IT\" \/>\n<meta property=\"og:type\" content=\"article\" \/>\n<meta property=\"og:title\" content=\"Borghi e periferie da \u201crammendare\u201d per fare rivivere, con l\u2019economia digitale e il 5G, la qualit\u00e0 di vita e lavoro - Fondazione Pirelli\" \/>\n<meta property=\"og:description\" content=\"La bellezza de \u201cL\u2019Italia di Dante\u201d, seguendo nelle pagine della Divina Commedia la geografia letteraria di borghi e citt\u00e0 (Giulio Ferrini ne ha appena scritto in un fascinosissimo libro, per La nave di Teseo). E la bellezza dei luoghi del Grand Tour celebrati dagli aristocratici e dagli intellettuali europei, primo tra tutti Johann Wolfgang Goethe [&hellip;]\" \/>\n<meta property=\"og:url\" content=\"https:\/\/127.0.0.1\/it\/cultura-dimpresa\/borghi-e-periferie-da-rammendare-per-fare-rivivere-con-leconomia-digitale-e-il-5g-la-qualita-di-vita-e-lavoro\/\" \/>\n<meta property=\"og:site_name\" content=\"Fondazione Pirelli\" \/>\n<meta property=\"article:published_time\" content=\"2020-09-08T10:21:08+00:00\" \/>\n<meta property=\"article:modified_time\" content=\"2020-09-08T11:33:58+00:00\" \/>\n<meta property=\"og:image\" content=\"https:\/\/wpsite-assets.fondazionepirelli.org\/wp-content\/uploads\/2020\/09\/08120621\/unnamed-1.jpg\" \/>\n\t<meta property=\"og:image:width\" content=\"512\" \/>\n\t<meta property=\"og:image:height\" content=\"342\" \/>\n\t<meta property=\"og:image:type\" content=\"image\/jpeg\" \/>\n<meta name=\"author\" content=\"fondazionepirelli\" \/>\n<meta name=\"twitter:card\" content=\"summary_large_image\" \/>\n<meta name=\"twitter:label1\" content=\"Scritto da\" \/>\n\t<meta name=\"twitter:data1\" content=\"fondazionepirelli\" \/>\n\t<meta name=\"twitter:label2\" content=\"Tempo di lettura stimato\" \/>\n\t<meta name=\"twitter:data2\" content=\"6 minuti\" \/>\n<script type=\"application\/ld+json\" class=\"yoast-schema-graph\">{\"@context\":\"https:\/\/schema.org\",\"@graph\":[{\"@type\":\"WebPage\",\"@id\":\"https:\/\/127.0.0.1\/it\/cultura-dimpresa\/borghi-e-periferie-da-rammendare-per-fare-rivivere-con-leconomia-digitale-e-il-5g-la-qualita-di-vita-e-lavoro\/\",\"url\":\"https:\/\/127.0.0.1\/it\/cultura-dimpresa\/borghi-e-periferie-da-rammendare-per-fare-rivivere-con-leconomia-digitale-e-il-5g-la-qualita-di-vita-e-lavoro\/\",\"name\":\"Borghi e periferie da \u201crammendare\u201d per fare rivivere, con l\u2019economia digitale e il 5G, la qualit\u00e0 di vita e lavoro - Fondazione Pirelli\",\"isPartOf\":{\"@id\":\"https:\/\/www.fondazionepirelli.org\/it\/#website\"},\"primaryImageOfPage\":{\"@id\":\"https:\/\/127.0.0.1\/it\/cultura-dimpresa\/borghi-e-periferie-da-rammendare-per-fare-rivivere-con-leconomia-digitale-e-il-5g-la-qualita-di-vita-e-lavoro\/#primaryimage\"},\"image\":{\"@id\":\"https:\/\/127.0.0.1\/it\/cultura-dimpresa\/borghi-e-periferie-da-rammendare-per-fare-rivivere-con-leconomia-digitale-e-il-5g-la-qualita-di-vita-e-lavoro\/#primaryimage\"},\"thumbnailUrl\":\"https:\/\/wpsite-assets.fondazionepirelli.org\/wp-content\/uploads\/2020\/09\/08120621\/unnamed-1.jpg\",\"datePublished\":\"2020-09-08T10:21:08+00:00\",\"dateModified\":\"2020-09-08T11:33:58+00:00\",\"author\":{\"@id\":\"https:\/\/www.fondazionepirelli.org\/it\/#\/schema\/person\/c31fcf5937a0e6afa45497f3f8b6d7a0\"},\"breadcrumb\":{\"@id\":\"https:\/\/127.0.0.1\/it\/cultura-dimpresa\/borghi-e-periferie-da-rammendare-per-fare-rivivere-con-leconomia-digitale-e-il-5g-la-qualita-di-vita-e-lavoro\/#breadcrumb\"},\"inLanguage\":\"it-IT\",\"potentialAction\":[{\"@type\":\"ReadAction\",\"target\":[\"https:\/\/127.0.0.1\/it\/cultura-dimpresa\/borghi-e-periferie-da-rammendare-per-fare-rivivere-con-leconomia-digitale-e-il-5g-la-qualita-di-vita-e-lavoro\/\"]}]},{\"@type\":\"ImageObject\",\"inLanguage\":\"it-IT\",\"@id\":\"https:\/\/127.0.0.1\/it\/cultura-dimpresa\/borghi-e-periferie-da-rammendare-per-fare-rivivere-con-leconomia-digitale-e-il-5g-la-qualita-di-vita-e-lavoro\/#primaryimage\",\"url\":\"https:\/\/wpsite-assets.fondazionepirelli.org\/wp-content\/uploads\/2020\/09\/08120621\/unnamed-1.jpg\",\"contentUrl\":\"https:\/\/wpsite-assets.fondazionepirelli.org\/wp-content\/uploads\/2020\/09\/08120621\/unnamed-1.jpg\",\"width\":512,\"height\":342},{\"@type\":\"BreadcrumbList\",\"@id\":\"https:\/\/127.0.0.1\/it\/cultura-dimpresa\/borghi-e-periferie-da-rammendare-per-fare-rivivere-con-leconomia-digitale-e-il-5g-la-qualita-di-vita-e-lavoro\/#breadcrumb\",\"itemListElement\":[{\"@type\":\"ListItem\",\"position\":1,\"name\":\"Home\",\"item\":\"https:\/\/www.fondazionepirelli.org\/it\/\"},{\"@type\":\"ListItem\",\"position\":2,\"name\":\"Borghi e periferie da \u201crammendare\u201d per fare rivivere, con l\u2019economia digitale e il 5G, la qualit\u00e0 di vita e lavoro\"}]},{\"@type\":\"WebSite\",\"@id\":\"https:\/\/www.fondazionepirelli.org\/it\/#website\",\"url\":\"https:\/\/www.fondazionepirelli.org\/it\/\",\"name\":\"Fondazione Pirelli\",\"description\":\"\",\"potentialAction\":[{\"@type\":\"SearchAction\",\"target\":{\"@type\":\"EntryPoint\",\"urlTemplate\":\"https:\/\/www.fondazionepirelli.org\/it\/?s={search_term_string}\"},\"query-input\":{\"@type\":\"PropertyValueSpecification\",\"valueRequired\":true,\"valueName\":\"search_term_string\"}}],\"inLanguage\":\"it-IT\"},{\"@type\":\"Person\",\"@id\":\"https:\/\/www.fondazionepirelli.org\/it\/#\/schema\/person\/c31fcf5937a0e6afa45497f3f8b6d7a0\",\"name\":\"fondazionepirelli\",\"image\":{\"@type\":\"ImageObject\",\"inLanguage\":\"it-IT\",\"@id\":\"https:\/\/www.fondazionepirelli.org\/it\/#\/schema\/person\/image\/\",\"url\":\"https:\/\/secure.gravatar.com\/avatar\/9cb486421ce1d6eddbf6c4fb66841b4325b786695f7aedf1dde2222428218696?s=96&d=mm&r=g\",\"contentUrl\":\"https:\/\/secure.gravatar.com\/avatar\/9cb486421ce1d6eddbf6c4fb66841b4325b786695f7aedf1dde2222428218696?s=96&d=mm&r=g\",\"caption\":\"fondazionepirelli\"},\"url\":\"https:\/\/www.fondazionepirelli.org\/it\/author\/fondazionepirelli\/\"}]}<\/script>\n<!-- \/ Yoast SEO plugin. -->","yoast_head_json":{"title":"Borghi e periferie da \u201crammendare\u201d per fare rivivere, con l\u2019economia digitale e il 5G, la qualit\u00e0 di vita e lavoro - Fondazione Pirelli","robots":{"index":"index","follow":"follow","max-snippet":"max-snippet:-1","max-image-preview":"max-image-preview:large","max-video-preview":"max-video-preview:-1"},"canonical":"https:\/\/www.fondazionepirelli.org\/it\/cultura-dimpresa\/borghi-e-periferie-da-rammendare-per-fare-rivivere-con-leconomia-digitale-e-il-5g-la-qualita-di-vita-e-lavoro\/","og_locale":"it_IT","og_type":"article","og_title":"Borghi e periferie da \u201crammendare\u201d per fare rivivere, con l\u2019economia digitale e il 5G, la qualit\u00e0 di vita e lavoro - Fondazione Pirelli","og_description":"La bellezza de \u201cL\u2019Italia di Dante\u201d, seguendo nelle pagine della Divina Commedia la geografia letteraria di borghi e citt\u00e0 (Giulio Ferrini ne ha appena scritto in un fascinosissimo libro, per La nave di Teseo). E la bellezza dei luoghi del Grand Tour celebrati dagli aristocratici e dagli intellettuali europei, primo tra tutti Johann Wolfgang Goethe [&hellip;]","og_url":"https:\/\/127.0.0.1\/it\/cultura-dimpresa\/borghi-e-periferie-da-rammendare-per-fare-rivivere-con-leconomia-digitale-e-il-5g-la-qualita-di-vita-e-lavoro\/","og_site_name":"Fondazione Pirelli","article_published_time":"2020-09-08T10:21:08+00:00","article_modified_time":"2020-09-08T11:33:58+00:00","og_image":[{"width":512,"height":342,"url":"https:\/\/wpsite-assets.fondazionepirelli.org\/wp-content\/uploads\/2020\/09\/08120621\/unnamed-1.jpg","type":"image\/jpeg"}],"author":"fondazionepirelli","twitter_card":"summary_large_image","twitter_misc":{"Scritto da":"fondazionepirelli","Tempo di lettura stimato":"6 minuti"},"schema":{"@context":"https:\/\/schema.org","@graph":[{"@type":"WebPage","@id":"https:\/\/127.0.0.1\/it\/cultura-dimpresa\/borghi-e-periferie-da-rammendare-per-fare-rivivere-con-leconomia-digitale-e-il-5g-la-qualita-di-vita-e-lavoro\/","url":"https:\/\/127.0.0.1\/it\/cultura-dimpresa\/borghi-e-periferie-da-rammendare-per-fare-rivivere-con-leconomia-digitale-e-il-5g-la-qualita-di-vita-e-lavoro\/","name":"Borghi e periferie da \u201crammendare\u201d per fare rivivere, con l\u2019economia digitale e il 5G, la qualit\u00e0 di vita e lavoro - Fondazione Pirelli","isPartOf":{"@id":"https:\/\/www.fondazionepirelli.org\/it\/#website"},"primaryImageOfPage":{"@id":"https:\/\/127.0.0.1\/it\/cultura-dimpresa\/borghi-e-periferie-da-rammendare-per-fare-rivivere-con-leconomia-digitale-e-il-5g-la-qualita-di-vita-e-lavoro\/#primaryimage"},"image":{"@id":"https:\/\/127.0.0.1\/it\/cultura-dimpresa\/borghi-e-periferie-da-rammendare-per-fare-rivivere-con-leconomia-digitale-e-il-5g-la-qualita-di-vita-e-lavoro\/#primaryimage"},"thumbnailUrl":"https:\/\/wpsite-assets.fondazionepirelli.org\/wp-content\/uploads\/2020\/09\/08120621\/unnamed-1.jpg","datePublished":"2020-09-08T10:21:08+00:00","dateModified":"2020-09-08T11:33:58+00:00","author":{"@id":"https:\/\/www.fondazionepirelli.org\/it\/#\/schema\/person\/c31fcf5937a0e6afa45497f3f8b6d7a0"},"breadcrumb":{"@id":"https:\/\/127.0.0.1\/it\/cultura-dimpresa\/borghi-e-periferie-da-rammendare-per-fare-rivivere-con-leconomia-digitale-e-il-5g-la-qualita-di-vita-e-lavoro\/#breadcrumb"},"inLanguage":"it-IT","potentialAction":[{"@type":"ReadAction","target":["https:\/\/127.0.0.1\/it\/cultura-dimpresa\/borghi-e-periferie-da-rammendare-per-fare-rivivere-con-leconomia-digitale-e-il-5g-la-qualita-di-vita-e-lavoro\/"]}]},{"@type":"ImageObject","inLanguage":"it-IT","@id":"https:\/\/127.0.0.1\/it\/cultura-dimpresa\/borghi-e-periferie-da-rammendare-per-fare-rivivere-con-leconomia-digitale-e-il-5g-la-qualita-di-vita-e-lavoro\/#primaryimage","url":"https:\/\/wpsite-assets.fondazionepirelli.org\/wp-content\/uploads\/2020\/09\/08120621\/unnamed-1.jpg","contentUrl":"https:\/\/wpsite-assets.fondazionepirelli.org\/wp-content\/uploads\/2020\/09\/08120621\/unnamed-1.jpg","width":512,"height":342},{"@type":"BreadcrumbList","@id":"https:\/\/127.0.0.1\/it\/cultura-dimpresa\/borghi-e-periferie-da-rammendare-per-fare-rivivere-con-leconomia-digitale-e-il-5g-la-qualita-di-vita-e-lavoro\/#breadcrumb","itemListElement":[{"@type":"ListItem","position":1,"name":"Home","item":"https:\/\/www.fondazionepirelli.org\/it\/"},{"@type":"ListItem","position":2,"name":"Borghi e periferie da \u201crammendare\u201d per fare rivivere, con l\u2019economia digitale e il 5G, la qualit\u00e0 di vita e lavoro"}]},{"@type":"WebSite","@id":"https:\/\/www.fondazionepirelli.org\/it\/#website","url":"https:\/\/www.fondazionepirelli.org\/it\/","name":"Fondazione Pirelli","description":"","potentialAction":[{"@type":"SearchAction","target":{"@type":"EntryPoint","urlTemplate":"https:\/\/www.fondazionepirelli.org\/it\/?s={search_term_string}"},"query-input":{"@type":"PropertyValueSpecification","valueRequired":true,"valueName":"search_term_string"}}],"inLanguage":"it-IT"},{"@type":"Person","@id":"https:\/\/www.fondazionepirelli.org\/it\/#\/schema\/person\/c31fcf5937a0e6afa45497f3f8b6d7a0","name":"fondazionepirelli","image":{"@type":"ImageObject","inLanguage":"it-IT","@id":"https:\/\/www.fondazionepirelli.org\/it\/#\/schema\/person\/image\/","url":"https:\/\/secure.gravatar.com\/avatar\/9cb486421ce1d6eddbf6c4fb66841b4325b786695f7aedf1dde2222428218696?s=96&d=mm&r=g","contentUrl":"https:\/\/secure.gravatar.com\/avatar\/9cb486421ce1d6eddbf6c4fb66841b4325b786695f7aedf1dde2222428218696?s=96&d=mm&r=g","caption":"fondazionepirelli"},"url":"https:\/\/www.fondazionepirelli.org\/it\/author\/fondazionepirelli\/"}]}},"_links":{"self":[{"href":"https:\/\/www.fondazionepirelli.org\/it\/wp-json\/wp\/v2\/posts\/80778\/"}],"collection":[{"href":"https:\/\/www.fondazionepirelli.org\/it\/wp-json\/wp\/v2\/posts\/"}],"about":[{"href":"https:\/\/www.fondazionepirelli.org\/it\/wp-json\/wp\/v2\/types\/post\/"}],"author":[{"embeddable":true,"href":"https:\/\/www.fondazionepirelli.org\/it\/wp-json\/wp\/v2\/users\/9\/"}],"replies":[{"embeddable":true,"href":"https:\/\/www.fondazionepirelli.org\/it\/wp-json\/wp\/v2\/comments\/?post=80778"}],"version-history":[{"count":4,"href":"https:\/\/www.fondazionepirelli.org\/it\/wp-json\/wp\/v2\/posts\/80778\/revisions\/"}],"predecessor-version":[{"id":80782,"href":"https:\/\/www.fondazionepirelli.org\/it\/wp-json\/wp\/v2\/posts\/80778\/revisions\/80782\/"}],"wp:featuredmedia":[{"embeddable":true,"href":"https:\/\/www.fondazionepirelli.org\/it\/wp-json\/wp\/v2\/media\/80798\/"}],"wp:attachment":[{"href":"https:\/\/www.fondazionepirelli.org\/it\/wp-json\/wp\/v2\/media\/?parent=80778"}],"wp:term":[{"taxonomy":"category","embeddable":true,"href":"https:\/\/www.fondazionepirelli.org\/it\/wp-json\/wp\/v2\/categories\/?post=80778"},{"taxonomy":"post_tag","embeddable":true,"href":"https:\/\/www.fondazionepirelli.org\/it\/wp-json\/wp\/v2\/tags\/?post=80778"}],"curies":[{"name":"wp","href":"https:\/\/api.w.org\/{rel}","templated":true}]}}