{"id":80783,"date":"2020-09-08T11:20:48","date_gmt":"2020-09-08T10:20:48","guid":{"rendered":"https:\/\/www.fondazionepirelli.org\/?p=80783"},"modified":"2020-09-08T11:20:48","modified_gmt":"2020-09-08T10:20:48","slug":"esplorazioni-virtuali-della-cultura-dimpresa","status":"publish","type":"post","link":"https:\/\/www.fondazionepirelli.org\/it\/cultura-dimpresa\/esplorazioni-virtuali-della-cultura-dimpresa\/","title":{"rendered":"Esplorazioni virtuali della cultura d\u2019impresa"},"content":{"rendered":"<p><em>Una tesi discussa a Pisa approfondisce le relazioni tra strumenti digitali e musei d\u2019azienda<\/em><\/p>\n<p><strong>\u00a0<\/strong><\/p>\n<p>Storie d\u2019impresa raccolte in luoghi virtuali oltre che fisici. Nuovo \u2013 si fa per dire \u2013 strumento a disposizione anche dei racconti di cultura del produrre, la digitalizzazione pu\u00f2 aprire strade diverse ed efficaci per chi vuole apprendere di pi\u00f9 della buona imprenditoria cos\u00ec come della sapienza produttiva che ancora tanta parte ha nell\u2019industria nazionale. Certo, occorre, prima di tutto, comprendere cosa sia un museo d\u2019impresa e, poi, come gli strumenti digitali possano aiutarne la fruizione. A questi traguardi mira il lavoro di tesi di Fabrizio Procopio discusso presso l\u2019Universit\u00e0 di Pisa, Dipartimento di Economia e <em>Management<\/em>.<\/p>\n<p>\u201cL&#8217;impatto della digitalizzazione sui Musei d&#8217;Impresa: il caso del Museo Virtuale\u201d, \u00e8 un\u2019indagine che prende in considerazione prima di tutto la natura delle esposizioni museali aziendali e quindi la loro declinazione virtuale. Obiettivo di tutto, spiega l\u2019autore, \u00e8 quello \u201cdi fornire dei dati in merito all\u2019opinione e all\u2019atteggiamento che il potenziale visitatore ha nei confronti del museo virtuale d\u2019impresa\u201d. Questo sulla base di una considerazione: \u201cConsiderando lo stato di avanzamento della tecnologia, e come questa ha impattato sulla realt\u00e0 museale, i musei d\u2019impresa non possono esimersi dal fare i conti con questi cambiamenti\u201d.<\/p>\n<p>Il lavoro \u2013 in buona parte reso possibile dall\u2019Associazione Museimpresa -, \u00e8 quindi organizzato in modo chiaro e lineare. Prima di giungere alla vera ricerca, viene offerta una visione di sintesi relativamente ai campi che sono coinvolti nella ricerca stessa. E\u2019 quindi il museo d\u2019impresa inteso come servizio il primo tema affrontato con le sue connessioni con il marketing dei servizi, come strumento di trasmissione della cultura e dei valori aziendali, come contenitore all\u2019interno del quale l\u2019azienda racconta e custodisce la sua storia. Ma non si trascurano nemmeno le relazioni con il territorio e la <em>Corporate<\/em> <em>Social<\/em> <em>Responsibility<\/em>. La seconda parte della ricerca concerne la digitalizzazione dei musei d\u2019impresa che viene approfondita sulla base delle tracce gi\u00e0 presenti in letteratura e presentando caratteristiche e differenze tra tecnologie per la fruizione remota e per la fruizione in presenza. Questa parte si conclude con una carrellata dei musei virtuali d\u2019impresa gi\u00e0 esistenti con particolare attenzione al \u201cValentino Garavani Museum\u201d sul quale vengono svolti degli approfondimenti (con una indagine sul campo), relativi all\u2019opinione e all\u2019atteggiamento del pubblico e agli effetti delle ultime misure restrittive di fruizione museali dovute alla pandemia Covid-19.<\/p>\n<p>Il lavoro di Procopio non \u00e8 certo l\u2019ultima parola in fatto di musei virtuali d\u2019impresa, ma \u00e8 comunque un passo importante verso la definizione e puntualizzazione di aspetti della cultura del produrre ancora da studiare a fondo.<\/p><p><a href=\"https:\/\/etd.adm.unipi.it\/t\/etd-06092020-153205\/\"><strong>L&#8217;impatto della digitalizzazione sui Musei d&#8217;Impresa: il caso del Museo Virtuale<\/strong><\/a><\/p>\n<p>Fabrizio Procopio, Tesi, Universit\u00e0 di Pisa, Dipartimento di Economia e Management, 2020<\/p>\n","protected":false},"excerpt":{"rendered":"<p>Una tesi discussa a Pisa approfondisce le relazioni tra strumenti digitali e musei d\u2019azienda \u00a0 Storie d\u2019impresa raccolte in luoghi virtuali oltre che fisici. Nuovo \u2013 si fa per dire \u2013 strumento a disposizione anche dei racconti di cultura del produrre, la digitalizzazione pu\u00f2 aprire strade diverse ed efficaci per chi vuole apprendere di pi\u00f9 [&hellip;]<\/p>\n","protected":false},"author":9,"featured_media":0,"comment_status":"open","ping_status":"open","sticky":false,"template":"","format":"standard","meta":{"footnotes":""},"categories":[54,52],"tags":[],"class_list":["post-80783","post","type-post","status-publish","format-standard","hentry","category-approfondimenti","category-cultura-dimpresa"],"acf":[],"yoast_head":"<!-- This site is optimized with the Yoast SEO plugin v25.0 - https:\/\/yoast.com\/wordpress\/plugins\/seo\/ -->\n<title>Esplorazioni virtuali della cultura d\u2019impresa - Fondazione Pirelli<\/title>\n<meta name=\"robots\" content=\"index, follow, max-snippet:-1, max-image-preview:large, max-video-preview:-1\" \/>\n<link rel=\"canonical\" href=\"https:\/\/www.fondazionepirelli.org\/it\/cultura-dimpresa\/esplorazioni-virtuali-della-cultura-dimpresa\/\" \/>\n<meta property=\"og:locale\" content=\"it_IT\" \/>\n<meta property=\"og:type\" content=\"article\" \/>\n<meta property=\"og:title\" content=\"Esplorazioni virtuali della cultura d\u2019impresa - Fondazione Pirelli\" \/>\n<meta property=\"og:description\" content=\"Una tesi discussa a Pisa approfondisce le relazioni tra strumenti digitali e musei d\u2019azienda \u00a0 Storie d\u2019impresa raccolte in luoghi virtuali oltre che fisici. Nuovo \u2013 si fa per dire \u2013 strumento a disposizione anche dei racconti di cultura del produrre, la digitalizzazione pu\u00f2 aprire strade diverse ed efficaci per chi vuole apprendere di pi\u00f9 [&hellip;]\" \/>\n<meta property=\"og:url\" content=\"https:\/\/www.fondazionepirelli.org\/it\/cultura-dimpresa\/esplorazioni-virtuali-della-cultura-dimpresa\/\" \/>\n<meta property=\"og:site_name\" content=\"Fondazione Pirelli\" \/>\n<meta property=\"article:published_time\" content=\"2020-09-08T10:20:48+00:00\" \/>\n<meta name=\"author\" content=\"fondazionepirelli\" \/>\n<meta name=\"twitter:card\" content=\"summary_large_image\" \/>\n<meta name=\"twitter:label1\" content=\"Scritto da\" \/>\n\t<meta name=\"twitter:data1\" content=\"fondazionepirelli\" \/>\n\t<meta name=\"twitter:label2\" content=\"Tempo di lettura stimato\" \/>\n\t<meta name=\"twitter:data2\" content=\"2 minuti\" \/>\n<script type=\"application\/ld+json\" class=\"yoast-schema-graph\">{\"@context\":\"https:\/\/schema.org\",\"@graph\":[{\"@type\":\"WebPage\",\"@id\":\"https:\/\/www.fondazionepirelli.org\/it\/cultura-dimpresa\/esplorazioni-virtuali-della-cultura-dimpresa\/\",\"url\":\"https:\/\/www.fondazionepirelli.org\/it\/cultura-dimpresa\/esplorazioni-virtuali-della-cultura-dimpresa\/\",\"name\":\"Esplorazioni virtuali della cultura d\u2019impresa - Fondazione Pirelli\",\"isPartOf\":{\"@id\":\"https:\/\/www.fondazionepirelli.org\/it\/#website\"},\"datePublished\":\"2020-09-08T10:20:48+00:00\",\"author\":{\"@id\":\"https:\/\/www.fondazionepirelli.org\/it\/#\/schema\/person\/c31fcf5937a0e6afa45497f3f8b6d7a0\"},\"breadcrumb\":{\"@id\":\"https:\/\/www.fondazionepirelli.org\/it\/cultura-dimpresa\/esplorazioni-virtuali-della-cultura-dimpresa\/#breadcrumb\"},\"inLanguage\":\"it-IT\",\"potentialAction\":[{\"@type\":\"ReadAction\",\"target\":[\"https:\/\/www.fondazionepirelli.org\/it\/cultura-dimpresa\/esplorazioni-virtuali-della-cultura-dimpresa\/\"]}]},{\"@type\":\"BreadcrumbList\",\"@id\":\"https:\/\/www.fondazionepirelli.org\/it\/cultura-dimpresa\/esplorazioni-virtuali-della-cultura-dimpresa\/#breadcrumb\",\"itemListElement\":[{\"@type\":\"ListItem\",\"position\":1,\"name\":\"Home\",\"item\":\"https:\/\/www.fondazionepirelli.org\/it\/\"},{\"@type\":\"ListItem\",\"position\":2,\"name\":\"Esplorazioni virtuali della cultura d\u2019impresa\"}]},{\"@type\":\"WebSite\",\"@id\":\"https:\/\/www.fondazionepirelli.org\/it\/#website\",\"url\":\"https:\/\/www.fondazionepirelli.org\/it\/\",\"name\":\"Fondazione Pirelli\",\"description\":\"\",\"potentialAction\":[{\"@type\":\"SearchAction\",\"target\":{\"@type\":\"EntryPoint\",\"urlTemplate\":\"https:\/\/www.fondazionepirelli.org\/it\/?s={search_term_string}\"},\"query-input\":{\"@type\":\"PropertyValueSpecification\",\"valueRequired\":true,\"valueName\":\"search_term_string\"}}],\"inLanguage\":\"it-IT\"},{\"@type\":\"Person\",\"@id\":\"https:\/\/www.fondazionepirelli.org\/it\/#\/schema\/person\/c31fcf5937a0e6afa45497f3f8b6d7a0\",\"name\":\"fondazionepirelli\",\"image\":{\"@type\":\"ImageObject\",\"inLanguage\":\"it-IT\",\"@id\":\"https:\/\/www.fondazionepirelli.org\/it\/#\/schema\/person\/image\/\",\"url\":\"https:\/\/secure.gravatar.com\/avatar\/9cb486421ce1d6eddbf6c4fb66841b4325b786695f7aedf1dde2222428218696?s=96&d=mm&r=g\",\"contentUrl\":\"https:\/\/secure.gravatar.com\/avatar\/9cb486421ce1d6eddbf6c4fb66841b4325b786695f7aedf1dde2222428218696?s=96&d=mm&r=g\",\"caption\":\"fondazionepirelli\"},\"url\":\"https:\/\/www.fondazionepirelli.org\/it\/author\/fondazionepirelli\/\"}]}<\/script>\n<!-- \/ Yoast SEO plugin. -->","yoast_head_json":{"title":"Esplorazioni virtuali della cultura d\u2019impresa - Fondazione Pirelli","robots":{"index":"index","follow":"follow","max-snippet":"max-snippet:-1","max-image-preview":"max-image-preview:large","max-video-preview":"max-video-preview:-1"},"canonical":"https:\/\/www.fondazionepirelli.org\/it\/cultura-dimpresa\/esplorazioni-virtuali-della-cultura-dimpresa\/","og_locale":"it_IT","og_type":"article","og_title":"Esplorazioni virtuali della cultura d\u2019impresa - Fondazione Pirelli","og_description":"Una tesi discussa a Pisa approfondisce le relazioni tra strumenti digitali e musei d\u2019azienda \u00a0 Storie d\u2019impresa raccolte in luoghi virtuali oltre che fisici. Nuovo \u2013 si fa per dire \u2013 strumento a disposizione anche dei racconti di cultura del produrre, la digitalizzazione pu\u00f2 aprire strade diverse ed efficaci per chi vuole apprendere di pi\u00f9 [&hellip;]","og_url":"https:\/\/www.fondazionepirelli.org\/it\/cultura-dimpresa\/esplorazioni-virtuali-della-cultura-dimpresa\/","og_site_name":"Fondazione Pirelli","article_published_time":"2020-09-08T10:20:48+00:00","author":"fondazionepirelli","twitter_card":"summary_large_image","twitter_misc":{"Scritto da":"fondazionepirelli","Tempo di lettura stimato":"2 minuti"},"schema":{"@context":"https:\/\/schema.org","@graph":[{"@type":"WebPage","@id":"https:\/\/www.fondazionepirelli.org\/it\/cultura-dimpresa\/esplorazioni-virtuali-della-cultura-dimpresa\/","url":"https:\/\/www.fondazionepirelli.org\/it\/cultura-dimpresa\/esplorazioni-virtuali-della-cultura-dimpresa\/","name":"Esplorazioni virtuali della cultura d\u2019impresa - Fondazione Pirelli","isPartOf":{"@id":"https:\/\/www.fondazionepirelli.org\/it\/#website"},"datePublished":"2020-09-08T10:20:48+00:00","author":{"@id":"https:\/\/www.fondazionepirelli.org\/it\/#\/schema\/person\/c31fcf5937a0e6afa45497f3f8b6d7a0"},"breadcrumb":{"@id":"https:\/\/www.fondazionepirelli.org\/it\/cultura-dimpresa\/esplorazioni-virtuali-della-cultura-dimpresa\/#breadcrumb"},"inLanguage":"it-IT","potentialAction":[{"@type":"ReadAction","target":["https:\/\/www.fondazionepirelli.org\/it\/cultura-dimpresa\/esplorazioni-virtuali-della-cultura-dimpresa\/"]}]},{"@type":"BreadcrumbList","@id":"https:\/\/www.fondazionepirelli.org\/it\/cultura-dimpresa\/esplorazioni-virtuali-della-cultura-dimpresa\/#breadcrumb","itemListElement":[{"@type":"ListItem","position":1,"name":"Home","item":"https:\/\/www.fondazionepirelli.org\/it\/"},{"@type":"ListItem","position":2,"name":"Esplorazioni virtuali della cultura d\u2019impresa"}]},{"@type":"WebSite","@id":"https:\/\/www.fondazionepirelli.org\/it\/#website","url":"https:\/\/www.fondazionepirelli.org\/it\/","name":"Fondazione Pirelli","description":"","potentialAction":[{"@type":"SearchAction","target":{"@type":"EntryPoint","urlTemplate":"https:\/\/www.fondazionepirelli.org\/it\/?s={search_term_string}"},"query-input":{"@type":"PropertyValueSpecification","valueRequired":true,"valueName":"search_term_string"}}],"inLanguage":"it-IT"},{"@type":"Person","@id":"https:\/\/www.fondazionepirelli.org\/it\/#\/schema\/person\/c31fcf5937a0e6afa45497f3f8b6d7a0","name":"fondazionepirelli","image":{"@type":"ImageObject","inLanguage":"it-IT","@id":"https:\/\/www.fondazionepirelli.org\/it\/#\/schema\/person\/image\/","url":"https:\/\/secure.gravatar.com\/avatar\/9cb486421ce1d6eddbf6c4fb66841b4325b786695f7aedf1dde2222428218696?s=96&d=mm&r=g","contentUrl":"https:\/\/secure.gravatar.com\/avatar\/9cb486421ce1d6eddbf6c4fb66841b4325b786695f7aedf1dde2222428218696?s=96&d=mm&r=g","caption":"fondazionepirelli"},"url":"https:\/\/www.fondazionepirelli.org\/it\/author\/fondazionepirelli\/"}]}},"_links":{"self":[{"href":"https:\/\/www.fondazionepirelli.org\/it\/wp-json\/wp\/v2\/posts\/80783\/"}],"collection":[{"href":"https:\/\/www.fondazionepirelli.org\/it\/wp-json\/wp\/v2\/posts\/"}],"about":[{"href":"https:\/\/www.fondazionepirelli.org\/it\/wp-json\/wp\/v2\/types\/post\/"}],"author":[{"embeddable":true,"href":"https:\/\/www.fondazionepirelli.org\/it\/wp-json\/wp\/v2\/users\/9\/"}],"replies":[{"embeddable":true,"href":"https:\/\/www.fondazionepirelli.org\/it\/wp-json\/wp\/v2\/comments\/?post=80783"}],"version-history":[{"count":2,"href":"https:\/\/www.fondazionepirelli.org\/it\/wp-json\/wp\/v2\/posts\/80783\/revisions\/"}],"predecessor-version":[{"id":80785,"href":"https:\/\/www.fondazionepirelli.org\/it\/wp-json\/wp\/v2\/posts\/80783\/revisions\/80785\/"}],"wp:attachment":[{"href":"https:\/\/www.fondazionepirelli.org\/it\/wp-json\/wp\/v2\/media\/?parent=80783"}],"wp:term":[{"taxonomy":"category","embeddable":true,"href":"https:\/\/www.fondazionepirelli.org\/it\/wp-json\/wp\/v2\/categories\/?post=80783"},{"taxonomy":"post_tag","embeddable":true,"href":"https:\/\/www.fondazionepirelli.org\/it\/wp-json\/wp\/v2\/tags\/?post=80783"}],"curies":[{"name":"wp","href":"https:\/\/api.w.org\/{rel}","templated":true}]}}