{"id":80844,"date":"2020-09-15T08:33:43","date_gmt":"2020-09-15T07:33:43","guid":{"rendered":"https:\/\/www.fondazionepirelli.org\/?p=80844"},"modified":"2020-09-15T11:07:04","modified_gmt":"2020-09-15T10:07:04","slug":"le-trame-mafiose-che-minacciano-le-imprese-e-le-scelte-per-la-legalita-e-lo-sviluppo-economico","status":"publish","type":"post","link":"https:\/\/www.fondazionepirelli.org\/it\/cultura-dimpresa\/le-trame-mafiose-che-minacciano-le-imprese-e-le-scelte-per-la-legalita-e-lo-sviluppo-economico\/","title":{"rendered":"Le trame mafiose che minacciano le imprese e le scelte per la legalit\u00e0 e lo sviluppo economico"},"content":{"rendered":"<p>C\u2019\u00e8 chi, in tempo di crisi, fa molti dei suoi affari migliori. La criminalit\u00e0 organizzata, per esempio. Lucrando in alcuni casi sui fondi pubblici per fare fronte ai guasti del Covid e investendo nelle aziende entrate in difficolt\u00e0 finanziarie in questi mesi di pandemia e allargando, cos\u00ec, la presa sul tessuto economico: riciclaggio di denaro sporco, appalti, servizi, smaltimento rifiuti, etc.<br \/>\nVa dunque ascoltata con grande attenzione la ministra degli Interni <strong>Luciana Lamorgese<\/strong> quando insiste sui legami tra mafia e attivit\u00e0 imprenditoriali (\u201cLa Stampa\u201d, 9 settembre) e si preoccupa che l\u2019espansione delle iniziative criminali travolta l\u2019economia sana, le imprese che operano correttamente sui mercati.<\/p>\n<p>Un allarme rilanciato proprio oggi, a livello europeo, da <strong>Catherine De Bolle<\/strong>, responsabile di Europol (i capi delle polizie dei paesi Ue) nel corso di un incontro a Roma: \u201cSi sta registrando in Europa un aumento delle infiltrazioni nell\u2019economia\u201d. Insiste la De Bolle: \u201cL\u2019incremento delle infiltrazioni &#8211; ha aggiunto De Bolle &#8211; \u00e8 il motivo per il quale Europol ha chiesto di monitorare con attenzione i finanziamenti\u201d connessi al <strong>Recovery Fund<\/strong> poich\u00e9 i \u201cfondi costituiti dagli Stati membri sono gi\u00e0 presi di mira dalle organizzazioni criminali e prevediamo lo saranno ancora di pi\u00f9\u201d. \u201cI prodotti altamente richiesti &#8211; come disinfettanti, mascherine, termometri, ventilatori meccanici e fantomatiche cure per il coronavirus &#8211; continuano a essere oggetto di truffe di vasta portata anche online. Un modus operandi pi\u00f9 sofisticato vede i criminali sequestrare l\u2019identit\u00e0 di imprese e offrire alle vittime la vendita di prodotti legati alla pandemia, per poi sparire nel nulla. Ci sono state autorit\u00e0 sanitarie di stati membri e aziende private tra le vittime\u201d, ha aggiunto De Bolle.<\/p>\n<p>L\u2019Italia \u00e8 particolarmente esposta. E con maggiori rischi degli altri paesi Ue.<br \/>\n\u201cE\u2019 riduttivo oramai parlare di infiltrazioni mafiose\u201d, siamo di fronte a una presenza strutturale delle cosche di \u2018ndrangheta, camorra e Cosa nostra nell\u2019economia delle regioni del Nord, sostengono infatti i magistrati che a Milano indagano sugli affari mafiosi, ricordando che il giro d\u2019affari della sola \u2018ndrangheta \u00e8 di 55 miliardi all\u2019anno, di cui 44 realizzati al Nord. E gi\u00e0 nel giugno scorso Francesco Messina, il capo della Divisione Anticrimine della Polizia, aveva denunciato: \u201cGli interessi delle cosche puntano al Veneto. La mafia presta soldi alle aziende in crisi\u201d (\u201cLa Stampa\u201d, 15 giugno). Un fenomeno in crescita, dopo il solido radicamento dei clan calabresi in Lombardia e le iniziative di espansione in Piemonte, Liguria, Emilia, Val d\u2019Aosta, Trentino e Alto Adige, come documentano bene anche inchieste giornalistiche accurate (\u201cL\u2019Espresso\u201d, 12 gennaio: \u201cLa rete delle cosche calabresi arriva nei luoghi del potere e continua a estendersi in tutto il paese, dallo Stretto di Messina alle Alpi\u201d) e ottimi libri-reportage (\u201cCrimini a Nord-Est\u201d di Luana de Francisco e Ugo Dinello, Laterza).<\/p>\n<p>C\u2019\u00e8 un\u2019altra voce da ascoltare, quella di <strong>Luca De Marchis<\/strong>, colonnello dei carabinieri, comandante a Milano: \u201cI clan hanno denaro da prestare agli imprenditori: il terreno \u00e8 fertile, va messo un argine. Serve una grande battaglia culturale\u201d (\u201cla Repubblica\u201d, 9 settembre).<br \/>\nEcco il punto: il rischio dell\u2019incrocio perverso tra attivit\u00e0 economiche in difficolt\u00e0, nel cuore d\u2019una stravolgente recessione e l\u2019ampia disponibilit\u00e0 finanziaria dei gruppi criminali. \u2018Ndrangheta, camorra e mafia siciliana sono attive, soprattutto in Lombardia, dagli anni Ottanta. In tempi pi\u00f9 recenti, sono arrivati anche i boss pugliesi. I clan si sono radicati nel territori di provincia, poi si sono allargati in citt\u00e0, mettendo le mani su imprese soprattutto nell\u2019edilizia, nel commercio, nei servizi, anche in certi settori della sanit\u00e0. Hanno stretto rapporti con ambienti della pubblica amministrazione. E, grazie a una rete di collaboratori (la cosiddetta \u201carea grigia\u201d dei professionisti, commercialisti, avvocati, personaggi della finanza, politici), si sono allargati a tutte le attivit\u00e0 in cui il peso finanziario e la spregiudicatezza nel fare affari sono robuste leve di successo.<\/p>\n<p>Le indagini degli inquirenti e parecchie operazioni giudiziarie, concluse con pesanti condanne, dicono di una rete estesa, ricca, minacciosa, forte di un solido \u201ccapitale sociale\u201d di connivenze e complicit\u00e0.<br \/>\nUna rete da contrastare con decisione. Le attivit\u00e0 investigative e repressive sono fondamentali, senza mai \u201cabbassare la guardia\u201d. Ma sono indispensabili anche le iniziative della societ\u00e0 civile, delle organizzazioni degli imprenditori, dei sindacati dei lavoratori, proprio per quella \u201cbattaglia culturale\u201d di cui parlava il colonnello De Marchis.<br \/>\nDa anni l\u2019<strong>Assolombarda<\/strong> \u00e8 in prima linea, nella battaglia per la legalit\u00e0, contro le mafie: documenti, inchieste, convegni, dibattiti con magistrati e inquirenti, incontri con gli studenti a Milano e nelle scuola di Monza e della Brianza. L\u2019obiettivo: costruire e rafforzare l\u2019opinione pubblica sulla tutela dell\u2019economia sana e delle imprese che determinano il buon andamento dell\u2019economia.<br \/>\nC\u2019\u00e8 soprattutto un impegno: lavorare con le imprese iscritte all\u2019Associazione nel chiarire il vero volto della mafia e prevenire infiltrazioni.<\/p>\n<p>La mafia &#8211; si spiega &#8211; non \u00e8 un\u2019agenzia di servizi, cui affidarsi per risolvere un problema di credito, ottenere un favore dalla pubblica amministrazione, vincere una gara d\u2019appalto, smaltire rifiuti, battere la concorrenza. Il rapporto con un clan mafioso (anche quando si comincia ad avere a che fare con mediatori all\u2019apparenza \u201cinsospettabili\u201d, con professionisti del mondo degli affari) \u00e8 un inquinamento che fa danni per sempre. Entrare in contatto con un boss significa non salvare ma perdere definitivamente l\u2019azienda. L\u2019imprenditore, spesso, \u00e8 solo e disorientato. Le iniziative di ascolto (uno \u201csportello\u201d per le piccole e medie imprese, attivo in Assolombarda) sono un passo importante di rassicurazione, di chiarimento, di aiuto.<\/p>\n<p>Le iniziative d\u2019ascolto, tra gli imprenditori, hanno avuto seguito. L\u2019eco \u00e8 stata ampia. Le reazioni, allarmate, con la presa d\u2019atto che la mafia \u00e8 un vero e proprio tumore per l\u2019economia.<br \/>\nLe iniziative vanno, per\u00f2, continuate, proprio in questi difficili tempi di crisi, in cui molte imprese, in difficolt\u00e0, possono essere tentate dalle scorciatoie mafiose, soprattutto sui temi del credito. I \u201cconsorzi fidi\u201d , su cui le associazioni d\u2019impresa hanno voce in capitolo, possono essere strumenti di consulenza e sostegno.<br \/>\nLa battaglia antimafia, vista dal fronte delle associazioni d\u2019impresa, \u00e8 una battaglia generale di legalit\u00e0 e corretta, trasparente competitivit\u00e0.<\/p>\n<p>Iniziative culturali contro la penetrazione dei boss criminali, dunque. Ma anche una richiesta di buone politiche, locali e nazionali, per semplificare le procedure della pubblica amministrazione, rendere trasparenti ed efficaci le pratiche per appalti e servizi, evitare le lungaggini e le difficolt\u00e0 (i lenti pagamenti della pubblica amministrazione, che strozzano le imprese e ne mettono in crisi i regolari flussi finanziari). <strong>Legalit\u00e0 e libert\u00e0 economiche<\/strong>. Legalit\u00e0 e spazio per la crescita dell\u2019economia di mercato, secondo una cultura segnata da libert\u00e0, competitivit\u00e0, responsabilit\u00e0 e sostenibilit\u00e0, i pilastri estensioni di una buona cultura d\u2019impresa.<\/p>\n<p>L\u2019orizzonte generale di questo impegno \u00e8 un\u2019indicazione di Piero Calamandrei, uno dei \u201cpadri\u201d della nostra Costituzione: \u201cCon la legalit\u00e0 non vi \u00e8 ancora libert\u00e0. Ma senza legalit\u00e0 libert\u00e0 non pu\u00f2 esserci. Perch\u00e9 solo la legalit\u00e0 assicura, nel mondo meno imperfetto possibile, quella certezza del diritto senza la quale, praticamente, non pu\u00f2 sussistere libert\u00e0 politica\u201d.<\/p>\n","protected":false},"excerpt":{"rendered":"<p>C\u2019\u00e8 chi, in tempo di crisi, fa molti dei suoi affari migliori. La criminalit\u00e0 organizzata, per esempio. Lucrando in alcuni casi sui fondi pubblici per fare fronte ai guasti del Covid e investendo nelle aziende entrate in difficolt\u00e0 finanziarie in questi mesi di pandemia e allargando, cos\u00ec, la presa sul tessuto economico: riciclaggio di denaro [&hellip;]<\/p>\n","protected":false},"author":9,"featured_media":80849,"comment_status":"open","ping_status":"open","sticky":false,"template":"","format":"standard","meta":{"footnotes":""},"categories":[53,52],"tags":[],"class_list":["post-80844","post","type-post","status-publish","format-standard","has-post-thumbnail","hentry","category-blog","category-cultura-dimpresa"],"acf":[],"yoast_head":"<!-- This site is optimized with the Yoast SEO plugin v25.0 - https:\/\/yoast.com\/wordpress\/plugins\/seo\/ -->\n<title>Le trame mafiose che minacciano le imprese e le scelte per la legalit\u00e0 e lo sviluppo economico - Fondazione Pirelli<\/title>\n<meta name=\"robots\" content=\"index, follow, max-snippet:-1, max-image-preview:large, max-video-preview:-1\" \/>\n<link rel=\"canonical\" href=\"https:\/\/www.fondazionepirelli.org\/it\/cultura-dimpresa\/le-trame-mafiose-che-minacciano-le-imprese-e-le-scelte-per-la-legalita-e-lo-sviluppo-economico\/\" \/>\n<meta property=\"og:locale\" content=\"it_IT\" \/>\n<meta property=\"og:type\" content=\"article\" \/>\n<meta property=\"og:title\" content=\"Le trame mafiose che minacciano le imprese e le scelte per la legalit\u00e0 e lo sviluppo economico - Fondazione Pirelli\" \/>\n<meta property=\"og:description\" content=\"C\u2019\u00e8 chi, in tempo di crisi, fa molti dei suoi affari migliori. La criminalit\u00e0 organizzata, per esempio. Lucrando in alcuni casi sui fondi pubblici per fare fronte ai guasti del Covid e investendo nelle aziende entrate in difficolt\u00e0 finanziarie in questi mesi di pandemia e allargando, cos\u00ec, la presa sul tessuto economico: riciclaggio di denaro [&hellip;]\" \/>\n<meta property=\"og:url\" content=\"https:\/\/www.fondazionepirelli.org\/it\/cultura-dimpresa\/le-trame-mafiose-che-minacciano-le-imprese-e-le-scelte-per-la-legalita-e-lo-sviluppo-economico\/\" \/>\n<meta property=\"og:site_name\" content=\"Fondazione Pirelli\" \/>\n<meta property=\"article:published_time\" content=\"2020-09-15T07:33:43+00:00\" \/>\n<meta property=\"article:modified_time\" content=\"2020-09-15T10:07:04+00:00\" \/>\n<meta property=\"og:image\" content=\"https:\/\/wpsite-assets.fondazionepirelli.org\/wp-content\/uploads\/2020\/09\/15083331\/aa2-6.jpg\" \/>\n\t<meta property=\"og:image:width\" content=\"720\" \/>\n\t<meta property=\"og:image:height\" content=\"405\" \/>\n\t<meta property=\"og:image:type\" content=\"image\/jpeg\" \/>\n<meta name=\"author\" content=\"fondazionepirelli\" \/>\n<meta name=\"twitter:card\" content=\"summary_large_image\" \/>\n<meta name=\"twitter:label1\" content=\"Scritto da\" \/>\n\t<meta name=\"twitter:data1\" content=\"fondazionepirelli\" \/>\n\t<meta name=\"twitter:label2\" content=\"Tempo di lettura stimato\" \/>\n\t<meta name=\"twitter:data2\" content=\"6 minuti\" \/>\n<script type=\"application\/ld+json\" class=\"yoast-schema-graph\">{\"@context\":\"https:\/\/schema.org\",\"@graph\":[{\"@type\":\"WebPage\",\"@id\":\"https:\/\/www.fondazionepirelli.org\/it\/cultura-dimpresa\/le-trame-mafiose-che-minacciano-le-imprese-e-le-scelte-per-la-legalita-e-lo-sviluppo-economico\/\",\"url\":\"https:\/\/www.fondazionepirelli.org\/it\/cultura-dimpresa\/le-trame-mafiose-che-minacciano-le-imprese-e-le-scelte-per-la-legalita-e-lo-sviluppo-economico\/\",\"name\":\"Le trame mafiose che minacciano le imprese e le scelte per la legalit\u00e0 e lo sviluppo economico - Fondazione Pirelli\",\"isPartOf\":{\"@id\":\"https:\/\/www.fondazionepirelli.org\/it\/#website\"},\"primaryImageOfPage\":{\"@id\":\"https:\/\/www.fondazionepirelli.org\/it\/cultura-dimpresa\/le-trame-mafiose-che-minacciano-le-imprese-e-le-scelte-per-la-legalita-e-lo-sviluppo-economico\/#primaryimage\"},\"image\":{\"@id\":\"https:\/\/www.fondazionepirelli.org\/it\/cultura-dimpresa\/le-trame-mafiose-che-minacciano-le-imprese-e-le-scelte-per-la-legalita-e-lo-sviluppo-economico\/#primaryimage\"},\"thumbnailUrl\":\"https:\/\/wpsite-assets.fondazionepirelli.org\/wp-content\/uploads\/2020\/09\/15083331\/aa2-6.jpg\",\"datePublished\":\"2020-09-15T07:33:43+00:00\",\"dateModified\":\"2020-09-15T10:07:04+00:00\",\"author\":{\"@id\":\"https:\/\/www.fondazionepirelli.org\/it\/#\/schema\/person\/c31fcf5937a0e6afa45497f3f8b6d7a0\"},\"breadcrumb\":{\"@id\":\"https:\/\/www.fondazionepirelli.org\/it\/cultura-dimpresa\/le-trame-mafiose-che-minacciano-le-imprese-e-le-scelte-per-la-legalita-e-lo-sviluppo-economico\/#breadcrumb\"},\"inLanguage\":\"it-IT\",\"potentialAction\":[{\"@type\":\"ReadAction\",\"target\":[\"https:\/\/www.fondazionepirelli.org\/it\/cultura-dimpresa\/le-trame-mafiose-che-minacciano-le-imprese-e-le-scelte-per-la-legalita-e-lo-sviluppo-economico\/\"]}]},{\"@type\":\"ImageObject\",\"inLanguage\":\"it-IT\",\"@id\":\"https:\/\/www.fondazionepirelli.org\/it\/cultura-dimpresa\/le-trame-mafiose-che-minacciano-le-imprese-e-le-scelte-per-la-legalita-e-lo-sviluppo-economico\/#primaryimage\",\"url\":\"https:\/\/wpsite-assets.fondazionepirelli.org\/wp-content\/uploads\/2020\/09\/15083331\/aa2-6.jpg\",\"contentUrl\":\"https:\/\/wpsite-assets.fondazionepirelli.org\/wp-content\/uploads\/2020\/09\/15083331\/aa2-6.jpg\",\"width\":720,\"height\":405},{\"@type\":\"BreadcrumbList\",\"@id\":\"https:\/\/www.fondazionepirelli.org\/it\/cultura-dimpresa\/le-trame-mafiose-che-minacciano-le-imprese-e-le-scelte-per-la-legalita-e-lo-sviluppo-economico\/#breadcrumb\",\"itemListElement\":[{\"@type\":\"ListItem\",\"position\":1,\"name\":\"Home\",\"item\":\"https:\/\/www.fondazionepirelli.org\/it\/\"},{\"@type\":\"ListItem\",\"position\":2,\"name\":\"Le trame mafiose che minacciano le imprese e le scelte per la legalit\u00e0 e lo sviluppo economico\"}]},{\"@type\":\"WebSite\",\"@id\":\"https:\/\/www.fondazionepirelli.org\/it\/#website\",\"url\":\"https:\/\/www.fondazionepirelli.org\/it\/\",\"name\":\"Fondazione Pirelli\",\"description\":\"\",\"potentialAction\":[{\"@type\":\"SearchAction\",\"target\":{\"@type\":\"EntryPoint\",\"urlTemplate\":\"https:\/\/www.fondazionepirelli.org\/it\/?s={search_term_string}\"},\"query-input\":{\"@type\":\"PropertyValueSpecification\",\"valueRequired\":true,\"valueName\":\"search_term_string\"}}],\"inLanguage\":\"it-IT\"},{\"@type\":\"Person\",\"@id\":\"https:\/\/www.fondazionepirelli.org\/it\/#\/schema\/person\/c31fcf5937a0e6afa45497f3f8b6d7a0\",\"name\":\"fondazionepirelli\",\"image\":{\"@type\":\"ImageObject\",\"inLanguage\":\"it-IT\",\"@id\":\"https:\/\/www.fondazionepirelli.org\/it\/#\/schema\/person\/image\/\",\"url\":\"https:\/\/secure.gravatar.com\/avatar\/9cb486421ce1d6eddbf6c4fb66841b4325b786695f7aedf1dde2222428218696?s=96&d=mm&r=g\",\"contentUrl\":\"https:\/\/secure.gravatar.com\/avatar\/9cb486421ce1d6eddbf6c4fb66841b4325b786695f7aedf1dde2222428218696?s=96&d=mm&r=g\",\"caption\":\"fondazionepirelli\"},\"url\":\"https:\/\/www.fondazionepirelli.org\/it\/author\/fondazionepirelli\/\"}]}<\/script>\n<!-- \/ Yoast SEO plugin. -->","yoast_head_json":{"title":"Le trame mafiose che minacciano le imprese e le scelte per la legalit\u00e0 e lo sviluppo economico - Fondazione Pirelli","robots":{"index":"index","follow":"follow","max-snippet":"max-snippet:-1","max-image-preview":"max-image-preview:large","max-video-preview":"max-video-preview:-1"},"canonical":"https:\/\/www.fondazionepirelli.org\/it\/cultura-dimpresa\/le-trame-mafiose-che-minacciano-le-imprese-e-le-scelte-per-la-legalita-e-lo-sviluppo-economico\/","og_locale":"it_IT","og_type":"article","og_title":"Le trame mafiose che minacciano le imprese e le scelte per la legalit\u00e0 e lo sviluppo economico - Fondazione Pirelli","og_description":"C\u2019\u00e8 chi, in tempo di crisi, fa molti dei suoi affari migliori. La criminalit\u00e0 organizzata, per esempio. Lucrando in alcuni casi sui fondi pubblici per fare fronte ai guasti del Covid e investendo nelle aziende entrate in difficolt\u00e0 finanziarie in questi mesi di pandemia e allargando, cos\u00ec, la presa sul tessuto economico: riciclaggio di denaro [&hellip;]","og_url":"https:\/\/www.fondazionepirelli.org\/it\/cultura-dimpresa\/le-trame-mafiose-che-minacciano-le-imprese-e-le-scelte-per-la-legalita-e-lo-sviluppo-economico\/","og_site_name":"Fondazione Pirelli","article_published_time":"2020-09-15T07:33:43+00:00","article_modified_time":"2020-09-15T10:07:04+00:00","og_image":[{"width":720,"height":405,"url":"https:\/\/wpsite-assets.fondazionepirelli.org\/wp-content\/uploads\/2020\/09\/15083331\/aa2-6.jpg","type":"image\/jpeg"}],"author":"fondazionepirelli","twitter_card":"summary_large_image","twitter_misc":{"Scritto da":"fondazionepirelli","Tempo di lettura stimato":"6 minuti"},"schema":{"@context":"https:\/\/schema.org","@graph":[{"@type":"WebPage","@id":"https:\/\/www.fondazionepirelli.org\/it\/cultura-dimpresa\/le-trame-mafiose-che-minacciano-le-imprese-e-le-scelte-per-la-legalita-e-lo-sviluppo-economico\/","url":"https:\/\/www.fondazionepirelli.org\/it\/cultura-dimpresa\/le-trame-mafiose-che-minacciano-le-imprese-e-le-scelte-per-la-legalita-e-lo-sviluppo-economico\/","name":"Le trame mafiose che minacciano le imprese e le scelte per la legalit\u00e0 e lo sviluppo economico - Fondazione Pirelli","isPartOf":{"@id":"https:\/\/www.fondazionepirelli.org\/it\/#website"},"primaryImageOfPage":{"@id":"https:\/\/www.fondazionepirelli.org\/it\/cultura-dimpresa\/le-trame-mafiose-che-minacciano-le-imprese-e-le-scelte-per-la-legalita-e-lo-sviluppo-economico\/#primaryimage"},"image":{"@id":"https:\/\/www.fondazionepirelli.org\/it\/cultura-dimpresa\/le-trame-mafiose-che-minacciano-le-imprese-e-le-scelte-per-la-legalita-e-lo-sviluppo-economico\/#primaryimage"},"thumbnailUrl":"https:\/\/wpsite-assets.fondazionepirelli.org\/wp-content\/uploads\/2020\/09\/15083331\/aa2-6.jpg","datePublished":"2020-09-15T07:33:43+00:00","dateModified":"2020-09-15T10:07:04+00:00","author":{"@id":"https:\/\/www.fondazionepirelli.org\/it\/#\/schema\/person\/c31fcf5937a0e6afa45497f3f8b6d7a0"},"breadcrumb":{"@id":"https:\/\/www.fondazionepirelli.org\/it\/cultura-dimpresa\/le-trame-mafiose-che-minacciano-le-imprese-e-le-scelte-per-la-legalita-e-lo-sviluppo-economico\/#breadcrumb"},"inLanguage":"it-IT","potentialAction":[{"@type":"ReadAction","target":["https:\/\/www.fondazionepirelli.org\/it\/cultura-dimpresa\/le-trame-mafiose-che-minacciano-le-imprese-e-le-scelte-per-la-legalita-e-lo-sviluppo-economico\/"]}]},{"@type":"ImageObject","inLanguage":"it-IT","@id":"https:\/\/www.fondazionepirelli.org\/it\/cultura-dimpresa\/le-trame-mafiose-che-minacciano-le-imprese-e-le-scelte-per-la-legalita-e-lo-sviluppo-economico\/#primaryimage","url":"https:\/\/wpsite-assets.fondazionepirelli.org\/wp-content\/uploads\/2020\/09\/15083331\/aa2-6.jpg","contentUrl":"https:\/\/wpsite-assets.fondazionepirelli.org\/wp-content\/uploads\/2020\/09\/15083331\/aa2-6.jpg","width":720,"height":405},{"@type":"BreadcrumbList","@id":"https:\/\/www.fondazionepirelli.org\/it\/cultura-dimpresa\/le-trame-mafiose-che-minacciano-le-imprese-e-le-scelte-per-la-legalita-e-lo-sviluppo-economico\/#breadcrumb","itemListElement":[{"@type":"ListItem","position":1,"name":"Home","item":"https:\/\/www.fondazionepirelli.org\/it\/"},{"@type":"ListItem","position":2,"name":"Le trame mafiose che minacciano le imprese e le scelte per la legalit\u00e0 e lo sviluppo economico"}]},{"@type":"WebSite","@id":"https:\/\/www.fondazionepirelli.org\/it\/#website","url":"https:\/\/www.fondazionepirelli.org\/it\/","name":"Fondazione Pirelli","description":"","potentialAction":[{"@type":"SearchAction","target":{"@type":"EntryPoint","urlTemplate":"https:\/\/www.fondazionepirelli.org\/it\/?s={search_term_string}"},"query-input":{"@type":"PropertyValueSpecification","valueRequired":true,"valueName":"search_term_string"}}],"inLanguage":"it-IT"},{"@type":"Person","@id":"https:\/\/www.fondazionepirelli.org\/it\/#\/schema\/person\/c31fcf5937a0e6afa45497f3f8b6d7a0","name":"fondazionepirelli","image":{"@type":"ImageObject","inLanguage":"it-IT","@id":"https:\/\/www.fondazionepirelli.org\/it\/#\/schema\/person\/image\/","url":"https:\/\/secure.gravatar.com\/avatar\/9cb486421ce1d6eddbf6c4fb66841b4325b786695f7aedf1dde2222428218696?s=96&d=mm&r=g","contentUrl":"https:\/\/secure.gravatar.com\/avatar\/9cb486421ce1d6eddbf6c4fb66841b4325b786695f7aedf1dde2222428218696?s=96&d=mm&r=g","caption":"fondazionepirelli"},"url":"https:\/\/www.fondazionepirelli.org\/it\/author\/fondazionepirelli\/"}]}},"_links":{"self":[{"href":"https:\/\/www.fondazionepirelli.org\/it\/wp-json\/wp\/v2\/posts\/80844\/"}],"collection":[{"href":"https:\/\/www.fondazionepirelli.org\/it\/wp-json\/wp\/v2\/posts\/"}],"about":[{"href":"https:\/\/www.fondazionepirelli.org\/it\/wp-json\/wp\/v2\/types\/post\/"}],"author":[{"embeddable":true,"href":"https:\/\/www.fondazionepirelli.org\/it\/wp-json\/wp\/v2\/users\/9\/"}],"replies":[{"embeddable":true,"href":"https:\/\/www.fondazionepirelli.org\/it\/wp-json\/wp\/v2\/comments\/?post=80844"}],"version-history":[{"count":7,"href":"https:\/\/www.fondazionepirelli.org\/it\/wp-json\/wp\/v2\/posts\/80844\/revisions\/"}],"predecessor-version":[{"id":80855,"href":"https:\/\/www.fondazionepirelli.org\/it\/wp-json\/wp\/v2\/posts\/80844\/revisions\/80855\/"}],"wp:featuredmedia":[{"embeddable":true,"href":"https:\/\/www.fondazionepirelli.org\/it\/wp-json\/wp\/v2\/media\/80849\/"}],"wp:attachment":[{"href":"https:\/\/www.fondazionepirelli.org\/it\/wp-json\/wp\/v2\/media\/?parent=80844"}],"wp:term":[{"taxonomy":"category","embeddable":true,"href":"https:\/\/www.fondazionepirelli.org\/it\/wp-json\/wp\/v2\/categories\/?post=80844"},{"taxonomy":"post_tag","embeddable":true,"href":"https:\/\/www.fondazionepirelli.org\/it\/wp-json\/wp\/v2\/tags\/?post=80844"}],"curies":[{"name":"wp","href":"https:\/\/api.w.org\/{rel}","templated":true}]}}