{"id":81133,"date":"2020-09-22T08:50:24","date_gmt":"2020-09-22T07:50:24","guid":{"rendered":"https:\/\/www.fondazionepirelli.org\/?p=81133"},"modified":"2020-09-22T08:50:24","modified_gmt":"2020-09-22T07:50:24","slug":"conoscere-per-crescere-2","status":"publish","type":"post","link":"https:\/\/www.fondazionepirelli.org\/it\/cultura-dimpresa\/conoscere-per-crescere-2\/","title":{"rendered":"Conoscere per crescere"},"content":{"rendered":"<p><em>Un recente intervento di Ignazio Visco mette a fuoco gli stretti legami tra sviluppo, produttivit\u00e0 e conoscenza<\/em><\/p><p>I legami stretti tra crescita economica, produttivit\u00e0 e conoscenza. Il tema non \u00e8 nuovo, eppure continua ad essere importante per tutti. E\u2019 infatti da qui che passa buona parte del percorso di sviluppo delle economie. Anche per l\u2019Italia.<\/p>\n<p>E\u2019 attorno a questo argomento che ha ragionato \u2013 ancora una volta \u2013 il Governatore di Banca d\u2019Italia, Ignazio Visco, nel corso di un suo intervento, ad inizio settembre, nell\u2019ambito dello EuroScience Open Forum 2020.<\/p>\n<p>\u201cEconomic growth and productivity: Italy and the role of knowledge\u201d \u00e8 una lucida sintesi non solo dello stato dell\u2019arte teorico dei rapporti tra sviluppo e conoscenza, ma \u00e8 anche un punto della situazione riferito al nostro Paese. Tutto, ovviamente, messo in rapporto con gli effetti della pandemia di Covid-19.<\/p>\n<p>Visco espone prima di tutto gli effetti di Covid-19 e li mette subito in relazione con la situazione strutturale dell\u2019Italia. Il Governatore, quindi, sintetizza con efficacia cause e passaggi cruciali della vita economica e sociale del Paese spiegando che quando un paese si avvicina alla frontiera tecnologica, il suo reddito e salario non consentono pi\u00f9 \u201cuna strategia di sviluppo basata solo sulla concorrenza sui costi e sui prezzi\u201d. In altre parole, scatta sempre un momento nel quale \u201cla crescita economica dipende dalla capacit\u00e0 di incorporare e promuovere innovazione, che richiede una spesa adeguata per le nuove tecnologie, e per il quantit\u00e0 e qualit\u00e0 degli investimenti nell&#8217;istruzione, dalla scuola primaria all&#8217;universit\u00e0\u201d. Punto cruciale, quest\u2019ultimo, che il Governatore Visco affronta quindi guardando all\u2019Italia pi\u00f9 da vicino e prendendo in considerazione\u00a0 temi fondamentali come l\u2019innovazione, il capitale umano, le strutture produttive. Tutto per arrivare a mettere a fuoco quelli che lo stesso Visco definisce \u201ci vecchi ritardi dell&#8217;Italia\u201d in relazione ai suoi recenti (pessimi) risultati economici oltre che ai cambiamenti che nel frattempo sono intercorsi nel mondo.<\/p>\n<p>Il nodo cruciale per Visco, \u00e8 quindi riuscire a riprendere un percorso di sviluppo che viene sintetizzato con la crescita del Pil. Un aspetto, questo, strettamente legato al livello di conoscenza diffuso nel Paese. Un traguardo che \u00e8 urgente raggiungere. Spiega infatti il Governatore: \u201cRecuperare il percorso di crescita del PIL che l&#8217;Italia ha interrotto 30 anni fa \u00e8 una questione con risvolti che vanno oltre la mera sfera economica\u201d. Questo indice, infatti, tocca anche aspetti come la salute dei cittadini, la qualit\u00e0 del loro tempo libero, il loro tenore di vita generale. Ci\u00f2 che serve, dice Visco, non \u00e8 per\u00f2 solo una trasformazione tecnologica ma anche (e forse prima) culturale.<\/p><p><a href=\"https:\/\/wpsite-assets.fondazionepirelli.org\/wp-content\/uploads\/2020\/09\/21105435\/Visco-04.09.20201.pdf\"><strong>Economic growth and productivity: Italy and the role of knowledge<\/strong><\/a><\/p>\n<p>Ignazio Visco<\/p>\n<p>EuroScience Open Forum 2020, 4 September 2020<\/p>\n","protected":false},"excerpt":{"rendered":"<p>Un recente intervento di Ignazio Visco mette a fuoco gli stretti legami tra sviluppo, produttivit\u00e0 e conoscenzaI legami stretti tra crescita economica, produttivit\u00e0 e conoscenza. Il tema non \u00e8 nuovo, eppure continua ad essere importante per tutti. E\u2019 infatti da qui che passa buona parte del percorso di sviluppo delle economie. Anche per l\u2019Italia. E\u2019 [&hellip;]<\/p>\n","protected":false},"author":9,"featured_media":0,"comment_status":"open","ping_status":"open","sticky":false,"template":"","format":"standard","meta":{"footnotes":""},"categories":[54,52],"tags":[],"class_list":["post-81133","post","type-post","status-publish","format-standard","hentry","category-approfondimenti","category-cultura-dimpresa"],"acf":[],"yoast_head":"<!-- This site is optimized with the Yoast SEO plugin v25.0 - https:\/\/yoast.com\/wordpress\/plugins\/seo\/ -->\n<title>Conoscere per crescere - Fondazione Pirelli<\/title>\n<meta name=\"robots\" content=\"index, follow, max-snippet:-1, max-image-preview:large, max-video-preview:-1\" \/>\n<link rel=\"canonical\" href=\"https:\/\/www.fondazionepirelli.org\/it\/cultura-dimpresa\/conoscere-per-crescere-2\/\" \/>\n<meta property=\"og:locale\" content=\"it_IT\" \/>\n<meta property=\"og:type\" content=\"article\" \/>\n<meta property=\"og:title\" content=\"Conoscere per crescere - Fondazione Pirelli\" \/>\n<meta property=\"og:description\" content=\"Un recente intervento di Ignazio Visco mette a fuoco gli stretti legami tra sviluppo, produttivit\u00e0 e conoscenzaI legami stretti tra crescita economica, produttivit\u00e0 e conoscenza. Il tema non \u00e8 nuovo, eppure continua ad essere importante per tutti. E\u2019 infatti da qui che passa buona parte del percorso di sviluppo delle economie. Anche per l\u2019Italia. E\u2019 [&hellip;]\" \/>\n<meta property=\"og:url\" content=\"https:\/\/127.0.0.1\/it\/cultura-dimpresa\/conoscere-per-crescere-2\/\" \/>\n<meta property=\"og:site_name\" content=\"Fondazione Pirelli\" \/>\n<meta property=\"article:published_time\" content=\"2020-09-22T07:50:24+00:00\" \/>\n<meta name=\"author\" content=\"fondazionepirelli\" \/>\n<meta name=\"twitter:card\" content=\"summary_large_image\" \/>\n<meta name=\"twitter:label1\" content=\"Scritto da\" \/>\n\t<meta name=\"twitter:data1\" content=\"fondazionepirelli\" \/>\n\t<meta name=\"twitter:label2\" content=\"Tempo di lettura stimato\" \/>\n\t<meta name=\"twitter:data2\" content=\"2 minuti\" \/>\n<script type=\"application\/ld+json\" class=\"yoast-schema-graph\">{\"@context\":\"https:\/\/schema.org\",\"@graph\":[{\"@type\":\"WebPage\",\"@id\":\"https:\/\/127.0.0.1\/it\/cultura-dimpresa\/conoscere-per-crescere-2\/\",\"url\":\"https:\/\/127.0.0.1\/it\/cultura-dimpresa\/conoscere-per-crescere-2\/\",\"name\":\"Conoscere per crescere - Fondazione Pirelli\",\"isPartOf\":{\"@id\":\"https:\/\/www.fondazionepirelli.org\/it\/#website\"},\"datePublished\":\"2020-09-22T07:50:24+00:00\",\"author\":{\"@id\":\"https:\/\/www.fondazionepirelli.org\/it\/#\/schema\/person\/c31fcf5937a0e6afa45497f3f8b6d7a0\"},\"breadcrumb\":{\"@id\":\"https:\/\/127.0.0.1\/it\/cultura-dimpresa\/conoscere-per-crescere-2\/#breadcrumb\"},\"inLanguage\":\"it-IT\",\"potentialAction\":[{\"@type\":\"ReadAction\",\"target\":[\"https:\/\/127.0.0.1\/it\/cultura-dimpresa\/conoscere-per-crescere-2\/\"]}]},{\"@type\":\"BreadcrumbList\",\"@id\":\"https:\/\/127.0.0.1\/it\/cultura-dimpresa\/conoscere-per-crescere-2\/#breadcrumb\",\"itemListElement\":[{\"@type\":\"ListItem\",\"position\":1,\"name\":\"Home\",\"item\":\"https:\/\/www.fondazionepirelli.org\/it\/\"},{\"@type\":\"ListItem\",\"position\":2,\"name\":\"Conoscere per crescere\"}]},{\"@type\":\"WebSite\",\"@id\":\"https:\/\/www.fondazionepirelli.org\/it\/#website\",\"url\":\"https:\/\/www.fondazionepirelli.org\/it\/\",\"name\":\"Fondazione Pirelli\",\"description\":\"\",\"potentialAction\":[{\"@type\":\"SearchAction\",\"target\":{\"@type\":\"EntryPoint\",\"urlTemplate\":\"https:\/\/www.fondazionepirelli.org\/it\/?s={search_term_string}\"},\"query-input\":{\"@type\":\"PropertyValueSpecification\",\"valueRequired\":true,\"valueName\":\"search_term_string\"}}],\"inLanguage\":\"it-IT\"},{\"@type\":\"Person\",\"@id\":\"https:\/\/www.fondazionepirelli.org\/it\/#\/schema\/person\/c31fcf5937a0e6afa45497f3f8b6d7a0\",\"name\":\"fondazionepirelli\",\"image\":{\"@type\":\"ImageObject\",\"inLanguage\":\"it-IT\",\"@id\":\"https:\/\/www.fondazionepirelli.org\/it\/#\/schema\/person\/image\/\",\"url\":\"https:\/\/secure.gravatar.com\/avatar\/9cb486421ce1d6eddbf6c4fb66841b4325b786695f7aedf1dde2222428218696?s=96&d=mm&r=g\",\"contentUrl\":\"https:\/\/secure.gravatar.com\/avatar\/9cb486421ce1d6eddbf6c4fb66841b4325b786695f7aedf1dde2222428218696?s=96&d=mm&r=g\",\"caption\":\"fondazionepirelli\"},\"url\":\"https:\/\/www.fondazionepirelli.org\/it\/author\/fondazionepirelli\/\"}]}<\/script>\n<!-- \/ Yoast SEO plugin. -->","yoast_head_json":{"title":"Conoscere per crescere - Fondazione Pirelli","robots":{"index":"index","follow":"follow","max-snippet":"max-snippet:-1","max-image-preview":"max-image-preview:large","max-video-preview":"max-video-preview:-1"},"canonical":"https:\/\/www.fondazionepirelli.org\/it\/cultura-dimpresa\/conoscere-per-crescere-2\/","og_locale":"it_IT","og_type":"article","og_title":"Conoscere per crescere - Fondazione Pirelli","og_description":"Un recente intervento di Ignazio Visco mette a fuoco gli stretti legami tra sviluppo, produttivit\u00e0 e conoscenzaI legami stretti tra crescita economica, produttivit\u00e0 e conoscenza. Il tema non \u00e8 nuovo, eppure continua ad essere importante per tutti. E\u2019 infatti da qui che passa buona parte del percorso di sviluppo delle economie. Anche per l\u2019Italia. E\u2019 [&hellip;]","og_url":"https:\/\/127.0.0.1\/it\/cultura-dimpresa\/conoscere-per-crescere-2\/","og_site_name":"Fondazione Pirelli","article_published_time":"2020-09-22T07:50:24+00:00","author":"fondazionepirelli","twitter_card":"summary_large_image","twitter_misc":{"Scritto da":"fondazionepirelli","Tempo di lettura stimato":"2 minuti"},"schema":{"@context":"https:\/\/schema.org","@graph":[{"@type":"WebPage","@id":"https:\/\/127.0.0.1\/it\/cultura-dimpresa\/conoscere-per-crescere-2\/","url":"https:\/\/127.0.0.1\/it\/cultura-dimpresa\/conoscere-per-crescere-2\/","name":"Conoscere per crescere - Fondazione Pirelli","isPartOf":{"@id":"https:\/\/www.fondazionepirelli.org\/it\/#website"},"datePublished":"2020-09-22T07:50:24+00:00","author":{"@id":"https:\/\/www.fondazionepirelli.org\/it\/#\/schema\/person\/c31fcf5937a0e6afa45497f3f8b6d7a0"},"breadcrumb":{"@id":"https:\/\/127.0.0.1\/it\/cultura-dimpresa\/conoscere-per-crescere-2\/#breadcrumb"},"inLanguage":"it-IT","potentialAction":[{"@type":"ReadAction","target":["https:\/\/127.0.0.1\/it\/cultura-dimpresa\/conoscere-per-crescere-2\/"]}]},{"@type":"BreadcrumbList","@id":"https:\/\/127.0.0.1\/it\/cultura-dimpresa\/conoscere-per-crescere-2\/#breadcrumb","itemListElement":[{"@type":"ListItem","position":1,"name":"Home","item":"https:\/\/www.fondazionepirelli.org\/it\/"},{"@type":"ListItem","position":2,"name":"Conoscere per crescere"}]},{"@type":"WebSite","@id":"https:\/\/www.fondazionepirelli.org\/it\/#website","url":"https:\/\/www.fondazionepirelli.org\/it\/","name":"Fondazione Pirelli","description":"","potentialAction":[{"@type":"SearchAction","target":{"@type":"EntryPoint","urlTemplate":"https:\/\/www.fondazionepirelli.org\/it\/?s={search_term_string}"},"query-input":{"@type":"PropertyValueSpecification","valueRequired":true,"valueName":"search_term_string"}}],"inLanguage":"it-IT"},{"@type":"Person","@id":"https:\/\/www.fondazionepirelli.org\/it\/#\/schema\/person\/c31fcf5937a0e6afa45497f3f8b6d7a0","name":"fondazionepirelli","image":{"@type":"ImageObject","inLanguage":"it-IT","@id":"https:\/\/www.fondazionepirelli.org\/it\/#\/schema\/person\/image\/","url":"https:\/\/secure.gravatar.com\/avatar\/9cb486421ce1d6eddbf6c4fb66841b4325b786695f7aedf1dde2222428218696?s=96&d=mm&r=g","contentUrl":"https:\/\/secure.gravatar.com\/avatar\/9cb486421ce1d6eddbf6c4fb66841b4325b786695f7aedf1dde2222428218696?s=96&d=mm&r=g","caption":"fondazionepirelli"},"url":"https:\/\/www.fondazionepirelli.org\/it\/author\/fondazionepirelli\/"}]}},"_links":{"self":[{"href":"https:\/\/www.fondazionepirelli.org\/it\/wp-json\/wp\/v2\/posts\/81133\/"}],"collection":[{"href":"https:\/\/www.fondazionepirelli.org\/it\/wp-json\/wp\/v2\/posts\/"}],"about":[{"href":"https:\/\/www.fondazionepirelli.org\/it\/wp-json\/wp\/v2\/types\/post\/"}],"author":[{"embeddable":true,"href":"https:\/\/www.fondazionepirelli.org\/it\/wp-json\/wp\/v2\/users\/9\/"}],"replies":[{"embeddable":true,"href":"https:\/\/www.fondazionepirelli.org\/it\/wp-json\/wp\/v2\/comments\/?post=81133"}],"version-history":[{"count":2,"href":"https:\/\/www.fondazionepirelli.org\/it\/wp-json\/wp\/v2\/posts\/81133\/revisions\/"}],"predecessor-version":[{"id":81139,"href":"https:\/\/www.fondazionepirelli.org\/it\/wp-json\/wp\/v2\/posts\/81133\/revisions\/81139\/"}],"wp:attachment":[{"href":"https:\/\/www.fondazionepirelli.org\/it\/wp-json\/wp\/v2\/media\/?parent=81133"}],"wp:term":[{"taxonomy":"category","embeddable":true,"href":"https:\/\/www.fondazionepirelli.org\/it\/wp-json\/wp\/v2\/categories\/?post=81133"},{"taxonomy":"post_tag","embeddable":true,"href":"https:\/\/www.fondazionepirelli.org\/it\/wp-json\/wp\/v2\/tags\/?post=81133"}],"curies":[{"name":"wp","href":"https:\/\/api.w.org\/{rel}","templated":true}]}}