{"id":81235,"date":"2020-09-29T07:44:30","date_gmt":"2020-09-29T06:44:30","guid":{"rendered":"https:\/\/www.fondazionepirelli.org\/?p=81235"},"modified":"2020-09-29T07:44:30","modified_gmt":"2020-09-29T06:44:30","slug":"la-crisi-della-democrazia-le-scorciatoie-sbagliate-e-la-lezione-politica-e-civile-di-gaetano-salvemini","status":"publish","type":"post","link":"https:\/\/www.fondazionepirelli.org\/it\/cultura-dimpresa\/la-crisi-della-democrazia-le-scorciatoie-sbagliate-e-la-lezione-politica-e-civile-di-gaetano-salvemini\/","title":{"rendered":"La crisi della democrazia, le scorciatoie sbagliate e la lezione politica e civile di Gaetano Salvemini"},"content":{"rendered":"<p>Rileggere i classici, in tempi di fragilit\u00e0 e incertezze. Cercando, nelle loro pagine, parole utili a fare da guida nelle confuse vicende della nostra controversa attualit\u00e0. Rileggere <strong>Gaetano Salvemini<\/strong>, per esempio. Ecco alcune righe illuminanti: \u201cIl diritto di voto non rende il cittadino n\u00e9 pi\u00f9 intelligente n\u00e9 pi\u00f9 saggio. N\u00e9 il suffragio universale \u00e8 il toccasana di tutti i mali\u2026 Una elezione \u00e8 una rivoluzione omeopatica, o una rivoluzione risparmiata. E il suffragio universale \u00e8 semplicemente uno specchio, nel quale si riflette la realt\u00e0 del momento in cui viene usato. Se gli elettori non conoscono i loro diritti o non sanno che farsene, il suffragio universale produrr\u00e0 la fine dello stesso suffragio universale. Quando la realt\u00e0 \u00e8 barbara, lo specchio rifletter\u00e0 una immagine barbara\u201d.<\/p>\n<p>E\u2019 il 1952 quando Salvemini, intellettuale e politico liberale, da poco tornato in Italia dopo un lungo esilio da antifascista negli Usa, affida queste riflessioni alla rivista \u201cIl Ponte\u201d diretta da <strong>Piero Calamandrei<\/strong>, in un saggio, \u201cFu l\u2019Italia prefascista una democrazia?\u201d, che prende le mosse da Giolitti e il Risorgimento per affrontare il nodo del rapporto tra la crisi delle istituzioni liberali nei primi anni del Novecento, l\u2019avvento del fascismo e la grande popolarit\u00e0 di Mussolini come \u201cuomo della Provvidenza\u201d e, finalmente, mettere in evidenza le questioni che il nuovo corso della democrazia, nel segno della Costituzione, pone a una classe politica incerta tra radicale rinnovamento e tiepida conservazione.<\/p>\n<p>Quel saggio, lucido e lungimirante, \u00e8 adesso di nuovo nelle librerie per iniziativa di <strong>Bollati Boringhieri<\/strong> (dopo la meritoria pubblicazione dei saggi \u201cSulla democrazia\u201d, gli scritti e le lezioni americane dal 1934 al 1940). Il titolo \u00e8 \u201cLa rivoluzione del ricco\u201d, con la cura di Francesco Torchiani, che scrive anche una brillante postfazione. Si ragiona sulla fragilit\u00e0 delle istituzioni rappresentative, in carenza di un forte senso civile democratico. E si insiste sulle responsabilit\u00e0 della <strong>buona politica<\/strong> per cercare di dare risposte alle domande popolari di riforme, di miglioramenti della qualit\u00e0 della vita e del lavoro, di ricucitura delle fratture degli squilibri economici e sociali che determinano fratture e rancori. Una lezione attualissima, appunto.<\/p>\n<p>Ci sono, nel saggio, le ripetizioni delle critiche di Salvemini (e dell\u2019amico <strong>Piero Gobetti<\/strong>) a Giolitti e al suo troppo moderato riformismo (sino all\u2019incomprensione del carattere positivo delle proteste sociali nel Mezzogiorno), l\u2019eco delle polemiche con Benedetto Croce e Palmiro Togliatti affascinati, invece, dalle relazioni tra Giolitti e il riformismo socialista, la riaffermazione dell\u2019idea di una democrazia che superi le tentazioni oligarchiche (la \u201crivoluzione del ricco\u201d, appunto) e sappia dare voce e spazio ad autentiche, ampie esigenze di partecipazione. E c\u2019\u00e8, soprattutto, \u201cun invito esplicito \u2013 nota Torchiani \u2013 a non dimenticare il ruolo delle minoranze organizzate che, in momenti difficili hanno saputo dar prova di coraggio e lungimiranza. A questi punti di riferimento occorre guardare quando l\u2019orizzonte si fa inquietante\u201d.<\/p>\n<p>Ecco un punto chiave: il ruolo delle minoranze, forza essenziale di una democrazia non tanto efficiente quanto soprattutto efficace, nella capacit\u00e0 di rappresentanza, nella forza di rappresentazione della reale sostanza dei problemi e nell\u2019attitudine a dare, a quei problemi, risposte di buon governo.<\/p>\n<p>Salvemini era stato, proprio in quegli anni Cinquanta, una delle firme di punta de \u201cIl Mondo\u201d, il settimanale diretto da <strong>Mario Pannunzio<\/strong>, sulla sponda del pensiero critico liberale tutt\u2019altro che incline al conservatorismo del partito guidato da Giovanni Malagodi e aperto invece al dialogo con le componenti pi\u00f9 riformatici del mondo cattolico e del partito socialista (un periodico, per forza di carattere, \u201cantifascista in nome dell\u2019intelligenza, anticomunista in nome della libert\u00e0, anticlericale in nome della ragione\u201d).<\/p>\n<p>Settimanale nettamente minoritario, \u201cIl Mondo\u201d (vendeva poche decine di migliaia di copie, quando gli altri autorevoli settimanali come \u201cL\u2019Europeo\u201d, \u201cEpoca\u201d e poi \u201cL\u2019Espresso\u201d affollavano le edicole con successo di pubblico). Eppure autorevolissimo, per qualit\u00e0 delle analisi e dei commenti, accuratezza delle inchieste, solida cultura delle recensioni e degli interventi letterari e, caratteristica tutt\u2019altro che secondaria, per una visione aperta delle trasformazioni della societ\u00e0 italiana tra boom economico e radicali e spesso travolgenti cambiamenti sociali.<\/p>\n<p>La politica e le istituzioni arrancavano, senza riuscire a dare risposte esaurienti alle innovazioni in atto. Lo sarebbero state anche altre volte, nel corso della storia recente. Il riformismo non \u00e8 mai stato agevolmente di casa, sullo scenario politico italiano.<\/p>\n<p>La lezione istituzionale e politica di Salvemini sta proprio qui: nella necessit\u00e0 di non ridurre la democrazia rappresentativa al pur indispensabile sistema di voto del suffragio universale ma, semmai, di viverla nella sua complessit\u00e0: istituzioni, sistema di pesi e contrappesi, autonomie e relative responsabilit\u00e0 (a cominciare dalla magistratura), libert\u00e0 di stampa, formazione dell\u2019opinione pubblica, scuola, funzione fondamentale delle forze sociali, legami tra diritti e doveri nelle dinamiche delle relazioni industriali e del welfare State. Democrazia come governo delle complessit\u00e0, partecipazione, consapevolezza.<\/p>\n<p>Sono, appunto, le questioni con cui ancora oggi facciamo i conti, pur in contesti profondamente mutati. Questioni cui dare risposte. Senza le scorciatoie inefficaci e autoritarie di <strong>populismo e sovranismo<\/strong>, senza le polemiche sul Parlamento \u201cda aprire come una scatoletta di tonno\u201d o del sorteggio dei parlamentari con cui sostituire il voto consapevole, senza \u201cl\u2019immagine barbara\u201d che, alla Salvemini, si riflette nello specchio del voto. Semmai, con un solido supplemento di <strong>conoscenza, competenza, partecipazione<\/strong>, con un forte senso del valore degli interessi generali di una comunit\u00e0.<\/p>\n<p>Serve davvero, rileggere \u201ci classici\u201d.<\/p>\n","protected":false},"excerpt":{"rendered":"<p>Rileggere i classici, in tempi di fragilit\u00e0 e incertezze. Cercando, nelle loro pagine, parole utili a fare da guida nelle confuse vicende della nostra controversa attualit\u00e0. Rileggere Gaetano Salvemini, per esempio. Ecco alcune righe illuminanti: \u201cIl diritto di voto non rende il cittadino n\u00e9 pi\u00f9 intelligente n\u00e9 pi\u00f9 saggio. N\u00e9 il suffragio universale \u00e8 il [&hellip;]<\/p>\n","protected":false},"author":9,"featured_media":81255,"comment_status":"open","ping_status":"open","sticky":false,"template":"","format":"standard","meta":{"footnotes":""},"categories":[53,52],"tags":[],"class_list":["post-81235","post","type-post","status-publish","format-standard","has-post-thumbnail","hentry","category-blog","category-cultura-dimpresa"],"acf":[],"yoast_head":"<!-- This site is optimized with the Yoast SEO plugin v25.0 - https:\/\/yoast.com\/wordpress\/plugins\/seo\/ -->\n<title>La crisi della democrazia, le scorciatoie sbagliate e la lezione politica e civile di Gaetano Salvemini - Fondazione Pirelli<\/title>\n<meta name=\"robots\" content=\"index, follow, max-snippet:-1, max-image-preview:large, max-video-preview:-1\" \/>\n<link rel=\"canonical\" href=\"https:\/\/www.fondazionepirelli.org\/it\/cultura-dimpresa\/la-crisi-della-democrazia-le-scorciatoie-sbagliate-e-la-lezione-politica-e-civile-di-gaetano-salvemini\/\" \/>\n<meta property=\"og:locale\" content=\"it_IT\" \/>\n<meta property=\"og:type\" content=\"article\" \/>\n<meta property=\"og:title\" content=\"La crisi della democrazia, le scorciatoie sbagliate e la lezione politica e civile di Gaetano Salvemini - Fondazione Pirelli\" \/>\n<meta property=\"og:description\" content=\"Rileggere i classici, in tempi di fragilit\u00e0 e incertezze. Cercando, nelle loro pagine, parole utili a fare da guida nelle confuse vicende della nostra controversa attualit\u00e0. Rileggere Gaetano Salvemini, per esempio. Ecco alcune righe illuminanti: \u201cIl diritto di voto non rende il cittadino n\u00e9 pi\u00f9 intelligente n\u00e9 pi\u00f9 saggio. N\u00e9 il suffragio universale \u00e8 il [&hellip;]\" \/>\n<meta property=\"og:url\" content=\"https:\/\/www.fondazionepirelli.org\/it\/cultura-dimpresa\/la-crisi-della-democrazia-le-scorciatoie-sbagliate-e-la-lezione-politica-e-civile-di-gaetano-salvemini\/\" \/>\n<meta property=\"og:site_name\" content=\"Fondazione Pirelli\" \/>\n<meta property=\"article:published_time\" content=\"2020-09-29T06:44:30+00:00\" \/>\n<meta property=\"og:image\" content=\"https:\/\/wpsite-assets.fondazionepirelli.org\/wp-content\/uploads\/2020\/09\/29074421\/salvemini.png\" \/>\n\t<meta property=\"og:image:width\" content=\"636\" \/>\n\t<meta property=\"og:image:height\" content=\"349\" \/>\n\t<meta property=\"og:image:type\" content=\"image\/png\" \/>\n<meta name=\"author\" content=\"fondazionepirelli\" \/>\n<meta name=\"twitter:card\" content=\"summary_large_image\" \/>\n<meta name=\"twitter:label1\" content=\"Scritto da\" \/>\n\t<meta name=\"twitter:data1\" content=\"fondazionepirelli\" \/>\n\t<meta name=\"twitter:label2\" content=\"Tempo di lettura stimato\" \/>\n\t<meta name=\"twitter:data2\" content=\"4 minuti\" \/>\n<script type=\"application\/ld+json\" class=\"yoast-schema-graph\">{\"@context\":\"https:\/\/schema.org\",\"@graph\":[{\"@type\":\"WebPage\",\"@id\":\"https:\/\/www.fondazionepirelli.org\/it\/cultura-dimpresa\/la-crisi-della-democrazia-le-scorciatoie-sbagliate-e-la-lezione-politica-e-civile-di-gaetano-salvemini\/\",\"url\":\"https:\/\/www.fondazionepirelli.org\/it\/cultura-dimpresa\/la-crisi-della-democrazia-le-scorciatoie-sbagliate-e-la-lezione-politica-e-civile-di-gaetano-salvemini\/\",\"name\":\"La crisi della democrazia, le scorciatoie sbagliate e la lezione politica e civile di Gaetano Salvemini - Fondazione Pirelli\",\"isPartOf\":{\"@id\":\"https:\/\/www.fondazionepirelli.org\/it\/#website\"},\"primaryImageOfPage\":{\"@id\":\"https:\/\/www.fondazionepirelli.org\/it\/cultura-dimpresa\/la-crisi-della-democrazia-le-scorciatoie-sbagliate-e-la-lezione-politica-e-civile-di-gaetano-salvemini\/#primaryimage\"},\"image\":{\"@id\":\"https:\/\/www.fondazionepirelli.org\/it\/cultura-dimpresa\/la-crisi-della-democrazia-le-scorciatoie-sbagliate-e-la-lezione-politica-e-civile-di-gaetano-salvemini\/#primaryimage\"},\"thumbnailUrl\":\"https:\/\/wpsite-assets.fondazionepirelli.org\/wp-content\/uploads\/2020\/09\/29074421\/salvemini.png\",\"datePublished\":\"2020-09-29T06:44:30+00:00\",\"author\":{\"@id\":\"https:\/\/www.fondazionepirelli.org\/it\/#\/schema\/person\/c31fcf5937a0e6afa45497f3f8b6d7a0\"},\"breadcrumb\":{\"@id\":\"https:\/\/www.fondazionepirelli.org\/it\/cultura-dimpresa\/la-crisi-della-democrazia-le-scorciatoie-sbagliate-e-la-lezione-politica-e-civile-di-gaetano-salvemini\/#breadcrumb\"},\"inLanguage\":\"it-IT\",\"potentialAction\":[{\"@type\":\"ReadAction\",\"target\":[\"https:\/\/www.fondazionepirelli.org\/it\/cultura-dimpresa\/la-crisi-della-democrazia-le-scorciatoie-sbagliate-e-la-lezione-politica-e-civile-di-gaetano-salvemini\/\"]}]},{\"@type\":\"ImageObject\",\"inLanguage\":\"it-IT\",\"@id\":\"https:\/\/www.fondazionepirelli.org\/it\/cultura-dimpresa\/la-crisi-della-democrazia-le-scorciatoie-sbagliate-e-la-lezione-politica-e-civile-di-gaetano-salvemini\/#primaryimage\",\"url\":\"https:\/\/wpsite-assets.fondazionepirelli.org\/wp-content\/uploads\/2020\/09\/29074421\/salvemini.png\",\"contentUrl\":\"https:\/\/wpsite-assets.fondazionepirelli.org\/wp-content\/uploads\/2020\/09\/29074421\/salvemini.png\",\"width\":636,\"height\":349},{\"@type\":\"BreadcrumbList\",\"@id\":\"https:\/\/www.fondazionepirelli.org\/it\/cultura-dimpresa\/la-crisi-della-democrazia-le-scorciatoie-sbagliate-e-la-lezione-politica-e-civile-di-gaetano-salvemini\/#breadcrumb\",\"itemListElement\":[{\"@type\":\"ListItem\",\"position\":1,\"name\":\"Home\",\"item\":\"https:\/\/www.fondazionepirelli.org\/it\/\"},{\"@type\":\"ListItem\",\"position\":2,\"name\":\"La crisi della democrazia, le scorciatoie sbagliate e la lezione politica e civile di Gaetano Salvemini\"}]},{\"@type\":\"WebSite\",\"@id\":\"https:\/\/www.fondazionepirelli.org\/it\/#website\",\"url\":\"https:\/\/www.fondazionepirelli.org\/it\/\",\"name\":\"Fondazione Pirelli\",\"description\":\"\",\"potentialAction\":[{\"@type\":\"SearchAction\",\"target\":{\"@type\":\"EntryPoint\",\"urlTemplate\":\"https:\/\/www.fondazionepirelli.org\/it\/?s={search_term_string}\"},\"query-input\":{\"@type\":\"PropertyValueSpecification\",\"valueRequired\":true,\"valueName\":\"search_term_string\"}}],\"inLanguage\":\"it-IT\"},{\"@type\":\"Person\",\"@id\":\"https:\/\/www.fondazionepirelli.org\/it\/#\/schema\/person\/c31fcf5937a0e6afa45497f3f8b6d7a0\",\"name\":\"fondazionepirelli\",\"image\":{\"@type\":\"ImageObject\",\"inLanguage\":\"it-IT\",\"@id\":\"https:\/\/www.fondazionepirelli.org\/it\/#\/schema\/person\/image\/\",\"url\":\"https:\/\/secure.gravatar.com\/avatar\/9cb486421ce1d6eddbf6c4fb66841b4325b786695f7aedf1dde2222428218696?s=96&d=mm&r=g\",\"contentUrl\":\"https:\/\/secure.gravatar.com\/avatar\/9cb486421ce1d6eddbf6c4fb66841b4325b786695f7aedf1dde2222428218696?s=96&d=mm&r=g\",\"caption\":\"fondazionepirelli\"},\"url\":\"https:\/\/www.fondazionepirelli.org\/it\/author\/fondazionepirelli\/\"}]}<\/script>\n<!-- \/ Yoast SEO plugin. -->","yoast_head_json":{"title":"La crisi della democrazia, le scorciatoie sbagliate e la lezione politica e civile di Gaetano Salvemini - Fondazione Pirelli","robots":{"index":"index","follow":"follow","max-snippet":"max-snippet:-1","max-image-preview":"max-image-preview:large","max-video-preview":"max-video-preview:-1"},"canonical":"https:\/\/www.fondazionepirelli.org\/it\/cultura-dimpresa\/la-crisi-della-democrazia-le-scorciatoie-sbagliate-e-la-lezione-politica-e-civile-di-gaetano-salvemini\/","og_locale":"it_IT","og_type":"article","og_title":"La crisi della democrazia, le scorciatoie sbagliate e la lezione politica e civile di Gaetano Salvemini - Fondazione Pirelli","og_description":"Rileggere i classici, in tempi di fragilit\u00e0 e incertezze. Cercando, nelle loro pagine, parole utili a fare da guida nelle confuse vicende della nostra controversa attualit\u00e0. Rileggere Gaetano Salvemini, per esempio. Ecco alcune righe illuminanti: \u201cIl diritto di voto non rende il cittadino n\u00e9 pi\u00f9 intelligente n\u00e9 pi\u00f9 saggio. N\u00e9 il suffragio universale \u00e8 il [&hellip;]","og_url":"https:\/\/www.fondazionepirelli.org\/it\/cultura-dimpresa\/la-crisi-della-democrazia-le-scorciatoie-sbagliate-e-la-lezione-politica-e-civile-di-gaetano-salvemini\/","og_site_name":"Fondazione Pirelli","article_published_time":"2020-09-29T06:44:30+00:00","og_image":[{"width":636,"height":349,"url":"https:\/\/wpsite-assets.fondazionepirelli.org\/wp-content\/uploads\/2020\/09\/29074421\/salvemini.png","type":"image\/png"}],"author":"fondazionepirelli","twitter_card":"summary_large_image","twitter_misc":{"Scritto da":"fondazionepirelli","Tempo di lettura stimato":"4 minuti"},"schema":{"@context":"https:\/\/schema.org","@graph":[{"@type":"WebPage","@id":"https:\/\/www.fondazionepirelli.org\/it\/cultura-dimpresa\/la-crisi-della-democrazia-le-scorciatoie-sbagliate-e-la-lezione-politica-e-civile-di-gaetano-salvemini\/","url":"https:\/\/www.fondazionepirelli.org\/it\/cultura-dimpresa\/la-crisi-della-democrazia-le-scorciatoie-sbagliate-e-la-lezione-politica-e-civile-di-gaetano-salvemini\/","name":"La crisi della democrazia, le scorciatoie sbagliate e la lezione politica e civile di Gaetano Salvemini - Fondazione Pirelli","isPartOf":{"@id":"https:\/\/www.fondazionepirelli.org\/it\/#website"},"primaryImageOfPage":{"@id":"https:\/\/www.fondazionepirelli.org\/it\/cultura-dimpresa\/la-crisi-della-democrazia-le-scorciatoie-sbagliate-e-la-lezione-politica-e-civile-di-gaetano-salvemini\/#primaryimage"},"image":{"@id":"https:\/\/www.fondazionepirelli.org\/it\/cultura-dimpresa\/la-crisi-della-democrazia-le-scorciatoie-sbagliate-e-la-lezione-politica-e-civile-di-gaetano-salvemini\/#primaryimage"},"thumbnailUrl":"https:\/\/wpsite-assets.fondazionepirelli.org\/wp-content\/uploads\/2020\/09\/29074421\/salvemini.png","datePublished":"2020-09-29T06:44:30+00:00","author":{"@id":"https:\/\/www.fondazionepirelli.org\/it\/#\/schema\/person\/c31fcf5937a0e6afa45497f3f8b6d7a0"},"breadcrumb":{"@id":"https:\/\/www.fondazionepirelli.org\/it\/cultura-dimpresa\/la-crisi-della-democrazia-le-scorciatoie-sbagliate-e-la-lezione-politica-e-civile-di-gaetano-salvemini\/#breadcrumb"},"inLanguage":"it-IT","potentialAction":[{"@type":"ReadAction","target":["https:\/\/www.fondazionepirelli.org\/it\/cultura-dimpresa\/la-crisi-della-democrazia-le-scorciatoie-sbagliate-e-la-lezione-politica-e-civile-di-gaetano-salvemini\/"]}]},{"@type":"ImageObject","inLanguage":"it-IT","@id":"https:\/\/www.fondazionepirelli.org\/it\/cultura-dimpresa\/la-crisi-della-democrazia-le-scorciatoie-sbagliate-e-la-lezione-politica-e-civile-di-gaetano-salvemini\/#primaryimage","url":"https:\/\/wpsite-assets.fondazionepirelli.org\/wp-content\/uploads\/2020\/09\/29074421\/salvemini.png","contentUrl":"https:\/\/wpsite-assets.fondazionepirelli.org\/wp-content\/uploads\/2020\/09\/29074421\/salvemini.png","width":636,"height":349},{"@type":"BreadcrumbList","@id":"https:\/\/www.fondazionepirelli.org\/it\/cultura-dimpresa\/la-crisi-della-democrazia-le-scorciatoie-sbagliate-e-la-lezione-politica-e-civile-di-gaetano-salvemini\/#breadcrumb","itemListElement":[{"@type":"ListItem","position":1,"name":"Home","item":"https:\/\/www.fondazionepirelli.org\/it\/"},{"@type":"ListItem","position":2,"name":"La crisi della democrazia, le scorciatoie sbagliate e la lezione politica e civile di Gaetano Salvemini"}]},{"@type":"WebSite","@id":"https:\/\/www.fondazionepirelli.org\/it\/#website","url":"https:\/\/www.fondazionepirelli.org\/it\/","name":"Fondazione Pirelli","description":"","potentialAction":[{"@type":"SearchAction","target":{"@type":"EntryPoint","urlTemplate":"https:\/\/www.fondazionepirelli.org\/it\/?s={search_term_string}"},"query-input":{"@type":"PropertyValueSpecification","valueRequired":true,"valueName":"search_term_string"}}],"inLanguage":"it-IT"},{"@type":"Person","@id":"https:\/\/www.fondazionepirelli.org\/it\/#\/schema\/person\/c31fcf5937a0e6afa45497f3f8b6d7a0","name":"fondazionepirelli","image":{"@type":"ImageObject","inLanguage":"it-IT","@id":"https:\/\/www.fondazionepirelli.org\/it\/#\/schema\/person\/image\/","url":"https:\/\/secure.gravatar.com\/avatar\/9cb486421ce1d6eddbf6c4fb66841b4325b786695f7aedf1dde2222428218696?s=96&d=mm&r=g","contentUrl":"https:\/\/secure.gravatar.com\/avatar\/9cb486421ce1d6eddbf6c4fb66841b4325b786695f7aedf1dde2222428218696?s=96&d=mm&r=g","caption":"fondazionepirelli"},"url":"https:\/\/www.fondazionepirelli.org\/it\/author\/fondazionepirelli\/"}]}},"_links":{"self":[{"href":"https:\/\/www.fondazionepirelli.org\/it\/wp-json\/wp\/v2\/posts\/81235\/"}],"collection":[{"href":"https:\/\/www.fondazionepirelli.org\/it\/wp-json\/wp\/v2\/posts\/"}],"about":[{"href":"https:\/\/www.fondazionepirelli.org\/it\/wp-json\/wp\/v2\/types\/post\/"}],"author":[{"embeddable":true,"href":"https:\/\/www.fondazionepirelli.org\/it\/wp-json\/wp\/v2\/users\/9\/"}],"replies":[{"embeddable":true,"href":"https:\/\/www.fondazionepirelli.org\/it\/wp-json\/wp\/v2\/comments\/?post=81235"}],"version-history":[{"count":1,"href":"https:\/\/www.fondazionepirelli.org\/it\/wp-json\/wp\/v2\/posts\/81235\/revisions\/"}],"predecessor-version":[{"id":81236,"href":"https:\/\/www.fondazionepirelli.org\/it\/wp-json\/wp\/v2\/posts\/81235\/revisions\/81236\/"}],"wp:featuredmedia":[{"embeddable":true,"href":"https:\/\/www.fondazionepirelli.org\/it\/wp-json\/wp\/v2\/media\/81255\/"}],"wp:attachment":[{"href":"https:\/\/www.fondazionepirelli.org\/it\/wp-json\/wp\/v2\/media\/?parent=81235"}],"wp:term":[{"taxonomy":"category","embeddable":true,"href":"https:\/\/www.fondazionepirelli.org\/it\/wp-json\/wp\/v2\/categories\/?post=81235"},{"taxonomy":"post_tag","embeddable":true,"href":"https:\/\/www.fondazionepirelli.org\/it\/wp-json\/wp\/v2\/tags\/?post=81235"}],"curies":[{"name":"wp","href":"https:\/\/api.w.org\/{rel}","templated":true}]}}