{"id":81238,"date":"2020-09-29T07:45:02","date_gmt":"2020-09-29T06:45:02","guid":{"rendered":"https:\/\/www.fondazionepirelli.org\/?p=81238"},"modified":"2020-09-29T07:45:02","modified_gmt":"2020-09-29T06:45:02","slug":"che-si-dice-dellimpresa","status":"publish","type":"post","link":"https:\/\/www.fondazionepirelli.org\/it\/cultura-dimpresa\/che-si-dice-dellimpresa\/","title":{"rendered":"Che si dice dell\u2019impresa?"},"content":{"rendered":"<p><em>Una tesi discussa alla LUMSA affronta il tema della reputazione aziendale<\/em><\/p><p>Buona impresa, anche nell\u2019immaginario di chi le sta attorno. Certo, sempre che l\u2019immagine dell\u2019azienda corrisponda al contenuto e alla sostanza del suo agire. Condizione che vale da sempre. E ancora di pi\u00f9 oggi. La reputazione d\u2019impresa \u00e8 importante, va curata e coltivata, ma prima ancora va compresa. \u00c8erch\u00e8 sulla reputazione di un\u2019organizzazione della produzione, si pu\u00f2 costruire lo sviluppo di un\u2019azienda ma anche la sua rovinosa caduta.<\/p>\n<p>Leggere \u201cComunicazione reputazionale: metodologie e strumenti di valutazione della reputazione aziendale\u201d, lavoro di tesi di laurea di Davide Emanuele Nappi, pu\u00f2 essere un buon modo per capire di pi\u00f9 di un aspetto fondamentale della reputazione aziendale: la comunicazione.<\/p>\n<p>Nappi spiega che l\u2019\u201deconomia della reputazione\u201d, fondata sul credito attribuito vicendevolmente agli attori protagonisti delle interazioni di mercato, si propone come modello economico e finanziario altro, pienamente rispondente alle attenzioni riservate alle nuove modalit\u00e0 relazionali. Reputazione e risultati vanno quindi di pari passo. E per reputazione di una azienda si intende sempre di pi\u00f9 qualcosa che \u00e8 in grado di diventare un certificato di garanzia del suo saper e voler fare bene, nel rispetto delle aspettative di tutti i soggetti che si interfacciano, a vari livelli e con tassi di interesse diversificati, con il sistema imprenditoriale, gli <em>stakeholders<\/em>.<\/p>\n<p>La ricerca di Nappi ha l\u2019obiettivo di fare il punto sullo stato dell\u2019arte della letteratura pi\u00f9 interessante sul tema, avvalendosi per\u00f2 di contributi multidisciplinari mutuati da studi di matrice psicologica, sociologica, economica, finanziaria, comunicativa pura, di marketing e organizzazione e gestione aziendale. Perch\u00e9, in effetti, la reputazione d\u2019impresa \u00e8 proprio cos\u00ec: il risultato di un insieme di elementi diversi tra loro eppure fortemente interagenti. Il lavoro inizia quindi con la precisazione della definizione di reputazione aziendale per poi passare alle relazioni tra reputazione aziendale e <em>stakeholders <\/em>e quindi al tema della sua misurazione e valutazione. Nappi, poi, prova la teoria su un caso pratico: quello di Uber.<\/p>\n<p>Scrive l\u2019autore nelle conclusioni: \u201cLa reputazione aziendale ha ben poco di aziendale. \u00c8 riferita all\u2019azienda, ma non gli appartiene: l\u2019impresa non ha il potere di modificarla hic et nunc a piacimento. \u00c8 un <em>asset <\/em>che presuppone condi<em>vision<\/em>e perch\u00e9 \u00e8 (anche) <em>utent<\/em>&#8211;<em>generated<\/em>. Non \u00e8 appannaggio dell\u2019impresa, ma alla sua determinazione concorrono, assieme a tante altre variabili, comportamenti, azioni e decisioni prese in seno all\u2019impresa\u201d.<\/p><p><a href=\"https:\/\/wpsite-assets.fondazionepirelli.org\/wp-content\/uploads\/2020\/09\/28091905\/Tesi-Davide-Emanuele-Nappi-Finale.pdf\"><strong>Comunicazione reputazionale: metodologie e strumenti di valutazione della reputazione aziendale<\/strong><\/a><\/p>\n<p>Davide Emanuele Nappi<\/p>\n<p>Tesi. Corso di laurea magistrale in Comunicazione d\u2019impresa, marketing e nuovi media \u2013Relazioni pubbliche e comunicazione digitale d&#8217;impresa, LUMSA, 2019<\/p>\n","protected":false},"excerpt":{"rendered":"<p>Una tesi discussa alla LUMSA affronta il tema della reputazione aziendaleBuona impresa, anche nell\u2019immaginario di chi le sta attorno. Certo, sempre che l\u2019immagine dell\u2019azienda corrisponda al contenuto e alla sostanza del suo agire. Condizione che vale da sempre. E ancora di pi\u00f9 oggi. La reputazione d\u2019impresa \u00e8 importante, va curata e coltivata, ma prima ancora [&hellip;]<\/p>\n","protected":false},"author":9,"featured_media":0,"comment_status":"open","ping_status":"open","sticky":false,"template":"","format":"standard","meta":{"footnotes":""},"categories":[54,52],"tags":[],"class_list":["post-81238","post","type-post","status-publish","format-standard","hentry","category-approfondimenti","category-cultura-dimpresa"],"acf":[],"yoast_head":"<!-- This site is optimized with the Yoast SEO plugin v25.0 - https:\/\/yoast.com\/wordpress\/plugins\/seo\/ -->\n<title>Che si dice dell\u2019impresa? - Fondazione Pirelli<\/title>\n<meta name=\"robots\" content=\"index, follow, max-snippet:-1, max-image-preview:large, max-video-preview:-1\" \/>\n<link rel=\"canonical\" href=\"https:\/\/www.fondazionepirelli.org\/it\/cultura-dimpresa\/che-si-dice-dellimpresa\/\" \/>\n<meta property=\"og:locale\" content=\"it_IT\" \/>\n<meta property=\"og:type\" content=\"article\" \/>\n<meta property=\"og:title\" content=\"Che si dice dell\u2019impresa? - Fondazione Pirelli\" \/>\n<meta property=\"og:description\" content=\"Una tesi discussa alla LUMSA affronta il tema della reputazione aziendaleBuona impresa, anche nell\u2019immaginario di chi le sta attorno. Certo, sempre che l\u2019immagine dell\u2019azienda corrisponda al contenuto e alla sostanza del suo agire. Condizione che vale da sempre. E ancora di pi\u00f9 oggi. La reputazione d\u2019impresa \u00e8 importante, va curata e coltivata, ma prima ancora [&hellip;]\" \/>\n<meta property=\"og:url\" content=\"https:\/\/127.0.0.1\/it\/cultura-dimpresa\/che-si-dice-dellimpresa\/\" \/>\n<meta property=\"og:site_name\" content=\"Fondazione Pirelli\" \/>\n<meta property=\"article:published_time\" content=\"2020-09-29T06:45:02+00:00\" \/>\n<meta name=\"author\" content=\"fondazionepirelli\" \/>\n<meta name=\"twitter:card\" content=\"summary_large_image\" \/>\n<meta name=\"twitter:label1\" content=\"Scritto da\" \/>\n\t<meta name=\"twitter:data1\" content=\"fondazionepirelli\" \/>\n\t<meta name=\"twitter:label2\" content=\"Tempo di lettura stimato\" \/>\n\t<meta name=\"twitter:data2\" content=\"2 minuti\" \/>\n<script type=\"application\/ld+json\" class=\"yoast-schema-graph\">{\"@context\":\"https:\/\/schema.org\",\"@graph\":[{\"@type\":\"WebPage\",\"@id\":\"https:\/\/127.0.0.1\/it\/cultura-dimpresa\/che-si-dice-dellimpresa\/\",\"url\":\"https:\/\/127.0.0.1\/it\/cultura-dimpresa\/che-si-dice-dellimpresa\/\",\"name\":\"Che si dice dell\u2019impresa? - Fondazione Pirelli\",\"isPartOf\":{\"@id\":\"https:\/\/www.fondazionepirelli.org\/it\/#website\"},\"datePublished\":\"2020-09-29T06:45:02+00:00\",\"author\":{\"@id\":\"https:\/\/www.fondazionepirelli.org\/it\/#\/schema\/person\/c31fcf5937a0e6afa45497f3f8b6d7a0\"},\"breadcrumb\":{\"@id\":\"https:\/\/127.0.0.1\/it\/cultura-dimpresa\/che-si-dice-dellimpresa\/#breadcrumb\"},\"inLanguage\":\"it-IT\",\"potentialAction\":[{\"@type\":\"ReadAction\",\"target\":[\"https:\/\/127.0.0.1\/it\/cultura-dimpresa\/che-si-dice-dellimpresa\/\"]}]},{\"@type\":\"BreadcrumbList\",\"@id\":\"https:\/\/127.0.0.1\/it\/cultura-dimpresa\/che-si-dice-dellimpresa\/#breadcrumb\",\"itemListElement\":[{\"@type\":\"ListItem\",\"position\":1,\"name\":\"Home\",\"item\":\"https:\/\/www.fondazionepirelli.org\/it\/\"},{\"@type\":\"ListItem\",\"position\":2,\"name\":\"Che si dice dell\u2019impresa?\"}]},{\"@type\":\"WebSite\",\"@id\":\"https:\/\/www.fondazionepirelli.org\/it\/#website\",\"url\":\"https:\/\/www.fondazionepirelli.org\/it\/\",\"name\":\"Fondazione Pirelli\",\"description\":\"\",\"potentialAction\":[{\"@type\":\"SearchAction\",\"target\":{\"@type\":\"EntryPoint\",\"urlTemplate\":\"https:\/\/www.fondazionepirelli.org\/it\/?s={search_term_string}\"},\"query-input\":{\"@type\":\"PropertyValueSpecification\",\"valueRequired\":true,\"valueName\":\"search_term_string\"}}],\"inLanguage\":\"it-IT\"},{\"@type\":\"Person\",\"@id\":\"https:\/\/www.fondazionepirelli.org\/it\/#\/schema\/person\/c31fcf5937a0e6afa45497f3f8b6d7a0\",\"name\":\"fondazionepirelli\",\"image\":{\"@type\":\"ImageObject\",\"inLanguage\":\"it-IT\",\"@id\":\"https:\/\/www.fondazionepirelli.org\/it\/#\/schema\/person\/image\/\",\"url\":\"https:\/\/secure.gravatar.com\/avatar\/9cb486421ce1d6eddbf6c4fb66841b4325b786695f7aedf1dde2222428218696?s=96&d=mm&r=g\",\"contentUrl\":\"https:\/\/secure.gravatar.com\/avatar\/9cb486421ce1d6eddbf6c4fb66841b4325b786695f7aedf1dde2222428218696?s=96&d=mm&r=g\",\"caption\":\"fondazionepirelli\"},\"url\":\"https:\/\/www.fondazionepirelli.org\/it\/author\/fondazionepirelli\/\"}]}<\/script>\n<!-- \/ Yoast SEO plugin. -->","yoast_head_json":{"title":"Che si dice dell\u2019impresa? - Fondazione Pirelli","robots":{"index":"index","follow":"follow","max-snippet":"max-snippet:-1","max-image-preview":"max-image-preview:large","max-video-preview":"max-video-preview:-1"},"canonical":"https:\/\/www.fondazionepirelli.org\/it\/cultura-dimpresa\/che-si-dice-dellimpresa\/","og_locale":"it_IT","og_type":"article","og_title":"Che si dice dell\u2019impresa? - Fondazione Pirelli","og_description":"Una tesi discussa alla LUMSA affronta il tema della reputazione aziendaleBuona impresa, anche nell\u2019immaginario di chi le sta attorno. Certo, sempre che l\u2019immagine dell\u2019azienda corrisponda al contenuto e alla sostanza del suo agire. Condizione che vale da sempre. E ancora di pi\u00f9 oggi. La reputazione d\u2019impresa \u00e8 importante, va curata e coltivata, ma prima ancora [&hellip;]","og_url":"https:\/\/127.0.0.1\/it\/cultura-dimpresa\/che-si-dice-dellimpresa\/","og_site_name":"Fondazione Pirelli","article_published_time":"2020-09-29T06:45:02+00:00","author":"fondazionepirelli","twitter_card":"summary_large_image","twitter_misc":{"Scritto da":"fondazionepirelli","Tempo di lettura stimato":"2 minuti"},"schema":{"@context":"https:\/\/schema.org","@graph":[{"@type":"WebPage","@id":"https:\/\/127.0.0.1\/it\/cultura-dimpresa\/che-si-dice-dellimpresa\/","url":"https:\/\/127.0.0.1\/it\/cultura-dimpresa\/che-si-dice-dellimpresa\/","name":"Che si dice dell\u2019impresa? - Fondazione Pirelli","isPartOf":{"@id":"https:\/\/www.fondazionepirelli.org\/it\/#website"},"datePublished":"2020-09-29T06:45:02+00:00","author":{"@id":"https:\/\/www.fondazionepirelli.org\/it\/#\/schema\/person\/c31fcf5937a0e6afa45497f3f8b6d7a0"},"breadcrumb":{"@id":"https:\/\/127.0.0.1\/it\/cultura-dimpresa\/che-si-dice-dellimpresa\/#breadcrumb"},"inLanguage":"it-IT","potentialAction":[{"@type":"ReadAction","target":["https:\/\/127.0.0.1\/it\/cultura-dimpresa\/che-si-dice-dellimpresa\/"]}]},{"@type":"BreadcrumbList","@id":"https:\/\/127.0.0.1\/it\/cultura-dimpresa\/che-si-dice-dellimpresa\/#breadcrumb","itemListElement":[{"@type":"ListItem","position":1,"name":"Home","item":"https:\/\/www.fondazionepirelli.org\/it\/"},{"@type":"ListItem","position":2,"name":"Che si dice dell\u2019impresa?"}]},{"@type":"WebSite","@id":"https:\/\/www.fondazionepirelli.org\/it\/#website","url":"https:\/\/www.fondazionepirelli.org\/it\/","name":"Fondazione Pirelli","description":"","potentialAction":[{"@type":"SearchAction","target":{"@type":"EntryPoint","urlTemplate":"https:\/\/www.fondazionepirelli.org\/it\/?s={search_term_string}"},"query-input":{"@type":"PropertyValueSpecification","valueRequired":true,"valueName":"search_term_string"}}],"inLanguage":"it-IT"},{"@type":"Person","@id":"https:\/\/www.fondazionepirelli.org\/it\/#\/schema\/person\/c31fcf5937a0e6afa45497f3f8b6d7a0","name":"fondazionepirelli","image":{"@type":"ImageObject","inLanguage":"it-IT","@id":"https:\/\/www.fondazionepirelli.org\/it\/#\/schema\/person\/image\/","url":"https:\/\/secure.gravatar.com\/avatar\/9cb486421ce1d6eddbf6c4fb66841b4325b786695f7aedf1dde2222428218696?s=96&d=mm&r=g","contentUrl":"https:\/\/secure.gravatar.com\/avatar\/9cb486421ce1d6eddbf6c4fb66841b4325b786695f7aedf1dde2222428218696?s=96&d=mm&r=g","caption":"fondazionepirelli"},"url":"https:\/\/www.fondazionepirelli.org\/it\/author\/fondazionepirelli\/"}]}},"_links":{"self":[{"href":"https:\/\/www.fondazionepirelli.org\/it\/wp-json\/wp\/v2\/posts\/81238\/"}],"collection":[{"href":"https:\/\/www.fondazionepirelli.org\/it\/wp-json\/wp\/v2\/posts\/"}],"about":[{"href":"https:\/\/www.fondazionepirelli.org\/it\/wp-json\/wp\/v2\/types\/post\/"}],"author":[{"embeddable":true,"href":"https:\/\/www.fondazionepirelli.org\/it\/wp-json\/wp\/v2\/users\/9\/"}],"replies":[{"embeddable":true,"href":"https:\/\/www.fondazionepirelli.org\/it\/wp-json\/wp\/v2\/comments\/?post=81238"}],"version-history":[{"count":2,"href":"https:\/\/www.fondazionepirelli.org\/it\/wp-json\/wp\/v2\/posts\/81238\/revisions\/"}],"predecessor-version":[{"id":81242,"href":"https:\/\/www.fondazionepirelli.org\/it\/wp-json\/wp\/v2\/posts\/81238\/revisions\/81242\/"}],"wp:attachment":[{"href":"https:\/\/www.fondazionepirelli.org\/it\/wp-json\/wp\/v2\/media\/?parent=81238"}],"wp:term":[{"taxonomy":"category","embeddable":true,"href":"https:\/\/www.fondazionepirelli.org\/it\/wp-json\/wp\/v2\/categories\/?post=81238"},{"taxonomy":"post_tag","embeddable":true,"href":"https:\/\/www.fondazionepirelli.org\/it\/wp-json\/wp\/v2\/tags\/?post=81238"}],"curies":[{"name":"wp","href":"https:\/\/api.w.org\/{rel}","templated":true}]}}