{"id":81249,"date":"2020-09-29T07:44:46","date_gmt":"2020-09-29T06:44:46","guid":{"rendered":"https:\/\/www.fondazionepirelli.org\/?p=81249"},"modified":"2020-09-29T07:44:46","modified_gmt":"2020-09-29T06:44:46","slug":"religione-economica","status":"publish","type":"post","link":"https:\/\/www.fondazionepirelli.org\/it\/cultura-dimpresa\/religione-economica\/","title":{"rendered":"Religione economica"},"content":{"rendered":"<p><em>Uno dei pi\u00f9 recenti libri di Luigino Bruni collega l\u2019economia al sacro e apre orizzonti nuovi per la comprensione di quanto accade oggi<\/em><\/p><p>Economia e religione, impresa e chiesa, afflato religioso e spirito d\u2019impresa. Gli intrecci sono tanti e, in gran parte, poco conosciuti. Eppure \u2013 soprattutto oggi \u2013 conoscere di pi\u00f9 dei legami tra economia e religione \u00e8 fondamentale per la comprensione di molti fenomeni. Dentro e fuori le imprese.<\/p>\n<p>Leggere allora \u201cIl capitalismo e il sacro\u201d di Luigino Bruni \u2013 raccolta di una serie di interventi pubblicati sul quotidiano Avvenire e rielaborati -, non \u00e8 certamente cosa da affrontare alla leggera, ma sicuramente \u00e8 cosa che va fatta, soprattutto da chi, uomo d\u2019impresa oppure semplicemente attento agli aspetti dell\u2019attuale economia, voglia approfondire uno dei volti pi\u00f9 importanti eppure meno conosciuti dell\u2019attuale assetto economico.<\/p>\n<p>Bruni ragiona attorno alla considerazione che \u00e8 sempre esistito un profondo intreccio tra economia e religione, tra mercato e spirito, ed esiste ancora, anche se, viene sottolineato, abbiamo perso la capacit\u00e0 di vedere la dimensione religiosa dentro la vita economica e sociale. L\u2019autore annota quindi che il concetto di <em>homo oeconomicus<\/em> &#8211; cio\u00e8 lo sguardo sul mondo e sui rapporti sociali tipico dell&#8217;economia &#8211; \u00e8 molto pi\u00f9 antico della scienza economica, e se l&#8217;<em>homo oeconomicus<\/em> nella modernit\u00e0 si \u00e8 potuto affermare come ideologia universale \u00e8 perch\u00e9 la sua logica era molto antica e radicata nell&#8217;esperienza umana. Ben prima dell&#8217;economia, \u00e8 stata infatti la religione ad inventare l&#8217;<em>homo oeconomicus<\/em>. La tesi di Bruni \u00e8 affascinante. La logica sacrificale \u00e8 alla radice dell&#8217;esperienza religiosa. Nella sua essenza il sacrificio non \u00e8 altro che una moneta, una forma di scambio mercantile che gli uomini hanno applicato al loro rapporto con la divinit\u00e0. Il primo commerciante \u00e8 stato l&#8217;uomo primitivo, e il primo creditore \u00e8 stato Dio. Se non partiamo da questo dato arcaico, dice Bruni, non capiamo n\u00e9 il capitalismo n\u00e9 l&#8217;umanesimo occidentale.<\/p>\n<p>Anzi di pi\u00f9. Il ragionamento dell\u2019autore \u00e8 che la dimensione religiosa, o meglio, idolatrica del capitalismo informa l&#8217;intera vita economica contemporanea, ma \u00e8 particolarmente evidente e rilevante nella cultura delle grandi imprese globalizzate che con i loro riti, liturgie e dogmi, assomigliano sempre pi\u00f9 a delle chiese.<\/p>\n<p>Il libro di Bruni si articoli in cinque chiari capitoli. Prima di tutto viene affrontato il tema della radici religiose dell\u2019<em> homo oeconomicus<\/em>, poi vengono delineati i tratti di una \u201creligione neo-manageriale\u201d, successivamente vengono affrontati i concetti di gratuit\u00e0 e sacrifico; tutto si chiude poi con il racconto delle relazioni tra economia e Bibbia.<\/p>\n<p>Non \u00e8 assolutamente certo che chi legge si debba trovare sempre d\u2019accordo con quanto scritto da Bruni. Ma \u00e8 altrettanto certo, invece, che quanto scritto da Bruni possa colpire il lettore attento, farlo ragionare e fornirgli elementi nuovi per capire meglio la realt\u00e0 dell\u2019economia e della produzione moderne.<\/p>\n<p>Scrive Bruni provocatorio quasi all\u2019inizio del suo libro: \u201cSolo Dio e la finanza capitalistica hanno la pretesa di poter creare <em>dal nulla<\/em>. (\u2026) L\u2019intreccio tra economia e sacro \u00e8 dunque arcaico e post-moderno ad un tempo\u201d.<\/p><p><strong>Il capitalismo e il sacro<\/strong><\/p>\n<p>Luigino Bruni<\/p>\n<p>Vie e Pensiero, 2019<\/p>\n","protected":false},"excerpt":{"rendered":"<p>Uno dei pi\u00f9 recenti libri di Luigino Bruni collega l\u2019economia al sacro e apre orizzonti nuovi per la comprensione di quanto accade oggiEconomia e religione, impresa e chiesa, afflato religioso e spirito d\u2019impresa. Gli intrecci sono tanti e, in gran parte, poco conosciuti. Eppure \u2013 soprattutto oggi \u2013 conoscere di pi\u00f9 dei legami tra economia [&hellip;]<\/p>\n","protected":false},"author":9,"featured_media":81250,"comment_status":"open","ping_status":"open","sticky":false,"template":"","format":"standard","meta":{"footnotes":""},"categories":[52,58],"tags":[],"class_list":["post-81249","post","type-post","status-publish","format-standard","has-post-thumbnail","hentry","category-cultura-dimpresa","category-recensioni-libri"],"acf":[],"yoast_head":"<!-- This site is optimized with the Yoast SEO plugin v25.0 - https:\/\/yoast.com\/wordpress\/plugins\/seo\/ -->\n<title>Religione economica - Fondazione Pirelli<\/title>\n<meta name=\"robots\" content=\"index, follow, max-snippet:-1, max-image-preview:large, max-video-preview:-1\" \/>\n<link rel=\"canonical\" href=\"https:\/\/www.fondazionepirelli.org\/it\/cultura-dimpresa\/religione-economica\/\" \/>\n<meta property=\"og:locale\" content=\"it_IT\" \/>\n<meta property=\"og:type\" content=\"article\" \/>\n<meta property=\"og:title\" content=\"Religione economica - Fondazione Pirelli\" \/>\n<meta property=\"og:description\" content=\"Uno dei pi\u00f9 recenti libri di Luigino Bruni collega l\u2019economia al sacro e apre orizzonti nuovi per la comprensione di quanto accade oggiEconomia e religione, impresa e chiesa, afflato religioso e spirito d\u2019impresa. Gli intrecci sono tanti e, in gran parte, poco conosciuti. Eppure \u2013 soprattutto oggi \u2013 conoscere di pi\u00f9 dei legami tra economia [&hellip;]\" \/>\n<meta property=\"og:url\" content=\"https:\/\/www.fondazionepirelli.org\/it\/cultura-dimpresa\/religione-economica\/\" \/>\n<meta property=\"og:site_name\" content=\"Fondazione Pirelli\" \/>\n<meta property=\"article:published_time\" content=\"2020-09-29T06:44:46+00:00\" \/>\n<meta property=\"og:image\" content=\"https:\/\/wpsite-assets.fondazionepirelli.org\/wp-content\/uploads\/2020\/09\/28110400\/61zrEpt2FcL-e1601287457461.jpg\" \/>\n\t<meta property=\"og:image:width\" content=\"489\" \/>\n\t<meta property=\"og:image:height\" content=\"773\" \/>\n\t<meta property=\"og:image:type\" content=\"image\/jpeg\" \/>\n<meta name=\"author\" content=\"fondazionepirelli\" \/>\n<meta name=\"twitter:card\" content=\"summary_large_image\" \/>\n<meta name=\"twitter:label1\" content=\"Scritto da\" \/>\n\t<meta name=\"twitter:data1\" content=\"fondazionepirelli\" \/>\n\t<meta name=\"twitter:label2\" content=\"Tempo di lettura stimato\" \/>\n\t<meta name=\"twitter:data2\" content=\"3 minuti\" \/>\n<script type=\"application\/ld+json\" class=\"yoast-schema-graph\">{\"@context\":\"https:\/\/schema.org\",\"@graph\":[{\"@type\":\"WebPage\",\"@id\":\"https:\/\/www.fondazionepirelli.org\/it\/cultura-dimpresa\/religione-economica\/\",\"url\":\"https:\/\/www.fondazionepirelli.org\/it\/cultura-dimpresa\/religione-economica\/\",\"name\":\"Religione economica - Fondazione Pirelli\",\"isPartOf\":{\"@id\":\"https:\/\/www.fondazionepirelli.org\/it\/#website\"},\"primaryImageOfPage\":{\"@id\":\"https:\/\/www.fondazionepirelli.org\/it\/cultura-dimpresa\/religione-economica\/#primaryimage\"},\"image\":{\"@id\":\"https:\/\/www.fondazionepirelli.org\/it\/cultura-dimpresa\/religione-economica\/#primaryimage\"},\"thumbnailUrl\":\"https:\/\/wpsite-assets.fondazionepirelli.org\/wp-content\/uploads\/2020\/09\/28110400\/61zrEpt2FcL-e1601287457461.jpg\",\"datePublished\":\"2020-09-29T06:44:46+00:00\",\"author\":{\"@id\":\"https:\/\/www.fondazionepirelli.org\/it\/#\/schema\/person\/c31fcf5937a0e6afa45497f3f8b6d7a0\"},\"breadcrumb\":{\"@id\":\"https:\/\/www.fondazionepirelli.org\/it\/cultura-dimpresa\/religione-economica\/#breadcrumb\"},\"inLanguage\":\"it-IT\",\"potentialAction\":[{\"@type\":\"ReadAction\",\"target\":[\"https:\/\/www.fondazionepirelli.org\/it\/cultura-dimpresa\/religione-economica\/\"]}]},{\"@type\":\"ImageObject\",\"inLanguage\":\"it-IT\",\"@id\":\"https:\/\/www.fondazionepirelli.org\/it\/cultura-dimpresa\/religione-economica\/#primaryimage\",\"url\":\"https:\/\/wpsite-assets.fondazionepirelli.org\/wp-content\/uploads\/2020\/09\/28110400\/61zrEpt2FcL-e1601287457461.jpg\",\"contentUrl\":\"https:\/\/wpsite-assets.fondazionepirelli.org\/wp-content\/uploads\/2020\/09\/28110400\/61zrEpt2FcL-e1601287457461.jpg\",\"width\":489,\"height\":773},{\"@type\":\"BreadcrumbList\",\"@id\":\"https:\/\/www.fondazionepirelli.org\/it\/cultura-dimpresa\/religione-economica\/#breadcrumb\",\"itemListElement\":[{\"@type\":\"ListItem\",\"position\":1,\"name\":\"Home\",\"item\":\"https:\/\/www.fondazionepirelli.org\/it\/\"},{\"@type\":\"ListItem\",\"position\":2,\"name\":\"Religione economica\"}]},{\"@type\":\"WebSite\",\"@id\":\"https:\/\/www.fondazionepirelli.org\/it\/#website\",\"url\":\"https:\/\/www.fondazionepirelli.org\/it\/\",\"name\":\"Fondazione Pirelli\",\"description\":\"\",\"potentialAction\":[{\"@type\":\"SearchAction\",\"target\":{\"@type\":\"EntryPoint\",\"urlTemplate\":\"https:\/\/www.fondazionepirelli.org\/it\/?s={search_term_string}\"},\"query-input\":{\"@type\":\"PropertyValueSpecification\",\"valueRequired\":true,\"valueName\":\"search_term_string\"}}],\"inLanguage\":\"it-IT\"},{\"@type\":\"Person\",\"@id\":\"https:\/\/www.fondazionepirelli.org\/it\/#\/schema\/person\/c31fcf5937a0e6afa45497f3f8b6d7a0\",\"name\":\"fondazionepirelli\",\"image\":{\"@type\":\"ImageObject\",\"inLanguage\":\"it-IT\",\"@id\":\"https:\/\/www.fondazionepirelli.org\/it\/#\/schema\/person\/image\/\",\"url\":\"https:\/\/secure.gravatar.com\/avatar\/9cb486421ce1d6eddbf6c4fb66841b4325b786695f7aedf1dde2222428218696?s=96&d=mm&r=g\",\"contentUrl\":\"https:\/\/secure.gravatar.com\/avatar\/9cb486421ce1d6eddbf6c4fb66841b4325b786695f7aedf1dde2222428218696?s=96&d=mm&r=g\",\"caption\":\"fondazionepirelli\"},\"url\":\"https:\/\/www.fondazionepirelli.org\/it\/author\/fondazionepirelli\/\"}]}<\/script>\n<!-- \/ Yoast SEO plugin. -->","yoast_head_json":{"title":"Religione economica - Fondazione Pirelli","robots":{"index":"index","follow":"follow","max-snippet":"max-snippet:-1","max-image-preview":"max-image-preview:large","max-video-preview":"max-video-preview:-1"},"canonical":"https:\/\/www.fondazionepirelli.org\/it\/cultura-dimpresa\/religione-economica\/","og_locale":"it_IT","og_type":"article","og_title":"Religione economica - Fondazione Pirelli","og_description":"Uno dei pi\u00f9 recenti libri di Luigino Bruni collega l\u2019economia al sacro e apre orizzonti nuovi per la comprensione di quanto accade oggiEconomia e religione, impresa e chiesa, afflato religioso e spirito d\u2019impresa. Gli intrecci sono tanti e, in gran parte, poco conosciuti. Eppure \u2013 soprattutto oggi \u2013 conoscere di pi\u00f9 dei legami tra economia [&hellip;]","og_url":"https:\/\/www.fondazionepirelli.org\/it\/cultura-dimpresa\/religione-economica\/","og_site_name":"Fondazione Pirelli","article_published_time":"2020-09-29T06:44:46+00:00","og_image":[{"width":489,"height":773,"url":"https:\/\/wpsite-assets.fondazionepirelli.org\/wp-content\/uploads\/2020\/09\/28110400\/61zrEpt2FcL-e1601287457461.jpg","type":"image\/jpeg"}],"author":"fondazionepirelli","twitter_card":"summary_large_image","twitter_misc":{"Scritto da":"fondazionepirelli","Tempo di lettura stimato":"3 minuti"},"schema":{"@context":"https:\/\/schema.org","@graph":[{"@type":"WebPage","@id":"https:\/\/www.fondazionepirelli.org\/it\/cultura-dimpresa\/religione-economica\/","url":"https:\/\/www.fondazionepirelli.org\/it\/cultura-dimpresa\/religione-economica\/","name":"Religione economica - Fondazione Pirelli","isPartOf":{"@id":"https:\/\/www.fondazionepirelli.org\/it\/#website"},"primaryImageOfPage":{"@id":"https:\/\/www.fondazionepirelli.org\/it\/cultura-dimpresa\/religione-economica\/#primaryimage"},"image":{"@id":"https:\/\/www.fondazionepirelli.org\/it\/cultura-dimpresa\/religione-economica\/#primaryimage"},"thumbnailUrl":"https:\/\/wpsite-assets.fondazionepirelli.org\/wp-content\/uploads\/2020\/09\/28110400\/61zrEpt2FcL-e1601287457461.jpg","datePublished":"2020-09-29T06:44:46+00:00","author":{"@id":"https:\/\/www.fondazionepirelli.org\/it\/#\/schema\/person\/c31fcf5937a0e6afa45497f3f8b6d7a0"},"breadcrumb":{"@id":"https:\/\/www.fondazionepirelli.org\/it\/cultura-dimpresa\/religione-economica\/#breadcrumb"},"inLanguage":"it-IT","potentialAction":[{"@type":"ReadAction","target":["https:\/\/www.fondazionepirelli.org\/it\/cultura-dimpresa\/religione-economica\/"]}]},{"@type":"ImageObject","inLanguage":"it-IT","@id":"https:\/\/www.fondazionepirelli.org\/it\/cultura-dimpresa\/religione-economica\/#primaryimage","url":"https:\/\/wpsite-assets.fondazionepirelli.org\/wp-content\/uploads\/2020\/09\/28110400\/61zrEpt2FcL-e1601287457461.jpg","contentUrl":"https:\/\/wpsite-assets.fondazionepirelli.org\/wp-content\/uploads\/2020\/09\/28110400\/61zrEpt2FcL-e1601287457461.jpg","width":489,"height":773},{"@type":"BreadcrumbList","@id":"https:\/\/www.fondazionepirelli.org\/it\/cultura-dimpresa\/religione-economica\/#breadcrumb","itemListElement":[{"@type":"ListItem","position":1,"name":"Home","item":"https:\/\/www.fondazionepirelli.org\/it\/"},{"@type":"ListItem","position":2,"name":"Religione economica"}]},{"@type":"WebSite","@id":"https:\/\/www.fondazionepirelli.org\/it\/#website","url":"https:\/\/www.fondazionepirelli.org\/it\/","name":"Fondazione Pirelli","description":"","potentialAction":[{"@type":"SearchAction","target":{"@type":"EntryPoint","urlTemplate":"https:\/\/www.fondazionepirelli.org\/it\/?s={search_term_string}"},"query-input":{"@type":"PropertyValueSpecification","valueRequired":true,"valueName":"search_term_string"}}],"inLanguage":"it-IT"},{"@type":"Person","@id":"https:\/\/www.fondazionepirelli.org\/it\/#\/schema\/person\/c31fcf5937a0e6afa45497f3f8b6d7a0","name":"fondazionepirelli","image":{"@type":"ImageObject","inLanguage":"it-IT","@id":"https:\/\/www.fondazionepirelli.org\/it\/#\/schema\/person\/image\/","url":"https:\/\/secure.gravatar.com\/avatar\/9cb486421ce1d6eddbf6c4fb66841b4325b786695f7aedf1dde2222428218696?s=96&d=mm&r=g","contentUrl":"https:\/\/secure.gravatar.com\/avatar\/9cb486421ce1d6eddbf6c4fb66841b4325b786695f7aedf1dde2222428218696?s=96&d=mm&r=g","caption":"fondazionepirelli"},"url":"https:\/\/www.fondazionepirelli.org\/it\/author\/fondazionepirelli\/"}]}},"_links":{"self":[{"href":"https:\/\/www.fondazionepirelli.org\/it\/wp-json\/wp\/v2\/posts\/81249\/"}],"collection":[{"href":"https:\/\/www.fondazionepirelli.org\/it\/wp-json\/wp\/v2\/posts\/"}],"about":[{"href":"https:\/\/www.fondazionepirelli.org\/it\/wp-json\/wp\/v2\/types\/post\/"}],"author":[{"embeddable":true,"href":"https:\/\/www.fondazionepirelli.org\/it\/wp-json\/wp\/v2\/users\/9\/"}],"replies":[{"embeddable":true,"href":"https:\/\/www.fondazionepirelli.org\/it\/wp-json\/wp\/v2\/comments\/?post=81249"}],"version-history":[{"count":3,"href":"https:\/\/www.fondazionepirelli.org\/it\/wp-json\/wp\/v2\/posts\/81249\/revisions\/"}],"predecessor-version":[{"id":81254,"href":"https:\/\/www.fondazionepirelli.org\/it\/wp-json\/wp\/v2\/posts\/81249\/revisions\/81254\/"}],"wp:featuredmedia":[{"embeddable":true,"href":"https:\/\/www.fondazionepirelli.org\/it\/wp-json\/wp\/v2\/media\/81250\/"}],"wp:attachment":[{"href":"https:\/\/www.fondazionepirelli.org\/it\/wp-json\/wp\/v2\/media\/?parent=81249"}],"wp:term":[{"taxonomy":"category","embeddable":true,"href":"https:\/\/www.fondazionepirelli.org\/it\/wp-json\/wp\/v2\/categories\/?post=81249"},{"taxonomy":"post_tag","embeddable":true,"href":"https:\/\/www.fondazionepirelli.org\/it\/wp-json\/wp\/v2\/tags\/?post=81249"}],"curies":[{"name":"wp","href":"https:\/\/api.w.org\/{rel}","templated":true}]}}