{"id":81280,"date":"2020-10-06T08:15:00","date_gmt":"2020-10-06T07:15:00","guid":{"rendered":"https:\/\/www.fondazionepirelli.org\/?p=81280"},"modified":"2020-10-06T08:15:00","modified_gmt":"2020-10-06T07:15:00","slug":"metropoli-in-crisi-tra-pandemia-e-recessione-ma-restano-centri-di-sviluppo-se-migliorano-qualita-di-vita-e-lavoro","status":"publish","type":"post","link":"https:\/\/www.fondazionepirelli.org\/it\/cultura-dimpresa\/metropoli-in-crisi-tra-pandemia-e-recessione-ma-restano-centri-di-sviluppo-se-migliorano-qualita-di-vita-e-lavoro\/","title":{"rendered":"Metropoli in crisi tra pandemia e recessione, ma restano centri di sviluppo, se migliorano qualit\u00e0 di vita e lavoro"},"content":{"rendered":"<p>Le metropoli o i borghi? Le <strong><em>global cities<\/em> <\/strong>o la globalizzazione regionale (che suona tanto come un ossimoro)? Nella stagione del Covid19 che ancora imperversa e aggrava le preoccupazioni per la salute fisica e le sorti del lavoro e dei redditi, la<strong> questione del futuro<\/strong> delle citt\u00e0, come luoghi sinora preferenziali per le migliori condizioni di crescita, personali e professionali, suscita crescenti attenzioni: analisi, ricerche, dibattiti tra urbanisti ed economisti e tra i politici pi\u00f9 avveduti, soprattutto se ricchi di esperienza di governo locale.<\/p>\n<p>In un blog delle scorse settimane (8 settembre) avevamo analizzato le opportunit\u00e0 di valorizzare e fare rivivere i paesi di provincia, i borghi, le aree urbane ai margini delle metropoli, in un\u2019originale combinazione tra <strong><em>smart working<\/em>,<\/strong> legami digitali, interscambi citt\u00e0-campagna al di fuori dei tradizionali pendolarismi dell\u2019economia \u201cfordista\u201d. Metropoli addio, allora?<\/p>\n<p>La pandemia e la recessione, con i <em>lock down<\/em> e il tele-lavoro, hanno davvero messo in crisi la citatissima previsione di <strong>Parag Khanna<\/strong>, politologo indo-americano, secondo cui il XXI secolo sarebbe stato caratterizzato dall\u2019urbanizzazione crescente e dalle megalopoli asiatiche? La realt\u00e0 contemporanea, complessa e controversa, sfugge alle semplificazioni schematiche. E probabilmente, varr\u00e0 la pena immaginare un futuro pi\u00f9 articolato, in cui \u2013 tanto per restare agli esempi italiani \u2013 la ripresa e la crescita di Milano, paradigma metropolitano di creativit\u00e0 e innovazione, convivranno con il rilancio dei paesi sulle colline piacentine, la \u201ccitt\u00e0 infinita\u201d che si snoda lungo la A4 (l\u2019autostrada da Torino a Trieste) sar\u00e0 articolata in un tessuto urbano che fa rivivere citt\u00e0 medie e paesi, con nuovi sistemi di \u201cmobilit\u00e0 sostenibile\u201d e reti di interconnessione digitale. Una sintesi tutta da costruire tra <em>green economy<\/em> e <em>digital economy<\/em>, come peraltro prevede il <em>Recovery Plan<\/em> della Ue intitolato alla <em>Next Generation<\/em>: il nuovo modo di vivere, abitare e lavorare che vale la pena cominciare a costruire per i nostri figli e nipoti.<\/p>\n<p>Un paio di contributi, per riflettere meglio. Il primo arriva dal \u201cFinancial Times\u201d che, in un articolo di <strong>Robin Harding c<\/strong>itato anche da \u201cIl Corriere Digital\u201d (30 settembre), prende in prestito la celebre battuta di Mark Twain dopo l&#8217;erronea pubblicazione di un suo necrologio, e sostiene che \u201cla notizia della morte delle grandi citt\u00e0 sia fortemente esagerata\u201d. Lavorare in una grande citt\u00e0, sostiene Harding, fa <strong>crescere la produttivit\u00e0<\/strong> e, di conseguenza, gli stipendi di chi ci lavora (ma anche gli affitti e il costo della vita) e favorisce migliori relazioni fra domanda e offerta di lavoro e fra imprese e clienti.<\/p>\n<p>La produttivit\u00e0 cresce perch\u00e9, scrive Harding, nelle grandi citt\u00e0 sia i lavoratori che le imprese sono <strong>costretti a imparare<\/strong>: \u201cIn una grande citt\u00e0 puoi lavorare con i migliori essere sgridato per i tuoi errori e scoprire cosa ci vuole per essere di livello nazionale o mondiale. Provate a farlo con Zoom\u201d. Quanto alle imprese, \u201cun lavoratore assunto strappandolo a un&#8217;azienda rivale porta nuove prospettive su come fare le cose. E una cerimonia di premiazione con un vostro concorrente vi motiva a migliorare. Questi sono i motivi per cui, quando una zona si aggiudica un nuovo impianto manifatturiero, la produttivit\u00e0 dei rivali locali cresce del 12 per cento, secondo le stime di Michael Greenstone, Richard Hornbeck e Enrico Moretti\u201d(\u201cJournal of Political Economy\u201d, University of Chicago Press, 2010).<\/p>\n<p>La citt\u00e0, inoltre, favorisce <strong>l&#8217;innovazione<\/strong>: \u201cUn recente studio di David Atkin, Keith Chen e Anton Popov fatto utilizzando i dati di geolocalizzazione dei cellulari mostra come l\u2019incrociarsi casuale dei lavoratori della Silicon Valley porti a un maggior numero di brevetti delle loro aziende\u201d. Non \u00e8 soltanto una questione di lavoro, aggiunge Harding: \u201cPer l\u2019istruzione, la medicina e persino per le storie d\u2019amore, l\u2019offerta \u00e8 maggiore in una grande citt\u00e0\u00bb. Lo stesso vale per l&#8217;offerta culturale: cinema, teatri, arte, ristoranti\u201d.<\/p>\n<p>Un&#8217;offerta, per\u00f2, messa a dura prova dalla pandemia di Covid-19. Il che vale per le citt\u00e0 nel loro complesso. Perci\u00f2, per la riscossa delle citt\u00e0, molto dipender\u00e0 dalla durata dal contagio, dall&#8217;efficacia di un eventuale vaccino e dal possibile ripetersi di altre pandemie. Harding fa comunque professione di ottimismo: \u201cTutte le esperienze passate suggeriscono che, alla fine, si trover\u00e0 una cura, un vaccino o che la pandemia si estinguer\u00e0 da s\u00e9. Quando succeder\u00e0, i punti di forza delle citt\u00e0 si riaffermeranno e tutti arrancheranno di nuovo verso ufficio. Nelle citt\u00e0, si godranno vite produttive e sogneranno, solo di tanto in tanto, quanto piacevole sarebbe lavorare da casa, in campagna\u201d.<\/p>\n<p>\u201cE\u2019 l\u2019ora di rigenerare le citt\u00e0\u201d, si \u00e8 detto nei giorni scorsi a Milano (\u201cCorriere della Sera\u201d, 4 ottobre), durante un convegno organizzato da Audi, con la partecipazione, tra gli altri di Stefano Boeri e Michele De Lucchi, architetti di respiro internazionale, parlando di lavoro, mobilit\u00e0, relazioni per un sistema sociale laboratorio di nuovi assetti, in stagioni di pandemia. La <strong>presa d\u2019atto della fragilit\u00e0<\/strong>. La ricerca di una migliore dimensione esistenziale e produttiva, migliorando sia la qualit\u00e0 e la vivibilit\u00e0 di case e uffici, sia la mobilit\u00e0. Il dibattito \u00e8 in corso. E le scelte, fatte peraltro da tempo, dalla giunta comunale di Milano guidata dal sindaco Beppe Sala, di rivalutare i quartieri, riqualificare le piazze, fare vivere meglio le periferie e pensare a una \u201cMilano in un quarto d\u2019ora\u201d (i vantaggi della \u201cprossimit\u00e0\u201d), testimoniano come anche le metropoli potranno essere centro di sviluppo solo se ai criteri di competitivit\u00e0, innovazione, attrattivit\u00e0 e creativit\u00e0 si aggiungeranno quelli della qualit\u00e0 della vita, dell\u2019inclusione e della solidariet\u00e0. Valori, peraltro, che fanno da tempo parte del capitale sociale milanese.<\/p>\n<p>Un\u2019altra riflessione di grande interesse arriva da <strong>Edoardo Campanella<\/strong>, professore all\u2019Universit\u00e0 di Madrid e Francesco Profumo, presidente della Compagnia di San Paolo (\u201cCorriere della Sera\u201d, 26 settembre): \u201cCambiano le gerarchie urbane, ma le citt\u00e0 non moriranno\u201d. Si stanno modificando gli equilibri tra centro e periferia, con un processo di cambiamento accelerato da pandemia, <em>lock down<\/em> e lavoro a distanza, ma \u201cil virtuale non \u00e8 ancora un perfetto sostituto del reale\u201d.<\/p>\n<p>Per facilitare la transizione, \u201c\u00e8 necessario costruire infrastrutture digitali adeguate nelle aree periferiche, fornire crediti di imposta per i trasferimenti di residenza e ampliare gli incentivi per lo <em>smart working<\/em>. L\u2019Europa, dove citt\u00e0 con secoli di storia sono spopolate, potrebbe vedere la rinascita di alcune delle sue regioni a pi\u00f9 alto potenziale. E in Italia si tornerebbe verso un modello di sviluppo policentrico, pi\u00f9 bilanciato di quello attuale\u201d.<\/p>","protected":false},"excerpt":{"rendered":"<p>Le metropoli o i borghi? Le global cities o la globalizzazione regionale (che suona tanto come un ossimoro)? Nella stagione del Covid19 che ancora imperversa e aggrava le preoccupazioni per la salute fisica e le sorti del lavoro e dei redditi, la questione del futuro delle citt\u00e0, come luoghi sinora preferenziali per le migliori condizioni [&hellip;]<\/p>\n","protected":false},"author":9,"featured_media":81294,"comment_status":"open","ping_status":"open","sticky":false,"template":"","format":"standard","meta":{"footnotes":""},"categories":[53,52],"tags":[],"class_list":["post-81280","post","type-post","status-publish","format-standard","has-post-thumbnail","hentry","category-blog","category-cultura-dimpresa"],"acf":[],"yoast_head":"<!-- This site is optimized with the Yoast SEO plugin v25.0 - https:\/\/yoast.com\/wordpress\/plugins\/seo\/ -->\n<title>Metropoli in crisi tra pandemia e recessione, ma restano centri di sviluppo, se migliorano qualit\u00e0 di vita e lavoro - Fondazione Pirelli<\/title>\n<meta name=\"robots\" content=\"index, follow, max-snippet:-1, max-image-preview:large, max-video-preview:-1\" \/>\n<link rel=\"canonical\" href=\"https:\/\/www.fondazionepirelli.org\/it\/cultura-dimpresa\/metropoli-in-crisi-tra-pandemia-e-recessione-ma-restano-centri-di-sviluppo-se-migliorano-qualita-di-vita-e-lavoro\/\" \/>\n<meta property=\"og:locale\" content=\"it_IT\" \/>\n<meta property=\"og:type\" content=\"article\" \/>\n<meta property=\"og:title\" content=\"Metropoli in crisi tra pandemia e recessione, ma restano centri di sviluppo, se migliorano qualit\u00e0 di vita e lavoro - Fondazione Pirelli\" \/>\n<meta property=\"og:description\" content=\"Le metropoli o i borghi? Le global cities o la globalizzazione regionale (che suona tanto come un ossimoro)? Nella stagione del Covid19 che ancora imperversa e aggrava le preoccupazioni per la salute fisica e le sorti del lavoro e dei redditi, la questione del futuro delle citt\u00e0, come luoghi sinora preferenziali per le migliori condizioni [&hellip;]\" \/>\n<meta property=\"og:url\" content=\"https:\/\/www.fondazionepirelli.org\/it\/cultura-dimpresa\/metropoli-in-crisi-tra-pandemia-e-recessione-ma-restano-centri-di-sviluppo-se-migliorano-qualita-di-vita-e-lavoro\/\" \/>\n<meta property=\"og:site_name\" content=\"Fondazione Pirelli\" \/>\n<meta property=\"article:published_time\" content=\"2020-10-06T07:15:00+00:00\" \/>\n<meta property=\"og:image\" content=\"https:\/\/wpsite-assets.fondazionepirelli.org\/wp-content\/uploads\/2020\/10\/06081453\/smartcitycovermobile.jpg\" \/>\n\t<meta property=\"og:image:width\" content=\"635\" \/>\n\t<meta property=\"og:image:height\" content=\"476\" \/>\n\t<meta property=\"og:image:type\" content=\"image\/jpeg\" \/>\n<meta name=\"author\" content=\"fondazionepirelli\" \/>\n<meta name=\"twitter:card\" content=\"summary_large_image\" \/>\n<meta name=\"twitter:label1\" content=\"Scritto da\" \/>\n\t<meta name=\"twitter:data1\" content=\"fondazionepirelli\" \/>\n\t<meta name=\"twitter:label2\" content=\"Tempo di lettura stimato\" \/>\n\t<meta name=\"twitter:data2\" content=\"5 minuti\" \/>\n<script type=\"application\/ld+json\" class=\"yoast-schema-graph\">{\"@context\":\"https:\/\/schema.org\",\"@graph\":[{\"@type\":\"WebPage\",\"@id\":\"https:\/\/www.fondazionepirelli.org\/it\/cultura-dimpresa\/metropoli-in-crisi-tra-pandemia-e-recessione-ma-restano-centri-di-sviluppo-se-migliorano-qualita-di-vita-e-lavoro\/\",\"url\":\"https:\/\/www.fondazionepirelli.org\/it\/cultura-dimpresa\/metropoli-in-crisi-tra-pandemia-e-recessione-ma-restano-centri-di-sviluppo-se-migliorano-qualita-di-vita-e-lavoro\/\",\"name\":\"Metropoli in crisi tra pandemia e recessione, ma restano centri di sviluppo, se migliorano qualit\u00e0 di vita e lavoro - Fondazione Pirelli\",\"isPartOf\":{\"@id\":\"https:\/\/www.fondazionepirelli.org\/it\/#website\"},\"primaryImageOfPage\":{\"@id\":\"https:\/\/www.fondazionepirelli.org\/it\/cultura-dimpresa\/metropoli-in-crisi-tra-pandemia-e-recessione-ma-restano-centri-di-sviluppo-se-migliorano-qualita-di-vita-e-lavoro\/#primaryimage\"},\"image\":{\"@id\":\"https:\/\/www.fondazionepirelli.org\/it\/cultura-dimpresa\/metropoli-in-crisi-tra-pandemia-e-recessione-ma-restano-centri-di-sviluppo-se-migliorano-qualita-di-vita-e-lavoro\/#primaryimage\"},\"thumbnailUrl\":\"https:\/\/wpsite-assets.fondazionepirelli.org\/wp-content\/uploads\/2020\/10\/06081453\/smartcitycovermobile.jpg\",\"datePublished\":\"2020-10-06T07:15:00+00:00\",\"author\":{\"@id\":\"https:\/\/www.fondazionepirelli.org\/it\/#\/schema\/person\/c31fcf5937a0e6afa45497f3f8b6d7a0\"},\"breadcrumb\":{\"@id\":\"https:\/\/www.fondazionepirelli.org\/it\/cultura-dimpresa\/metropoli-in-crisi-tra-pandemia-e-recessione-ma-restano-centri-di-sviluppo-se-migliorano-qualita-di-vita-e-lavoro\/#breadcrumb\"},\"inLanguage\":\"it-IT\",\"potentialAction\":[{\"@type\":\"ReadAction\",\"target\":[\"https:\/\/www.fondazionepirelli.org\/it\/cultura-dimpresa\/metropoli-in-crisi-tra-pandemia-e-recessione-ma-restano-centri-di-sviluppo-se-migliorano-qualita-di-vita-e-lavoro\/\"]}]},{\"@type\":\"ImageObject\",\"inLanguage\":\"it-IT\",\"@id\":\"https:\/\/www.fondazionepirelli.org\/it\/cultura-dimpresa\/metropoli-in-crisi-tra-pandemia-e-recessione-ma-restano-centri-di-sviluppo-se-migliorano-qualita-di-vita-e-lavoro\/#primaryimage\",\"url\":\"https:\/\/wpsite-assets.fondazionepirelli.org\/wp-content\/uploads\/2020\/10\/06081453\/smartcitycovermobile.jpg\",\"contentUrl\":\"https:\/\/wpsite-assets.fondazionepirelli.org\/wp-content\/uploads\/2020\/10\/06081453\/smartcitycovermobile.jpg\",\"width\":635,\"height\":476},{\"@type\":\"BreadcrumbList\",\"@id\":\"https:\/\/www.fondazionepirelli.org\/it\/cultura-dimpresa\/metropoli-in-crisi-tra-pandemia-e-recessione-ma-restano-centri-di-sviluppo-se-migliorano-qualita-di-vita-e-lavoro\/#breadcrumb\",\"itemListElement\":[{\"@type\":\"ListItem\",\"position\":1,\"name\":\"Home\",\"item\":\"https:\/\/www.fondazionepirelli.org\/it\/\"},{\"@type\":\"ListItem\",\"position\":2,\"name\":\"Metropoli in crisi tra pandemia e recessione, ma restano centri di sviluppo, se migliorano qualit\u00e0 di vita e lavoro\"}]},{\"@type\":\"WebSite\",\"@id\":\"https:\/\/www.fondazionepirelli.org\/it\/#website\",\"url\":\"https:\/\/www.fondazionepirelli.org\/it\/\",\"name\":\"Fondazione Pirelli\",\"description\":\"\",\"potentialAction\":[{\"@type\":\"SearchAction\",\"target\":{\"@type\":\"EntryPoint\",\"urlTemplate\":\"https:\/\/www.fondazionepirelli.org\/it\/?s={search_term_string}\"},\"query-input\":{\"@type\":\"PropertyValueSpecification\",\"valueRequired\":true,\"valueName\":\"search_term_string\"}}],\"inLanguage\":\"it-IT\"},{\"@type\":\"Person\",\"@id\":\"https:\/\/www.fondazionepirelli.org\/it\/#\/schema\/person\/c31fcf5937a0e6afa45497f3f8b6d7a0\",\"name\":\"fondazionepirelli\",\"image\":{\"@type\":\"ImageObject\",\"inLanguage\":\"it-IT\",\"@id\":\"https:\/\/www.fondazionepirelli.org\/it\/#\/schema\/person\/image\/\",\"url\":\"https:\/\/secure.gravatar.com\/avatar\/9cb486421ce1d6eddbf6c4fb66841b4325b786695f7aedf1dde2222428218696?s=96&d=mm&r=g\",\"contentUrl\":\"https:\/\/secure.gravatar.com\/avatar\/9cb486421ce1d6eddbf6c4fb66841b4325b786695f7aedf1dde2222428218696?s=96&d=mm&r=g\",\"caption\":\"fondazionepirelli\"},\"url\":\"https:\/\/www.fondazionepirelli.org\/it\/author\/fondazionepirelli\/\"}]}<\/script>\n<!-- \/ Yoast SEO plugin. -->","yoast_head_json":{"title":"Metropoli in crisi tra pandemia e recessione, ma restano centri di sviluppo, se migliorano qualit\u00e0 di vita e lavoro - Fondazione Pirelli","robots":{"index":"index","follow":"follow","max-snippet":"max-snippet:-1","max-image-preview":"max-image-preview:large","max-video-preview":"max-video-preview:-1"},"canonical":"https:\/\/www.fondazionepirelli.org\/it\/cultura-dimpresa\/metropoli-in-crisi-tra-pandemia-e-recessione-ma-restano-centri-di-sviluppo-se-migliorano-qualita-di-vita-e-lavoro\/","og_locale":"it_IT","og_type":"article","og_title":"Metropoli in crisi tra pandemia e recessione, ma restano centri di sviluppo, se migliorano qualit\u00e0 di vita e lavoro - Fondazione Pirelli","og_description":"Le metropoli o i borghi? Le global cities o la globalizzazione regionale (che suona tanto come un ossimoro)? Nella stagione del Covid19 che ancora imperversa e aggrava le preoccupazioni per la salute fisica e le sorti del lavoro e dei redditi, la questione del futuro delle citt\u00e0, come luoghi sinora preferenziali per le migliori condizioni [&hellip;]","og_url":"https:\/\/www.fondazionepirelli.org\/it\/cultura-dimpresa\/metropoli-in-crisi-tra-pandemia-e-recessione-ma-restano-centri-di-sviluppo-se-migliorano-qualita-di-vita-e-lavoro\/","og_site_name":"Fondazione Pirelli","article_published_time":"2020-10-06T07:15:00+00:00","og_image":[{"width":635,"height":476,"url":"https:\/\/wpsite-assets.fondazionepirelli.org\/wp-content\/uploads\/2020\/10\/06081453\/smartcitycovermobile.jpg","type":"image\/jpeg"}],"author":"fondazionepirelli","twitter_card":"summary_large_image","twitter_misc":{"Scritto da":"fondazionepirelli","Tempo di lettura stimato":"5 minuti"},"schema":{"@context":"https:\/\/schema.org","@graph":[{"@type":"WebPage","@id":"https:\/\/www.fondazionepirelli.org\/it\/cultura-dimpresa\/metropoli-in-crisi-tra-pandemia-e-recessione-ma-restano-centri-di-sviluppo-se-migliorano-qualita-di-vita-e-lavoro\/","url":"https:\/\/www.fondazionepirelli.org\/it\/cultura-dimpresa\/metropoli-in-crisi-tra-pandemia-e-recessione-ma-restano-centri-di-sviluppo-se-migliorano-qualita-di-vita-e-lavoro\/","name":"Metropoli in crisi tra pandemia e recessione, ma restano centri di sviluppo, se migliorano qualit\u00e0 di vita e lavoro - Fondazione Pirelli","isPartOf":{"@id":"https:\/\/www.fondazionepirelli.org\/it\/#website"},"primaryImageOfPage":{"@id":"https:\/\/www.fondazionepirelli.org\/it\/cultura-dimpresa\/metropoli-in-crisi-tra-pandemia-e-recessione-ma-restano-centri-di-sviluppo-se-migliorano-qualita-di-vita-e-lavoro\/#primaryimage"},"image":{"@id":"https:\/\/www.fondazionepirelli.org\/it\/cultura-dimpresa\/metropoli-in-crisi-tra-pandemia-e-recessione-ma-restano-centri-di-sviluppo-se-migliorano-qualita-di-vita-e-lavoro\/#primaryimage"},"thumbnailUrl":"https:\/\/wpsite-assets.fondazionepirelli.org\/wp-content\/uploads\/2020\/10\/06081453\/smartcitycovermobile.jpg","datePublished":"2020-10-06T07:15:00+00:00","author":{"@id":"https:\/\/www.fondazionepirelli.org\/it\/#\/schema\/person\/c31fcf5937a0e6afa45497f3f8b6d7a0"},"breadcrumb":{"@id":"https:\/\/www.fondazionepirelli.org\/it\/cultura-dimpresa\/metropoli-in-crisi-tra-pandemia-e-recessione-ma-restano-centri-di-sviluppo-se-migliorano-qualita-di-vita-e-lavoro\/#breadcrumb"},"inLanguage":"it-IT","potentialAction":[{"@type":"ReadAction","target":["https:\/\/www.fondazionepirelli.org\/it\/cultura-dimpresa\/metropoli-in-crisi-tra-pandemia-e-recessione-ma-restano-centri-di-sviluppo-se-migliorano-qualita-di-vita-e-lavoro\/"]}]},{"@type":"ImageObject","inLanguage":"it-IT","@id":"https:\/\/www.fondazionepirelli.org\/it\/cultura-dimpresa\/metropoli-in-crisi-tra-pandemia-e-recessione-ma-restano-centri-di-sviluppo-se-migliorano-qualita-di-vita-e-lavoro\/#primaryimage","url":"https:\/\/wpsite-assets.fondazionepirelli.org\/wp-content\/uploads\/2020\/10\/06081453\/smartcitycovermobile.jpg","contentUrl":"https:\/\/wpsite-assets.fondazionepirelli.org\/wp-content\/uploads\/2020\/10\/06081453\/smartcitycovermobile.jpg","width":635,"height":476},{"@type":"BreadcrumbList","@id":"https:\/\/www.fondazionepirelli.org\/it\/cultura-dimpresa\/metropoli-in-crisi-tra-pandemia-e-recessione-ma-restano-centri-di-sviluppo-se-migliorano-qualita-di-vita-e-lavoro\/#breadcrumb","itemListElement":[{"@type":"ListItem","position":1,"name":"Home","item":"https:\/\/www.fondazionepirelli.org\/it\/"},{"@type":"ListItem","position":2,"name":"Metropoli in crisi tra pandemia e recessione, ma restano centri di sviluppo, se migliorano qualit\u00e0 di vita e lavoro"}]},{"@type":"WebSite","@id":"https:\/\/www.fondazionepirelli.org\/it\/#website","url":"https:\/\/www.fondazionepirelli.org\/it\/","name":"Fondazione Pirelli","description":"","potentialAction":[{"@type":"SearchAction","target":{"@type":"EntryPoint","urlTemplate":"https:\/\/www.fondazionepirelli.org\/it\/?s={search_term_string}"},"query-input":{"@type":"PropertyValueSpecification","valueRequired":true,"valueName":"search_term_string"}}],"inLanguage":"it-IT"},{"@type":"Person","@id":"https:\/\/www.fondazionepirelli.org\/it\/#\/schema\/person\/c31fcf5937a0e6afa45497f3f8b6d7a0","name":"fondazionepirelli","image":{"@type":"ImageObject","inLanguage":"it-IT","@id":"https:\/\/www.fondazionepirelli.org\/it\/#\/schema\/person\/image\/","url":"https:\/\/secure.gravatar.com\/avatar\/9cb486421ce1d6eddbf6c4fb66841b4325b786695f7aedf1dde2222428218696?s=96&d=mm&r=g","contentUrl":"https:\/\/secure.gravatar.com\/avatar\/9cb486421ce1d6eddbf6c4fb66841b4325b786695f7aedf1dde2222428218696?s=96&d=mm&r=g","caption":"fondazionepirelli"},"url":"https:\/\/www.fondazionepirelli.org\/it\/author\/fondazionepirelli\/"}]}},"_links":{"self":[{"href":"https:\/\/www.fondazionepirelli.org\/it\/wp-json\/wp\/v2\/posts\/81280\/"}],"collection":[{"href":"https:\/\/www.fondazionepirelli.org\/it\/wp-json\/wp\/v2\/posts\/"}],"about":[{"href":"https:\/\/www.fondazionepirelli.org\/it\/wp-json\/wp\/v2\/types\/post\/"}],"author":[{"embeddable":true,"href":"https:\/\/www.fondazionepirelli.org\/it\/wp-json\/wp\/v2\/users\/9\/"}],"replies":[{"embeddable":true,"href":"https:\/\/www.fondazionepirelli.org\/it\/wp-json\/wp\/v2\/comments\/?post=81280"}],"version-history":[{"count":4,"href":"https:\/\/www.fondazionepirelli.org\/it\/wp-json\/wp\/v2\/posts\/81280\/revisions\/"}],"predecessor-version":[{"id":81293,"href":"https:\/\/www.fondazionepirelli.org\/it\/wp-json\/wp\/v2\/posts\/81280\/revisions\/81293\/"}],"wp:featuredmedia":[{"embeddable":true,"href":"https:\/\/www.fondazionepirelli.org\/it\/wp-json\/wp\/v2\/media\/81294\/"}],"wp:attachment":[{"href":"https:\/\/www.fondazionepirelli.org\/it\/wp-json\/wp\/v2\/media\/?parent=81280"}],"wp:term":[{"taxonomy":"category","embeddable":true,"href":"https:\/\/www.fondazionepirelli.org\/it\/wp-json\/wp\/v2\/categories\/?post=81280"},{"taxonomy":"post_tag","embeddable":true,"href":"https:\/\/www.fondazionepirelli.org\/it\/wp-json\/wp\/v2\/tags\/?post=81280"}],"curies":[{"name":"wp","href":"https:\/\/api.w.org\/{rel}","templated":true}]}}