{"id":81283,"date":"2020-10-06T08:15:34","date_gmt":"2020-10-06T07:15:34","guid":{"rendered":"https:\/\/www.fondazionepirelli.org\/?p=81283"},"modified":"2020-10-06T08:15:34","modified_gmt":"2020-10-06T07:15:34","slug":"le-idee-per-crescere-tutti","status":"publish","type":"post","link":"https:\/\/www.fondazionepirelli.org\/it\/cultura-dimpresa\/le-idee-per-crescere-tutti\/","title":{"rendered":"Le idee per crescere tutti"},"content":{"rendered":"<p><em>Un libro appena pubblicato raccoglie sette interviste ad altrettanti grandi d\u2019impresa che ragionano su cosa fare per riprendere per davvero lo sviluppo<\/em><\/p>\n<p><strong>\u00a0<\/strong><\/p>\n<p>Per affrontare il futuro occorrono serie idee da mettere in pratica, non tanto grandi piani strategici. Cose da fare subito e non progetti che potranno essere (forse) attuati nel medio-lungo periodo. Che certo ci vogliono anche, ma che non sono la partenza corretta per un cammino di crescita come quello che serve. Soprattutto di fronte alle ambasce dell\u2019oggi. E\u2019 questa la filosofia di fondo di \u201cProposta per l\u2019Italia\u201d, il libro curato da Alberto Orioli e appena pubblicato.<\/p>\n<p>Orioli, da buon cronista, non ambisce a scrivere un dotto libro di economia, ma un utile libro che racconti una serie di proposte per rinnovare il nostro Paese. Proposte, non un piano strategico appunto, che derivano dall\u2019esperienza di un gruppo ristretto e d\u2019eccellenza di imprenditori. Da chi, cio\u00e8, ogni giorno affronta i problemi, ma anche le opportunit\u00e0, del produrre che pure in Italia esistono, guardando per\u00f2 con grande senso pratico ai primi e alle seconde, con l\u2019intento di superare i (molti) ostacoli che ancora esistono.<\/p>\n<p>Non per nulla, il sottotitolo del libro, poco pi\u00f9 di 150 pagine che si leggono quasi d\u2019un fiato, \u00e8 \u201cSette protagonisti dell\u2019economia per il Paese di domani\u201d. A prendere parte all\u2019opera sono nomi importanti \u2013 Silvia Candiani, Andrea Illy, Emma Marcegaglia, Federico Marchetti, Carlo Messina, Renzo Rosso e Marco Tronchetti Provera -, che Orioli intervista senza frapporre nulla prima e dopo la serie di domande e risposte. Al lettore, cio\u00e8, \u00e8 lasciato tutto lo spazio possibile per ragionare sugli spunti che emergono lungo le pagine, esser d\u2019accordo con le idee di chi parla oppure litigarci senza condizionamenti. Regola di base per tutti: ragionare sulla base della \u201cvita vera\u201d vissuta nelle imprese. \u201cConcretezza come metodo implacabile\u201d, scrivi quindi Orioli nella scarna (con ragione) introduzione al libro.<\/p>\n<p>Ogni intervento \u00e8 caratterizzato da una sorta di idea portante. Scorrono cos\u00ec le proposte di Candiani che ragiona attorno all\u2019intelligenza artificiale, di Illy che parla dell\u2019arrivo di una sorta di \u201cora dell\u2019altruismo\u201d, di Marcegaglia che vede nell\u2019<em>education <\/em>la prima emergenza, di Marchetti che racconta delle potenzialit\u00e0 del lusso e della bellezza, di Messina che chiede di usare bene la ricchezza che pure esiste nel nostro Paese, di Rosso che unisce moda e senso civico e di Tronchetti Provera che allarga lo sguardo a tutto il mondo partendo dal complesso scontro tra Usa e Cina. Ogni intervista, poi, non si limita all\u2019idea portante che la sostiene, ma si allarga a temi come quelli dello Stato e della burocrazia, della scuola e dei giovani, della digitalizzazione e del lavoro.<\/p>\n<p>Tutto da leggere (e da rileggere) il libro messo insieme da Orioli che \u2013 seppur scritto sull\u2019onda dilagante della pandemia di Covid-19 -, ha succo per rimanere valido ben oltre l\u2019emergenza.<\/p><p><strong>Proposta per l\u2019Italia. Sette protagonisti dell\u2019economia per il Paese di domani<\/strong><\/p>\n<p>Alberto Orioli (a cura di)<\/p>\n<p>Einaudi, 2020<\/p>\n","protected":false},"excerpt":{"rendered":"<p>Un libro appena pubblicato raccoglie sette interviste ad altrettanti grandi d\u2019impresa che ragionano su cosa fare per riprendere per davvero lo sviluppo \u00a0 Per affrontare il futuro occorrono serie idee da mettere in pratica, non tanto grandi piani strategici. Cose da fare subito e non progetti che potranno essere (forse) attuati nel medio-lungo periodo. Che [&hellip;]<\/p>\n","protected":false},"author":9,"featured_media":81285,"comment_status":"open","ping_status":"open","sticky":false,"template":"","format":"standard","meta":{"footnotes":""},"categories":[52,58],"tags":[],"class_list":["post-81283","post","type-post","status-publish","format-standard","has-post-thumbnail","hentry","category-cultura-dimpresa","category-recensioni-libri"],"acf":[],"yoast_head":"<!-- This site is optimized with the Yoast SEO plugin v25.0 - https:\/\/yoast.com\/wordpress\/plugins\/seo\/ -->\n<title>Le idee per crescere tutti - Fondazione Pirelli<\/title>\n<meta name=\"robots\" content=\"index, follow, max-snippet:-1, max-image-preview:large, max-video-preview:-1\" \/>\n<link rel=\"canonical\" href=\"https:\/\/www.fondazionepirelli.org\/it\/cultura-dimpresa\/le-idee-per-crescere-tutti\/\" \/>\n<meta property=\"og:locale\" content=\"it_IT\" \/>\n<meta property=\"og:type\" content=\"article\" \/>\n<meta property=\"og:title\" content=\"Le idee per crescere tutti - Fondazione Pirelli\" \/>\n<meta property=\"og:description\" content=\"Un libro appena pubblicato raccoglie sette interviste ad altrettanti grandi d\u2019impresa che ragionano su cosa fare per riprendere per davvero lo sviluppo \u00a0 Per affrontare il futuro occorrono serie idee da mettere in pratica, non tanto grandi piani strategici. Cose da fare subito e non progetti che potranno essere (forse) attuati nel medio-lungo periodo. Che [&hellip;]\" \/>\n<meta property=\"og:url\" content=\"https:\/\/www.fondazionepirelli.org\/it\/cultura-dimpresa\/le-idee-per-crescere-tutti\/\" \/>\n<meta property=\"og:site_name\" content=\"Fondazione Pirelli\" \/>\n<meta property=\"article:published_time\" content=\"2020-10-06T07:15:34+00:00\" \/>\n<meta property=\"og:image\" content=\"https:\/\/wpsite-assets.fondazionepirelli.org\/wp-content\/uploads\/2020\/10\/06074054\/7107cJgHkJL-e1601966466714.jpg\" \/>\n\t<meta property=\"og:image:width\" content=\"495\" \/>\n\t<meta property=\"og:image:height\" content=\"775\" \/>\n\t<meta property=\"og:image:type\" content=\"image\/jpeg\" \/>\n<meta name=\"author\" content=\"fondazionepirelli\" \/>\n<meta name=\"twitter:card\" content=\"summary_large_image\" \/>\n<meta name=\"twitter:label1\" content=\"Scritto da\" \/>\n\t<meta name=\"twitter:data1\" content=\"fondazionepirelli\" \/>\n\t<meta name=\"twitter:label2\" content=\"Tempo di lettura stimato\" \/>\n\t<meta name=\"twitter:data2\" content=\"2 minuti\" \/>\n<script type=\"application\/ld+json\" class=\"yoast-schema-graph\">{\"@context\":\"https:\/\/schema.org\",\"@graph\":[{\"@type\":\"WebPage\",\"@id\":\"https:\/\/www.fondazionepirelli.org\/it\/cultura-dimpresa\/le-idee-per-crescere-tutti\/\",\"url\":\"https:\/\/www.fondazionepirelli.org\/it\/cultura-dimpresa\/le-idee-per-crescere-tutti\/\",\"name\":\"Le idee per crescere tutti - Fondazione Pirelli\",\"isPartOf\":{\"@id\":\"https:\/\/www.fondazionepirelli.org\/it\/#website\"},\"primaryImageOfPage\":{\"@id\":\"https:\/\/www.fondazionepirelli.org\/it\/cultura-dimpresa\/le-idee-per-crescere-tutti\/#primaryimage\"},\"image\":{\"@id\":\"https:\/\/www.fondazionepirelli.org\/it\/cultura-dimpresa\/le-idee-per-crescere-tutti\/#primaryimage\"},\"thumbnailUrl\":\"https:\/\/wpsite-assets.fondazionepirelli.org\/wp-content\/uploads\/2020\/10\/06074054\/7107cJgHkJL-e1601966466714.jpg\",\"datePublished\":\"2020-10-06T07:15:34+00:00\",\"author\":{\"@id\":\"https:\/\/www.fondazionepirelli.org\/it\/#\/schema\/person\/c31fcf5937a0e6afa45497f3f8b6d7a0\"},\"breadcrumb\":{\"@id\":\"https:\/\/www.fondazionepirelli.org\/it\/cultura-dimpresa\/le-idee-per-crescere-tutti\/#breadcrumb\"},\"inLanguage\":\"it-IT\",\"potentialAction\":[{\"@type\":\"ReadAction\",\"target\":[\"https:\/\/www.fondazionepirelli.org\/it\/cultura-dimpresa\/le-idee-per-crescere-tutti\/\"]}]},{\"@type\":\"ImageObject\",\"inLanguage\":\"it-IT\",\"@id\":\"https:\/\/www.fondazionepirelli.org\/it\/cultura-dimpresa\/le-idee-per-crescere-tutti\/#primaryimage\",\"url\":\"https:\/\/wpsite-assets.fondazionepirelli.org\/wp-content\/uploads\/2020\/10\/06074054\/7107cJgHkJL-e1601966466714.jpg\",\"contentUrl\":\"https:\/\/wpsite-assets.fondazionepirelli.org\/wp-content\/uploads\/2020\/10\/06074054\/7107cJgHkJL-e1601966466714.jpg\",\"width\":495,\"height\":775},{\"@type\":\"BreadcrumbList\",\"@id\":\"https:\/\/www.fondazionepirelli.org\/it\/cultura-dimpresa\/le-idee-per-crescere-tutti\/#breadcrumb\",\"itemListElement\":[{\"@type\":\"ListItem\",\"position\":1,\"name\":\"Home\",\"item\":\"https:\/\/www.fondazionepirelli.org\/it\/\"},{\"@type\":\"ListItem\",\"position\":2,\"name\":\"Le idee per crescere tutti\"}]},{\"@type\":\"WebSite\",\"@id\":\"https:\/\/www.fondazionepirelli.org\/it\/#website\",\"url\":\"https:\/\/www.fondazionepirelli.org\/it\/\",\"name\":\"Fondazione Pirelli\",\"description\":\"\",\"potentialAction\":[{\"@type\":\"SearchAction\",\"target\":{\"@type\":\"EntryPoint\",\"urlTemplate\":\"https:\/\/www.fondazionepirelli.org\/it\/?s={search_term_string}\"},\"query-input\":{\"@type\":\"PropertyValueSpecification\",\"valueRequired\":true,\"valueName\":\"search_term_string\"}}],\"inLanguage\":\"it-IT\"},{\"@type\":\"Person\",\"@id\":\"https:\/\/www.fondazionepirelli.org\/it\/#\/schema\/person\/c31fcf5937a0e6afa45497f3f8b6d7a0\",\"name\":\"fondazionepirelli\",\"image\":{\"@type\":\"ImageObject\",\"inLanguage\":\"it-IT\",\"@id\":\"https:\/\/www.fondazionepirelli.org\/it\/#\/schema\/person\/image\/\",\"url\":\"https:\/\/secure.gravatar.com\/avatar\/9cb486421ce1d6eddbf6c4fb66841b4325b786695f7aedf1dde2222428218696?s=96&d=mm&r=g\",\"contentUrl\":\"https:\/\/secure.gravatar.com\/avatar\/9cb486421ce1d6eddbf6c4fb66841b4325b786695f7aedf1dde2222428218696?s=96&d=mm&r=g\",\"caption\":\"fondazionepirelli\"},\"url\":\"https:\/\/www.fondazionepirelli.org\/it\/author\/fondazionepirelli\/\"}]}<\/script>\n<!-- \/ Yoast SEO plugin. -->","yoast_head_json":{"title":"Le idee per crescere tutti - Fondazione Pirelli","robots":{"index":"index","follow":"follow","max-snippet":"max-snippet:-1","max-image-preview":"max-image-preview:large","max-video-preview":"max-video-preview:-1"},"canonical":"https:\/\/www.fondazionepirelli.org\/it\/cultura-dimpresa\/le-idee-per-crescere-tutti\/","og_locale":"it_IT","og_type":"article","og_title":"Le idee per crescere tutti - Fondazione Pirelli","og_description":"Un libro appena pubblicato raccoglie sette interviste ad altrettanti grandi d\u2019impresa che ragionano su cosa fare per riprendere per davvero lo sviluppo \u00a0 Per affrontare il futuro occorrono serie idee da mettere in pratica, non tanto grandi piani strategici. Cose da fare subito e non progetti che potranno essere (forse) attuati nel medio-lungo periodo. Che [&hellip;]","og_url":"https:\/\/www.fondazionepirelli.org\/it\/cultura-dimpresa\/le-idee-per-crescere-tutti\/","og_site_name":"Fondazione Pirelli","article_published_time":"2020-10-06T07:15:34+00:00","og_image":[{"width":495,"height":775,"url":"https:\/\/wpsite-assets.fondazionepirelli.org\/wp-content\/uploads\/2020\/10\/06074054\/7107cJgHkJL-e1601966466714.jpg","type":"image\/jpeg"}],"author":"fondazionepirelli","twitter_card":"summary_large_image","twitter_misc":{"Scritto da":"fondazionepirelli","Tempo di lettura stimato":"2 minuti"},"schema":{"@context":"https:\/\/schema.org","@graph":[{"@type":"WebPage","@id":"https:\/\/www.fondazionepirelli.org\/it\/cultura-dimpresa\/le-idee-per-crescere-tutti\/","url":"https:\/\/www.fondazionepirelli.org\/it\/cultura-dimpresa\/le-idee-per-crescere-tutti\/","name":"Le idee per crescere tutti - Fondazione Pirelli","isPartOf":{"@id":"https:\/\/www.fondazionepirelli.org\/it\/#website"},"primaryImageOfPage":{"@id":"https:\/\/www.fondazionepirelli.org\/it\/cultura-dimpresa\/le-idee-per-crescere-tutti\/#primaryimage"},"image":{"@id":"https:\/\/www.fondazionepirelli.org\/it\/cultura-dimpresa\/le-idee-per-crescere-tutti\/#primaryimage"},"thumbnailUrl":"https:\/\/wpsite-assets.fondazionepirelli.org\/wp-content\/uploads\/2020\/10\/06074054\/7107cJgHkJL-e1601966466714.jpg","datePublished":"2020-10-06T07:15:34+00:00","author":{"@id":"https:\/\/www.fondazionepirelli.org\/it\/#\/schema\/person\/c31fcf5937a0e6afa45497f3f8b6d7a0"},"breadcrumb":{"@id":"https:\/\/www.fondazionepirelli.org\/it\/cultura-dimpresa\/le-idee-per-crescere-tutti\/#breadcrumb"},"inLanguage":"it-IT","potentialAction":[{"@type":"ReadAction","target":["https:\/\/www.fondazionepirelli.org\/it\/cultura-dimpresa\/le-idee-per-crescere-tutti\/"]}]},{"@type":"ImageObject","inLanguage":"it-IT","@id":"https:\/\/www.fondazionepirelli.org\/it\/cultura-dimpresa\/le-idee-per-crescere-tutti\/#primaryimage","url":"https:\/\/wpsite-assets.fondazionepirelli.org\/wp-content\/uploads\/2020\/10\/06074054\/7107cJgHkJL-e1601966466714.jpg","contentUrl":"https:\/\/wpsite-assets.fondazionepirelli.org\/wp-content\/uploads\/2020\/10\/06074054\/7107cJgHkJL-e1601966466714.jpg","width":495,"height":775},{"@type":"BreadcrumbList","@id":"https:\/\/www.fondazionepirelli.org\/it\/cultura-dimpresa\/le-idee-per-crescere-tutti\/#breadcrumb","itemListElement":[{"@type":"ListItem","position":1,"name":"Home","item":"https:\/\/www.fondazionepirelli.org\/it\/"},{"@type":"ListItem","position":2,"name":"Le idee per crescere tutti"}]},{"@type":"WebSite","@id":"https:\/\/www.fondazionepirelli.org\/it\/#website","url":"https:\/\/www.fondazionepirelli.org\/it\/","name":"Fondazione Pirelli","description":"","potentialAction":[{"@type":"SearchAction","target":{"@type":"EntryPoint","urlTemplate":"https:\/\/www.fondazionepirelli.org\/it\/?s={search_term_string}"},"query-input":{"@type":"PropertyValueSpecification","valueRequired":true,"valueName":"search_term_string"}}],"inLanguage":"it-IT"},{"@type":"Person","@id":"https:\/\/www.fondazionepirelli.org\/it\/#\/schema\/person\/c31fcf5937a0e6afa45497f3f8b6d7a0","name":"fondazionepirelli","image":{"@type":"ImageObject","inLanguage":"it-IT","@id":"https:\/\/www.fondazionepirelli.org\/it\/#\/schema\/person\/image\/","url":"https:\/\/secure.gravatar.com\/avatar\/9cb486421ce1d6eddbf6c4fb66841b4325b786695f7aedf1dde2222428218696?s=96&d=mm&r=g","contentUrl":"https:\/\/secure.gravatar.com\/avatar\/9cb486421ce1d6eddbf6c4fb66841b4325b786695f7aedf1dde2222428218696?s=96&d=mm&r=g","caption":"fondazionepirelli"},"url":"https:\/\/www.fondazionepirelli.org\/it\/author\/fondazionepirelli\/"}]}},"_links":{"self":[{"href":"https:\/\/www.fondazionepirelli.org\/it\/wp-json\/wp\/v2\/posts\/81283\/"}],"collection":[{"href":"https:\/\/www.fondazionepirelli.org\/it\/wp-json\/wp\/v2\/posts\/"}],"about":[{"href":"https:\/\/www.fondazionepirelli.org\/it\/wp-json\/wp\/v2\/types\/post\/"}],"author":[{"embeddable":true,"href":"https:\/\/www.fondazionepirelli.org\/it\/wp-json\/wp\/v2\/users\/9\/"}],"replies":[{"embeddable":true,"href":"https:\/\/www.fondazionepirelli.org\/it\/wp-json\/wp\/v2\/comments\/?post=81283"}],"version-history":[{"count":2,"href":"https:\/\/www.fondazionepirelli.org\/it\/wp-json\/wp\/v2\/posts\/81283\/revisions\/"}],"predecessor-version":[{"id":81287,"href":"https:\/\/www.fondazionepirelli.org\/it\/wp-json\/wp\/v2\/posts\/81283\/revisions\/81287\/"}],"wp:featuredmedia":[{"embeddable":true,"href":"https:\/\/www.fondazionepirelli.org\/it\/wp-json\/wp\/v2\/media\/81285\/"}],"wp:attachment":[{"href":"https:\/\/www.fondazionepirelli.org\/it\/wp-json\/wp\/v2\/media\/?parent=81283"}],"wp:term":[{"taxonomy":"category","embeddable":true,"href":"https:\/\/www.fondazionepirelli.org\/it\/wp-json\/wp\/v2\/categories\/?post=81283"},{"taxonomy":"post_tag","embeddable":true,"href":"https:\/\/www.fondazionepirelli.org\/it\/wp-json\/wp\/v2\/tags\/?post=81283"}],"curies":[{"name":"wp","href":"https:\/\/api.w.org\/{rel}","templated":true}]}}