{"id":81465,"date":"2020-10-14T09:19:33","date_gmt":"2020-10-14T08:19:33","guid":{"rendered":"https:\/\/www.fondazionepirelli.org\/?p=81465"},"modified":"2020-10-16T16:55:42","modified_gmt":"2020-10-16T15:55:42","slug":"macchine-contro-esseri-umani","status":"publish","type":"post","link":"https:\/\/www.fondazionepirelli.org\/it\/cultura-dimpresa\/macchine-contro-esseri-umani\/","title":{"rendered":"Macchine contro esseri umani?"},"content":{"rendered":"<p><em>Una tesi discussa all\u2019Universit\u00e0 di Urbino approfondisce e risponde ad uno degli interrogativi cruciali per la societ\u00e0<\/em><\/p>\n<p><em><strong>\u00a0<\/strong><\/em><\/p>\n<p>Automazione e digitalizzazione. E\u2019 l\u2019orizzonte della produzione che vuole tentare di stare sul mercato. Cammino ineluttabile, quello dell\u2019industria 4.0, eppure non univoco. Anche se il dilemma della sfida tra i robot e gli umani rimane e trapela spesso nei dibattiti e nelle rivendicazioni del lavoro. Dilemma, tra l\u2019altro, che torna dopo essersi presentato gi\u00e0 all\u2019epoca della prima rivoluzione industriale. Leggere la ricerca di Arianna Di Nardo, discussa nell\u2019ambito del Dipartimento di studi umanistici dell\u2019Universit\u00e0 di Urbino, serve per capire meglio i contorni dell\u2019argomento e per fornirsi di un bagaglio di informazioni utili per valutare meglio la situazione.<\/p>\n<p>\u201cSiamo umani, siamo insostituibili\u201d, l\u2019indagine di Di Mardo, inizia con il racconto delle sue origini e quindi dal bisogno di rispondere ad alcuni preconcetti sul futuro del lavoro, come ad esempio \u201ci robot ci sostituiranno\u201d oppure \u201cin futuro verremo rimpiazzati dalle macchine, non ci sar\u00e0 pi\u00f9 lavoro per nessuno\u201d. Prospettive cruciali per i giovani in cerca di lavoro ma anche per chi gi\u00e0 \u00e8 inserito nelle aziende. La domanda alla quale si cerca di rispondere, quindi, \u00e8 semplice: \u00e8 proprio vero che possiamo essere rimpiazzati dalla tecnologia?<\/p>\n<p>Di Nardo cerca di trovare risposte \u00a0ragionando prima attorno ai concetti di <em>smart working <\/em>\u00a0e del binomio uomo-macchina e prima ancora sul grado di influenza delle nuove tecnologie sulla societ\u00e0 e sui singoli. Successivamente, Di Nardo affronta quelle che vengono indicate come <em>soft skills<\/em>, cio\u00e8 quelle caratteristiche proprie dell\u2019essere umano che concorrono a renderlo indispensabile: intelligenza emotiva, empatia e creativit\u00e0.<\/p>\n<p>La conclusione della ricerca composta da Di Nardo \u00e8 positiva, a patto che si riesca nel cambio di paradigma lavorativo: un salto di cultura che devono compiere in molti e che non \u00e8 certo facile. Scrive l\u2019autrice che di fronte ai cambiamenti delle tecnologie occorre avere la \u201cconsapevolezza che il progresso tecnologico non si pu\u00f2 arrestare e che quindi \u00e8 inutile competere con le macchine (\u2026). Paradossalmente, per\u00f2, sono state proprio loro a farci capire che coltivare le nostre doti umane \u00e8 l\u2019unica soluzione per affrontare al meglio le sfide del futuro\u201d.<\/p><p><a href=\"https:\/\/wpsite-assets.fondazionepirelli.org\/wp-content\/uploads\/2020\/10\/13093438\/di_nardo_arianna_tesi.pdf\"><strong>Siamo umani, siamo insostituibili. Affrontare le sfide del futuro con intelligenza emotiva, empatia e creativit\u00e0 <\/strong><\/a><\/p>\n<p>Arianna Di Nardo<\/p>\n<p>Tesi, Universit\u00e0 degli Studi di Urbino Carlo Bo, Dipartimento di studi umanistici, Master di primo livello in counseling and coaching skills. Percorso formativo ed esperienziale di comunicazione efficace nei contesti professionali ed organizzativi, 2020<\/p>\n","protected":false},"excerpt":{"rendered":"<p>Una tesi discussa all\u2019Universit\u00e0 di Urbino approfondisce e risponde ad uno degli interrogativi cruciali per la societ\u00e0 \u00a0 Automazione e digitalizzazione. E\u2019 l\u2019orizzonte della produzione che vuole tentare di stare sul mercato. Cammino ineluttabile, quello dell\u2019industria 4.0, eppure non univoco. Anche se il dilemma della sfida tra i robot e gli umani rimane e trapela [&hellip;]<\/p>\n","protected":false},"author":9,"featured_media":0,"comment_status":"open","ping_status":"open","sticky":false,"template":"","format":"standard","meta":{"footnotes":""},"categories":[54,52],"tags":[],"class_list":["post-81465","post","type-post","status-publish","format-standard","hentry","category-approfondimenti","category-cultura-dimpresa"],"acf":[],"yoast_head":"<!-- This site is optimized with the Yoast SEO plugin v25.0 - https:\/\/yoast.com\/wordpress\/plugins\/seo\/ -->\n<title>Macchine contro esseri umani? - Fondazione Pirelli<\/title>\n<meta name=\"robots\" content=\"index, follow, max-snippet:-1, max-image-preview:large, max-video-preview:-1\" \/>\n<link rel=\"canonical\" href=\"https:\/\/www.fondazionepirelli.org\/it\/cultura-dimpresa\/macchine-contro-esseri-umani\/\" \/>\n<meta property=\"og:locale\" content=\"it_IT\" \/>\n<meta property=\"og:type\" content=\"article\" \/>\n<meta property=\"og:title\" content=\"Macchine contro esseri umani? - Fondazione Pirelli\" \/>\n<meta property=\"og:description\" content=\"Una tesi discussa all\u2019Universit\u00e0 di Urbino approfondisce e risponde ad uno degli interrogativi cruciali per la societ\u00e0 \u00a0 Automazione e digitalizzazione. E\u2019 l\u2019orizzonte della produzione che vuole tentare di stare sul mercato. Cammino ineluttabile, quello dell\u2019industria 4.0, eppure non univoco. Anche se il dilemma della sfida tra i robot e gli umani rimane e trapela [&hellip;]\" \/>\n<meta property=\"og:url\" content=\"https:\/\/www.fondazionepirelli.org\/it\/cultura-dimpresa\/macchine-contro-esseri-umani\/\" \/>\n<meta property=\"og:site_name\" content=\"Fondazione Pirelli\" \/>\n<meta property=\"article:published_time\" content=\"2020-10-14T08:19:33+00:00\" \/>\n<meta property=\"article:modified_time\" content=\"2020-10-16T15:55:42+00:00\" \/>\n<meta name=\"author\" content=\"fondazionepirelli\" \/>\n<meta name=\"twitter:card\" content=\"summary_large_image\" \/>\n<meta name=\"twitter:label1\" content=\"Scritto da\" \/>\n\t<meta name=\"twitter:data1\" content=\"fondazionepirelli\" \/>\n\t<meta name=\"twitter:label2\" content=\"Tempo di lettura stimato\" \/>\n\t<meta name=\"twitter:data2\" content=\"2 minuti\" \/>\n<script type=\"application\/ld+json\" class=\"yoast-schema-graph\">{\"@context\":\"https:\/\/schema.org\",\"@graph\":[{\"@type\":\"WebPage\",\"@id\":\"https:\/\/www.fondazionepirelli.org\/it\/cultura-dimpresa\/macchine-contro-esseri-umani\/\",\"url\":\"https:\/\/www.fondazionepirelli.org\/it\/cultura-dimpresa\/macchine-contro-esseri-umani\/\",\"name\":\"Macchine contro esseri umani? - Fondazione Pirelli\",\"isPartOf\":{\"@id\":\"https:\/\/www.fondazionepirelli.org\/it\/#website\"},\"datePublished\":\"2020-10-14T08:19:33+00:00\",\"dateModified\":\"2020-10-16T15:55:42+00:00\",\"author\":{\"@id\":\"https:\/\/www.fondazionepirelli.org\/it\/#\/schema\/person\/c31fcf5937a0e6afa45497f3f8b6d7a0\"},\"breadcrumb\":{\"@id\":\"https:\/\/www.fondazionepirelli.org\/it\/cultura-dimpresa\/macchine-contro-esseri-umani\/#breadcrumb\"},\"inLanguage\":\"it-IT\",\"potentialAction\":[{\"@type\":\"ReadAction\",\"target\":[\"https:\/\/www.fondazionepirelli.org\/it\/cultura-dimpresa\/macchine-contro-esseri-umani\/\"]}]},{\"@type\":\"BreadcrumbList\",\"@id\":\"https:\/\/www.fondazionepirelli.org\/it\/cultura-dimpresa\/macchine-contro-esseri-umani\/#breadcrumb\",\"itemListElement\":[{\"@type\":\"ListItem\",\"position\":1,\"name\":\"Home\",\"item\":\"https:\/\/www.fondazionepirelli.org\/it\/\"},{\"@type\":\"ListItem\",\"position\":2,\"name\":\"Macchine contro esseri umani?\"}]},{\"@type\":\"WebSite\",\"@id\":\"https:\/\/www.fondazionepirelli.org\/it\/#website\",\"url\":\"https:\/\/www.fondazionepirelli.org\/it\/\",\"name\":\"Fondazione Pirelli\",\"description\":\"\",\"potentialAction\":[{\"@type\":\"SearchAction\",\"target\":{\"@type\":\"EntryPoint\",\"urlTemplate\":\"https:\/\/www.fondazionepirelli.org\/it\/?s={search_term_string}\"},\"query-input\":{\"@type\":\"PropertyValueSpecification\",\"valueRequired\":true,\"valueName\":\"search_term_string\"}}],\"inLanguage\":\"it-IT\"},{\"@type\":\"Person\",\"@id\":\"https:\/\/www.fondazionepirelli.org\/it\/#\/schema\/person\/c31fcf5937a0e6afa45497f3f8b6d7a0\",\"name\":\"fondazionepirelli\",\"image\":{\"@type\":\"ImageObject\",\"inLanguage\":\"it-IT\",\"@id\":\"https:\/\/www.fondazionepirelli.org\/it\/#\/schema\/person\/image\/\",\"url\":\"https:\/\/secure.gravatar.com\/avatar\/9cb486421ce1d6eddbf6c4fb66841b4325b786695f7aedf1dde2222428218696?s=96&d=mm&r=g\",\"contentUrl\":\"https:\/\/secure.gravatar.com\/avatar\/9cb486421ce1d6eddbf6c4fb66841b4325b786695f7aedf1dde2222428218696?s=96&d=mm&r=g\",\"caption\":\"fondazionepirelli\"},\"url\":\"https:\/\/www.fondazionepirelli.org\/it\/author\/fondazionepirelli\/\"}]}<\/script>\n<!-- \/ Yoast SEO plugin. -->","yoast_head_json":{"title":"Macchine contro esseri umani? - Fondazione Pirelli","robots":{"index":"index","follow":"follow","max-snippet":"max-snippet:-1","max-image-preview":"max-image-preview:large","max-video-preview":"max-video-preview:-1"},"canonical":"https:\/\/www.fondazionepirelli.org\/it\/cultura-dimpresa\/macchine-contro-esseri-umani\/","og_locale":"it_IT","og_type":"article","og_title":"Macchine contro esseri umani? - Fondazione Pirelli","og_description":"Una tesi discussa all\u2019Universit\u00e0 di Urbino approfondisce e risponde ad uno degli interrogativi cruciali per la societ\u00e0 \u00a0 Automazione e digitalizzazione. E\u2019 l\u2019orizzonte della produzione che vuole tentare di stare sul mercato. Cammino ineluttabile, quello dell\u2019industria 4.0, eppure non univoco. Anche se il dilemma della sfida tra i robot e gli umani rimane e trapela [&hellip;]","og_url":"https:\/\/www.fondazionepirelli.org\/it\/cultura-dimpresa\/macchine-contro-esseri-umani\/","og_site_name":"Fondazione Pirelli","article_published_time":"2020-10-14T08:19:33+00:00","article_modified_time":"2020-10-16T15:55:42+00:00","author":"fondazionepirelli","twitter_card":"summary_large_image","twitter_misc":{"Scritto da":"fondazionepirelli","Tempo di lettura stimato":"2 minuti"},"schema":{"@context":"https:\/\/schema.org","@graph":[{"@type":"WebPage","@id":"https:\/\/www.fondazionepirelli.org\/it\/cultura-dimpresa\/macchine-contro-esseri-umani\/","url":"https:\/\/www.fondazionepirelli.org\/it\/cultura-dimpresa\/macchine-contro-esseri-umani\/","name":"Macchine contro esseri umani? - Fondazione Pirelli","isPartOf":{"@id":"https:\/\/www.fondazionepirelli.org\/it\/#website"},"datePublished":"2020-10-14T08:19:33+00:00","dateModified":"2020-10-16T15:55:42+00:00","author":{"@id":"https:\/\/www.fondazionepirelli.org\/it\/#\/schema\/person\/c31fcf5937a0e6afa45497f3f8b6d7a0"},"breadcrumb":{"@id":"https:\/\/www.fondazionepirelli.org\/it\/cultura-dimpresa\/macchine-contro-esseri-umani\/#breadcrumb"},"inLanguage":"it-IT","potentialAction":[{"@type":"ReadAction","target":["https:\/\/www.fondazionepirelli.org\/it\/cultura-dimpresa\/macchine-contro-esseri-umani\/"]}]},{"@type":"BreadcrumbList","@id":"https:\/\/www.fondazionepirelli.org\/it\/cultura-dimpresa\/macchine-contro-esseri-umani\/#breadcrumb","itemListElement":[{"@type":"ListItem","position":1,"name":"Home","item":"https:\/\/www.fondazionepirelli.org\/it\/"},{"@type":"ListItem","position":2,"name":"Macchine contro esseri umani?"}]},{"@type":"WebSite","@id":"https:\/\/www.fondazionepirelli.org\/it\/#website","url":"https:\/\/www.fondazionepirelli.org\/it\/","name":"Fondazione Pirelli","description":"","potentialAction":[{"@type":"SearchAction","target":{"@type":"EntryPoint","urlTemplate":"https:\/\/www.fondazionepirelli.org\/it\/?s={search_term_string}"},"query-input":{"@type":"PropertyValueSpecification","valueRequired":true,"valueName":"search_term_string"}}],"inLanguage":"it-IT"},{"@type":"Person","@id":"https:\/\/www.fondazionepirelli.org\/it\/#\/schema\/person\/c31fcf5937a0e6afa45497f3f8b6d7a0","name":"fondazionepirelli","image":{"@type":"ImageObject","inLanguage":"it-IT","@id":"https:\/\/www.fondazionepirelli.org\/it\/#\/schema\/person\/image\/","url":"https:\/\/secure.gravatar.com\/avatar\/9cb486421ce1d6eddbf6c4fb66841b4325b786695f7aedf1dde2222428218696?s=96&d=mm&r=g","contentUrl":"https:\/\/secure.gravatar.com\/avatar\/9cb486421ce1d6eddbf6c4fb66841b4325b786695f7aedf1dde2222428218696?s=96&d=mm&r=g","caption":"fondazionepirelli"},"url":"https:\/\/www.fondazionepirelli.org\/it\/author\/fondazionepirelli\/"}]}},"_links":{"self":[{"href":"https:\/\/www.fondazionepirelli.org\/it\/wp-json\/wp\/v2\/posts\/81465\/"}],"collection":[{"href":"https:\/\/www.fondazionepirelli.org\/it\/wp-json\/wp\/v2\/posts\/"}],"about":[{"href":"https:\/\/www.fondazionepirelli.org\/it\/wp-json\/wp\/v2\/types\/post\/"}],"author":[{"embeddable":true,"href":"https:\/\/www.fondazionepirelli.org\/it\/wp-json\/wp\/v2\/users\/9\/"}],"replies":[{"embeddable":true,"href":"https:\/\/www.fondazionepirelli.org\/it\/wp-json\/wp\/v2\/comments\/?post=81465"}],"version-history":[{"count":3,"href":"https:\/\/www.fondazionepirelli.org\/it\/wp-json\/wp\/v2\/posts\/81465\/revisions\/"}],"predecessor-version":[{"id":81557,"href":"https:\/\/www.fondazionepirelli.org\/it\/wp-json\/wp\/v2\/posts\/81465\/revisions\/81557\/"}],"wp:attachment":[{"href":"https:\/\/www.fondazionepirelli.org\/it\/wp-json\/wp\/v2\/media\/?parent=81465"}],"wp:term":[{"taxonomy":"category","embeddable":true,"href":"https:\/\/www.fondazionepirelli.org\/it\/wp-json\/wp\/v2\/categories\/?post=81465"},{"taxonomy":"post_tag","embeddable":true,"href":"https:\/\/www.fondazionepirelli.org\/it\/wp-json\/wp\/v2\/tags\/?post=81465"}],"curies":[{"name":"wp","href":"https:\/\/api.w.org\/{rel}","templated":true}]}}