{"id":81475,"date":"2020-10-14T09:15:57","date_gmt":"2020-10-14T08:15:57","guid":{"rendered":"https:\/\/www.fondazionepirelli.org\/?p=81475"},"modified":"2020-10-14T09:17:57","modified_gmt":"2020-10-14T08:17:57","slug":"qui-ogni-impresa-e-possibile-lo-sguardo-lungo-di-milano-verso-il-recovery-plan-delleuropa","status":"publish","type":"post","link":"https:\/\/www.fondazionepirelli.org\/it\/cultura-dimpresa\/qui-ogni-impresa-e-possibile-lo-sguardo-lungo-di-milano-verso-il-recovery-plan-delleuropa\/","title":{"rendered":"\u201cQui ogni impresa \u00e8 possibile\u201d: lo sguardo lungo di Milano verso il Recovery Plan dell\u2019Europa"},"content":{"rendered":"<p>\u201c<strong>Qui ogni impresa \u00e8 possibile<\/strong>\u201d, proclama <strong>Alessandro Spada<\/strong>, presidente di Assolombarda. \u201cQui ogni impresa \u00e8 possibile\u201d, sottolinea sorridendo Monica Maggioni, introducendo un film di John Dickie, storico inglese amante dell\u2019Italia e delle sue aziende. \u201cQui ogni impresa \u00e8 possibile\u201d, ribadisca il Commissario Ue all\u2019Economia Paolo Gentiloni, dopo aver parlato di <em><strong>Recovery Fund<\/strong> <\/em>europeo, di <em>green <\/em>e <em>\u00a0digital economy<\/em> e degli investimenti da fare su innovazione, scuola, conoscenza, ricerca e nuove tecnologie. \u201cQui\u201d \u00e8 il territorio in cui si produce il 13% del Pil italiano e il 13% dell\u2019export, dove si concentrano il maggior numero di multinazionali e dove operano universit\u00e0 ai primi posti delle classifiche di qualit\u00e0 europee. \u201cQui\u201d \u00e8 il cuore industriale dell\u2019Italia europea, con parecchi dei settori d\u2019avanguardia dell\u2019economia, dalla meccatronica alla farmaceutica, dall\u2019<em><strong>automotive<\/strong> <\/em>alla chimica, dalla gomma alla moda e all\u2019arredamento, il meglio del <strong><em>made in Italy <\/em><\/strong>apprezzato nelle nicchie a maggior valore aggiunto dei mercati mondiali.<\/p>\n<p>Siamo nel grande hangar dell\u2019aeroporto di Linate, dove, in un luned\u00ec freddo di sole luminoso, si celebra l\u2019assemblea annuale di Assolombarda, la maggiore organizzazione territoriale di <strong>Confindustria,<\/strong> che riunisce pi\u00f9 di settemila imprese di Milano, Lodi, Pavia, Monza e della Brianza. E proprio la scelta simbolica di Linate indica i cardini di una ripresa possibile: le radici ben salde nel territorio della metropoli e l\u2019attitudine a pensare il mondo come luogo di scambi, relazioni, affari, confronti di economie e culture. Un mondo ben conosciuto proprio dalle imprese di cui Assolombarda \u00e8 attiva interprete e rappresentante.<\/p>\n<p>Milano, dunque, all\u2019incrocio dei percorsi tra il nord europeo e il Mediterraneo, l\u2019ovest e l\u2019est. Milano allargata nello spazio fertile della pianura padana, senza difese naturali di montagne e di fiumi e dunque citt\u00e0 aperta, per condizione e vocazione. Milano rotonda, priva di spigoli e angoli taglienti. Milano con le porte delle mura usate come caselli del dazio, segno evidente di un\u2019economia di relazioni. <strong>Milano inclusiva,<\/strong> dai precetti del vescovo Ambrogio fondatore d\u2019uno speciale \u201crito ambrosiano\u201d che mira a innovare e coinvolgere all\u2019editto del vescovo Ariberto d\u2019Intimiano che nel 1018 proclama: \u201cChi sa lavorare venga a Milano. E chi viene a Milano \u00e8 un uomo libero\u201d. Milano metropoli, considerata dai sociologhi pi\u00f9 attenti come una sorta di \u201ccitt\u00e0 infinita\u201d che s\u2019allarga in un sistema di rapporti da Torino e il Piemonte verso il Nord Est e l\u2019Emilia industriale. Milano grande, terra di fabbriche e universit\u00e0, centri di <strong><em>life sciences <\/em>d\u2019avanguardia<\/strong> e istituzioni finanziarie, di servizi <em>hi tech <\/em>e di cultura di spessore internazionale. Milano capace di soffrire le crisi (le tensioni sociali del boom economico, le bombe di piazza Fontana e le ombre del terrorismo lungo tutto il decennio degli \u201canni di piombo\u201d, il disastro morale di Tangentopoli, le crisi di Borsa e le recessioni) e comunque di uscirne. Milano molti fatti e pochi fronzoli, con la buona cultura del lavorare e con un orgoglio che sconfina talvolta nel vanto. Milano competitiva e comunque mai disattenta alla sua natura profonda di comunit\u00e0 solidale.<\/p>\n<p>Tutto concentrato qui, nell\u2019hangar di Linate, tra imprenditori e rappresentanti delle istituzioni, della politica e della societ\u00e0 civile, per questo rito, l\u2019assemblea Assolombarda appunto, che si ripete ogni anno, una volta in una grande fabbrica dismessa, un\u2019altra negli spazi solenni del Teatro alla Scala e adesso a Linate, per dire di movimenti, partenze, arrivi, scambi che ancora non sono ripartiti ma tutti sono sicuri che, passata la pandemia da Covid19, comunque ricominceranno, in una metropoli che ha preso atto della sua fragilit\u00e0 e dichiara la volont\u00e0 di andare \u201coltre\u201d, di costruire un nuovo e migliore tessuto di relazioni economiche e sociali.<\/p>\n<p>\u201cMilano vicino all\u2019Europa\u2026 Milano a portata di mano\/ ti fa una domanda in tedesco\/ e ti risponde in siciliano\u2026\u201d cantava Lucio Dalla. Appunto.<\/p>\n<p>Ecco, l\u2019<strong>Europa.<\/strong> \u00c8 uno dei primi punti della relazione di Spada: \u201cSenza l\u2019Europa non avremmo la capacit\u00e0 per partecipare a un confronto mondiale che si gioca su scala sempre pi\u00f9 ampia, nella demografia, nel commercio, nella tecnologia. Oggi, l\u2019Italia ha buone ragioni per tornare a credere nel progetto europeo, per scommettere nella svolta degli ultimi mesi. Perch\u00e9 tra gli Stati membri \u00e8 emersa una nuova consapevolezza: non si pu\u00f2 uscire da una crisi di proporzioni inedite senza investimenti comuni, senza responsabilit\u00e0 condivise\u201d.<\/p>\n<p>Gentiloni, parlando agli imprenditori di Assolombarda, ha ricordato le scelte di Bruxelles, il Recovery Plan Next Generation Ue fondato su <em>green economy <\/em>e <em>digital economy<\/em>, sostenibilit\u00e0 e innovazione, cio\u00e8. E Spada: \u201cRispetto al passato e alla risposta deludente alla precedente recessione, a questa Commissione Europea va riconosciuto un cambio di passo. Questi mesi hanno dimostrato come non abbia senso minare il progetto europeo, o chiamarsi fuori da esso, mentre l\u2019unica strada \u00e8 esserne pienamente protagonisti. Il nostro futuro industriale passa per le priorit\u00e0 che l\u2019Europa si \u00e8 data a partire da quest\u2019estate con il Recovery Fund. <strong>Infrastrutture, digitalizzazione, ammortizzatori sociali, scuola, sanit\u00e0 ed economia green<\/strong>, sono investimenti che non possiamo pi\u00f9 rimandare. Per noi e per il Paese\u201d.<\/p>\n<p>Insomma, \u201cabbiamo in mente un\u2019Europa che non sia timida, che passi rapidamente dai piani alle azioni, dalle buone intenzioni alla capacit\u00e0 di realizzazione. In questo percorso, non c\u2019\u00e8 e non pu\u00f2 esserci un fossato tra Bruxelles e noi\u201d. Perch\u00e9 \u201cnoi siamo l\u2019Europa\u201d.<\/p>\n<p>Parlare delle prospettive per le nuove generazioni significa insistere sulla formazione: \u201cLa <strong>migliore infrastruttura sociale<\/strong>\u201d. Insiste Spada: \u201cIl rapporto delle imprese con la scuola e le universit\u00e0 \u00e8 una delle nostre priorit\u00e0 pi\u00f9 importanti. In questi mesi abbiamo rafforzato le collaborazioni delle aziende sulla formazione, in particolare negli ITS, anche facendo tesoro delle migliori esperienze europee. La formazione tecnica non \u00e8 di serie B. Al contrario, \u00e8 uno dei tasselli su cui puntare per la ripartenza del manifatturiero all\u2019insegna dell\u2019innovazione\u201d.<\/p>\n<p>I giovani. E le donne: \u201cPuntare sulla prossima generazione vuol dire liberare una volta per tutte il principale potenziale inespresso della nostra societ\u00e0. Quello delle donne: nel lavoro, nella carriera, ai vertici del management. Quello dei giovani, che deve essere al centro della nostra idea di societ\u00e0. Non possiamo tenere le nostre migliori risorse in panchina\u201d.<\/p>\n<p>La leadership della metropoli, come locomotiva che traina il sistema Paese (un\u2019immagine evocata, all\u2019assemblea, dal presidente di Confindustria <strong>Carlo Bonomi,<\/strong> che proprio da Assolombarda proviene) si basa su una capacit\u00e0 di ricerca e sviluppo e trasferimento tecnologico unica in Italia e che pone Milano ai vertici europei: \u201cConcentra rispettivamente il 21% del totale nazionale sia della spesa in ricerca e sviluppo e sia delle pubblicazioni scientifiche. Siamo leader nel trasferimento tecnologico: solo nel 2019 sono stati depositati 1.493 brevetti della Lombardia allo European Patent Office, ben il 34% del totale dell\u2019Italia\u201d. Con l\u2019avvio di <strong>Human Technopole<\/strong>, con la candidatura di Milano al Tribunale Unificato dei Brevetti , con la candidatura di Milano e Bergamo per ospitare il vertice globale della salute dell\u2019anno prossimo, questo territorio \u201csar\u00e0 protagonista della crescente competizione internazionale sulle scienze della vita\u201d. All\u2019orizzonte, l\u2019istituzione di un\u2019Agenzia Europea per la Ricerca e lo Sviluppo avanzato biomedico, annunciata dalla presidente della Commissione Ue Ursula von der Layen: \u201c\u00c8 un\u2019altra partita che vogliamo giocare perch\u00e9 abbiamo tutte le carte in regola per poterla vincere\u201d.<\/p>\n<p>C\u2019\u00e8 un altro cardine dell\u2019attivit\u00e0 di Assolombarda: la cultura d\u2019impresa fondata sulla <strong>legalit\u00e0<\/strong>. Significa \u201cstare in prima linea nell\u2019azione contro la mafia, che ha ancora oggi un\u2019allarmante attualit\u00e0\u201d. Proprio nelle aree del Nord, da Milano alla Brianza, la \u2018ndrangheta soprattutto ma anche la camorra e Cosa Nostra siciliana hanno rafforzato la presa sull\u2019economia, approfittando della crisi per cercare di impadronirsi di imprese, servizi, pubbliche amministrazioni, appalti, stravolgendo il mercato e il funzionamento della vita civile. Su questo tema, insiste Spada, \u201cdobbiamo rafforzare il nostro impegno, con tutti gli attori sociali ed economici che hanno a cuore la libert\u00e0. E con una vera regia europea, perch\u00e9 la mafia oggi non conosce confini\u201d. E ancora: \u201cDobbiamo far sentire la nostra voce contro gli inaccettabili fenomeni di intimidazione e la deriva violenta verso le imprese\u201d. E dunque, solidariet\u00e0 ripetuta per Marco Bonometti, Giuseppe Pasini e Stefano Scaglia, i presidenti di Confindustria Lombardia e delle associazioni di Brescia e Bergamo, oggetto di minacce terroristiche: \u201cDavanti alle minacce, nessun imprenditore della Lombardia deve sentirsi solo\u201d.<\/p>\n<p>C\u2019\u00e8 un altro tema, che mette in allarme gli imprenditori: \u201cIl costo del non fare\u201d. Burocrazie inefficienti, spesa pubblica produttiva bloccata, opere pubbliche ferme, produttivit\u00e0 e competitivit\u00e0 rallentate. La risposta? \u201cBasta con la logica dell\u2019emergenza: servono <strong>soluzioni strutturali<\/strong>\u201d. Si parte da tre priorit\u00e0, da tre scelte chiare: innanzitutto, \u201cbisogna cambiare radicalmente una burocrazia che ostacola la competitivit\u00e0 delle imprese e lo sviluppo del territorio. Un macigno che grava sul \u00abfare\u00bb\u201d. Il modello Genova, che ha consentito di ricostruire in poco pi\u00f9 di un anno il ponte crollato invece che in dieci, deve essere la normalit\u00e0.<\/p>\n<p>La seconda priorit\u00e0: \u201c<strong>Industria 4.0.<\/strong> Quando una cosa funziona, va sostenuta e rafforzata. E oggi, Industria 4.0 va ripristinata nel suo ruolo di misura \u00abdirompente\u00bb, per accelerare il cambiamento che le aziende devono affrontare: non solo l\u2019acquisto di macchinari nuovi e tecnologia pi\u00f9 avanzata, ma anche una trasformazione dei processi di business, produttivi e gestionali\u201d.<\/p>\n<p>La terza priorit\u00e0 racchiude il senso dei prossimi anni: \u201cNon possiamo perdere la grande occasione europea: 209 miliardi per rilanciare il nostro territorio e tutto il Paese. 209 miliardi per dimostrare che l\u2019Italia si lascia alle spalle l\u2019epoca del \u00abnon fare\u00bb. \u00c8 la nostra occasione. Non sprechiamola\u201d.\u00a0 L\u2019impresa milanese e lombarda riconferma dunque la sua idea di mercato e di societ\u00e0 aperta. Di territorio attivo e di <em>fair trade<\/em>, di produzioni e scambi nel contesto di un\u2019Italia e un\u2019Europa sostenibili, dal punto di vista ambientale e sociale. Una bella impresa \u201cpossibile\u201d, appunto.<\/p>","protected":false},"excerpt":{"rendered":"<p>\u201cQui ogni impresa \u00e8 possibile\u201d, proclama Alessandro Spada, presidente di Assolombarda. \u201cQui ogni impresa \u00e8 possibile\u201d, sottolinea sorridendo Monica Maggioni, introducendo un film di John Dickie, storico inglese amante dell\u2019Italia e delle sue aziende. \u201cQui ogni impresa \u00e8 possibile\u201d, ribadisca il Commissario Ue all\u2019Economia Paolo Gentiloni, dopo aver parlato di Recovery Fund europeo, di green [&hellip;]<\/p>\n","protected":false},"author":9,"featured_media":81484,"comment_status":"open","ping_status":"open","sticky":false,"template":"","format":"standard","meta":{"footnotes":""},"categories":[53,52],"tags":[],"class_list":["post-81475","post","type-post","status-publish","format-standard","has-post-thumbnail","hentry","category-blog","category-cultura-dimpresa"],"acf":[],"yoast_head":"<!-- This site is optimized with the Yoast SEO plugin v25.0 - https:\/\/yoast.com\/wordpress\/plugins\/seo\/ -->\n<title>\u201cQui ogni impresa \u00e8 possibile\u201d: lo sguardo lungo di Milano verso il Recovery Plan dell\u2019Europa - Fondazione Pirelli<\/title>\n<meta name=\"robots\" content=\"index, follow, max-snippet:-1, max-image-preview:large, max-video-preview:-1\" \/>\n<link rel=\"canonical\" href=\"https:\/\/www.fondazionepirelli.org\/it\/cultura-dimpresa\/qui-ogni-impresa-e-possibile-lo-sguardo-lungo-di-milano-verso-il-recovery-plan-delleuropa\/\" \/>\n<meta property=\"og:locale\" content=\"it_IT\" \/>\n<meta property=\"og:type\" content=\"article\" \/>\n<meta property=\"og:title\" content=\"\u201cQui ogni impresa \u00e8 possibile\u201d: lo sguardo lungo di Milano verso il Recovery Plan dell\u2019Europa - Fondazione Pirelli\" \/>\n<meta property=\"og:description\" content=\"\u201cQui ogni impresa \u00e8 possibile\u201d, proclama Alessandro Spada, presidente di Assolombarda. \u201cQui ogni impresa \u00e8 possibile\u201d, sottolinea sorridendo Monica Maggioni, introducendo un film di John Dickie, storico inglese amante dell\u2019Italia e delle sue aziende. \u201cQui ogni impresa \u00e8 possibile\u201d, ribadisca il Commissario Ue all\u2019Economia Paolo Gentiloni, dopo aver parlato di Recovery Fund europeo, di green [&hellip;]\" \/>\n<meta property=\"og:url\" content=\"https:\/\/www.fondazionepirelli.org\/it\/cultura-dimpresa\/qui-ogni-impresa-e-possibile-lo-sguardo-lungo-di-milano-verso-il-recovery-plan-delleuropa\/\" \/>\n<meta property=\"og:site_name\" content=\"Fondazione Pirelli\" \/>\n<meta property=\"article:published_time\" content=\"2020-10-14T08:15:57+00:00\" \/>\n<meta property=\"article:modified_time\" content=\"2020-10-14T08:17:57+00:00\" \/>\n<meta property=\"og:image\" content=\"https:\/\/wpsite-assets.fondazionepirelli.org\/wp-content\/uploads\/2020\/10\/14091735\/le-periferie-di-Milano-e1556541346246.jpg\" \/>\n\t<meta property=\"og:image:width\" content=\"799\" \/>\n\t<meta property=\"og:image:height\" content=\"449\" \/>\n\t<meta property=\"og:image:type\" content=\"image\/jpeg\" \/>\n<meta name=\"author\" content=\"fondazionepirelli\" \/>\n<meta name=\"twitter:card\" content=\"summary_large_image\" \/>\n<meta name=\"twitter:label1\" content=\"Scritto da\" \/>\n\t<meta name=\"twitter:data1\" content=\"fondazionepirelli\" \/>\n\t<meta name=\"twitter:label2\" content=\"Tempo di lettura stimato\" \/>\n\t<meta name=\"twitter:data2\" content=\"8 minuti\" \/>\n<script type=\"application\/ld+json\" class=\"yoast-schema-graph\">{\"@context\":\"https:\/\/schema.org\",\"@graph\":[{\"@type\":\"WebPage\",\"@id\":\"https:\/\/www.fondazionepirelli.org\/it\/cultura-dimpresa\/qui-ogni-impresa-e-possibile-lo-sguardo-lungo-di-milano-verso-il-recovery-plan-delleuropa\/\",\"url\":\"https:\/\/www.fondazionepirelli.org\/it\/cultura-dimpresa\/qui-ogni-impresa-e-possibile-lo-sguardo-lungo-di-milano-verso-il-recovery-plan-delleuropa\/\",\"name\":\"\u201cQui ogni impresa \u00e8 possibile\u201d: lo sguardo lungo di Milano verso il Recovery Plan dell\u2019Europa - Fondazione Pirelli\",\"isPartOf\":{\"@id\":\"https:\/\/www.fondazionepirelli.org\/it\/#website\"},\"primaryImageOfPage\":{\"@id\":\"https:\/\/www.fondazionepirelli.org\/it\/cultura-dimpresa\/qui-ogni-impresa-e-possibile-lo-sguardo-lungo-di-milano-verso-il-recovery-plan-delleuropa\/#primaryimage\"},\"image\":{\"@id\":\"https:\/\/www.fondazionepirelli.org\/it\/cultura-dimpresa\/qui-ogni-impresa-e-possibile-lo-sguardo-lungo-di-milano-verso-il-recovery-plan-delleuropa\/#primaryimage\"},\"thumbnailUrl\":\"https:\/\/wpsite-assets.fondazionepirelli.org\/wp-content\/uploads\/2020\/10\/14091735\/le-periferie-di-Milano-e1556541346246.jpg\",\"datePublished\":\"2020-10-14T08:15:57+00:00\",\"dateModified\":\"2020-10-14T08:17:57+00:00\",\"author\":{\"@id\":\"https:\/\/www.fondazionepirelli.org\/it\/#\/schema\/person\/c31fcf5937a0e6afa45497f3f8b6d7a0\"},\"breadcrumb\":{\"@id\":\"https:\/\/www.fondazionepirelli.org\/it\/cultura-dimpresa\/qui-ogni-impresa-e-possibile-lo-sguardo-lungo-di-milano-verso-il-recovery-plan-delleuropa\/#breadcrumb\"},\"inLanguage\":\"it-IT\",\"potentialAction\":[{\"@type\":\"ReadAction\",\"target\":[\"https:\/\/www.fondazionepirelli.org\/it\/cultura-dimpresa\/qui-ogni-impresa-e-possibile-lo-sguardo-lungo-di-milano-verso-il-recovery-plan-delleuropa\/\"]}]},{\"@type\":\"ImageObject\",\"inLanguage\":\"it-IT\",\"@id\":\"https:\/\/www.fondazionepirelli.org\/it\/cultura-dimpresa\/qui-ogni-impresa-e-possibile-lo-sguardo-lungo-di-milano-verso-il-recovery-plan-delleuropa\/#primaryimage\",\"url\":\"https:\/\/wpsite-assets.fondazionepirelli.org\/wp-content\/uploads\/2020\/10\/14091735\/le-periferie-di-Milano-e1556541346246.jpg\",\"contentUrl\":\"https:\/\/wpsite-assets.fondazionepirelli.org\/wp-content\/uploads\/2020\/10\/14091735\/le-periferie-di-Milano-e1556541346246.jpg\",\"width\":799,\"height\":449},{\"@type\":\"BreadcrumbList\",\"@id\":\"https:\/\/www.fondazionepirelli.org\/it\/cultura-dimpresa\/qui-ogni-impresa-e-possibile-lo-sguardo-lungo-di-milano-verso-il-recovery-plan-delleuropa\/#breadcrumb\",\"itemListElement\":[{\"@type\":\"ListItem\",\"position\":1,\"name\":\"Home\",\"item\":\"https:\/\/www.fondazionepirelli.org\/it\/\"},{\"@type\":\"ListItem\",\"position\":2,\"name\":\"\u201cQui ogni impresa \u00e8 possibile\u201d: lo sguardo lungo di Milano verso il Recovery Plan dell\u2019Europa\"}]},{\"@type\":\"WebSite\",\"@id\":\"https:\/\/www.fondazionepirelli.org\/it\/#website\",\"url\":\"https:\/\/www.fondazionepirelli.org\/it\/\",\"name\":\"Fondazione Pirelli\",\"description\":\"\",\"potentialAction\":[{\"@type\":\"SearchAction\",\"target\":{\"@type\":\"EntryPoint\",\"urlTemplate\":\"https:\/\/www.fondazionepirelli.org\/it\/?s={search_term_string}\"},\"query-input\":{\"@type\":\"PropertyValueSpecification\",\"valueRequired\":true,\"valueName\":\"search_term_string\"}}],\"inLanguage\":\"it-IT\"},{\"@type\":\"Person\",\"@id\":\"https:\/\/www.fondazionepirelli.org\/it\/#\/schema\/person\/c31fcf5937a0e6afa45497f3f8b6d7a0\",\"name\":\"fondazionepirelli\",\"image\":{\"@type\":\"ImageObject\",\"inLanguage\":\"it-IT\",\"@id\":\"https:\/\/www.fondazionepirelli.org\/it\/#\/schema\/person\/image\/\",\"url\":\"https:\/\/secure.gravatar.com\/avatar\/9cb486421ce1d6eddbf6c4fb66841b4325b786695f7aedf1dde2222428218696?s=96&d=mm&r=g\",\"contentUrl\":\"https:\/\/secure.gravatar.com\/avatar\/9cb486421ce1d6eddbf6c4fb66841b4325b786695f7aedf1dde2222428218696?s=96&d=mm&r=g\",\"caption\":\"fondazionepirelli\"},\"url\":\"https:\/\/www.fondazionepirelli.org\/it\/author\/fondazionepirelli\/\"}]}<\/script>\n<!-- \/ Yoast SEO plugin. -->","yoast_head_json":{"title":"\u201cQui ogni impresa \u00e8 possibile\u201d: lo sguardo lungo di Milano verso il Recovery Plan dell\u2019Europa - Fondazione Pirelli","robots":{"index":"index","follow":"follow","max-snippet":"max-snippet:-1","max-image-preview":"max-image-preview:large","max-video-preview":"max-video-preview:-1"},"canonical":"https:\/\/www.fondazionepirelli.org\/it\/cultura-dimpresa\/qui-ogni-impresa-e-possibile-lo-sguardo-lungo-di-milano-verso-il-recovery-plan-delleuropa\/","og_locale":"it_IT","og_type":"article","og_title":"\u201cQui ogni impresa \u00e8 possibile\u201d: lo sguardo lungo di Milano verso il Recovery Plan dell\u2019Europa - Fondazione Pirelli","og_description":"\u201cQui ogni impresa \u00e8 possibile\u201d, proclama Alessandro Spada, presidente di Assolombarda. \u201cQui ogni impresa \u00e8 possibile\u201d, sottolinea sorridendo Monica Maggioni, introducendo un film di John Dickie, storico inglese amante dell\u2019Italia e delle sue aziende. \u201cQui ogni impresa \u00e8 possibile\u201d, ribadisca il Commissario Ue all\u2019Economia Paolo Gentiloni, dopo aver parlato di Recovery Fund europeo, di green [&hellip;]","og_url":"https:\/\/www.fondazionepirelli.org\/it\/cultura-dimpresa\/qui-ogni-impresa-e-possibile-lo-sguardo-lungo-di-milano-verso-il-recovery-plan-delleuropa\/","og_site_name":"Fondazione Pirelli","article_published_time":"2020-10-14T08:15:57+00:00","article_modified_time":"2020-10-14T08:17:57+00:00","og_image":[{"width":799,"height":449,"url":"https:\/\/wpsite-assets.fondazionepirelli.org\/wp-content\/uploads\/2020\/10\/14091735\/le-periferie-di-Milano-e1556541346246.jpg","type":"image\/jpeg"}],"author":"fondazionepirelli","twitter_card":"summary_large_image","twitter_misc":{"Scritto da":"fondazionepirelli","Tempo di lettura stimato":"8 minuti"},"schema":{"@context":"https:\/\/schema.org","@graph":[{"@type":"WebPage","@id":"https:\/\/www.fondazionepirelli.org\/it\/cultura-dimpresa\/qui-ogni-impresa-e-possibile-lo-sguardo-lungo-di-milano-verso-il-recovery-plan-delleuropa\/","url":"https:\/\/www.fondazionepirelli.org\/it\/cultura-dimpresa\/qui-ogni-impresa-e-possibile-lo-sguardo-lungo-di-milano-verso-il-recovery-plan-delleuropa\/","name":"\u201cQui ogni impresa \u00e8 possibile\u201d: lo sguardo lungo di Milano verso il Recovery Plan dell\u2019Europa - Fondazione Pirelli","isPartOf":{"@id":"https:\/\/www.fondazionepirelli.org\/it\/#website"},"primaryImageOfPage":{"@id":"https:\/\/www.fondazionepirelli.org\/it\/cultura-dimpresa\/qui-ogni-impresa-e-possibile-lo-sguardo-lungo-di-milano-verso-il-recovery-plan-delleuropa\/#primaryimage"},"image":{"@id":"https:\/\/www.fondazionepirelli.org\/it\/cultura-dimpresa\/qui-ogni-impresa-e-possibile-lo-sguardo-lungo-di-milano-verso-il-recovery-plan-delleuropa\/#primaryimage"},"thumbnailUrl":"https:\/\/wpsite-assets.fondazionepirelli.org\/wp-content\/uploads\/2020\/10\/14091735\/le-periferie-di-Milano-e1556541346246.jpg","datePublished":"2020-10-14T08:15:57+00:00","dateModified":"2020-10-14T08:17:57+00:00","author":{"@id":"https:\/\/www.fondazionepirelli.org\/it\/#\/schema\/person\/c31fcf5937a0e6afa45497f3f8b6d7a0"},"breadcrumb":{"@id":"https:\/\/www.fondazionepirelli.org\/it\/cultura-dimpresa\/qui-ogni-impresa-e-possibile-lo-sguardo-lungo-di-milano-verso-il-recovery-plan-delleuropa\/#breadcrumb"},"inLanguage":"it-IT","potentialAction":[{"@type":"ReadAction","target":["https:\/\/www.fondazionepirelli.org\/it\/cultura-dimpresa\/qui-ogni-impresa-e-possibile-lo-sguardo-lungo-di-milano-verso-il-recovery-plan-delleuropa\/"]}]},{"@type":"ImageObject","inLanguage":"it-IT","@id":"https:\/\/www.fondazionepirelli.org\/it\/cultura-dimpresa\/qui-ogni-impresa-e-possibile-lo-sguardo-lungo-di-milano-verso-il-recovery-plan-delleuropa\/#primaryimage","url":"https:\/\/wpsite-assets.fondazionepirelli.org\/wp-content\/uploads\/2020\/10\/14091735\/le-periferie-di-Milano-e1556541346246.jpg","contentUrl":"https:\/\/wpsite-assets.fondazionepirelli.org\/wp-content\/uploads\/2020\/10\/14091735\/le-periferie-di-Milano-e1556541346246.jpg","width":799,"height":449},{"@type":"BreadcrumbList","@id":"https:\/\/www.fondazionepirelli.org\/it\/cultura-dimpresa\/qui-ogni-impresa-e-possibile-lo-sguardo-lungo-di-milano-verso-il-recovery-plan-delleuropa\/#breadcrumb","itemListElement":[{"@type":"ListItem","position":1,"name":"Home","item":"https:\/\/www.fondazionepirelli.org\/it\/"},{"@type":"ListItem","position":2,"name":"\u201cQui ogni impresa \u00e8 possibile\u201d: lo sguardo lungo di Milano verso il Recovery Plan dell\u2019Europa"}]},{"@type":"WebSite","@id":"https:\/\/www.fondazionepirelli.org\/it\/#website","url":"https:\/\/www.fondazionepirelli.org\/it\/","name":"Fondazione Pirelli","description":"","potentialAction":[{"@type":"SearchAction","target":{"@type":"EntryPoint","urlTemplate":"https:\/\/www.fondazionepirelli.org\/it\/?s={search_term_string}"},"query-input":{"@type":"PropertyValueSpecification","valueRequired":true,"valueName":"search_term_string"}}],"inLanguage":"it-IT"},{"@type":"Person","@id":"https:\/\/www.fondazionepirelli.org\/it\/#\/schema\/person\/c31fcf5937a0e6afa45497f3f8b6d7a0","name":"fondazionepirelli","image":{"@type":"ImageObject","inLanguage":"it-IT","@id":"https:\/\/www.fondazionepirelli.org\/it\/#\/schema\/person\/image\/","url":"https:\/\/secure.gravatar.com\/avatar\/9cb486421ce1d6eddbf6c4fb66841b4325b786695f7aedf1dde2222428218696?s=96&d=mm&r=g","contentUrl":"https:\/\/secure.gravatar.com\/avatar\/9cb486421ce1d6eddbf6c4fb66841b4325b786695f7aedf1dde2222428218696?s=96&d=mm&r=g","caption":"fondazionepirelli"},"url":"https:\/\/www.fondazionepirelli.org\/it\/author\/fondazionepirelli\/"}]}},"_links":{"self":[{"href":"https:\/\/www.fondazionepirelli.org\/it\/wp-json\/wp\/v2\/posts\/81475\/"}],"collection":[{"href":"https:\/\/www.fondazionepirelli.org\/it\/wp-json\/wp\/v2\/posts\/"}],"about":[{"href":"https:\/\/www.fondazionepirelli.org\/it\/wp-json\/wp\/v2\/types\/post\/"}],"author":[{"embeddable":true,"href":"https:\/\/www.fondazionepirelli.org\/it\/wp-json\/wp\/v2\/users\/9\/"}],"replies":[{"embeddable":true,"href":"https:\/\/www.fondazionepirelli.org\/it\/wp-json\/wp\/v2\/comments\/?post=81475"}],"version-history":[{"count":3,"href":"https:\/\/www.fondazionepirelli.org\/it\/wp-json\/wp\/v2\/posts\/81475\/revisions\/"}],"predecessor-version":[{"id":81483,"href":"https:\/\/www.fondazionepirelli.org\/it\/wp-json\/wp\/v2\/posts\/81475\/revisions\/81483\/"}],"wp:featuredmedia":[{"embeddable":true,"href":"https:\/\/www.fondazionepirelli.org\/it\/wp-json\/wp\/v2\/media\/81484\/"}],"wp:attachment":[{"href":"https:\/\/www.fondazionepirelli.org\/it\/wp-json\/wp\/v2\/media\/?parent=81475"}],"wp:term":[{"taxonomy":"category","embeddable":true,"href":"https:\/\/www.fondazionepirelli.org\/it\/wp-json\/wp\/v2\/categories\/?post=81475"},{"taxonomy":"post_tag","embeddable":true,"href":"https:\/\/www.fondazionepirelli.org\/it\/wp-json\/wp\/v2\/tags\/?post=81475"}],"curies":[{"name":"wp","href":"https:\/\/api.w.org\/{rel}","templated":true}]}}