{"id":81573,"date":"2020-10-20T08:20:52","date_gmt":"2020-10-20T07:20:52","guid":{"rendered":"https:\/\/www.fondazionepirelli.org\/?p=81573"},"modified":"2020-10-20T08:20:52","modified_gmt":"2020-10-20T07:20:52","slug":"crisi-positive","status":"publish","type":"post","link":"https:\/\/www.fondazionepirelli.org\/it\/cultura-dimpresa\/crisi-positive\/","title":{"rendered":"Crisi positive"},"content":{"rendered":"<p><em>Due studiosi della societ\u00e0 ragionano in un libro sulla realt\u00e0 difficile dell\u2019oggi per arrivare a definire un possibile migliore domani<\/em><\/p><p>La crisi come strumento di crescita e sviluppo. Condizione difficile da concepire, eppure condizione che costituisce spesso l\u2019unica possibile per uscire davvero dalle situazioni critiche. Accade anche oggi per tutte le componenti di una societ\u00e0 alle prese con una pandemia che non accenna a mollare la stretta. L\u2019atteggiamento \u201cpropositivo\u201d di fronte alla pandemia \u2013 cos\u00ec come davanti ad altre questioni -, vale anche per il sistema della produzione. E\u2019, evidentemente, qualcosa che implica anche una sorta di salto di livello culturale che tocca tutti.<\/p>\n<p>Fa bene a tutti, quindi, leggere \u201cNella fine \u00e8 l&#8217;inizio. In che mondo vivremo\u201d, scritto da Chiara Giaccardi e Mauro Magatti che affronta la situazione nella quale il mondo si \u00e8 ritrovato con un ampio bagaglio di strumenti e partendo dalla formazione sociologica e antropologica dei due autori.<\/p>\n<p>La crisi pandemica \u2013 \u00e8 il punto di partenza di Giaccardi e Magatti -, pu\u00f2 essere assunta come una lente per leggere il nostro tempo, come un telescopio per guardare pi\u00f9 lontano. L\u2019idea di fondo che il libro cerca di trasmettere, \u00e8 che Covid-19 non sia solo una sventura che interrompe una corsa da rimettere il prima possibile sui binari, ma una frattura che \u00e8 anche una rivelazione, di limiti e insieme di possibilit\u00e0. L\u2019occasione per un avvenire inedito anzich\u00e9 per un divenire inerziale. Il libro, nemmeno duecento pagine da leggere con attenzione, si dipana quindi tra i due opposti: le possibilit\u00e0 rivelate accanto ai limiti constatati.<\/p>\n<p>L\u2019impegno letterario di Giaccardi e Magatti, \u00e8 interessante anche per l\u2019articolazione del testo che i due autori hanno scelto. Cinque capitoli, basati ognuno su una triade di concetti legati ad un particolare aspetto della realt\u00e0. Scrivono i due autori: \u201cIl problema \u00e8 che, grazie allo straordinario sviluppo degli ultimi due secoli, in una societ\u00e0 avanzata i rischi non attengono pi\u00f9 semplicemente agli esiti di una singola decisione, ma nascono dagli effetti aggregati dell\u2019intera organizzazione sociale\u201d.<\/p>\n<p>\u201cNella fine \u00e8 l&#8217;inizio\u201d, contiene un messaggio positivo che inizia dal ragionamento attorno alla realt\u00e0 dell\u2019oggi, per arrivare a trasformare quella che alcuni pensano come \u201cla fine del mondo\u201d nel principio di un nuovo modo di vivere.<\/p><p>Chiara Giaccardi, Mauro Magatti<\/p>\n<p><strong>Nella fine \u00e8 l&#8217;inizio. In che mondo vivremo<\/strong><\/p>\n<p>il Mulino, 2020<\/p>\n","protected":false},"excerpt":{"rendered":"<p>Due studiosi della societ\u00e0 ragionano in un libro sulla realt\u00e0 difficile dell\u2019oggi per arrivare a definire un possibile migliore domaniLa crisi come strumento di crescita e sviluppo. Condizione difficile da concepire, eppure condizione che costituisce spesso l\u2019unica possibile per uscire davvero dalle situazioni critiche. Accade anche oggi per tutte le componenti di una societ\u00e0 alle [&hellip;]<\/p>\n","protected":false},"author":9,"featured_media":81574,"comment_status":"open","ping_status":"open","sticky":false,"template":"","format":"standard","meta":{"footnotes":""},"categories":[52,58],"tags":[],"class_list":["post-81573","post","type-post","status-publish","format-standard","has-post-thumbnail","hentry","category-cultura-dimpresa","category-recensioni-libri"],"acf":[],"yoast_head":"<!-- This site is optimized with the Yoast SEO plugin v25.0 - https:\/\/yoast.com\/wordpress\/plugins\/seo\/ -->\n<title>Crisi positive - Fondazione Pirelli<\/title>\n<meta name=\"robots\" content=\"index, follow, max-snippet:-1, max-image-preview:large, max-video-preview:-1\" \/>\n<link rel=\"canonical\" href=\"https:\/\/www.fondazionepirelli.org\/it\/cultura-dimpresa\/crisi-positive\/\" \/>\n<meta property=\"og:locale\" content=\"it_IT\" \/>\n<meta property=\"og:type\" content=\"article\" \/>\n<meta property=\"og:title\" content=\"Crisi positive - Fondazione Pirelli\" \/>\n<meta property=\"og:description\" content=\"Due studiosi della societ\u00e0 ragionano in un libro sulla realt\u00e0 difficile dell\u2019oggi per arrivare a definire un possibile migliore domaniLa crisi come strumento di crescita e sviluppo. Condizione difficile da concepire, eppure condizione che costituisce spesso l\u2019unica possibile per uscire davvero dalle situazioni critiche. Accade anche oggi per tutte le componenti di una societ\u00e0 alle [&hellip;]\" \/>\n<meta property=\"og:url\" content=\"https:\/\/127.0.0.1\/it\/cultura-dimpresa\/crisi-positive\/\" \/>\n<meta property=\"og:site_name\" content=\"Fondazione Pirelli\" \/>\n<meta property=\"article:published_time\" content=\"2020-10-20T07:20:52+00:00\" \/>\n<meta property=\"og:image\" content=\"https:\/\/wpsite-assets.fondazionepirelli.org\/wp-content\/uploads\/2020\/10\/19143324\/5a91a6fcover29056.png\" \/>\n\t<meta property=\"og:image:width\" content=\"399\" \/>\n\t<meta property=\"og:image:height\" content=\"614\" \/>\n\t<meta property=\"og:image:type\" content=\"image\/png\" \/>\n<meta name=\"author\" content=\"fondazionepirelli\" \/>\n<meta name=\"twitter:card\" content=\"summary_large_image\" \/>\n<meta name=\"twitter:label1\" content=\"Scritto da\" \/>\n\t<meta name=\"twitter:data1\" content=\"fondazionepirelli\" \/>\n\t<meta name=\"twitter:label2\" content=\"Tempo di lettura stimato\" \/>\n\t<meta name=\"twitter:data2\" content=\"2 minuti\" \/>\n<script type=\"application\/ld+json\" class=\"yoast-schema-graph\">{\"@context\":\"https:\/\/schema.org\",\"@graph\":[{\"@type\":\"WebPage\",\"@id\":\"https:\/\/127.0.0.1\/it\/cultura-dimpresa\/crisi-positive\/\",\"url\":\"https:\/\/127.0.0.1\/it\/cultura-dimpresa\/crisi-positive\/\",\"name\":\"Crisi positive - Fondazione Pirelli\",\"isPartOf\":{\"@id\":\"https:\/\/www.fondazionepirelli.org\/it\/#website\"},\"primaryImageOfPage\":{\"@id\":\"https:\/\/127.0.0.1\/it\/cultura-dimpresa\/crisi-positive\/#primaryimage\"},\"image\":{\"@id\":\"https:\/\/127.0.0.1\/it\/cultura-dimpresa\/crisi-positive\/#primaryimage\"},\"thumbnailUrl\":\"https:\/\/wpsite-assets.fondazionepirelli.org\/wp-content\/uploads\/2020\/10\/19143324\/5a91a6fcover29056.png\",\"datePublished\":\"2020-10-20T07:20:52+00:00\",\"author\":{\"@id\":\"https:\/\/www.fondazionepirelli.org\/it\/#\/schema\/person\/c31fcf5937a0e6afa45497f3f8b6d7a0\"},\"breadcrumb\":{\"@id\":\"https:\/\/127.0.0.1\/it\/cultura-dimpresa\/crisi-positive\/#breadcrumb\"},\"inLanguage\":\"it-IT\",\"potentialAction\":[{\"@type\":\"ReadAction\",\"target\":[\"https:\/\/127.0.0.1\/it\/cultura-dimpresa\/crisi-positive\/\"]}]},{\"@type\":\"ImageObject\",\"inLanguage\":\"it-IT\",\"@id\":\"https:\/\/127.0.0.1\/it\/cultura-dimpresa\/crisi-positive\/#primaryimage\",\"url\":\"https:\/\/wpsite-assets.fondazionepirelli.org\/wp-content\/uploads\/2020\/10\/19143324\/5a91a6fcover29056.png\",\"contentUrl\":\"https:\/\/wpsite-assets.fondazionepirelli.org\/wp-content\/uploads\/2020\/10\/19143324\/5a91a6fcover29056.png\",\"width\":399,\"height\":614},{\"@type\":\"BreadcrumbList\",\"@id\":\"https:\/\/127.0.0.1\/it\/cultura-dimpresa\/crisi-positive\/#breadcrumb\",\"itemListElement\":[{\"@type\":\"ListItem\",\"position\":1,\"name\":\"Home\",\"item\":\"https:\/\/www.fondazionepirelli.org\/it\/\"},{\"@type\":\"ListItem\",\"position\":2,\"name\":\"Crisi positive\"}]},{\"@type\":\"WebSite\",\"@id\":\"https:\/\/www.fondazionepirelli.org\/it\/#website\",\"url\":\"https:\/\/www.fondazionepirelli.org\/it\/\",\"name\":\"Fondazione Pirelli\",\"description\":\"\",\"potentialAction\":[{\"@type\":\"SearchAction\",\"target\":{\"@type\":\"EntryPoint\",\"urlTemplate\":\"https:\/\/www.fondazionepirelli.org\/it\/?s={search_term_string}\"},\"query-input\":{\"@type\":\"PropertyValueSpecification\",\"valueRequired\":true,\"valueName\":\"search_term_string\"}}],\"inLanguage\":\"it-IT\"},{\"@type\":\"Person\",\"@id\":\"https:\/\/www.fondazionepirelli.org\/it\/#\/schema\/person\/c31fcf5937a0e6afa45497f3f8b6d7a0\",\"name\":\"fondazionepirelli\",\"image\":{\"@type\":\"ImageObject\",\"inLanguage\":\"it-IT\",\"@id\":\"https:\/\/www.fondazionepirelli.org\/it\/#\/schema\/person\/image\/\",\"url\":\"https:\/\/secure.gravatar.com\/avatar\/9cb486421ce1d6eddbf6c4fb66841b4325b786695f7aedf1dde2222428218696?s=96&d=mm&r=g\",\"contentUrl\":\"https:\/\/secure.gravatar.com\/avatar\/9cb486421ce1d6eddbf6c4fb66841b4325b786695f7aedf1dde2222428218696?s=96&d=mm&r=g\",\"caption\":\"fondazionepirelli\"},\"url\":\"https:\/\/www.fondazionepirelli.org\/it\/author\/fondazionepirelli\/\"}]}<\/script>\n<!-- \/ Yoast SEO plugin. -->","yoast_head_json":{"title":"Crisi positive - Fondazione Pirelli","robots":{"index":"index","follow":"follow","max-snippet":"max-snippet:-1","max-image-preview":"max-image-preview:large","max-video-preview":"max-video-preview:-1"},"canonical":"https:\/\/www.fondazionepirelli.org\/it\/cultura-dimpresa\/crisi-positive\/","og_locale":"it_IT","og_type":"article","og_title":"Crisi positive - Fondazione Pirelli","og_description":"Due studiosi della societ\u00e0 ragionano in un libro sulla realt\u00e0 difficile dell\u2019oggi per arrivare a definire un possibile migliore domaniLa crisi come strumento di crescita e sviluppo. Condizione difficile da concepire, eppure condizione che costituisce spesso l\u2019unica possibile per uscire davvero dalle situazioni critiche. Accade anche oggi per tutte le componenti di una societ\u00e0 alle [&hellip;]","og_url":"https:\/\/127.0.0.1\/it\/cultura-dimpresa\/crisi-positive\/","og_site_name":"Fondazione Pirelli","article_published_time":"2020-10-20T07:20:52+00:00","og_image":[{"width":399,"height":614,"url":"https:\/\/wpsite-assets.fondazionepirelli.org\/wp-content\/uploads\/2020\/10\/19143324\/5a91a6fcover29056.png","type":"image\/png"}],"author":"fondazionepirelli","twitter_card":"summary_large_image","twitter_misc":{"Scritto da":"fondazionepirelli","Tempo di lettura stimato":"2 minuti"},"schema":{"@context":"https:\/\/schema.org","@graph":[{"@type":"WebPage","@id":"https:\/\/127.0.0.1\/it\/cultura-dimpresa\/crisi-positive\/","url":"https:\/\/127.0.0.1\/it\/cultura-dimpresa\/crisi-positive\/","name":"Crisi positive - Fondazione Pirelli","isPartOf":{"@id":"https:\/\/www.fondazionepirelli.org\/it\/#website"},"primaryImageOfPage":{"@id":"https:\/\/127.0.0.1\/it\/cultura-dimpresa\/crisi-positive\/#primaryimage"},"image":{"@id":"https:\/\/127.0.0.1\/it\/cultura-dimpresa\/crisi-positive\/#primaryimage"},"thumbnailUrl":"https:\/\/wpsite-assets.fondazionepirelli.org\/wp-content\/uploads\/2020\/10\/19143324\/5a91a6fcover29056.png","datePublished":"2020-10-20T07:20:52+00:00","author":{"@id":"https:\/\/www.fondazionepirelli.org\/it\/#\/schema\/person\/c31fcf5937a0e6afa45497f3f8b6d7a0"},"breadcrumb":{"@id":"https:\/\/127.0.0.1\/it\/cultura-dimpresa\/crisi-positive\/#breadcrumb"},"inLanguage":"it-IT","potentialAction":[{"@type":"ReadAction","target":["https:\/\/127.0.0.1\/it\/cultura-dimpresa\/crisi-positive\/"]}]},{"@type":"ImageObject","inLanguage":"it-IT","@id":"https:\/\/127.0.0.1\/it\/cultura-dimpresa\/crisi-positive\/#primaryimage","url":"https:\/\/wpsite-assets.fondazionepirelli.org\/wp-content\/uploads\/2020\/10\/19143324\/5a91a6fcover29056.png","contentUrl":"https:\/\/wpsite-assets.fondazionepirelli.org\/wp-content\/uploads\/2020\/10\/19143324\/5a91a6fcover29056.png","width":399,"height":614},{"@type":"BreadcrumbList","@id":"https:\/\/127.0.0.1\/it\/cultura-dimpresa\/crisi-positive\/#breadcrumb","itemListElement":[{"@type":"ListItem","position":1,"name":"Home","item":"https:\/\/www.fondazionepirelli.org\/it\/"},{"@type":"ListItem","position":2,"name":"Crisi positive"}]},{"@type":"WebSite","@id":"https:\/\/www.fondazionepirelli.org\/it\/#website","url":"https:\/\/www.fondazionepirelli.org\/it\/","name":"Fondazione Pirelli","description":"","potentialAction":[{"@type":"SearchAction","target":{"@type":"EntryPoint","urlTemplate":"https:\/\/www.fondazionepirelli.org\/it\/?s={search_term_string}"},"query-input":{"@type":"PropertyValueSpecification","valueRequired":true,"valueName":"search_term_string"}}],"inLanguage":"it-IT"},{"@type":"Person","@id":"https:\/\/www.fondazionepirelli.org\/it\/#\/schema\/person\/c31fcf5937a0e6afa45497f3f8b6d7a0","name":"fondazionepirelli","image":{"@type":"ImageObject","inLanguage":"it-IT","@id":"https:\/\/www.fondazionepirelli.org\/it\/#\/schema\/person\/image\/","url":"https:\/\/secure.gravatar.com\/avatar\/9cb486421ce1d6eddbf6c4fb66841b4325b786695f7aedf1dde2222428218696?s=96&d=mm&r=g","contentUrl":"https:\/\/secure.gravatar.com\/avatar\/9cb486421ce1d6eddbf6c4fb66841b4325b786695f7aedf1dde2222428218696?s=96&d=mm&r=g","caption":"fondazionepirelli"},"url":"https:\/\/www.fondazionepirelli.org\/it\/author\/fondazionepirelli\/"}]}},"_links":{"self":[{"href":"https:\/\/www.fondazionepirelli.org\/it\/wp-json\/wp\/v2\/posts\/81573\/"}],"collection":[{"href":"https:\/\/www.fondazionepirelli.org\/it\/wp-json\/wp\/v2\/posts\/"}],"about":[{"href":"https:\/\/www.fondazionepirelli.org\/it\/wp-json\/wp\/v2\/types\/post\/"}],"author":[{"embeddable":true,"href":"https:\/\/www.fondazionepirelli.org\/it\/wp-json\/wp\/v2\/users\/9\/"}],"replies":[{"embeddable":true,"href":"https:\/\/www.fondazionepirelli.org\/it\/wp-json\/wp\/v2\/comments\/?post=81573"}],"version-history":[{"count":1,"href":"https:\/\/www.fondazionepirelli.org\/it\/wp-json\/wp\/v2\/posts\/81573\/revisions\/"}],"predecessor-version":[{"id":81576,"href":"https:\/\/www.fondazionepirelli.org\/it\/wp-json\/wp\/v2\/posts\/81573\/revisions\/81576\/"}],"wp:featuredmedia":[{"embeddable":true,"href":"https:\/\/www.fondazionepirelli.org\/it\/wp-json\/wp\/v2\/media\/81574\/"}],"wp:attachment":[{"href":"https:\/\/www.fondazionepirelli.org\/it\/wp-json\/wp\/v2\/media\/?parent=81573"}],"wp:term":[{"taxonomy":"category","embeddable":true,"href":"https:\/\/www.fondazionepirelli.org\/it\/wp-json\/wp\/v2\/categories\/?post=81573"},{"taxonomy":"post_tag","embeddable":true,"href":"https:\/\/www.fondazionepirelli.org\/it\/wp-json\/wp\/v2\/tags\/?post=81573"}],"curies":[{"name":"wp","href":"https:\/\/api.w.org\/{rel}","templated":true}]}}