{"id":81629,"date":"2020-10-27T11:55:16","date_gmt":"2020-10-27T10:55:16","guid":{"rendered":"https:\/\/www.fondazionepirelli.org\/?p=81629"},"modified":"2021-10-06T08:57:21","modified_gmt":"2021-10-06T07:57:21","slug":"quale-innovazione-e-dove","status":"publish","type":"post","link":"https:\/\/www.fondazionepirelli.org\/it\/cultura-dimpresa\/quale-innovazione-e-dove\/","title":{"rendered":"Quale innovazione? E dove?"},"content":{"rendered":"<p><em>Un articolo, apparso su Impresa sociale, analizza apparato teorico e casi pratici dei nuovi approcci a politiche innovative capaci di rispondere alle nuove sfide dell\u2019oggi<\/em><\/p><p>Imprese e attori sociali devono confrontarsi sempre di pi\u00f9 con una situazione non solo complessa ma anche in continuo cambiamento. Adesso \u00e8 certamente la pandemia da Covid-19 la \u201ccausa\u201d pi\u00f9 importante della complessit\u00e0; ma gi\u00e0 prima altre spinte verso la complicazione della situazioni avevano fatto la loro parte. Occorrono politiche nuove e impegni rinnovati da parte di tutti. Sfida nella sfida, dunque, che Mario Calderini e Francesco Gerli (entrambi del Politecnico di Milano), colgono con un loro contributo apparso in uno degli ultimi numeri di Impresa sociale.<\/p>\n<p>\u201cInnovazione, sfide sociali e protagonismo dell\u2019imprenditoria ad impatto. Un ripensamento degli ecosistemi d\u2019innovazione per una nuova generazione di politiche\u201d \u00e8 un articolo di ricerca complesso, che affronta un tema ancora in mutamento e che deve essere letto con attenzione.<\/p>\n<p>La considerazione di partenza di Calderini e Gerli \u00e8 che \u201cla pandemia globale del virus Covid-19 e la crisi, dalla forte caratterizzazione sistemica, che essa ha generato costituiscono una delle grandi sfide sociali ed ambientali con cui anche le politiche dell\u2019innovazione e della tecnologia sono chiamate a confrontarsi\u201d. Anzi di pi\u00f9, perch\u00e9 per i due autori spiegano subito che la necessit\u00e0 di affrontare quelle che si chiamano \u201cgrandi sfide\u201d appare \u201cancor di pi\u00f9 un imperativo urgente nel contesto contemporaneo post-pandemico\u201d.<\/p>\n<p>Calderini e Gerli, ragionano quindi sulla base della pi\u00f9 recente letteratura partendo dal considerare i fallimenti, le \u201cgrand-challenges\u201d (le grandi sfide, appunto) e una sfida aggiuntiva: la direzione territoriale per l\u2019innovazione. Per rispondere adeguatamente al cambiamento, una delle prospettive di lavoro \u00e8 proprio la radicalizzazione dell\u2019innovazione sul territorio. Vengono quindi esaminati alcuni approcci teorici rivolti alla comprensione di quella che viene definita come \u201cimprenditorialit\u00e0 orientata all\u2019impatto\u201d (positivo) e quindi si passa ad esaminare quali possano essere le caratteristiche di un \u201cecosistema d\u2019innovazione\u201d in grado di generare un impatto di questo genere su un determinato territorio.<\/p>\n<p>L\u2019indagine di Calderini e Gerli, quindi, si conclude con due casi studio: il Mind (Milano Innovation District) e il Torino Social Impact.<\/p>\n<p>Leggere quanto scritto dai due ricercatori del Politecnico milanese non \u00e8 cosa facile, ma pu\u00f2 essere cosa utile nel momento in cui si voglia passare da uno sguardo sui fatti ad una loro comprensione pi\u00f9 profonda.<\/p><p><a href=\"https:\/\/www.rivistaimpresasociale.it\/rivista\/numero\/rivista-num-3-2020\"><strong>Innovazione, sfide sociali e protagonismo dell\u2019imprenditoria ad impatto. Un ripensamento degli ecosistemi d\u2019innovazione per una nuova generazione di politiche<\/strong><\/a><\/p>\n<p>Mario Calderini, Francesco Gerli (Politecnico di Milano)<\/p>\n<p>Impresa sociale, 3, 2020, pagg. 10-19<\/p>","protected":false},"excerpt":{"rendered":"<p>Un articolo, apparso su Impresa sociale, analizza apparato teorico e casi pratici dei nuovi approcci a politiche innovative capaci di rispondere alle nuove sfide dell\u2019oggiImprese e attori sociali devono confrontarsi sempre di pi\u00f9 con una situazione non solo complessa ma anche in continuo cambiamento. Adesso \u00e8 certamente la pandemia da Covid-19 la \u201ccausa\u201d pi\u00f9 importante [&hellip;]<\/p>\n","protected":false},"author":9,"featured_media":0,"comment_status":"open","ping_status":"open","sticky":false,"template":"","format":"standard","meta":{"footnotes":""},"categories":[54,52],"tags":[],"class_list":["post-81629","post","type-post","status-publish","format-standard","hentry","category-approfondimenti","category-cultura-dimpresa"],"acf":[],"yoast_head":"<!-- This site is optimized with the Yoast SEO plugin v25.0 - https:\/\/yoast.com\/wordpress\/plugins\/seo\/ -->\n<title>Quale innovazione? E dove? | Fondazione Pirelli<\/title>\n<meta name=\"robots\" content=\"index, follow, max-snippet:-1, max-image-preview:large, max-video-preview:-1\" \/>\n<link rel=\"canonical\" href=\"https:\/\/www.fondazionepirelli.org\/it\/cultura-dimpresa\/quale-innovazione-e-dove\/\" \/>\n<meta property=\"og:locale\" content=\"it_IT\" \/>\n<meta property=\"og:type\" content=\"article\" \/>\n<meta property=\"og:title\" content=\"Quale innovazione? E dove? | Fondazione Pirelli\" \/>\n<meta property=\"og:description\" content=\"Un articolo, apparso su Impresa sociale, analizza apparato teorico e casi pratici dei nuovi approcci a politiche innovative capaci di rispondere alle nuove sfide dell\u2019oggiImprese e attori sociali devono confrontarsi sempre di pi\u00f9 con una situazione non solo complessa ma anche in continuo cambiamento. Adesso \u00e8 certamente la pandemia da Covid-19 la \u201ccausa\u201d pi\u00f9 importante [&hellip;]\" \/>\n<meta property=\"og:url\" content=\"https:\/\/www.fondazionepirelli.org\/it\/cultura-dimpresa\/quale-innovazione-e-dove\/\" \/>\n<meta property=\"og:site_name\" content=\"Fondazione Pirelli\" \/>\n<meta property=\"article:published_time\" content=\"2020-10-27T10:55:16+00:00\" \/>\n<meta property=\"article:modified_time\" content=\"2021-10-06T07:57:21+00:00\" \/>\n<meta name=\"author\" content=\"fondazionepirelli\" \/>\n<meta name=\"twitter:card\" content=\"summary_large_image\" \/>\n<meta name=\"twitter:label1\" content=\"Scritto da\" \/>\n\t<meta name=\"twitter:data1\" content=\"fondazionepirelli\" \/>\n\t<meta name=\"twitter:label2\" content=\"Tempo di lettura stimato\" \/>\n\t<meta name=\"twitter:data2\" content=\"2 minuti\" \/>\n<script type=\"application\/ld+json\" class=\"yoast-schema-graph\">{\"@context\":\"https:\/\/schema.org\",\"@graph\":[{\"@type\":\"WebPage\",\"@id\":\"https:\/\/www.fondazionepirelli.org\/it\/cultura-dimpresa\/quale-innovazione-e-dove\/\",\"url\":\"https:\/\/www.fondazionepirelli.org\/it\/cultura-dimpresa\/quale-innovazione-e-dove\/\",\"name\":\"Quale innovazione? E dove? | Fondazione Pirelli\",\"isPartOf\":{\"@id\":\"https:\/\/www.fondazionepirelli.org\/it\/#website\"},\"datePublished\":\"2020-10-27T10:55:16+00:00\",\"dateModified\":\"2021-10-06T07:57:21+00:00\",\"author\":{\"@id\":\"https:\/\/www.fondazionepirelli.org\/it\/#\/schema\/person\/c31fcf5937a0e6afa45497f3f8b6d7a0\"},\"breadcrumb\":{\"@id\":\"https:\/\/www.fondazionepirelli.org\/it\/cultura-dimpresa\/quale-innovazione-e-dove\/#breadcrumb\"},\"inLanguage\":\"it-IT\",\"potentialAction\":[{\"@type\":\"ReadAction\",\"target\":[\"https:\/\/www.fondazionepirelli.org\/it\/cultura-dimpresa\/quale-innovazione-e-dove\/\"]}]},{\"@type\":\"BreadcrumbList\",\"@id\":\"https:\/\/www.fondazionepirelli.org\/it\/cultura-dimpresa\/quale-innovazione-e-dove\/#breadcrumb\",\"itemListElement\":[{\"@type\":\"ListItem\",\"position\":1,\"name\":\"Home\",\"item\":\"https:\/\/www.fondazionepirelli.org\/it\/\"},{\"@type\":\"ListItem\",\"position\":2,\"name\":\"Quale innovazione? E dove?\"}]},{\"@type\":\"WebSite\",\"@id\":\"https:\/\/www.fondazionepirelli.org\/it\/#website\",\"url\":\"https:\/\/www.fondazionepirelli.org\/it\/\",\"name\":\"Fondazione Pirelli\",\"description\":\"\",\"potentialAction\":[{\"@type\":\"SearchAction\",\"target\":{\"@type\":\"EntryPoint\",\"urlTemplate\":\"https:\/\/www.fondazionepirelli.org\/it\/?s={search_term_string}\"},\"query-input\":{\"@type\":\"PropertyValueSpecification\",\"valueRequired\":true,\"valueName\":\"search_term_string\"}}],\"inLanguage\":\"it-IT\"},{\"@type\":\"Person\",\"@id\":\"https:\/\/www.fondazionepirelli.org\/it\/#\/schema\/person\/c31fcf5937a0e6afa45497f3f8b6d7a0\",\"name\":\"fondazionepirelli\",\"image\":{\"@type\":\"ImageObject\",\"inLanguage\":\"it-IT\",\"@id\":\"https:\/\/www.fondazionepirelli.org\/it\/#\/schema\/person\/image\/\",\"url\":\"https:\/\/secure.gravatar.com\/avatar\/9cb486421ce1d6eddbf6c4fb66841b4325b786695f7aedf1dde2222428218696?s=96&d=mm&r=g\",\"contentUrl\":\"https:\/\/secure.gravatar.com\/avatar\/9cb486421ce1d6eddbf6c4fb66841b4325b786695f7aedf1dde2222428218696?s=96&d=mm&r=g\",\"caption\":\"fondazionepirelli\"},\"url\":\"https:\/\/www.fondazionepirelli.org\/it\/author\/fondazionepirelli\/\"}]}<\/script>\n<!-- \/ Yoast SEO plugin. -->","yoast_head_json":{"title":"Quale innovazione? E dove? | Fondazione Pirelli","robots":{"index":"index","follow":"follow","max-snippet":"max-snippet:-1","max-image-preview":"max-image-preview:large","max-video-preview":"max-video-preview:-1"},"canonical":"https:\/\/www.fondazionepirelli.org\/it\/cultura-dimpresa\/quale-innovazione-e-dove\/","og_locale":"it_IT","og_type":"article","og_title":"Quale innovazione? E dove? | Fondazione Pirelli","og_description":"Un articolo, apparso su Impresa sociale, analizza apparato teorico e casi pratici dei nuovi approcci a politiche innovative capaci di rispondere alle nuove sfide dell\u2019oggiImprese e attori sociali devono confrontarsi sempre di pi\u00f9 con una situazione non solo complessa ma anche in continuo cambiamento. Adesso \u00e8 certamente la pandemia da Covid-19 la \u201ccausa\u201d pi\u00f9 importante [&hellip;]","og_url":"https:\/\/www.fondazionepirelli.org\/it\/cultura-dimpresa\/quale-innovazione-e-dove\/","og_site_name":"Fondazione Pirelli","article_published_time":"2020-10-27T10:55:16+00:00","article_modified_time":"2021-10-06T07:57:21+00:00","author":"fondazionepirelli","twitter_card":"summary_large_image","twitter_misc":{"Scritto da":"fondazionepirelli","Tempo di lettura stimato":"2 minuti"},"schema":{"@context":"https:\/\/schema.org","@graph":[{"@type":"WebPage","@id":"https:\/\/www.fondazionepirelli.org\/it\/cultura-dimpresa\/quale-innovazione-e-dove\/","url":"https:\/\/www.fondazionepirelli.org\/it\/cultura-dimpresa\/quale-innovazione-e-dove\/","name":"Quale innovazione? E dove? | Fondazione Pirelli","isPartOf":{"@id":"https:\/\/www.fondazionepirelli.org\/it\/#website"},"datePublished":"2020-10-27T10:55:16+00:00","dateModified":"2021-10-06T07:57:21+00:00","author":{"@id":"https:\/\/www.fondazionepirelli.org\/it\/#\/schema\/person\/c31fcf5937a0e6afa45497f3f8b6d7a0"},"breadcrumb":{"@id":"https:\/\/www.fondazionepirelli.org\/it\/cultura-dimpresa\/quale-innovazione-e-dove\/#breadcrumb"},"inLanguage":"it-IT","potentialAction":[{"@type":"ReadAction","target":["https:\/\/www.fondazionepirelli.org\/it\/cultura-dimpresa\/quale-innovazione-e-dove\/"]}]},{"@type":"BreadcrumbList","@id":"https:\/\/www.fondazionepirelli.org\/it\/cultura-dimpresa\/quale-innovazione-e-dove\/#breadcrumb","itemListElement":[{"@type":"ListItem","position":1,"name":"Home","item":"https:\/\/www.fondazionepirelli.org\/it\/"},{"@type":"ListItem","position":2,"name":"Quale innovazione? E dove?"}]},{"@type":"WebSite","@id":"https:\/\/www.fondazionepirelli.org\/it\/#website","url":"https:\/\/www.fondazionepirelli.org\/it\/","name":"Fondazione Pirelli","description":"","potentialAction":[{"@type":"SearchAction","target":{"@type":"EntryPoint","urlTemplate":"https:\/\/www.fondazionepirelli.org\/it\/?s={search_term_string}"},"query-input":{"@type":"PropertyValueSpecification","valueRequired":true,"valueName":"search_term_string"}}],"inLanguage":"it-IT"},{"@type":"Person","@id":"https:\/\/www.fondazionepirelli.org\/it\/#\/schema\/person\/c31fcf5937a0e6afa45497f3f8b6d7a0","name":"fondazionepirelli","image":{"@type":"ImageObject","inLanguage":"it-IT","@id":"https:\/\/www.fondazionepirelli.org\/it\/#\/schema\/person\/image\/","url":"https:\/\/secure.gravatar.com\/avatar\/9cb486421ce1d6eddbf6c4fb66841b4325b786695f7aedf1dde2222428218696?s=96&d=mm&r=g","contentUrl":"https:\/\/secure.gravatar.com\/avatar\/9cb486421ce1d6eddbf6c4fb66841b4325b786695f7aedf1dde2222428218696?s=96&d=mm&r=g","caption":"fondazionepirelli"},"url":"https:\/\/www.fondazionepirelli.org\/it\/author\/fondazionepirelli\/"}]}},"_links":{"self":[{"href":"https:\/\/www.fondazionepirelli.org\/it\/wp-json\/wp\/v2\/posts\/81629\/"}],"collection":[{"href":"https:\/\/www.fondazionepirelli.org\/it\/wp-json\/wp\/v2\/posts\/"}],"about":[{"href":"https:\/\/www.fondazionepirelli.org\/it\/wp-json\/wp\/v2\/types\/post\/"}],"author":[{"embeddable":true,"href":"https:\/\/www.fondazionepirelli.org\/it\/wp-json\/wp\/v2\/users\/9\/"}],"replies":[{"embeddable":true,"href":"https:\/\/www.fondazionepirelli.org\/it\/wp-json\/wp\/v2\/comments\/?post=81629"}],"version-history":[{"count":1,"href":"https:\/\/www.fondazionepirelli.org\/it\/wp-json\/wp\/v2\/posts\/81629\/revisions\/"}],"predecessor-version":[{"id":81630,"href":"https:\/\/www.fondazionepirelli.org\/it\/wp-json\/wp\/v2\/posts\/81629\/revisions\/81630\/"}],"wp:attachment":[{"href":"https:\/\/www.fondazionepirelli.org\/it\/wp-json\/wp\/v2\/media\/?parent=81629"}],"wp:term":[{"taxonomy":"category","embeddable":true,"href":"https:\/\/www.fondazionepirelli.org\/it\/wp-json\/wp\/v2\/categories\/?post=81629"},{"taxonomy":"post_tag","embeddable":true,"href":"https:\/\/www.fondazionepirelli.org\/it\/wp-json\/wp\/v2\/tags\/?post=81629"}],"curies":[{"name":"wp","href":"https:\/\/api.w.org\/{rel}","templated":true}]}}