{"id":81748,"date":"2020-11-10T08:59:44","date_gmt":"2020-11-10T07:59:44","guid":{"rendered":"https:\/\/www.fondazionepirelli.org\/?p=81748"},"modified":"2020-11-10T08:59:44","modified_gmt":"2020-11-10T07:59:44","slug":"buona-economia-per-tutti","status":"publish","type":"post","link":"https:\/\/www.fondazionepirelli.org\/it\/cultura-dimpresa\/buona-economia-per-tutti\/","title":{"rendered":"\u201cBuona economia\u201d per tutti"},"content":{"rendered":"<p style=\"margin: 0cm; margin-bottom: .0001pt;\"><em>L\u2019ultimo libro di due premi Nobel, racconta e interpreta la realt\u00e0 analizzandone i problemi ma soprattutto le soluzioni<\/em><\/p><p>L\u2019economia come strumento per \u201crimettere al centro\u201d la dignit\u00e0 della persona. Traguardo che dovrebbe essere di tutti (e che cos\u00ec invece non \u00e8), cos\u00ec come dovrebbe essere nella natura di ogni organizzazione sociale, oppure della produzione, lavorare per il benessere della comunit\u00e0. \u201cBuona economia\u201d contro \u201ccattiva economia\u201d, ma anche antitetica ad una \u201ceconomia con il paraocchi\u201d oppure \u201ccieca\u201d. Su tutto, poi, la necessit\u00e0 di avere una consapevolezza avveduta di cosa si muove attorno al luogo dove si vive e si lavora. Condizione, quest\u2019ultima, necessaria ancora una volta a tutti. Leggere \u201cUna buona economia per tempi difficili\u201d scritto dai due premi Nobel Abhijit V. Banerjee e Esther Duflo, serve proprio per crearsi quel bagaglio di conoscenze utili a costruire una visione della realt\u00e0 che sia attenta e critica.<\/p>\n<p>Il libro affronta i grandi temi dell\u2019economia e della societ\u00e0 globali e in particolare quelli della disuguaglianza, del commercio internazionale, dell\u2019impatto delle tecnologie sul lavoro, della diffusione della povert\u00e0 nel mondo. E lo fa, tra l\u2019altro, con un linguaggio leggibile ma esatto, vivace ma mai scontato e banale. Sotto la lente dei due economisti, quindi, passano otto grandi argomenti: le migrazioni, il mercato, i meccanismi di scelta, il benessere, il clima, il lavoro, il ruolo della politica, il significato del <em>welfare. <\/em><\/p>\n<p>Il libro di Banerjee e Duflo pone molti problemi, ma non \u00e8 un racconto pessimista. \u201cAbbiamo scritto questo libro \u2013 spiegano i due all\u2019inizio -, per aggrapparci alla speranza. Per riepilogare la storia di quello che \u00e8 andato storto e perch\u00e9 \u00e8 andato storto, ma anche per ricordarci di tutto quello che \u00e8 andato per il verso giusto. Un libro che parla sia dei problemi sia di quello che possiamo fare per rimettere insieme il nostro mondo, se riusciremo a fare una diagnosi onesta\u201d. E proprio l\u2019onest\u00e0 unit\u00e0 alla libert\u00e0, alla giustizia, all\u2019attenzione verso gli altri, alla limpidezza delle scelte e al rispetto di ogni persona, sono alcuni dei concetti chiave che si rincorrono nelle circa 400 pagine del libro (che si leggono quasi fossero quelle di un racconto e non di un manuale di economia).<\/p>\n<p>Bellissimo uno dei passaggi finali: \u201cL\u2019unica risorsa che abbiamo contro le idee cattive \u00e8 essere vigili, resistere alla seduzione dell\u2019ovvio, guardare con scetticismo ai miracoli promessi, mettere in discussione l\u2019evidenza, affrontare con pazienza la complessit\u00e0 ed essere onesti sulle cose che sappiamo e quelle che non sappiamo\u201d.<\/p>\n<p>Libro tutto da leggere e da rileggere, quello di Abhijit V. Banerjee e Esther Duflo.<\/p><p><strong>Una buona economia per tempi difficili<\/strong><\/p>\n<p>Abhijit V. Banerjee, Esther Duflo<\/p>\n<p>Laterza, 2020<\/p>","protected":false},"excerpt":{"rendered":"<p>L\u2019ultimo libro di due premi Nobel, racconta e interpreta la realt\u00e0 analizzandone i problemi ma soprattutto le soluzioniL\u2019economia come strumento per \u201crimettere al centro\u201d la dignit\u00e0 della persona. Traguardo che dovrebbe essere di tutti (e che cos\u00ec invece non \u00e8), cos\u00ec come dovrebbe essere nella natura di ogni organizzazione sociale, oppure della produzione, lavorare per [&hellip;]<\/p>\n","protected":false},"author":9,"featured_media":81749,"comment_status":"open","ping_status":"open","sticky":false,"template":"","format":"standard","meta":{"footnotes":""},"categories":[52,58],"tags":[],"class_list":["post-81748","post","type-post","status-publish","format-standard","has-post-thumbnail","hentry","category-cultura-dimpresa","category-recensioni-libri"],"acf":[],"yoast_head":"<!-- This site is optimized with the Yoast SEO plugin v25.0 - https:\/\/yoast.com\/wordpress\/plugins\/seo\/ -->\n<title>\u201cBuona economia\u201d per tutti - Fondazione Pirelli<\/title>\n<meta name=\"robots\" content=\"index, follow, max-snippet:-1, max-image-preview:large, max-video-preview:-1\" \/>\n<link rel=\"canonical\" href=\"https:\/\/www.fondazionepirelli.org\/it\/cultura-dimpresa\/buona-economia-per-tutti\/\" \/>\n<meta property=\"og:locale\" content=\"it_IT\" \/>\n<meta property=\"og:type\" content=\"article\" \/>\n<meta property=\"og:title\" content=\"\u201cBuona economia\u201d per tutti - Fondazione Pirelli\" \/>\n<meta property=\"og:description\" content=\"L\u2019ultimo libro di due premi Nobel, racconta e interpreta la realt\u00e0 analizzandone i problemi ma soprattutto le soluzioniL\u2019economia come strumento per \u201crimettere al centro\u201d la dignit\u00e0 della persona. Traguardo che dovrebbe essere di tutti (e che cos\u00ec invece non \u00e8), cos\u00ec come dovrebbe essere nella natura di ogni organizzazione sociale, oppure della produzione, lavorare per [&hellip;]\" \/>\n<meta property=\"og:url\" content=\"https:\/\/www.fondazionepirelli.org\/it\/cultura-dimpresa\/buona-economia-per-tutti\/\" \/>\n<meta property=\"og:site_name\" content=\"Fondazione Pirelli\" \/>\n<meta property=\"article:published_time\" content=\"2020-11-10T07:59:44+00:00\" \/>\n<meta property=\"og:image\" content=\"https:\/\/wpsite-assets.fondazionepirelli.org\/wp-content\/uploads\/2020\/11\/10071739\/71znlyVJ3nL-e1604989066139.jpg\" \/>\n\t<meta property=\"og:image:width\" content=\"399\" \/>\n\t<meta property=\"og:image:height\" content=\"579\" \/>\n\t<meta property=\"og:image:type\" content=\"image\/jpeg\" \/>\n<meta name=\"author\" content=\"fondazionepirelli\" \/>\n<meta name=\"twitter:card\" content=\"summary_large_image\" \/>\n<meta name=\"twitter:label1\" content=\"Scritto da\" \/>\n\t<meta name=\"twitter:data1\" content=\"fondazionepirelli\" \/>\n\t<meta name=\"twitter:label2\" content=\"Tempo di lettura stimato\" \/>\n\t<meta name=\"twitter:data2\" content=\"2 minuti\" \/>\n<script type=\"application\/ld+json\" class=\"yoast-schema-graph\">{\"@context\":\"https:\/\/schema.org\",\"@graph\":[{\"@type\":\"WebPage\",\"@id\":\"https:\/\/www.fondazionepirelli.org\/it\/cultura-dimpresa\/buona-economia-per-tutti\/\",\"url\":\"https:\/\/www.fondazionepirelli.org\/it\/cultura-dimpresa\/buona-economia-per-tutti\/\",\"name\":\"\u201cBuona economia\u201d per tutti - Fondazione Pirelli\",\"isPartOf\":{\"@id\":\"https:\/\/www.fondazionepirelli.org\/it\/#website\"},\"primaryImageOfPage\":{\"@id\":\"https:\/\/www.fondazionepirelli.org\/it\/cultura-dimpresa\/buona-economia-per-tutti\/#primaryimage\"},\"image\":{\"@id\":\"https:\/\/www.fondazionepirelli.org\/it\/cultura-dimpresa\/buona-economia-per-tutti\/#primaryimage\"},\"thumbnailUrl\":\"https:\/\/wpsite-assets.fondazionepirelli.org\/wp-content\/uploads\/2020\/11\/10071739\/71znlyVJ3nL-e1604989066139.jpg\",\"datePublished\":\"2020-11-10T07:59:44+00:00\",\"author\":{\"@id\":\"https:\/\/www.fondazionepirelli.org\/it\/#\/schema\/person\/c31fcf5937a0e6afa45497f3f8b6d7a0\"},\"breadcrumb\":{\"@id\":\"https:\/\/www.fondazionepirelli.org\/it\/cultura-dimpresa\/buona-economia-per-tutti\/#breadcrumb\"},\"inLanguage\":\"it-IT\",\"potentialAction\":[{\"@type\":\"ReadAction\",\"target\":[\"https:\/\/www.fondazionepirelli.org\/it\/cultura-dimpresa\/buona-economia-per-tutti\/\"]}]},{\"@type\":\"ImageObject\",\"inLanguage\":\"it-IT\",\"@id\":\"https:\/\/www.fondazionepirelli.org\/it\/cultura-dimpresa\/buona-economia-per-tutti\/#primaryimage\",\"url\":\"https:\/\/wpsite-assets.fondazionepirelli.org\/wp-content\/uploads\/2020\/11\/10071739\/71znlyVJ3nL-e1604989066139.jpg\",\"contentUrl\":\"https:\/\/wpsite-assets.fondazionepirelli.org\/wp-content\/uploads\/2020\/11\/10071739\/71znlyVJ3nL-e1604989066139.jpg\",\"width\":399,\"height\":579},{\"@type\":\"BreadcrumbList\",\"@id\":\"https:\/\/www.fondazionepirelli.org\/it\/cultura-dimpresa\/buona-economia-per-tutti\/#breadcrumb\",\"itemListElement\":[{\"@type\":\"ListItem\",\"position\":1,\"name\":\"Home\",\"item\":\"https:\/\/www.fondazionepirelli.org\/it\/\"},{\"@type\":\"ListItem\",\"position\":2,\"name\":\"\u201cBuona economia\u201d per tutti\"}]},{\"@type\":\"WebSite\",\"@id\":\"https:\/\/www.fondazionepirelli.org\/it\/#website\",\"url\":\"https:\/\/www.fondazionepirelli.org\/it\/\",\"name\":\"Fondazione Pirelli\",\"description\":\"\",\"potentialAction\":[{\"@type\":\"SearchAction\",\"target\":{\"@type\":\"EntryPoint\",\"urlTemplate\":\"https:\/\/www.fondazionepirelli.org\/it\/?s={search_term_string}\"},\"query-input\":{\"@type\":\"PropertyValueSpecification\",\"valueRequired\":true,\"valueName\":\"search_term_string\"}}],\"inLanguage\":\"it-IT\"},{\"@type\":\"Person\",\"@id\":\"https:\/\/www.fondazionepirelli.org\/it\/#\/schema\/person\/c31fcf5937a0e6afa45497f3f8b6d7a0\",\"name\":\"fondazionepirelli\",\"image\":{\"@type\":\"ImageObject\",\"inLanguage\":\"it-IT\",\"@id\":\"https:\/\/www.fondazionepirelli.org\/it\/#\/schema\/person\/image\/\",\"url\":\"https:\/\/secure.gravatar.com\/avatar\/9cb486421ce1d6eddbf6c4fb66841b4325b786695f7aedf1dde2222428218696?s=96&d=mm&r=g\",\"contentUrl\":\"https:\/\/secure.gravatar.com\/avatar\/9cb486421ce1d6eddbf6c4fb66841b4325b786695f7aedf1dde2222428218696?s=96&d=mm&r=g\",\"caption\":\"fondazionepirelli\"},\"url\":\"https:\/\/www.fondazionepirelli.org\/it\/author\/fondazionepirelli\/\"}]}<\/script>\n<!-- \/ Yoast SEO plugin. -->","yoast_head_json":{"title":"\u201cBuona economia\u201d per tutti - Fondazione Pirelli","robots":{"index":"index","follow":"follow","max-snippet":"max-snippet:-1","max-image-preview":"max-image-preview:large","max-video-preview":"max-video-preview:-1"},"canonical":"https:\/\/www.fondazionepirelli.org\/it\/cultura-dimpresa\/buona-economia-per-tutti\/","og_locale":"it_IT","og_type":"article","og_title":"\u201cBuona economia\u201d per tutti - Fondazione Pirelli","og_description":"L\u2019ultimo libro di due premi Nobel, racconta e interpreta la realt\u00e0 analizzandone i problemi ma soprattutto le soluzioniL\u2019economia come strumento per \u201crimettere al centro\u201d la dignit\u00e0 della persona. Traguardo che dovrebbe essere di tutti (e che cos\u00ec invece non \u00e8), cos\u00ec come dovrebbe essere nella natura di ogni organizzazione sociale, oppure della produzione, lavorare per [&hellip;]","og_url":"https:\/\/www.fondazionepirelli.org\/it\/cultura-dimpresa\/buona-economia-per-tutti\/","og_site_name":"Fondazione Pirelli","article_published_time":"2020-11-10T07:59:44+00:00","og_image":[{"width":399,"height":579,"url":"https:\/\/wpsite-assets.fondazionepirelli.org\/wp-content\/uploads\/2020\/11\/10071739\/71znlyVJ3nL-e1604989066139.jpg","type":"image\/jpeg"}],"author":"fondazionepirelli","twitter_card":"summary_large_image","twitter_misc":{"Scritto da":"fondazionepirelli","Tempo di lettura stimato":"2 minuti"},"schema":{"@context":"https:\/\/schema.org","@graph":[{"@type":"WebPage","@id":"https:\/\/www.fondazionepirelli.org\/it\/cultura-dimpresa\/buona-economia-per-tutti\/","url":"https:\/\/www.fondazionepirelli.org\/it\/cultura-dimpresa\/buona-economia-per-tutti\/","name":"\u201cBuona economia\u201d per tutti - Fondazione Pirelli","isPartOf":{"@id":"https:\/\/www.fondazionepirelli.org\/it\/#website"},"primaryImageOfPage":{"@id":"https:\/\/www.fondazionepirelli.org\/it\/cultura-dimpresa\/buona-economia-per-tutti\/#primaryimage"},"image":{"@id":"https:\/\/www.fondazionepirelli.org\/it\/cultura-dimpresa\/buona-economia-per-tutti\/#primaryimage"},"thumbnailUrl":"https:\/\/wpsite-assets.fondazionepirelli.org\/wp-content\/uploads\/2020\/11\/10071739\/71znlyVJ3nL-e1604989066139.jpg","datePublished":"2020-11-10T07:59:44+00:00","author":{"@id":"https:\/\/www.fondazionepirelli.org\/it\/#\/schema\/person\/c31fcf5937a0e6afa45497f3f8b6d7a0"},"breadcrumb":{"@id":"https:\/\/www.fondazionepirelli.org\/it\/cultura-dimpresa\/buona-economia-per-tutti\/#breadcrumb"},"inLanguage":"it-IT","potentialAction":[{"@type":"ReadAction","target":["https:\/\/www.fondazionepirelli.org\/it\/cultura-dimpresa\/buona-economia-per-tutti\/"]}]},{"@type":"ImageObject","inLanguage":"it-IT","@id":"https:\/\/www.fondazionepirelli.org\/it\/cultura-dimpresa\/buona-economia-per-tutti\/#primaryimage","url":"https:\/\/wpsite-assets.fondazionepirelli.org\/wp-content\/uploads\/2020\/11\/10071739\/71znlyVJ3nL-e1604989066139.jpg","contentUrl":"https:\/\/wpsite-assets.fondazionepirelli.org\/wp-content\/uploads\/2020\/11\/10071739\/71znlyVJ3nL-e1604989066139.jpg","width":399,"height":579},{"@type":"BreadcrumbList","@id":"https:\/\/www.fondazionepirelli.org\/it\/cultura-dimpresa\/buona-economia-per-tutti\/#breadcrumb","itemListElement":[{"@type":"ListItem","position":1,"name":"Home","item":"https:\/\/www.fondazionepirelli.org\/it\/"},{"@type":"ListItem","position":2,"name":"\u201cBuona economia\u201d per tutti"}]},{"@type":"WebSite","@id":"https:\/\/www.fondazionepirelli.org\/it\/#website","url":"https:\/\/www.fondazionepirelli.org\/it\/","name":"Fondazione Pirelli","description":"","potentialAction":[{"@type":"SearchAction","target":{"@type":"EntryPoint","urlTemplate":"https:\/\/www.fondazionepirelli.org\/it\/?s={search_term_string}"},"query-input":{"@type":"PropertyValueSpecification","valueRequired":true,"valueName":"search_term_string"}}],"inLanguage":"it-IT"},{"@type":"Person","@id":"https:\/\/www.fondazionepirelli.org\/it\/#\/schema\/person\/c31fcf5937a0e6afa45497f3f8b6d7a0","name":"fondazionepirelli","image":{"@type":"ImageObject","inLanguage":"it-IT","@id":"https:\/\/www.fondazionepirelli.org\/it\/#\/schema\/person\/image\/","url":"https:\/\/secure.gravatar.com\/avatar\/9cb486421ce1d6eddbf6c4fb66841b4325b786695f7aedf1dde2222428218696?s=96&d=mm&r=g","contentUrl":"https:\/\/secure.gravatar.com\/avatar\/9cb486421ce1d6eddbf6c4fb66841b4325b786695f7aedf1dde2222428218696?s=96&d=mm&r=g","caption":"fondazionepirelli"},"url":"https:\/\/www.fondazionepirelli.org\/it\/author\/fondazionepirelli\/"}]}},"_links":{"self":[{"href":"https:\/\/www.fondazionepirelli.org\/it\/wp-json\/wp\/v2\/posts\/81748\/"}],"collection":[{"href":"https:\/\/www.fondazionepirelli.org\/it\/wp-json\/wp\/v2\/posts\/"}],"about":[{"href":"https:\/\/www.fondazionepirelli.org\/it\/wp-json\/wp\/v2\/types\/post\/"}],"author":[{"embeddable":true,"href":"https:\/\/www.fondazionepirelli.org\/it\/wp-json\/wp\/v2\/users\/9\/"}],"replies":[{"embeddable":true,"href":"https:\/\/www.fondazionepirelli.org\/it\/wp-json\/wp\/v2\/comments\/?post=81748"}],"version-history":[{"count":1,"href":"https:\/\/www.fondazionepirelli.org\/it\/wp-json\/wp\/v2\/posts\/81748\/revisions\/"}],"predecessor-version":[{"id":81751,"href":"https:\/\/www.fondazionepirelli.org\/it\/wp-json\/wp\/v2\/posts\/81748\/revisions\/81751\/"}],"wp:featuredmedia":[{"embeddable":true,"href":"https:\/\/www.fondazionepirelli.org\/it\/wp-json\/wp\/v2\/media\/81749\/"}],"wp:attachment":[{"href":"https:\/\/www.fondazionepirelli.org\/it\/wp-json\/wp\/v2\/media\/?parent=81748"}],"wp:term":[{"taxonomy":"category","embeddable":true,"href":"https:\/\/www.fondazionepirelli.org\/it\/wp-json\/wp\/v2\/categories\/?post=81748"},{"taxonomy":"post_tag","embeddable":true,"href":"https:\/\/www.fondazionepirelli.org\/it\/wp-json\/wp\/v2\/tags\/?post=81748"}],"curies":[{"name":"wp","href":"https:\/\/api.w.org\/{rel}","templated":true}]}}