{"id":81752,"date":"2020-11-10T08:59:26","date_gmt":"2020-11-10T07:59:26","guid":{"rendered":"https:\/\/www.fondazionepirelli.org\/?p=81752"},"modified":"2021-10-06T08:52:04","modified_gmt":"2021-10-06T07:52:04","slug":"covid-19-a-che-punto-e-leconomia","status":"publish","type":"post","link":"https:\/\/www.fondazionepirelli.org\/it\/cultura-dimpresa\/covid-19-a-che-punto-e-leconomia\/","title":{"rendered":"Covid-19, a che punto \u00e8 l\u2019economia"},"content":{"rendered":"<p><em>Una lucida analisi del Direttore generale di Banca d\u2019Italia fornisce gli elementi chiave per capire meglio<\/em><\/p><p>Capire la situazione, adottare le misure pi\u00f9 efficaci, metterle in pratica con efficienza. Tre passi per affrontare ogni crisi. Tappe successive che valgono anche in una situazione complessa come quella generate da Covid-19, ma che, a ben vedere, dovrebbero essere seguite sempre e da ogni organizzazione. Le analisi affidabili, dunque, sono la base per qualsiasi decisione. \u201cFarsi un\u2019idea precisa\u201d, verrebbe da dire, \u00e8 fondamentale. A questo si arriva leggendo l\u2019intervento del Direttore generale di Banca d\u2019Italia, Daniele Franco, in occasione della 52a Giornata del Credito.<\/p>\n<p>\u201cL\u2019economia italiana e la pandemia\u201d \u00e8 una lucida sintesi di quanto \u00e8 accaduto, di quanto accade e di quanto potrebbe accadere. Franco parte da una considerazione: \u201cLa recessione di quest\u2019anno ha cause (la pandemia da Covid-19) del tutto diverse dalle tensioni del 2011, connotate dalla crisi dei debiti sovrani, che faceva seguito alla grande recessione del 2008-09. Tuttavia, ora come allora l\u2019Italia si trova a gestire uno shock esogeno con un\u2019economia che fatica strutturalmente a crescere e con una finanza pubblica molto indebitata\u201d. E\u2019 da queste righe che Franco inizia una analisi puntuale che prende in considerazione prima la recessione mondiale e le azioni intraprese dai diversi governi, poi quanto fatto dalle banche centrali. Successivamente, il Direttore della banca centrale italiana si sofferma sulle conseguenze sul lavoro e sugli ultimi sviluppi congiunturale della situazione. Risparmio, credito e investimenti, quindi, vengono approfonditi singolarmente, oltre ai problemi strutturali dell\u2019economia italiana, per arrivare quindi a focalizzare alcuni punti sui quali \u00e8 pi\u00f9 importante intervenire con grande decisione. Tra questi, Franco individua la necessit\u00e0 di porre attenzione ai giovani. Viene spiegato nelle battute finali della ricerca: \u201cLa pandemia e la recessione tendono (\u2026) ad accentuare gli squilibri generazionali, che erano gi\u00e0 significativi, per effetto, per esempio, dell\u2019aumento della disoccupazione giovanile, del debito pubblico, dell\u2019incidenza della spesa per pensioni\u201d. Sottolineato tutto questo, Daniele Franco insiste: \u201cCon la crisi si ampliano inoltre i divari di opportunit\u00e0 fra chi pu\u00f2 lavorare anche in delocalizzato e chi non pu\u00f2 farlo, tra chi \u00e8 impegnato in attivit\u00e0 essenziali e chi in settori in cui la pandemia ostacola la produzione e il consumo. \u00c8 importante che la risposta data nell\u2019emergenza con l\u2019aumento temporaneo dei sussidi sia ricondotta a un disegno organico e coerente, che per il futuro limiti le distorsioni e renda la crescita pi\u00f9 inclusiva. Il disegno degli strumenti di welfare e dell\u2019intero sistema fiscale sono quindi da considerare componenti essenziali di un progetto di rilancio dell\u2019economia italiana, che sappia coniugare maggior crescita e maggiore equit\u00e0\u201d.<\/p><p><a href=\"https:\/\/wpsite-assets.fondazionepirelli.org\/wp-content\/uploads\/2020\/11\/10071953\/Franco_Giornata_del_Credito_05112020.pdf\"><strong>L\u2019economia italiana e la pandemia<\/strong><\/a><\/p>\n<p>Intervento di Daniele Franco (Direttore Generale della Banca d\u2019Italia)<\/p>\n<p>52a Giornata del Credito, Roma, 5 novembre 2020<\/p>","protected":false},"excerpt":{"rendered":"<p>Una lucida analisi del Direttore generale di Banca d\u2019Italia fornisce gli elementi chiave per capire meglioCapire la situazione, adottare le misure pi\u00f9 efficaci, metterle in pratica con efficienza. Tre passi per affrontare ogni crisi. Tappe successive che valgono anche in una situazione complessa come quella generate da Covid-19, ma che, a ben vedere, dovrebbero essere [&hellip;]<\/p>\n","protected":false},"author":9,"featured_media":0,"comment_status":"open","ping_status":"open","sticky":false,"template":"","format":"standard","meta":{"footnotes":""},"categories":[54,52],"tags":[],"class_list":["post-81752","post","type-post","status-publish","format-standard","hentry","category-approfondimenti","category-cultura-dimpresa"],"acf":[],"yoast_head":"<!-- This site is optimized with the Yoast SEO plugin v25.0 - https:\/\/yoast.com\/wordpress\/plugins\/seo\/ -->\n<title>Covid-19, a che punto \u00e8 l\u2019economia | Fondazione Pirelli<\/title>\n<meta name=\"robots\" content=\"index, follow, max-snippet:-1, max-image-preview:large, max-video-preview:-1\" \/>\n<link rel=\"canonical\" href=\"https:\/\/www.fondazionepirelli.org\/it\/cultura-dimpresa\/covid-19-a-che-punto-e-leconomia\/\" \/>\n<meta property=\"og:locale\" content=\"it_IT\" \/>\n<meta property=\"og:type\" content=\"article\" \/>\n<meta property=\"og:title\" content=\"Covid-19, a che punto \u00e8 l\u2019economia | Fondazione Pirelli\" \/>\n<meta property=\"og:description\" content=\"Una lucida analisi del Direttore generale di Banca d\u2019Italia fornisce gli elementi chiave per capire meglioCapire la situazione, adottare le misure pi\u00f9 efficaci, metterle in pratica con efficienza. Tre passi per affrontare ogni crisi. Tappe successive che valgono anche in una situazione complessa come quella generate da Covid-19, ma che, a ben vedere, dovrebbero essere [&hellip;]\" \/>\n<meta property=\"og:url\" content=\"https:\/\/127.0.0.1\/it\/cultura-dimpresa\/covid-19-a-che-punto-e-leconomia\/\" \/>\n<meta property=\"og:site_name\" content=\"Fondazione Pirelli\" \/>\n<meta property=\"article:published_time\" content=\"2020-11-10T07:59:26+00:00\" \/>\n<meta property=\"article:modified_time\" content=\"2021-10-06T07:52:04+00:00\" \/>\n<meta name=\"author\" content=\"fondazionepirelli\" \/>\n<meta name=\"twitter:card\" content=\"summary_large_image\" \/>\n<meta name=\"twitter:label1\" content=\"Scritto da\" \/>\n\t<meta name=\"twitter:data1\" content=\"fondazionepirelli\" \/>\n\t<meta name=\"twitter:label2\" content=\"Tempo di lettura stimato\" \/>\n\t<meta name=\"twitter:data2\" content=\"2 minuti\" \/>\n<script type=\"application\/ld+json\" class=\"yoast-schema-graph\">{\"@context\":\"https:\/\/schema.org\",\"@graph\":[{\"@type\":\"WebPage\",\"@id\":\"https:\/\/127.0.0.1\/it\/cultura-dimpresa\/covid-19-a-che-punto-e-leconomia\/\",\"url\":\"https:\/\/127.0.0.1\/it\/cultura-dimpresa\/covid-19-a-che-punto-e-leconomia\/\",\"name\":\"Covid-19, a che punto \u00e8 l\u2019economia | Fondazione Pirelli\",\"isPartOf\":{\"@id\":\"https:\/\/www.fondazionepirelli.org\/it\/#website\"},\"datePublished\":\"2020-11-10T07:59:26+00:00\",\"dateModified\":\"2021-10-06T07:52:04+00:00\",\"author\":{\"@id\":\"https:\/\/www.fondazionepirelli.org\/it\/#\/schema\/person\/c31fcf5937a0e6afa45497f3f8b6d7a0\"},\"breadcrumb\":{\"@id\":\"https:\/\/127.0.0.1\/it\/cultura-dimpresa\/covid-19-a-che-punto-e-leconomia\/#breadcrumb\"},\"inLanguage\":\"it-IT\",\"potentialAction\":[{\"@type\":\"ReadAction\",\"target\":[\"https:\/\/127.0.0.1\/it\/cultura-dimpresa\/covid-19-a-che-punto-e-leconomia\/\"]}]},{\"@type\":\"BreadcrumbList\",\"@id\":\"https:\/\/127.0.0.1\/it\/cultura-dimpresa\/covid-19-a-che-punto-e-leconomia\/#breadcrumb\",\"itemListElement\":[{\"@type\":\"ListItem\",\"position\":1,\"name\":\"Home\",\"item\":\"https:\/\/www.fondazionepirelli.org\/it\/\"},{\"@type\":\"ListItem\",\"position\":2,\"name\":\"Covid-19, a che punto \u00e8 l\u2019economia\"}]},{\"@type\":\"WebSite\",\"@id\":\"https:\/\/www.fondazionepirelli.org\/it\/#website\",\"url\":\"https:\/\/www.fondazionepirelli.org\/it\/\",\"name\":\"Fondazione Pirelli\",\"description\":\"\",\"potentialAction\":[{\"@type\":\"SearchAction\",\"target\":{\"@type\":\"EntryPoint\",\"urlTemplate\":\"https:\/\/www.fondazionepirelli.org\/it\/?s={search_term_string}\"},\"query-input\":{\"@type\":\"PropertyValueSpecification\",\"valueRequired\":true,\"valueName\":\"search_term_string\"}}],\"inLanguage\":\"it-IT\"},{\"@type\":\"Person\",\"@id\":\"https:\/\/www.fondazionepirelli.org\/it\/#\/schema\/person\/c31fcf5937a0e6afa45497f3f8b6d7a0\",\"name\":\"fondazionepirelli\",\"image\":{\"@type\":\"ImageObject\",\"inLanguage\":\"it-IT\",\"@id\":\"https:\/\/www.fondazionepirelli.org\/it\/#\/schema\/person\/image\/\",\"url\":\"https:\/\/secure.gravatar.com\/avatar\/9cb486421ce1d6eddbf6c4fb66841b4325b786695f7aedf1dde2222428218696?s=96&d=mm&r=g\",\"contentUrl\":\"https:\/\/secure.gravatar.com\/avatar\/9cb486421ce1d6eddbf6c4fb66841b4325b786695f7aedf1dde2222428218696?s=96&d=mm&r=g\",\"caption\":\"fondazionepirelli\"},\"url\":\"https:\/\/www.fondazionepirelli.org\/it\/author\/fondazionepirelli\/\"}]}<\/script>\n<!-- \/ Yoast SEO plugin. -->","yoast_head_json":{"title":"Covid-19, a che punto \u00e8 l\u2019economia | Fondazione Pirelli","robots":{"index":"index","follow":"follow","max-snippet":"max-snippet:-1","max-image-preview":"max-image-preview:large","max-video-preview":"max-video-preview:-1"},"canonical":"https:\/\/www.fondazionepirelli.org\/it\/cultura-dimpresa\/covid-19-a-che-punto-e-leconomia\/","og_locale":"it_IT","og_type":"article","og_title":"Covid-19, a che punto \u00e8 l\u2019economia | Fondazione Pirelli","og_description":"Una lucida analisi del Direttore generale di Banca d\u2019Italia fornisce gli elementi chiave per capire meglioCapire la situazione, adottare le misure pi\u00f9 efficaci, metterle in pratica con efficienza. Tre passi per affrontare ogni crisi. Tappe successive che valgono anche in una situazione complessa come quella generate da Covid-19, ma che, a ben vedere, dovrebbero essere [&hellip;]","og_url":"https:\/\/127.0.0.1\/it\/cultura-dimpresa\/covid-19-a-che-punto-e-leconomia\/","og_site_name":"Fondazione Pirelli","article_published_time":"2020-11-10T07:59:26+00:00","article_modified_time":"2021-10-06T07:52:04+00:00","author":"fondazionepirelli","twitter_card":"summary_large_image","twitter_misc":{"Scritto da":"fondazionepirelli","Tempo di lettura stimato":"2 minuti"},"schema":{"@context":"https:\/\/schema.org","@graph":[{"@type":"WebPage","@id":"https:\/\/127.0.0.1\/it\/cultura-dimpresa\/covid-19-a-che-punto-e-leconomia\/","url":"https:\/\/127.0.0.1\/it\/cultura-dimpresa\/covid-19-a-che-punto-e-leconomia\/","name":"Covid-19, a che punto \u00e8 l\u2019economia | Fondazione Pirelli","isPartOf":{"@id":"https:\/\/www.fondazionepirelli.org\/it\/#website"},"datePublished":"2020-11-10T07:59:26+00:00","dateModified":"2021-10-06T07:52:04+00:00","author":{"@id":"https:\/\/www.fondazionepirelli.org\/it\/#\/schema\/person\/c31fcf5937a0e6afa45497f3f8b6d7a0"},"breadcrumb":{"@id":"https:\/\/127.0.0.1\/it\/cultura-dimpresa\/covid-19-a-che-punto-e-leconomia\/#breadcrumb"},"inLanguage":"it-IT","potentialAction":[{"@type":"ReadAction","target":["https:\/\/127.0.0.1\/it\/cultura-dimpresa\/covid-19-a-che-punto-e-leconomia\/"]}]},{"@type":"BreadcrumbList","@id":"https:\/\/127.0.0.1\/it\/cultura-dimpresa\/covid-19-a-che-punto-e-leconomia\/#breadcrumb","itemListElement":[{"@type":"ListItem","position":1,"name":"Home","item":"https:\/\/www.fondazionepirelli.org\/it\/"},{"@type":"ListItem","position":2,"name":"Covid-19, a che punto \u00e8 l\u2019economia"}]},{"@type":"WebSite","@id":"https:\/\/www.fondazionepirelli.org\/it\/#website","url":"https:\/\/www.fondazionepirelli.org\/it\/","name":"Fondazione Pirelli","description":"","potentialAction":[{"@type":"SearchAction","target":{"@type":"EntryPoint","urlTemplate":"https:\/\/www.fondazionepirelli.org\/it\/?s={search_term_string}"},"query-input":{"@type":"PropertyValueSpecification","valueRequired":true,"valueName":"search_term_string"}}],"inLanguage":"it-IT"},{"@type":"Person","@id":"https:\/\/www.fondazionepirelli.org\/it\/#\/schema\/person\/c31fcf5937a0e6afa45497f3f8b6d7a0","name":"fondazionepirelli","image":{"@type":"ImageObject","inLanguage":"it-IT","@id":"https:\/\/www.fondazionepirelli.org\/it\/#\/schema\/person\/image\/","url":"https:\/\/secure.gravatar.com\/avatar\/9cb486421ce1d6eddbf6c4fb66841b4325b786695f7aedf1dde2222428218696?s=96&d=mm&r=g","contentUrl":"https:\/\/secure.gravatar.com\/avatar\/9cb486421ce1d6eddbf6c4fb66841b4325b786695f7aedf1dde2222428218696?s=96&d=mm&r=g","caption":"fondazionepirelli"},"url":"https:\/\/www.fondazionepirelli.org\/it\/author\/fondazionepirelli\/"}]}},"_links":{"self":[{"href":"https:\/\/www.fondazionepirelli.org\/it\/wp-json\/wp\/v2\/posts\/81752\/"}],"collection":[{"href":"https:\/\/www.fondazionepirelli.org\/it\/wp-json\/wp\/v2\/posts\/"}],"about":[{"href":"https:\/\/www.fondazionepirelli.org\/it\/wp-json\/wp\/v2\/types\/post\/"}],"author":[{"embeddable":true,"href":"https:\/\/www.fondazionepirelli.org\/it\/wp-json\/wp\/v2\/users\/9\/"}],"replies":[{"embeddable":true,"href":"https:\/\/www.fondazionepirelli.org\/it\/wp-json\/wp\/v2\/comments\/?post=81752"}],"version-history":[{"count":1,"href":"https:\/\/www.fondazionepirelli.org\/it\/wp-json\/wp\/v2\/posts\/81752\/revisions\/"}],"predecessor-version":[{"id":81755,"href":"https:\/\/www.fondazionepirelli.org\/it\/wp-json\/wp\/v2\/posts\/81752\/revisions\/81755\/"}],"wp:attachment":[{"href":"https:\/\/www.fondazionepirelli.org\/it\/wp-json\/wp\/v2\/media\/?parent=81752"}],"wp:term":[{"taxonomy":"category","embeddable":true,"href":"https:\/\/www.fondazionepirelli.org\/it\/wp-json\/wp\/v2\/categories\/?post=81752"},{"taxonomy":"post_tag","embeddable":true,"href":"https:\/\/www.fondazionepirelli.org\/it\/wp-json\/wp\/v2\/tags\/?post=81752"}],"curies":[{"name":"wp","href":"https:\/\/api.w.org\/{rel}","templated":true}]}}