{"id":81811,"date":"2020-11-16T08:40:04","date_gmt":"2020-11-16T07:40:04","guid":{"rendered":"https:\/\/www.fondazionepirelli.org\/?p=81811"},"modified":"2020-11-16T08:40:04","modified_gmt":"2020-11-16T07:40:04","slug":"buona-impresa-buona-cultura","status":"publish","type":"post","link":"https:\/\/www.fondazionepirelli.org\/it\/cultura-dimpresa\/buona-impresa-buona-cultura\/","title":{"rendered":"Buona impresa, buona cultura"},"content":{"rendered":"<p><em>Attraverso l\u2019analisi delle sfide che attendono il sistema culturale italiano, emerge la conferma del significato forte della collaborazione tra pubblico e privato<\/em><\/p><p>Fare cultura con modalit\u00e0 diverse da prima. E farlo anche mettendo a frutto metodi di organizzazione della produzione culturale che possano essere ad un tempo efficienti e fruibili per tutti. Prendere ad esempio le imprese private. Covid-19 pone anche questa sfida, che pu\u00f2 essere declinata a pi\u00f9 livelli. E\u2019 attorno a questo nucleo di idee che ragiona Claudio Bocci (gi\u00e0 Direttore Federculture e adesso Consigliere Delegato Comitato Ravello Lab) con il suo intervento \u201cCultura e sviluppo locale: un nuovo inizio\u201d.<\/p>\n<p>Bocci inizia il suo contributo constatando che la pandemia ha inciso profondamente anche nella fruizione e gestione dei luoghi della cultura. Ci vorr\u00e0 tempo \u2013 spiega -, per tornare al numero elevatissimo di visitatori dei grandi musei statali che oggi si rivolgono alla cittadinanza di prossimit\u00e0. Quindi che fare? Per l\u2019autore \u00e8 necessario \u201crendere stabile la capacit\u00e0 di dialogo attraverso il digitale, sorta in maniera improvvisata nella fase di confinamento e che da ora in avanti costituir\u00e0 una leva strategica di rapporto con i cittadini\u201d. Percorso certo non facile, quello della digitalizzazione efficace dei luoghi della cultura italiana, eppure certamente da compiere con accortezza e attenzione.<\/p>\n<p>La digitalizzazione dei luoghi culturali italiani, implica di fatto una nuova mentalit\u00e0 tecnologica ma anche un nuovo atteggiamento che \u00e8 esso stesso novit\u00e0 culturale. Dice quindi Bocci che sar\u00e0 necessario \u201caffrontare il tema della gestione dei luoghi della cultura a partire da un\u2019ottica integrata della <em>governance<\/em> pubblica\u201d. Anzi di pi\u00f9. I luoghi della cultura dovranno sempre di pi\u00f9 diventare \u201cpiattaforme di benessere esperienziale\u201d e a tal fine meritevoli di un sostegno finanziario pubblico.<\/p>\n<p>Per far comprendere meglio il suo pensiero, nell\u2019intervento pubblicato in \u201cIl capitale culturale. <em>Studies on the Value of Cultural Heritage<\/em>\u201d, Bocci prende in considerazione prima il tema della \u201csostenibilit\u00e0 dei luoghi della cultura\u201d per passare poi a ricordare le indicazioni tratte dalla Convezione Faro promossa dal Consiglio d\u2019Europa che pone l\u2019accento, oltre che sulla tutela del patrimonio culturale, sul diritto dei cittadini ad accedere e partecipare all\u2019esperienza culturale. Bocci chiede quindi che si ponga attenzione a nuove forme di collaborazione tra pubblico e privato, e lancia quasi una sfida: \u201cCi attendiamo \u2013 scrive -, (\u2026), che per impulsi diversi il sistema delle imprese prenda sempre pi\u00f9 in considerazione di puntare in alto\u201d.<\/p>\n<p>Sottolinea poi Bocci come anche da queste attivit\u00e0 possano derivare maggiore coesione sociale, nuova e buona occupazione, e conclude: \u201cLe imprese culturali dovranno accrescere la loro capacit\u00e0 di dialogo con il sistema delle imprese private, anche loro sensibili ad un nuovo quadro di riferimento che pone come finalit\u00e0 dell\u2019impresa, accanto al profitto, una crescente responsabilit\u00e0 sociale\u201d.<\/p><p><a href=\"https:\/\/wpsite-assets.fondazionepirelli.org\/wp-content\/uploads\/2020\/11\/16080734\/2543-14420-1-PB.pdf\"><strong>Cultura e sviluppo locale: un nuovo inizio<\/strong><\/a><\/p>\n<p>Claudio Bocci<\/p>\n<p>Il capitale culturale. Studies on the Value of Cultural Heritage, Supplementi 11 (2020), pp. 81-89<\/p><p><strong>\u00a0<\/strong><\/p>\n","protected":false},"excerpt":{"rendered":"<p>Attraverso l\u2019analisi delle sfide che attendono il sistema culturale italiano, emerge la conferma del significato forte della collaborazione tra pubblico e privatoFare cultura con modalit\u00e0 diverse da prima. E farlo anche mettendo a frutto metodi di organizzazione della produzione culturale che possano essere ad un tempo efficienti e fruibili per tutti. Prendere ad esempio le [&hellip;]<\/p>\n","protected":false},"author":9,"featured_media":0,"comment_status":"open","ping_status":"open","sticky":false,"template":"","format":"standard","meta":{"footnotes":""},"categories":[54,52],"tags":[],"class_list":["post-81811","post","type-post","status-publish","format-standard","hentry","category-approfondimenti","category-cultura-dimpresa"],"acf":[],"yoast_head":"<!-- This site is optimized with the Yoast SEO plugin v25.0 - https:\/\/yoast.com\/wordpress\/plugins\/seo\/ -->\n<title>Buona impresa, buona cultura - Fondazione Pirelli<\/title>\n<meta name=\"robots\" content=\"index, follow, max-snippet:-1, max-image-preview:large, max-video-preview:-1\" \/>\n<link rel=\"canonical\" href=\"https:\/\/www.fondazionepirelli.org\/it\/cultura-dimpresa\/buona-impresa-buona-cultura\/\" \/>\n<meta property=\"og:locale\" content=\"it_IT\" \/>\n<meta property=\"og:type\" content=\"article\" \/>\n<meta property=\"og:title\" content=\"Buona impresa, buona cultura - Fondazione Pirelli\" \/>\n<meta property=\"og:description\" content=\"Attraverso l\u2019analisi delle sfide che attendono il sistema culturale italiano, emerge la conferma del significato forte della collaborazione tra pubblico e privatoFare cultura con modalit\u00e0 diverse da prima. E farlo anche mettendo a frutto metodi di organizzazione della produzione culturale che possano essere ad un tempo efficienti e fruibili per tutti. Prendere ad esempio le [&hellip;]\" \/>\n<meta property=\"og:url\" content=\"https:\/\/www.fondazionepirelli.org\/it\/cultura-dimpresa\/buona-impresa-buona-cultura\/\" \/>\n<meta property=\"og:site_name\" content=\"Fondazione Pirelli\" \/>\n<meta property=\"article:published_time\" content=\"2020-11-16T07:40:04+00:00\" \/>\n<meta name=\"author\" content=\"fondazionepirelli\" \/>\n<meta name=\"twitter:card\" content=\"summary_large_image\" \/>\n<meta name=\"twitter:label1\" content=\"Scritto da\" \/>\n\t<meta name=\"twitter:data1\" content=\"fondazionepirelli\" \/>\n\t<meta name=\"twitter:label2\" content=\"Tempo di lettura stimato\" \/>\n\t<meta name=\"twitter:data2\" content=\"2 minuti\" \/>\n<script type=\"application\/ld+json\" class=\"yoast-schema-graph\">{\"@context\":\"https:\/\/schema.org\",\"@graph\":[{\"@type\":\"WebPage\",\"@id\":\"https:\/\/www.fondazionepirelli.org\/it\/cultura-dimpresa\/buona-impresa-buona-cultura\/\",\"url\":\"https:\/\/www.fondazionepirelli.org\/it\/cultura-dimpresa\/buona-impresa-buona-cultura\/\",\"name\":\"Buona impresa, buona cultura - Fondazione Pirelli\",\"isPartOf\":{\"@id\":\"https:\/\/www.fondazionepirelli.org\/it\/#website\"},\"datePublished\":\"2020-11-16T07:40:04+00:00\",\"author\":{\"@id\":\"https:\/\/www.fondazionepirelli.org\/it\/#\/schema\/person\/c31fcf5937a0e6afa45497f3f8b6d7a0\"},\"breadcrumb\":{\"@id\":\"https:\/\/www.fondazionepirelli.org\/it\/cultura-dimpresa\/buona-impresa-buona-cultura\/#breadcrumb\"},\"inLanguage\":\"it-IT\",\"potentialAction\":[{\"@type\":\"ReadAction\",\"target\":[\"https:\/\/www.fondazionepirelli.org\/it\/cultura-dimpresa\/buona-impresa-buona-cultura\/\"]}]},{\"@type\":\"BreadcrumbList\",\"@id\":\"https:\/\/www.fondazionepirelli.org\/it\/cultura-dimpresa\/buona-impresa-buona-cultura\/#breadcrumb\",\"itemListElement\":[{\"@type\":\"ListItem\",\"position\":1,\"name\":\"Home\",\"item\":\"https:\/\/www.fondazionepirelli.org\/it\/\"},{\"@type\":\"ListItem\",\"position\":2,\"name\":\"Buona impresa, buona cultura\"}]},{\"@type\":\"WebSite\",\"@id\":\"https:\/\/www.fondazionepirelli.org\/it\/#website\",\"url\":\"https:\/\/www.fondazionepirelli.org\/it\/\",\"name\":\"Fondazione Pirelli\",\"description\":\"\",\"potentialAction\":[{\"@type\":\"SearchAction\",\"target\":{\"@type\":\"EntryPoint\",\"urlTemplate\":\"https:\/\/www.fondazionepirelli.org\/it\/?s={search_term_string}\"},\"query-input\":{\"@type\":\"PropertyValueSpecification\",\"valueRequired\":true,\"valueName\":\"search_term_string\"}}],\"inLanguage\":\"it-IT\"},{\"@type\":\"Person\",\"@id\":\"https:\/\/www.fondazionepirelli.org\/it\/#\/schema\/person\/c31fcf5937a0e6afa45497f3f8b6d7a0\",\"name\":\"fondazionepirelli\",\"image\":{\"@type\":\"ImageObject\",\"inLanguage\":\"it-IT\",\"@id\":\"https:\/\/www.fondazionepirelli.org\/it\/#\/schema\/person\/image\/\",\"url\":\"https:\/\/secure.gravatar.com\/avatar\/9cb486421ce1d6eddbf6c4fb66841b4325b786695f7aedf1dde2222428218696?s=96&d=mm&r=g\",\"contentUrl\":\"https:\/\/secure.gravatar.com\/avatar\/9cb486421ce1d6eddbf6c4fb66841b4325b786695f7aedf1dde2222428218696?s=96&d=mm&r=g\",\"caption\":\"fondazionepirelli\"},\"url\":\"https:\/\/www.fondazionepirelli.org\/it\/author\/fondazionepirelli\/\"}]}<\/script>\n<!-- \/ Yoast SEO plugin. -->","yoast_head_json":{"title":"Buona impresa, buona cultura - Fondazione Pirelli","robots":{"index":"index","follow":"follow","max-snippet":"max-snippet:-1","max-image-preview":"max-image-preview:large","max-video-preview":"max-video-preview:-1"},"canonical":"https:\/\/www.fondazionepirelli.org\/it\/cultura-dimpresa\/buona-impresa-buona-cultura\/","og_locale":"it_IT","og_type":"article","og_title":"Buona impresa, buona cultura - Fondazione Pirelli","og_description":"Attraverso l\u2019analisi delle sfide che attendono il sistema culturale italiano, emerge la conferma del significato forte della collaborazione tra pubblico e privatoFare cultura con modalit\u00e0 diverse da prima. E farlo anche mettendo a frutto metodi di organizzazione della produzione culturale che possano essere ad un tempo efficienti e fruibili per tutti. Prendere ad esempio le [&hellip;]","og_url":"https:\/\/www.fondazionepirelli.org\/it\/cultura-dimpresa\/buona-impresa-buona-cultura\/","og_site_name":"Fondazione Pirelli","article_published_time":"2020-11-16T07:40:04+00:00","author":"fondazionepirelli","twitter_card":"summary_large_image","twitter_misc":{"Scritto da":"fondazionepirelli","Tempo di lettura stimato":"2 minuti"},"schema":{"@context":"https:\/\/schema.org","@graph":[{"@type":"WebPage","@id":"https:\/\/www.fondazionepirelli.org\/it\/cultura-dimpresa\/buona-impresa-buona-cultura\/","url":"https:\/\/www.fondazionepirelli.org\/it\/cultura-dimpresa\/buona-impresa-buona-cultura\/","name":"Buona impresa, buona cultura - Fondazione Pirelli","isPartOf":{"@id":"https:\/\/www.fondazionepirelli.org\/it\/#website"},"datePublished":"2020-11-16T07:40:04+00:00","author":{"@id":"https:\/\/www.fondazionepirelli.org\/it\/#\/schema\/person\/c31fcf5937a0e6afa45497f3f8b6d7a0"},"breadcrumb":{"@id":"https:\/\/www.fondazionepirelli.org\/it\/cultura-dimpresa\/buona-impresa-buona-cultura\/#breadcrumb"},"inLanguage":"it-IT","potentialAction":[{"@type":"ReadAction","target":["https:\/\/www.fondazionepirelli.org\/it\/cultura-dimpresa\/buona-impresa-buona-cultura\/"]}]},{"@type":"BreadcrumbList","@id":"https:\/\/www.fondazionepirelli.org\/it\/cultura-dimpresa\/buona-impresa-buona-cultura\/#breadcrumb","itemListElement":[{"@type":"ListItem","position":1,"name":"Home","item":"https:\/\/www.fondazionepirelli.org\/it\/"},{"@type":"ListItem","position":2,"name":"Buona impresa, buona cultura"}]},{"@type":"WebSite","@id":"https:\/\/www.fondazionepirelli.org\/it\/#website","url":"https:\/\/www.fondazionepirelli.org\/it\/","name":"Fondazione Pirelli","description":"","potentialAction":[{"@type":"SearchAction","target":{"@type":"EntryPoint","urlTemplate":"https:\/\/www.fondazionepirelli.org\/it\/?s={search_term_string}"},"query-input":{"@type":"PropertyValueSpecification","valueRequired":true,"valueName":"search_term_string"}}],"inLanguage":"it-IT"},{"@type":"Person","@id":"https:\/\/www.fondazionepirelli.org\/it\/#\/schema\/person\/c31fcf5937a0e6afa45497f3f8b6d7a0","name":"fondazionepirelli","image":{"@type":"ImageObject","inLanguage":"it-IT","@id":"https:\/\/www.fondazionepirelli.org\/it\/#\/schema\/person\/image\/","url":"https:\/\/secure.gravatar.com\/avatar\/9cb486421ce1d6eddbf6c4fb66841b4325b786695f7aedf1dde2222428218696?s=96&d=mm&r=g","contentUrl":"https:\/\/secure.gravatar.com\/avatar\/9cb486421ce1d6eddbf6c4fb66841b4325b786695f7aedf1dde2222428218696?s=96&d=mm&r=g","caption":"fondazionepirelli"},"url":"https:\/\/www.fondazionepirelli.org\/it\/author\/fondazionepirelli\/"}]}},"_links":{"self":[{"href":"https:\/\/www.fondazionepirelli.org\/it\/wp-json\/wp\/v2\/posts\/81811\/"}],"collection":[{"href":"https:\/\/www.fondazionepirelli.org\/it\/wp-json\/wp\/v2\/posts\/"}],"about":[{"href":"https:\/\/www.fondazionepirelli.org\/it\/wp-json\/wp\/v2\/types\/post\/"}],"author":[{"embeddable":true,"href":"https:\/\/www.fondazionepirelli.org\/it\/wp-json\/wp\/v2\/users\/9\/"}],"replies":[{"embeddable":true,"href":"https:\/\/www.fondazionepirelli.org\/it\/wp-json\/wp\/v2\/comments\/?post=81811"}],"version-history":[{"count":1,"href":"https:\/\/www.fondazionepirelli.org\/it\/wp-json\/wp\/v2\/posts\/81811\/revisions\/"}],"predecessor-version":[{"id":81814,"href":"https:\/\/www.fondazionepirelli.org\/it\/wp-json\/wp\/v2\/posts\/81811\/revisions\/81814\/"}],"wp:attachment":[{"href":"https:\/\/www.fondazionepirelli.org\/it\/wp-json\/wp\/v2\/media\/?parent=81811"}],"wp:term":[{"taxonomy":"category","embeddable":true,"href":"https:\/\/www.fondazionepirelli.org\/it\/wp-json\/wp\/v2\/categories\/?post=81811"},{"taxonomy":"post_tag","embeddable":true,"href":"https:\/\/www.fondazionepirelli.org\/it\/wp-json\/wp\/v2\/tags\/?post=81811"}],"curies":[{"name":"wp","href":"https:\/\/api.w.org\/{rel}","templated":true}]}}