{"id":81816,"date":"2020-11-16T08:39:44","date_gmt":"2020-11-16T07:39:44","guid":{"rendered":"https:\/\/www.fondazionepirelli.org\/?p=81816"},"modified":"2020-11-16T11:15:16","modified_gmt":"2020-11-16T10:15:16","slug":"storia-di-un-uomo-dimpresa","status":"publish","type":"post","link":"https:\/\/www.fondazionepirelli.org\/it\/cultura-dimpresa\/storia-di-un-uomo-dimpresa\/","title":{"rendered":"Storia di un uomo d\u2019impresa"},"content":{"rendered":"<p><em>Nella vita di Vittorio Merloni raccontata dalla figlia, la sintesi di una particolare cultura del produrre<\/em><\/p><p>Cultura d\u2019impresa fatta a persona. Che d\u2019altra parte non pu\u00f2 che essere cos\u00ec. Perch\u00e9 la cultura non la fanno le macchine, ma gli uomini e le donne che vivono e lavorano. Per questo conoscere delle vite di chi le imprese le ha pensate, costruite e gestite \u00e8 sempre cosa buona da fare. E lo \u00e8 quindi leggere \u201cOggi \u00e8 gi\u00e0 domani. Vittorio Merloni. Vita di un imprenditore\u201d scritto da Maria Paola Merloni che del padre ha raccontato le vicende dall\u2019ingresso in azienda, nel 1960, alla guida di Confindustria nei primi anni Ottanta, durante uno dei passaggi pi\u00f9 delicati della storia dell\u2019economia italiana, fino alla conquista dei mercati dell\u2019Est, ai grandi successi e alle decisioni pi\u00f9 difficili. Vita di successi ma anche di problemi e di scelte, quella di Merloni, vita comune a molti altri uomini d\u2019impresa che hanno, come si diceva poco sopra, costruito una propria cultura del produrre che adesso pu\u00f2 insegnare molto a molti.<\/p>\n<p>Attraverso le pagine scritte dalla figlia \u2013 che per questo libro ha da poco vinto il Premio Biella Letteratura e Industria 2020 -, viene raccontato un imprenditore che riconosce il valore della sua terra e allo stesso tempo ha \u201cil mondo in testa\u201d. Soprattutto, emerge la figura di un visionario, capace di portare un\u2019azienda familiare alla dimensione di un\u2019impresa internazionale. Tutto senza perdere il suo carattere di uomo schivo, non espressione del <em>gotha<\/em> dell\u2019imprenditoria italiana, un uomo che riesce ad essere nello stesso tempo umile e grande esploratore di soluzione produttive diverse dalle consuete oltre che di mercati nuovi. E\u2019 cos\u00ec un Vittorio Merloni modesto e ambizioso, intraprendente e attento, quello che si legge nelle pagine di questo libro che raccontano, alla fine, un\u2019esperienza d\u2019impresa che si fa cultura per tutti. E che lascia qualcosa di utile anche oggi.<\/p>\n<p>Chiarissimi alcuni passaggi che sintetizzano la buona cultura d\u2019impresa del protagonista. Come una delle citazioni di un discorso di Merloni ai suoi in azienda che si dice convinto che \u201clo sviluppo vero e la produzione di ricchezza si facciano sul lavoro che costruisce e non sulle architetture finanziarie fini a se stesse\u201d.<\/p>\n<p>Il libro di Maria Paola Merloni (scritto con Claudio Novelli) non \u00e8 solo la storia di un padre raccontata da una figlia\u00a0 &#8211; una storia che, lo si coglie in molti passaggi, trabocca di qualcosa che \u00e8 molto pi\u00f9 che affetto -, ma \u00e8 un racconto dal quale si trae l\u2019indicazione di una cultura d\u2019impresa che non \u00e8 certo l\u2019unica da apprezzare, ma che \u00e8 traccia di vita e di lavoro, vicenda corale, manuale di gestione d\u2019azienda, abbecedario per imparare la difficile lingua del produrre non solo per profitto ma anche per qualcosa di pi\u00f9 complesso e tutto sommato affascinante.<\/p><p><strong>Oggi \u00e8 gi\u00e0 domani. Vittorio Merloni. Vita di un imprenditore<\/strong><\/p>\n<p><a href=\"https:\/\/www.marsilioeditori.it\/lista-autori\/scheda-autore\/5556\/maria-paola-merloni\">Maria Paola Merloni<\/a> (con Claudio Novelli)<\/p>\n<p>Marsilio, 2019<\/p>","protected":false},"excerpt":{"rendered":"<p>Nella vita di Vittorio Merloni raccontata dalla figlia, la sintesi di una particolare cultura del produrreCultura d\u2019impresa fatta a persona. Che d\u2019altra parte non pu\u00f2 che essere cos\u00ec. Perch\u00e9 la cultura non la fanno le macchine, ma gli uomini e le donne che vivono e lavorano. Per questo conoscere delle vite di chi le imprese [&hellip;]<\/p>\n","protected":false},"author":9,"featured_media":81817,"comment_status":"open","ping_status":"open","sticky":false,"template":"","format":"standard","meta":{"footnotes":""},"categories":[52,58],"tags":[],"class_list":["post-81816","post","type-post","status-publish","format-standard","has-post-thumbnail","hentry","category-cultura-dimpresa","category-recensioni-libri"],"acf":[],"yoast_head":"<!-- This site is optimized with the Yoast SEO plugin v25.0 - https:\/\/yoast.com\/wordpress\/plugins\/seo\/ -->\n<title>Storia di un uomo d\u2019impresa - Fondazione Pirelli<\/title>\n<meta name=\"robots\" content=\"index, follow, max-snippet:-1, max-image-preview:large, max-video-preview:-1\" \/>\n<link rel=\"canonical\" href=\"https:\/\/www.fondazionepirelli.org\/it\/cultura-dimpresa\/storia-di-un-uomo-dimpresa\/\" \/>\n<meta property=\"og:locale\" content=\"it_IT\" \/>\n<meta property=\"og:type\" content=\"article\" \/>\n<meta property=\"og:title\" content=\"Storia di un uomo d\u2019impresa - Fondazione Pirelli\" \/>\n<meta property=\"og:description\" content=\"Nella vita di Vittorio Merloni raccontata dalla figlia, la sintesi di una particolare cultura del produrreCultura d\u2019impresa fatta a persona. Che d\u2019altra parte non pu\u00f2 che essere cos\u00ec. Perch\u00e9 la cultura non la fanno le macchine, ma gli uomini e le donne che vivono e lavorano. Per questo conoscere delle vite di chi le imprese [&hellip;]\" \/>\n<meta property=\"og:url\" content=\"https:\/\/www.fondazionepirelli.org\/it\/cultura-dimpresa\/storia-di-un-uomo-dimpresa\/\" \/>\n<meta property=\"og:site_name\" content=\"Fondazione Pirelli\" \/>\n<meta property=\"article:published_time\" content=\"2020-11-16T07:39:44+00:00\" \/>\n<meta property=\"article:modified_time\" content=\"2020-11-16T10:15:16+00:00\" \/>\n<meta property=\"og:image\" content=\"https:\/\/wpsite-assets.fondazionepirelli.org\/wp-content\/uploads\/2020\/11\/16080908\/2970142.jpg\" \/>\n\t<meta property=\"og:image:width\" content=\"396\" \/>\n\t<meta property=\"og:image:height\" content=\"607\" \/>\n\t<meta property=\"og:image:type\" content=\"image\/jpeg\" \/>\n<meta name=\"author\" content=\"fondazionepirelli\" \/>\n<meta name=\"twitter:card\" content=\"summary_large_image\" \/>\n<meta name=\"twitter:label1\" content=\"Scritto da\" \/>\n\t<meta name=\"twitter:data1\" content=\"fondazionepirelli\" \/>\n\t<meta name=\"twitter:label2\" content=\"Tempo di lettura stimato\" \/>\n\t<meta name=\"twitter:data2\" content=\"2 minuti\" \/>\n<script type=\"application\/ld+json\" class=\"yoast-schema-graph\">{\"@context\":\"https:\/\/schema.org\",\"@graph\":[{\"@type\":\"WebPage\",\"@id\":\"https:\/\/www.fondazionepirelli.org\/it\/cultura-dimpresa\/storia-di-un-uomo-dimpresa\/\",\"url\":\"https:\/\/www.fondazionepirelli.org\/it\/cultura-dimpresa\/storia-di-un-uomo-dimpresa\/\",\"name\":\"Storia di un uomo d\u2019impresa - Fondazione Pirelli\",\"isPartOf\":{\"@id\":\"https:\/\/www.fondazionepirelli.org\/it\/#website\"},\"primaryImageOfPage\":{\"@id\":\"https:\/\/www.fondazionepirelli.org\/it\/cultura-dimpresa\/storia-di-un-uomo-dimpresa\/#primaryimage\"},\"image\":{\"@id\":\"https:\/\/www.fondazionepirelli.org\/it\/cultura-dimpresa\/storia-di-un-uomo-dimpresa\/#primaryimage\"},\"thumbnailUrl\":\"https:\/\/wpsite-assets.fondazionepirelli.org\/wp-content\/uploads\/2020\/11\/16080908\/2970142.jpg\",\"datePublished\":\"2020-11-16T07:39:44+00:00\",\"dateModified\":\"2020-11-16T10:15:16+00:00\",\"author\":{\"@id\":\"https:\/\/www.fondazionepirelli.org\/it\/#\/schema\/person\/c31fcf5937a0e6afa45497f3f8b6d7a0\"},\"breadcrumb\":{\"@id\":\"https:\/\/www.fondazionepirelli.org\/it\/cultura-dimpresa\/storia-di-un-uomo-dimpresa\/#breadcrumb\"},\"inLanguage\":\"it-IT\",\"potentialAction\":[{\"@type\":\"ReadAction\",\"target\":[\"https:\/\/www.fondazionepirelli.org\/it\/cultura-dimpresa\/storia-di-un-uomo-dimpresa\/\"]}]},{\"@type\":\"ImageObject\",\"inLanguage\":\"it-IT\",\"@id\":\"https:\/\/www.fondazionepirelli.org\/it\/cultura-dimpresa\/storia-di-un-uomo-dimpresa\/#primaryimage\",\"url\":\"https:\/\/wpsite-assets.fondazionepirelli.org\/wp-content\/uploads\/2020\/11\/16080908\/2970142.jpg\",\"contentUrl\":\"https:\/\/wpsite-assets.fondazionepirelli.org\/wp-content\/uploads\/2020\/11\/16080908\/2970142.jpg\",\"width\":396,\"height\":607},{\"@type\":\"BreadcrumbList\",\"@id\":\"https:\/\/www.fondazionepirelli.org\/it\/cultura-dimpresa\/storia-di-un-uomo-dimpresa\/#breadcrumb\",\"itemListElement\":[{\"@type\":\"ListItem\",\"position\":1,\"name\":\"Home\",\"item\":\"https:\/\/www.fondazionepirelli.org\/it\/\"},{\"@type\":\"ListItem\",\"position\":2,\"name\":\"Storia di un uomo d\u2019impresa\"}]},{\"@type\":\"WebSite\",\"@id\":\"https:\/\/www.fondazionepirelli.org\/it\/#website\",\"url\":\"https:\/\/www.fondazionepirelli.org\/it\/\",\"name\":\"Fondazione Pirelli\",\"description\":\"\",\"potentialAction\":[{\"@type\":\"SearchAction\",\"target\":{\"@type\":\"EntryPoint\",\"urlTemplate\":\"https:\/\/www.fondazionepirelli.org\/it\/?s={search_term_string}\"},\"query-input\":{\"@type\":\"PropertyValueSpecification\",\"valueRequired\":true,\"valueName\":\"search_term_string\"}}],\"inLanguage\":\"it-IT\"},{\"@type\":\"Person\",\"@id\":\"https:\/\/www.fondazionepirelli.org\/it\/#\/schema\/person\/c31fcf5937a0e6afa45497f3f8b6d7a0\",\"name\":\"fondazionepirelli\",\"image\":{\"@type\":\"ImageObject\",\"inLanguage\":\"it-IT\",\"@id\":\"https:\/\/www.fondazionepirelli.org\/it\/#\/schema\/person\/image\/\",\"url\":\"https:\/\/secure.gravatar.com\/avatar\/9cb486421ce1d6eddbf6c4fb66841b4325b786695f7aedf1dde2222428218696?s=96&d=mm&r=g\",\"contentUrl\":\"https:\/\/secure.gravatar.com\/avatar\/9cb486421ce1d6eddbf6c4fb66841b4325b786695f7aedf1dde2222428218696?s=96&d=mm&r=g\",\"caption\":\"fondazionepirelli\"},\"url\":\"https:\/\/www.fondazionepirelli.org\/it\/author\/fondazionepirelli\/\"}]}<\/script>\n<!-- \/ Yoast SEO plugin. -->","yoast_head_json":{"title":"Storia di un uomo d\u2019impresa - Fondazione Pirelli","robots":{"index":"index","follow":"follow","max-snippet":"max-snippet:-1","max-image-preview":"max-image-preview:large","max-video-preview":"max-video-preview:-1"},"canonical":"https:\/\/www.fondazionepirelli.org\/it\/cultura-dimpresa\/storia-di-un-uomo-dimpresa\/","og_locale":"it_IT","og_type":"article","og_title":"Storia di un uomo d\u2019impresa - Fondazione Pirelli","og_description":"Nella vita di Vittorio Merloni raccontata dalla figlia, la sintesi di una particolare cultura del produrreCultura d\u2019impresa fatta a persona. Che d\u2019altra parte non pu\u00f2 che essere cos\u00ec. Perch\u00e9 la cultura non la fanno le macchine, ma gli uomini e le donne che vivono e lavorano. Per questo conoscere delle vite di chi le imprese [&hellip;]","og_url":"https:\/\/www.fondazionepirelli.org\/it\/cultura-dimpresa\/storia-di-un-uomo-dimpresa\/","og_site_name":"Fondazione Pirelli","article_published_time":"2020-11-16T07:39:44+00:00","article_modified_time":"2020-11-16T10:15:16+00:00","og_image":[{"width":396,"height":607,"url":"https:\/\/wpsite-assets.fondazionepirelli.org\/wp-content\/uploads\/2020\/11\/16080908\/2970142.jpg","type":"image\/jpeg"}],"author":"fondazionepirelli","twitter_card":"summary_large_image","twitter_misc":{"Scritto da":"fondazionepirelli","Tempo di lettura stimato":"2 minuti"},"schema":{"@context":"https:\/\/schema.org","@graph":[{"@type":"WebPage","@id":"https:\/\/www.fondazionepirelli.org\/it\/cultura-dimpresa\/storia-di-un-uomo-dimpresa\/","url":"https:\/\/www.fondazionepirelli.org\/it\/cultura-dimpresa\/storia-di-un-uomo-dimpresa\/","name":"Storia di un uomo d\u2019impresa - Fondazione Pirelli","isPartOf":{"@id":"https:\/\/www.fondazionepirelli.org\/it\/#website"},"primaryImageOfPage":{"@id":"https:\/\/www.fondazionepirelli.org\/it\/cultura-dimpresa\/storia-di-un-uomo-dimpresa\/#primaryimage"},"image":{"@id":"https:\/\/www.fondazionepirelli.org\/it\/cultura-dimpresa\/storia-di-un-uomo-dimpresa\/#primaryimage"},"thumbnailUrl":"https:\/\/wpsite-assets.fondazionepirelli.org\/wp-content\/uploads\/2020\/11\/16080908\/2970142.jpg","datePublished":"2020-11-16T07:39:44+00:00","dateModified":"2020-11-16T10:15:16+00:00","author":{"@id":"https:\/\/www.fondazionepirelli.org\/it\/#\/schema\/person\/c31fcf5937a0e6afa45497f3f8b6d7a0"},"breadcrumb":{"@id":"https:\/\/www.fondazionepirelli.org\/it\/cultura-dimpresa\/storia-di-un-uomo-dimpresa\/#breadcrumb"},"inLanguage":"it-IT","potentialAction":[{"@type":"ReadAction","target":["https:\/\/www.fondazionepirelli.org\/it\/cultura-dimpresa\/storia-di-un-uomo-dimpresa\/"]}]},{"@type":"ImageObject","inLanguage":"it-IT","@id":"https:\/\/www.fondazionepirelli.org\/it\/cultura-dimpresa\/storia-di-un-uomo-dimpresa\/#primaryimage","url":"https:\/\/wpsite-assets.fondazionepirelli.org\/wp-content\/uploads\/2020\/11\/16080908\/2970142.jpg","contentUrl":"https:\/\/wpsite-assets.fondazionepirelli.org\/wp-content\/uploads\/2020\/11\/16080908\/2970142.jpg","width":396,"height":607},{"@type":"BreadcrumbList","@id":"https:\/\/www.fondazionepirelli.org\/it\/cultura-dimpresa\/storia-di-un-uomo-dimpresa\/#breadcrumb","itemListElement":[{"@type":"ListItem","position":1,"name":"Home","item":"https:\/\/www.fondazionepirelli.org\/it\/"},{"@type":"ListItem","position":2,"name":"Storia di un uomo d\u2019impresa"}]},{"@type":"WebSite","@id":"https:\/\/www.fondazionepirelli.org\/it\/#website","url":"https:\/\/www.fondazionepirelli.org\/it\/","name":"Fondazione Pirelli","description":"","potentialAction":[{"@type":"SearchAction","target":{"@type":"EntryPoint","urlTemplate":"https:\/\/www.fondazionepirelli.org\/it\/?s={search_term_string}"},"query-input":{"@type":"PropertyValueSpecification","valueRequired":true,"valueName":"search_term_string"}}],"inLanguage":"it-IT"},{"@type":"Person","@id":"https:\/\/www.fondazionepirelli.org\/it\/#\/schema\/person\/c31fcf5937a0e6afa45497f3f8b6d7a0","name":"fondazionepirelli","image":{"@type":"ImageObject","inLanguage":"it-IT","@id":"https:\/\/www.fondazionepirelli.org\/it\/#\/schema\/person\/image\/","url":"https:\/\/secure.gravatar.com\/avatar\/9cb486421ce1d6eddbf6c4fb66841b4325b786695f7aedf1dde2222428218696?s=96&d=mm&r=g","contentUrl":"https:\/\/secure.gravatar.com\/avatar\/9cb486421ce1d6eddbf6c4fb66841b4325b786695f7aedf1dde2222428218696?s=96&d=mm&r=g","caption":"fondazionepirelli"},"url":"https:\/\/www.fondazionepirelli.org\/it\/author\/fondazionepirelli\/"}]}},"_links":{"self":[{"href":"https:\/\/www.fondazionepirelli.org\/it\/wp-json\/wp\/v2\/posts\/81816\/"}],"collection":[{"href":"https:\/\/www.fondazionepirelli.org\/it\/wp-json\/wp\/v2\/posts\/"}],"about":[{"href":"https:\/\/www.fondazionepirelli.org\/it\/wp-json\/wp\/v2\/types\/post\/"}],"author":[{"embeddable":true,"href":"https:\/\/www.fondazionepirelli.org\/it\/wp-json\/wp\/v2\/users\/9\/"}],"replies":[{"embeddable":true,"href":"https:\/\/www.fondazionepirelli.org\/it\/wp-json\/wp\/v2\/comments\/?post=81816"}],"version-history":[{"count":2,"href":"https:\/\/www.fondazionepirelli.org\/it\/wp-json\/wp\/v2\/posts\/81816\/revisions\/"}],"predecessor-version":[{"id":81823,"href":"https:\/\/www.fondazionepirelli.org\/it\/wp-json\/wp\/v2\/posts\/81816\/revisions\/81823\/"}],"wp:featuredmedia":[{"embeddable":true,"href":"https:\/\/www.fondazionepirelli.org\/it\/wp-json\/wp\/v2\/media\/81817\/"}],"wp:attachment":[{"href":"https:\/\/www.fondazionepirelli.org\/it\/wp-json\/wp\/v2\/media\/?parent=81816"}],"wp:term":[{"taxonomy":"category","embeddable":true,"href":"https:\/\/www.fondazionepirelli.org\/it\/wp-json\/wp\/v2\/categories\/?post=81816"},{"taxonomy":"post_tag","embeddable":true,"href":"https:\/\/www.fondazionepirelli.org\/it\/wp-json\/wp\/v2\/tags\/?post=81816"}],"curies":[{"name":"wp","href":"https:\/\/api.w.org\/{rel}","templated":true}]}}