{"id":81843,"date":"2020-11-23T12:34:56","date_gmt":"2020-11-23T11:34:56","guid":{"rendered":"https:\/\/www.fondazionepirelli.org\/?p=81843"},"modified":"2022-04-11T08:52:06","modified_gmt":"2022-04-11T07:52:06","slug":"fondazione-pirelli-alla-xix-settimana-della-cultura-dimpresa-con-un-gioco-fra-arte-e-storia","status":"publish","type":"post","link":"https:\/\/www.fondazionepirelli.org\/it\/iniziative\/gli-eventi-e-i-percorsi-guidati\/fondazione-pirelli-alla-xix-settimana-della-cultura-dimpresa-con-un-gioco-fra-arte-e-storia\/","title":{"rendered":"Fondazione Pirelli alla XIX Settimana della Cultura d\u2019Impresa con un gioco fra arte e storia"},"content":{"rendered":"<p>\u201cGiallo in archivio: sulle tracce del Cinturato Pirelli\u201d \u00e8 il titolo dell\u2019iniziativa di <strong>Fondazione Pirelli<\/strong>, organizzata in collaborazione con l\u2019Associazione Culturale <strong>Dramatr\u00e0<\/strong> per la <strong>XIX Settimana della Cultura d\u2019Impresa<\/strong>, che si \u00e8 svolta mercoled\u00ec 18 novembre2020. Un inedito tour virtuale, che ha visto la partecipazione di circa 170 persone di tutte le et\u00e0, incluse alcune classi delle scuole superiori. I partecipanti, organizzati in squadre e collegati dall\u2019Italia e dall\u2019estero, hanno risolto enigmi attraverso indizi nascosti tra i corridoi dell\u2019archivio della Fondazione Pirelli.<\/p>\n<p>Durante il gioco l\u2019attore Carlo Alberto Montori ha interpretato l\u2019ingegner Klaus Pneumad, ricercatore a capo di un\u2019azienda rivale di Pirelli nell\u2019anno 2120, tornato indietro nel tempo per sabotare lo sviluppo del celebre pneumatico Cinturato Pirelli, ed eliminare cos\u00ec il suo pi\u00f9 temibile concorrente. Le squadre partecipanti sono riuscite a impedire allo scienziato di portare a termine il suo piano, risolvendo quesiti di logica, matematica e prove che hanno richiesto l\u2019uso della creativit\u00e0.<\/p>\n<p>Sui temi della sostenibilit\u00e0 si sono invece concentrati gli incontri di <strong>TIME4CHILD<\/strong> Digital, l\u2019altra iniziativa di Fondazione Pirelli nel palinsesto della Settimana della cultura d\u2019impresa. Un\u2019occasione per parlare con bambini e ragazzi di tematiche legate alla storia di Pirelli, alla smart mobility e alle iniziative dell\u2019azienda legate al mondo della gomma naturale, in un fitto calendario di incontri online in diretta e con approfondimenti tematici messi a disposizione in uno stand virtuale.<\/p>\n","protected":false},"excerpt":{"rendered":"<p>\u201cGiallo in archivio: sulle tracce del Cinturato Pirelli\u201d \u00e8 il titolo dell\u2019iniziativa di Fondazione Pirelli, organizzata in collaborazione con l\u2019Associazione Culturale Dramatr\u00e0 per la XIX Settimana della Cultura d\u2019Impresa, che si \u00e8 svolta mercoled\u00ec 18 novembre2020. Un inedito tour virtuale, che ha visto la partecipazione di circa 170 persone di tutte le et\u00e0, incluse alcune [&hellip;]<\/p>\n","protected":false},"author":9,"featured_media":81852,"comment_status":"open","ping_status":"open","sticky":false,"template":"","format":"standard","meta":{"footnotes":""},"categories":[78,60],"tags":[],"class_list":["post-81843","post","type-post","status-publish","format-standard","has-post-thumbnail","hentry","category-gli-eventi-e-i-percorsi-guidati","category-iniziative"],"acf":[],"yoast_head":"<!-- This site is optimized with the Yoast SEO plugin v25.0 - https:\/\/yoast.com\/wordpress\/plugins\/seo\/ -->\n<title>Fondazione Pirelli alla XIX Settimana della Cultura d\u2019Impresa con un gioco fra arte e storia - Fondazione Pirelli<\/title>\n<meta name=\"robots\" content=\"index, follow, max-snippet:-1, max-image-preview:large, max-video-preview:-1\" \/>\n<link rel=\"canonical\" href=\"https:\/\/www.fondazionepirelli.org\/it\/iniziative\/gli-eventi-e-i-percorsi-guidati\/fondazione-pirelli-alla-xix-settimana-della-cultura-dimpresa-con-un-gioco-fra-arte-e-storia\/\" \/>\n<meta property=\"og:locale\" content=\"it_IT\" \/>\n<meta property=\"og:type\" content=\"article\" \/>\n<meta property=\"og:title\" content=\"Fondazione Pirelli alla XIX Settimana della Cultura d\u2019Impresa con un gioco fra arte e storia - Fondazione Pirelli\" \/>\n<meta property=\"og:description\" content=\"\u201cGiallo in archivio: sulle tracce del Cinturato Pirelli\u201d \u00e8 il titolo dell\u2019iniziativa di Fondazione Pirelli, organizzata in collaborazione con l\u2019Associazione Culturale Dramatr\u00e0 per la XIX Settimana della Cultura d\u2019Impresa, che si \u00e8 svolta mercoled\u00ec 18 novembre2020. Un inedito tour virtuale, che ha visto la partecipazione di circa 170 persone di tutte le et\u00e0, incluse alcune [&hellip;]\" \/>\n<meta property=\"og:url\" content=\"https:\/\/127.0.0.1\/it\/iniziative\/gli-eventi-e-i-percorsi-guidati\/fondazione-pirelli-alla-xix-settimana-della-cultura-dimpresa-con-un-gioco-fra-arte-e-storia\/\" \/>\n<meta property=\"og:site_name\" content=\"Fondazione Pirelli\" \/>\n<meta property=\"article:published_time\" content=\"2020-11-23T11:34:56+00:00\" \/>\n<meta property=\"article:modified_time\" content=\"2022-04-11T07:52:06+00:00\" \/>\n<meta property=\"og:image\" content=\"https:\/\/wpsite-assets.fondazionepirelli.org\/wp-content\/uploads\/2020\/11\/23094340\/unnamed-e1606131247104.jpg\" \/>\n\t<meta property=\"og:image:width\" content=\"500\" \/>\n\t<meta property=\"og:image:height\" content=\"500\" \/>\n\t<meta property=\"og:image:type\" content=\"image\/jpeg\" \/>\n<meta name=\"author\" content=\"fondazionepirelli\" \/>\n<meta name=\"twitter:card\" content=\"summary_large_image\" \/>\n<meta name=\"twitter:label1\" content=\"Scritto da\" \/>\n\t<meta name=\"twitter:data1\" content=\"fondazionepirelli\" \/>\n\t<meta name=\"twitter:label2\" content=\"Tempo di lettura stimato\" \/>\n\t<meta name=\"twitter:data2\" content=\"1 minuto\" \/>\n<script type=\"application\/ld+json\" class=\"yoast-schema-graph\">{\"@context\":\"https:\/\/schema.org\",\"@graph\":[{\"@type\":\"WebPage\",\"@id\":\"https:\/\/127.0.0.1\/it\/iniziative\/gli-eventi-e-i-percorsi-guidati\/fondazione-pirelli-alla-xix-settimana-della-cultura-dimpresa-con-un-gioco-fra-arte-e-storia\/\",\"url\":\"https:\/\/127.0.0.1\/it\/iniziative\/gli-eventi-e-i-percorsi-guidati\/fondazione-pirelli-alla-xix-settimana-della-cultura-dimpresa-con-un-gioco-fra-arte-e-storia\/\",\"name\":\"Fondazione Pirelli alla XIX Settimana della Cultura d\u2019Impresa con un gioco fra arte e storia - Fondazione Pirelli\",\"isPartOf\":{\"@id\":\"https:\/\/www.fondazionepirelli.org\/it\/#website\"},\"primaryImageOfPage\":{\"@id\":\"https:\/\/127.0.0.1\/it\/iniziative\/gli-eventi-e-i-percorsi-guidati\/fondazione-pirelli-alla-xix-settimana-della-cultura-dimpresa-con-un-gioco-fra-arte-e-storia\/#primaryimage\"},\"image\":{\"@id\":\"https:\/\/127.0.0.1\/it\/iniziative\/gli-eventi-e-i-percorsi-guidati\/fondazione-pirelli-alla-xix-settimana-della-cultura-dimpresa-con-un-gioco-fra-arte-e-storia\/#primaryimage\"},\"thumbnailUrl\":\"https:\/\/wpsite-assets.fondazionepirelli.org\/wp-content\/uploads\/2020\/11\/23094340\/unnamed-e1606131247104.jpg\",\"datePublished\":\"2020-11-23T11:34:56+00:00\",\"dateModified\":\"2022-04-11T07:52:06+00:00\",\"author\":{\"@id\":\"https:\/\/www.fondazionepirelli.org\/it\/#\/schema\/person\/c31fcf5937a0e6afa45497f3f8b6d7a0\"},\"breadcrumb\":{\"@id\":\"https:\/\/127.0.0.1\/it\/iniziative\/gli-eventi-e-i-percorsi-guidati\/fondazione-pirelli-alla-xix-settimana-della-cultura-dimpresa-con-un-gioco-fra-arte-e-storia\/#breadcrumb\"},\"inLanguage\":\"it-IT\",\"potentialAction\":[{\"@type\":\"ReadAction\",\"target\":[\"https:\/\/127.0.0.1\/it\/iniziative\/gli-eventi-e-i-percorsi-guidati\/fondazione-pirelli-alla-xix-settimana-della-cultura-dimpresa-con-un-gioco-fra-arte-e-storia\/\"]}]},{\"@type\":\"ImageObject\",\"inLanguage\":\"it-IT\",\"@id\":\"https:\/\/127.0.0.1\/it\/iniziative\/gli-eventi-e-i-percorsi-guidati\/fondazione-pirelli-alla-xix-settimana-della-cultura-dimpresa-con-un-gioco-fra-arte-e-storia\/#primaryimage\",\"url\":\"https:\/\/wpsite-assets.fondazionepirelli.org\/wp-content\/uploads\/2020\/11\/23094340\/unnamed-e1606131247104.jpg\",\"contentUrl\":\"https:\/\/wpsite-assets.fondazionepirelli.org\/wp-content\/uploads\/2020\/11\/23094340\/unnamed-e1606131247104.jpg\",\"width\":500,\"height\":500},{\"@type\":\"BreadcrumbList\",\"@id\":\"https:\/\/127.0.0.1\/it\/iniziative\/gli-eventi-e-i-percorsi-guidati\/fondazione-pirelli-alla-xix-settimana-della-cultura-dimpresa-con-un-gioco-fra-arte-e-storia\/#breadcrumb\",\"itemListElement\":[{\"@type\":\"ListItem\",\"position\":1,\"name\":\"Home\",\"item\":\"https:\/\/www.fondazionepirelli.org\/it\/\"},{\"@type\":\"ListItem\",\"position\":2,\"name\":\"Fondazione Pirelli alla XIX Settimana della Cultura d\u2019Impresa con un gioco fra arte e storia\"}]},{\"@type\":\"WebSite\",\"@id\":\"https:\/\/www.fondazionepirelli.org\/it\/#website\",\"url\":\"https:\/\/www.fondazionepirelli.org\/it\/\",\"name\":\"Fondazione Pirelli\",\"description\":\"\",\"potentialAction\":[{\"@type\":\"SearchAction\",\"target\":{\"@type\":\"EntryPoint\",\"urlTemplate\":\"https:\/\/www.fondazionepirelli.org\/it\/?s={search_term_string}\"},\"query-input\":{\"@type\":\"PropertyValueSpecification\",\"valueRequired\":true,\"valueName\":\"search_term_string\"}}],\"inLanguage\":\"it-IT\"},{\"@type\":\"Person\",\"@id\":\"https:\/\/www.fondazionepirelli.org\/it\/#\/schema\/person\/c31fcf5937a0e6afa45497f3f8b6d7a0\",\"name\":\"fondazionepirelli\",\"image\":{\"@type\":\"ImageObject\",\"inLanguage\":\"it-IT\",\"@id\":\"https:\/\/www.fondazionepirelli.org\/it\/#\/schema\/person\/image\/\",\"url\":\"https:\/\/secure.gravatar.com\/avatar\/9cb486421ce1d6eddbf6c4fb66841b4325b786695f7aedf1dde2222428218696?s=96&d=mm&r=g\",\"contentUrl\":\"https:\/\/secure.gravatar.com\/avatar\/9cb486421ce1d6eddbf6c4fb66841b4325b786695f7aedf1dde2222428218696?s=96&d=mm&r=g\",\"caption\":\"fondazionepirelli\"},\"url\":\"https:\/\/www.fondazionepirelli.org\/it\/author\/fondazionepirelli\/\"}]}<\/script>\n<!-- \/ Yoast SEO plugin. -->","yoast_head_json":{"title":"Fondazione Pirelli alla XIX Settimana della Cultura d\u2019Impresa con un gioco fra arte e storia - Fondazione Pirelli","robots":{"index":"index","follow":"follow","max-snippet":"max-snippet:-1","max-image-preview":"max-image-preview:large","max-video-preview":"max-video-preview:-1"},"canonical":"https:\/\/www.fondazionepirelli.org\/it\/iniziative\/gli-eventi-e-i-percorsi-guidati\/fondazione-pirelli-alla-xix-settimana-della-cultura-dimpresa-con-un-gioco-fra-arte-e-storia\/","og_locale":"it_IT","og_type":"article","og_title":"Fondazione Pirelli alla XIX Settimana della Cultura d\u2019Impresa con un gioco fra arte e storia - Fondazione Pirelli","og_description":"\u201cGiallo in archivio: sulle tracce del Cinturato Pirelli\u201d \u00e8 il titolo dell\u2019iniziativa di Fondazione Pirelli, organizzata in collaborazione con l\u2019Associazione Culturale Dramatr\u00e0 per la XIX Settimana della Cultura d\u2019Impresa, che si \u00e8 svolta mercoled\u00ec 18 novembre2020. Un inedito tour virtuale, che ha visto la partecipazione di circa 170 persone di tutte le et\u00e0, incluse alcune [&hellip;]","og_url":"https:\/\/127.0.0.1\/it\/iniziative\/gli-eventi-e-i-percorsi-guidati\/fondazione-pirelli-alla-xix-settimana-della-cultura-dimpresa-con-un-gioco-fra-arte-e-storia\/","og_site_name":"Fondazione Pirelli","article_published_time":"2020-11-23T11:34:56+00:00","article_modified_time":"2022-04-11T07:52:06+00:00","og_image":[{"width":500,"height":500,"url":"https:\/\/wpsite-assets.fondazionepirelli.org\/wp-content\/uploads\/2020\/11\/23094340\/unnamed-e1606131247104.jpg","type":"image\/jpeg"}],"author":"fondazionepirelli","twitter_card":"summary_large_image","twitter_misc":{"Scritto da":"fondazionepirelli","Tempo di lettura stimato":"1 minuto"},"schema":{"@context":"https:\/\/schema.org","@graph":[{"@type":"WebPage","@id":"https:\/\/127.0.0.1\/it\/iniziative\/gli-eventi-e-i-percorsi-guidati\/fondazione-pirelli-alla-xix-settimana-della-cultura-dimpresa-con-un-gioco-fra-arte-e-storia\/","url":"https:\/\/127.0.0.1\/it\/iniziative\/gli-eventi-e-i-percorsi-guidati\/fondazione-pirelli-alla-xix-settimana-della-cultura-dimpresa-con-un-gioco-fra-arte-e-storia\/","name":"Fondazione Pirelli alla XIX Settimana della Cultura d\u2019Impresa con un gioco fra arte e storia - Fondazione Pirelli","isPartOf":{"@id":"https:\/\/www.fondazionepirelli.org\/it\/#website"},"primaryImageOfPage":{"@id":"https:\/\/127.0.0.1\/it\/iniziative\/gli-eventi-e-i-percorsi-guidati\/fondazione-pirelli-alla-xix-settimana-della-cultura-dimpresa-con-un-gioco-fra-arte-e-storia\/#primaryimage"},"image":{"@id":"https:\/\/127.0.0.1\/it\/iniziative\/gli-eventi-e-i-percorsi-guidati\/fondazione-pirelli-alla-xix-settimana-della-cultura-dimpresa-con-un-gioco-fra-arte-e-storia\/#primaryimage"},"thumbnailUrl":"https:\/\/wpsite-assets.fondazionepirelli.org\/wp-content\/uploads\/2020\/11\/23094340\/unnamed-e1606131247104.jpg","datePublished":"2020-11-23T11:34:56+00:00","dateModified":"2022-04-11T07:52:06+00:00","author":{"@id":"https:\/\/www.fondazionepirelli.org\/it\/#\/schema\/person\/c31fcf5937a0e6afa45497f3f8b6d7a0"},"breadcrumb":{"@id":"https:\/\/127.0.0.1\/it\/iniziative\/gli-eventi-e-i-percorsi-guidati\/fondazione-pirelli-alla-xix-settimana-della-cultura-dimpresa-con-un-gioco-fra-arte-e-storia\/#breadcrumb"},"inLanguage":"it-IT","potentialAction":[{"@type":"ReadAction","target":["https:\/\/127.0.0.1\/it\/iniziative\/gli-eventi-e-i-percorsi-guidati\/fondazione-pirelli-alla-xix-settimana-della-cultura-dimpresa-con-un-gioco-fra-arte-e-storia\/"]}]},{"@type":"ImageObject","inLanguage":"it-IT","@id":"https:\/\/127.0.0.1\/it\/iniziative\/gli-eventi-e-i-percorsi-guidati\/fondazione-pirelli-alla-xix-settimana-della-cultura-dimpresa-con-un-gioco-fra-arte-e-storia\/#primaryimage","url":"https:\/\/wpsite-assets.fondazionepirelli.org\/wp-content\/uploads\/2020\/11\/23094340\/unnamed-e1606131247104.jpg","contentUrl":"https:\/\/wpsite-assets.fondazionepirelli.org\/wp-content\/uploads\/2020\/11\/23094340\/unnamed-e1606131247104.jpg","width":500,"height":500},{"@type":"BreadcrumbList","@id":"https:\/\/127.0.0.1\/it\/iniziative\/gli-eventi-e-i-percorsi-guidati\/fondazione-pirelli-alla-xix-settimana-della-cultura-dimpresa-con-un-gioco-fra-arte-e-storia\/#breadcrumb","itemListElement":[{"@type":"ListItem","position":1,"name":"Home","item":"https:\/\/www.fondazionepirelli.org\/it\/"},{"@type":"ListItem","position":2,"name":"Fondazione Pirelli alla XIX Settimana della Cultura d\u2019Impresa con un gioco fra arte e storia"}]},{"@type":"WebSite","@id":"https:\/\/www.fondazionepirelli.org\/it\/#website","url":"https:\/\/www.fondazionepirelli.org\/it\/","name":"Fondazione Pirelli","description":"","potentialAction":[{"@type":"SearchAction","target":{"@type":"EntryPoint","urlTemplate":"https:\/\/www.fondazionepirelli.org\/it\/?s={search_term_string}"},"query-input":{"@type":"PropertyValueSpecification","valueRequired":true,"valueName":"search_term_string"}}],"inLanguage":"it-IT"},{"@type":"Person","@id":"https:\/\/www.fondazionepirelli.org\/it\/#\/schema\/person\/c31fcf5937a0e6afa45497f3f8b6d7a0","name":"fondazionepirelli","image":{"@type":"ImageObject","inLanguage":"it-IT","@id":"https:\/\/www.fondazionepirelli.org\/it\/#\/schema\/person\/image\/","url":"https:\/\/secure.gravatar.com\/avatar\/9cb486421ce1d6eddbf6c4fb66841b4325b786695f7aedf1dde2222428218696?s=96&d=mm&r=g","contentUrl":"https:\/\/secure.gravatar.com\/avatar\/9cb486421ce1d6eddbf6c4fb66841b4325b786695f7aedf1dde2222428218696?s=96&d=mm&r=g","caption":"fondazionepirelli"},"url":"https:\/\/www.fondazionepirelli.org\/it\/author\/fondazionepirelli\/"}]}},"_links":{"self":[{"href":"https:\/\/www.fondazionepirelli.org\/it\/wp-json\/wp\/v2\/posts\/81843\/"}],"collection":[{"href":"https:\/\/www.fondazionepirelli.org\/it\/wp-json\/wp\/v2\/posts\/"}],"about":[{"href":"https:\/\/www.fondazionepirelli.org\/it\/wp-json\/wp\/v2\/types\/post\/"}],"author":[{"embeddable":true,"href":"https:\/\/www.fondazionepirelli.org\/it\/wp-json\/wp\/v2\/users\/9\/"}],"replies":[{"embeddable":true,"href":"https:\/\/www.fondazionepirelli.org\/it\/wp-json\/wp\/v2\/comments\/?post=81843"}],"version-history":[{"count":3,"href":"https:\/\/www.fondazionepirelli.org\/it\/wp-json\/wp\/v2\/posts\/81843\/revisions\/"}],"predecessor-version":[{"id":81858,"href":"https:\/\/www.fondazionepirelli.org\/it\/wp-json\/wp\/v2\/posts\/81843\/revisions\/81858\/"}],"wp:featuredmedia":[{"embeddable":true,"href":"https:\/\/www.fondazionepirelli.org\/it\/wp-json\/wp\/v2\/media\/81852\/"}],"wp:attachment":[{"href":"https:\/\/www.fondazionepirelli.org\/it\/wp-json\/wp\/v2\/media\/?parent=81843"}],"wp:term":[{"taxonomy":"category","embeddable":true,"href":"https:\/\/www.fondazionepirelli.org\/it\/wp-json\/wp\/v2\/categories\/?post=81843"},{"taxonomy":"post_tag","embeddable":true,"href":"https:\/\/www.fondazionepirelli.org\/it\/wp-json\/wp\/v2\/tags\/?post=81843"}],"curies":[{"name":"wp","href":"https:\/\/api.w.org\/{rel}","templated":true}]}}