{"id":81878,"date":"2020-11-25T09:59:22","date_gmt":"2020-11-25T08:59:22","guid":{"rendered":"https:\/\/www.fondazionepirelli.org\/?p=81878"},"modified":"2020-11-25T09:59:22","modified_gmt":"2020-11-25T08:59:22","slug":"la-sfida-del-recovery-plan-per-avviare-lo-sviluppo-e-rifare-i-conti-con-produttivita-e-debito-pubblico","status":"publish","type":"post","link":"https:\/\/www.fondazionepirelli.org\/it\/cultura-dimpresa\/la-sfida-del-recovery-plan-per-avviare-lo-sviluppo-e-rifare-i-conti-con-produttivita-e-debito-pubblico\/","title":{"rendered":"La sfida del Recovery Plan, per avviare lo sviluppo e rifare i conti con produttivit\u00e0 e debito pubblico"},"content":{"rendered":"<p>Ecco un racconto attuale dell\u2019Italia condensato in <strong>quattro numeri<\/strong>. Il primo numero \u00e8 una<strong> percentuale<\/strong>, <strong>-10%<\/strong>, che indica la crescita negativa del Pil, il prodotto interno lordo, prevista per quest\u2019anno (una media tra il -9% previsto dal governo, il -9.9% calcolato dalla Commissione Ue e il -10,6% indicato dal Fondo Monetario Internazionale). Il secondo \u00e8 <strong>209 miliardi,<\/strong> ovvero l\u2019<strong>insieme della risorse<\/strong> che il nostro Paese potrebbe investire usando bene i fondi del <em>Recovery Plan <\/em>dell\u2019Unione Europea. Il terzo numero \u00e8, di nuovo, una percentuale: <strong>155,7%<\/strong> , e cio\u00e8 il <strong>rapporto tra debito pubblico e Pil<\/strong>, raggiunto, secondo il governo, per recuperare i fondi per le misure utili a fronteggiare le emergenze economiche e sociali, tra pandemia e recessione (era al 135,7% nel 2019). Il quarto numero \u00e8 <strong>-0,5%<\/strong> e cio\u00e8 il <strong>calo della produttivit\u00e0<\/strong> dell\u2019Italia nel 2019, un dato particolarmente grave, perch\u00e9 viene dopo un ventennio di produttivit\u00e0 stagnante, mentre quella media degli altri paesi Ue cresce. Si segnala, ancora una volta, una pesante debolezza della nostra economia, che la crisi attuale amplifica e aggrava.<\/p>\n<p>Vale la pena tenere guardare insieme questi quattro numeri nel momento in cui si ragiona sulle <strong>scelte necessarie per uscire dalla crisi<\/strong> e sulle riforme indispensabili da avviare per poter parlare di sviluppo e di miglioramento della condizione dei conti pubblici.<\/p>\n<p>Siamo di fronte a una <strong>recessione senza precedenti<\/strong>, un po\u2019 in tutto il mondo. In Italia, pi\u00f9 pesante che altrove. E allarmante proprio nelle regioni del Nord in cui le dinamiche produttive (tra industria, servizi e turismo) trainavano in buona parte il resto del paese. La risposta non pu\u00f2 stare n\u00e9 nell\u2019illusione di tornare al \u201ccome eravamo\u201d n\u00e9 nella continuazione all\u2019infinito delle logiche del sussidio. Logiche indispensabili, ma solo nell\u2019emergenza: assicurare reddito alle famiglie e alle persone pi\u00f9 in difficolt\u00e0 ed evitare il tracollo delle imprese. Ma, che a lungo andare, dannose, perch\u00e9 deprimono l\u2019intraprendenza, comprimono le aspettative di miglioramento e abbattono la fiducia.<\/p>\n<p>C\u2019\u00e8, semmai, da puntare le risorse disponibili sull\u2019<strong>innovazione,<\/strong> sul <strong>recupero radicale di produttivit\u00e0<\/strong> e sulle riforme in grado, finalmente, di modernizzare il sistema Paese. Rieccoci, dunque, alla sfida della produttivit\u00e0.<\/p>\n<p>\u201cProduttivit\u00e0, l\u2019Italia scivola sotto zero\u201d, titolava in prima pagina \u201cIl Sole24Ore, pubblicando i dati resi noti dall\u2019Istat ai primi di novembre. Per circa vent\u2019anni, la produttivit\u00e0 del Paese \u00e8 stata vicina allo zero, mentre quella media europea cresceva dell\u20191,6%. Adesso, nel 2019, si va ancora pi\u00f9 gi\u00f9, calcolando sia la produttivit\u00e0 del lavoro (valore aggiunto creato per ora lavorata) con un -0,4%, sia quella del capitale, -0,8%, sia la produttivit\u00e0 totale dei fattori, -0,5%. Tra i motivi della stentata crescita del Paese, insomma, c\u2019\u00e8 il fatto che tutto ci\u00f2 che facciamo non fa crescere la nostra ricchezza, deprimendo dunque redditi, occupazione, benessere. I dati Istat si fermano al 2019, prima della pandemia da Covid19 e della recessione. E dunque per quel che riguarda questo 2020, avremo una condizione ancora peggiore.<\/p>\n<p>A guardare bene i dati, si scoprono fatti molto interessanti. Per esempio, che la produttivit\u00e0 dell\u2019industria \u00e8 nettamente in <strong>crescita<\/strong>, in conseguenza degli investimenti in nuove tecnologie, macchinari, formazione delle persone in linea con la svolta <strong><em>hi tech <\/em>e digitale<\/strong>. Resta invece molto bassa, tendente a zero o negativa, nel settore terziario, soprattutto nei servizi poco esposti alla concorrenza internazionale e in quelli del commercio minuto e dei servizi alla persona, con imprese molto piccole, poco e male organizzate, sottocapitalizzate e dunque fragili. Bassissima pure la produttivit\u00e0 della pubblica amministrazione, che ostacola e deprime gli sforzi e i tentativi di crescita delle imprese migliori.<\/p>\n<p>\u201cLa nostra produttivit\u00e0 non cresce da vent\u2019anni. Ed \u00e8 il dato che riassume, impietosamente, tutti i nostri ritardi. Il valore aggiunto aumenta \u2013 e con esso salari e stipendi \u2013 se ci sono investimenti, tecnologie, innovazione e, soprattutto, un capitale umano meglio preparato\u201d, scrive Ferruccio de Bortoli nel suo ultimo libro, \u201cLe cose che non ci diciamo\u201d, Garzanti, una analisi lucida e un severo compendio delle scelte da fare e delle riforme indispensabili per rimettere in moto l\u2019Italia ferita.<\/p>\n<p>La ricetta su come uscire dalla crisi, appunto, \u00e8 nota da tempo, ma purtroppo ancora inapplicata: <strong>investimenti massicci in innovazione<\/strong>, conoscenza, ricerca, trasferimento tecnologico. Scuola e formazione, dunque, in primo piano, per un capitale umano in grado di reggere e anzi guidare la sfida dell\u2019innovazione. E poi apertura dei mercati a una maggiore concorrenza, che stimola la crescita. Riforma della pubblica amministrazione, nazionale e locale e delle struture fiscali e giudiziarie (\u201cPer attrarre capitali dall\u2019estero servono riforme, a cominciare dalla giustizia: con processi pi\u00f9 veloci potrebbero arrivare fino a 170 miliardi\u201d, nota \u201cL\u2019Economia\u201d del \u201cCorriere della Sera\u201d, 23 gennaio). E ancora: diffusione di una cultura d\u2019impresa legata alla competizione, al premio al merito, al \u201cbello e ben fatto\u201d. All\u2019innovazione, appunto.<\/p>\n<p>Eccoci, allora, al <strong><em>Recovery Plan<\/em><\/strong>. Servono pochi, grandi progetti di investimento dei fondi europei su <em>green economy <\/em>e <em>digital economy<\/em>, sostenibilit\u00e0 e innovazione, cio\u00e9 (ne abbiamo parlato a lungo nel blog della scorsa settimana). Le imprese innovative da fare crescere, il lavoro qualificato da stimolare, la formazione di lungo periodo da provuovere. E le infrastrutture, materiali e immateriali, per la qualit\u00e0 della vita e del lavoro. Pochi grandi progetti, ben costruiti, concordati con i vertici di Bruxelles e definiti negli strumenti, nel tempi, nei controlli di attuazione.<\/p>\n<p>Una straordinaria<strong> scommessa politica<\/strong>, sociale, culturale e imprenditoriale, per una ripartenza che abbia il sapore di una vera e propria \u201crinascita\u201d, un radicale cambio di paradigma segnato dalle <strong>scelte di sviluppo sostenibile, ambientale e sociale<\/strong>. Non un disperdersi di risorse in mille rivoli, accontentando nel breve periodo corporazioni e clientelke (un taglio dell\u2019Iva di qua, un reddito di cittadinanza di l\u00e0, un\u2019assunzione di gi\u00f9, un appalto di su e cos\u00ec via sgovernando). Ma una strategia di crescita, lungimirante, ambiziosa. Coivolgendo le forze sociali. Bem disponibili a una seria assunzione di responsabilit\u00e0.<\/p>\n<p>La risposta al tema del debito pubblico sta qui. Nella crescita. Senza pensare a improbabili \u201ccancellazioni\u201d. Ma sapendo bene che la Bce vigila ancora, tenendo bassi i tassi e assorbendo parte delle nuove emissioni nelle sua pancia capace e che la Ue potr\u00e0 ridiscutere i paramenti delle convergenze economiche, ma solo di fronte a economie in ripresa e a conti pubblici in via di riequilibrio.<\/p>\n<p>C\u2019\u00e8, insomma, un nesso di lungo periodo tra conti pubblici in ordine e crescita stabile nei suoi fondamenti. Senza visioni ideologiche. Ma con <strong>senso di responsabilit\u00e0<\/strong>. Verso chi? Soprattutto verso i nostri figli e nipoti, cui guardare con generosa intelligenza, visto che il debito \u00e8, appunto, sulle loro spalle. <em>Next Generation Eu<\/em>, dice appunto il <em>Recovery Plan<\/em>.<\/p>","protected":false},"excerpt":{"rendered":"<p>Ecco un racconto attuale dell\u2019Italia condensato in quattro numeri. Il primo numero \u00e8 una percentuale, -10%, che indica la crescita negativa del Pil, il prodotto interno lordo, prevista per quest\u2019anno (una media tra il -9% previsto dal governo, il -9.9% calcolato dalla Commissione Ue e il -10,6% indicato dal Fondo Monetario Internazionale). Il secondo \u00e8 [&hellip;]<\/p>\n","protected":false},"author":9,"featured_media":81893,"comment_status":"open","ping_status":"open","sticky":false,"template":"","format":"standard","meta":{"footnotes":""},"categories":[53,52],"tags":[],"class_list":["post-81878","post","type-post","status-publish","format-standard","has-post-thumbnail","hentry","category-blog","category-cultura-dimpresa"],"acf":[],"yoast_head":"<!-- This site is optimized with the Yoast SEO plugin v25.0 - https:\/\/yoast.com\/wordpress\/plugins\/seo\/ -->\n<title>La sfida del Recovery Plan, per avviare lo sviluppo e rifare i conti con produttivit\u00e0 e debito pubblico - Fondazione Pirelli<\/title>\n<meta name=\"robots\" content=\"index, follow, max-snippet:-1, max-image-preview:large, max-video-preview:-1\" \/>\n<link rel=\"canonical\" href=\"https:\/\/www.fondazionepirelli.org\/it\/cultura-dimpresa\/la-sfida-del-recovery-plan-per-avviare-lo-sviluppo-e-rifare-i-conti-con-produttivita-e-debito-pubblico\/\" \/>\n<meta property=\"og:locale\" content=\"it_IT\" \/>\n<meta property=\"og:type\" content=\"article\" \/>\n<meta property=\"og:title\" content=\"La sfida del Recovery Plan, per avviare lo sviluppo e rifare i conti con produttivit\u00e0 e debito pubblico - Fondazione Pirelli\" \/>\n<meta property=\"og:description\" content=\"Ecco un racconto attuale dell\u2019Italia condensato in quattro numeri. Il primo numero \u00e8 una percentuale, -10%, che indica la crescita negativa del Pil, il prodotto interno lordo, prevista per quest\u2019anno (una media tra il -9% previsto dal governo, il -9.9% calcolato dalla Commissione Ue e il -10,6% indicato dal Fondo Monetario Internazionale). Il secondo \u00e8 [&hellip;]\" \/>\n<meta property=\"og:url\" content=\"https:\/\/127.0.0.1\/it\/cultura-dimpresa\/la-sfida-del-recovery-plan-per-avviare-lo-sviluppo-e-rifare-i-conti-con-produttivita-e-debito-pubblico\/\" \/>\n<meta property=\"og:site_name\" content=\"Fondazione Pirelli\" \/>\n<meta property=\"article:published_time\" content=\"2020-11-25T08:59:22+00:00\" \/>\n<meta property=\"og:image\" content=\"https:\/\/wpsite-assets.fondazionepirelli.org\/wp-content\/uploads\/2020\/11\/25095914\/puzzle.jpg.jpg\" \/>\n\t<meta property=\"og:image:width\" content=\"414\" \/>\n\t<meta property=\"og:image:height\" content=\"274\" \/>\n\t<meta property=\"og:image:type\" content=\"image\/jpeg\" \/>\n<meta name=\"author\" content=\"fondazionepirelli\" \/>\n<meta name=\"twitter:card\" content=\"summary_large_image\" \/>\n<meta name=\"twitter:label1\" content=\"Scritto da\" \/>\n\t<meta name=\"twitter:data1\" content=\"fondazionepirelli\" \/>\n\t<meta name=\"twitter:label2\" content=\"Tempo di lettura stimato\" \/>\n\t<meta name=\"twitter:data2\" content=\"5 minuti\" \/>\n<script type=\"application\/ld+json\" class=\"yoast-schema-graph\">{\"@context\":\"https:\/\/schema.org\",\"@graph\":[{\"@type\":\"WebPage\",\"@id\":\"https:\/\/127.0.0.1\/it\/cultura-dimpresa\/la-sfida-del-recovery-plan-per-avviare-lo-sviluppo-e-rifare-i-conti-con-produttivita-e-debito-pubblico\/\",\"url\":\"https:\/\/127.0.0.1\/it\/cultura-dimpresa\/la-sfida-del-recovery-plan-per-avviare-lo-sviluppo-e-rifare-i-conti-con-produttivita-e-debito-pubblico\/\",\"name\":\"La sfida del Recovery Plan, per avviare lo sviluppo e rifare i conti con produttivit\u00e0 e debito pubblico - Fondazione Pirelli\",\"isPartOf\":{\"@id\":\"https:\/\/www.fondazionepirelli.org\/it\/#website\"},\"primaryImageOfPage\":{\"@id\":\"https:\/\/127.0.0.1\/it\/cultura-dimpresa\/la-sfida-del-recovery-plan-per-avviare-lo-sviluppo-e-rifare-i-conti-con-produttivita-e-debito-pubblico\/#primaryimage\"},\"image\":{\"@id\":\"https:\/\/127.0.0.1\/it\/cultura-dimpresa\/la-sfida-del-recovery-plan-per-avviare-lo-sviluppo-e-rifare-i-conti-con-produttivita-e-debito-pubblico\/#primaryimage\"},\"thumbnailUrl\":\"https:\/\/wpsite-assets.fondazionepirelli.org\/wp-content\/uploads\/2020\/11\/25095914\/puzzle.jpg.jpg\",\"datePublished\":\"2020-11-25T08:59:22+00:00\",\"author\":{\"@id\":\"https:\/\/www.fondazionepirelli.org\/it\/#\/schema\/person\/c31fcf5937a0e6afa45497f3f8b6d7a0\"},\"breadcrumb\":{\"@id\":\"https:\/\/127.0.0.1\/it\/cultura-dimpresa\/la-sfida-del-recovery-plan-per-avviare-lo-sviluppo-e-rifare-i-conti-con-produttivita-e-debito-pubblico\/#breadcrumb\"},\"inLanguage\":\"it-IT\",\"potentialAction\":[{\"@type\":\"ReadAction\",\"target\":[\"https:\/\/127.0.0.1\/it\/cultura-dimpresa\/la-sfida-del-recovery-plan-per-avviare-lo-sviluppo-e-rifare-i-conti-con-produttivita-e-debito-pubblico\/\"]}]},{\"@type\":\"ImageObject\",\"inLanguage\":\"it-IT\",\"@id\":\"https:\/\/127.0.0.1\/it\/cultura-dimpresa\/la-sfida-del-recovery-plan-per-avviare-lo-sviluppo-e-rifare-i-conti-con-produttivita-e-debito-pubblico\/#primaryimage\",\"url\":\"https:\/\/wpsite-assets.fondazionepirelli.org\/wp-content\/uploads\/2020\/11\/25095914\/puzzle.jpg.jpg\",\"contentUrl\":\"https:\/\/wpsite-assets.fondazionepirelli.org\/wp-content\/uploads\/2020\/11\/25095914\/puzzle.jpg.jpg\",\"width\":414,\"height\":274},{\"@type\":\"BreadcrumbList\",\"@id\":\"https:\/\/127.0.0.1\/it\/cultura-dimpresa\/la-sfida-del-recovery-plan-per-avviare-lo-sviluppo-e-rifare-i-conti-con-produttivita-e-debito-pubblico\/#breadcrumb\",\"itemListElement\":[{\"@type\":\"ListItem\",\"position\":1,\"name\":\"Home\",\"item\":\"https:\/\/www.fondazionepirelli.org\/it\/\"},{\"@type\":\"ListItem\",\"position\":2,\"name\":\"La sfida del Recovery Plan, per avviare lo sviluppo e rifare i conti con produttivit\u00e0 e debito pubblico\"}]},{\"@type\":\"WebSite\",\"@id\":\"https:\/\/www.fondazionepirelli.org\/it\/#website\",\"url\":\"https:\/\/www.fondazionepirelli.org\/it\/\",\"name\":\"Fondazione Pirelli\",\"description\":\"\",\"potentialAction\":[{\"@type\":\"SearchAction\",\"target\":{\"@type\":\"EntryPoint\",\"urlTemplate\":\"https:\/\/www.fondazionepirelli.org\/it\/?s={search_term_string}\"},\"query-input\":{\"@type\":\"PropertyValueSpecification\",\"valueRequired\":true,\"valueName\":\"search_term_string\"}}],\"inLanguage\":\"it-IT\"},{\"@type\":\"Person\",\"@id\":\"https:\/\/www.fondazionepirelli.org\/it\/#\/schema\/person\/c31fcf5937a0e6afa45497f3f8b6d7a0\",\"name\":\"fondazionepirelli\",\"image\":{\"@type\":\"ImageObject\",\"inLanguage\":\"it-IT\",\"@id\":\"https:\/\/www.fondazionepirelli.org\/it\/#\/schema\/person\/image\/\",\"url\":\"https:\/\/secure.gravatar.com\/avatar\/9cb486421ce1d6eddbf6c4fb66841b4325b786695f7aedf1dde2222428218696?s=96&d=mm&r=g\",\"contentUrl\":\"https:\/\/secure.gravatar.com\/avatar\/9cb486421ce1d6eddbf6c4fb66841b4325b786695f7aedf1dde2222428218696?s=96&d=mm&r=g\",\"caption\":\"fondazionepirelli\"},\"url\":\"https:\/\/www.fondazionepirelli.org\/it\/author\/fondazionepirelli\/\"}]}<\/script>\n<!-- \/ Yoast SEO plugin. -->","yoast_head_json":{"title":"La sfida del Recovery Plan, per avviare lo sviluppo e rifare i conti con produttivit\u00e0 e debito pubblico - Fondazione Pirelli","robots":{"index":"index","follow":"follow","max-snippet":"max-snippet:-1","max-image-preview":"max-image-preview:large","max-video-preview":"max-video-preview:-1"},"canonical":"https:\/\/www.fondazionepirelli.org\/it\/cultura-dimpresa\/la-sfida-del-recovery-plan-per-avviare-lo-sviluppo-e-rifare-i-conti-con-produttivita-e-debito-pubblico\/","og_locale":"it_IT","og_type":"article","og_title":"La sfida del Recovery Plan, per avviare lo sviluppo e rifare i conti con produttivit\u00e0 e debito pubblico - Fondazione Pirelli","og_description":"Ecco un racconto attuale dell\u2019Italia condensato in quattro numeri. Il primo numero \u00e8 una percentuale, -10%, che indica la crescita negativa del Pil, il prodotto interno lordo, prevista per quest\u2019anno (una media tra il -9% previsto dal governo, il -9.9% calcolato dalla Commissione Ue e il -10,6% indicato dal Fondo Monetario Internazionale). Il secondo \u00e8 [&hellip;]","og_url":"https:\/\/127.0.0.1\/it\/cultura-dimpresa\/la-sfida-del-recovery-plan-per-avviare-lo-sviluppo-e-rifare-i-conti-con-produttivita-e-debito-pubblico\/","og_site_name":"Fondazione Pirelli","article_published_time":"2020-11-25T08:59:22+00:00","og_image":[{"width":414,"height":274,"url":"https:\/\/wpsite-assets.fondazionepirelli.org\/wp-content\/uploads\/2020\/11\/25095914\/puzzle.jpg.jpg","type":"image\/jpeg"}],"author":"fondazionepirelli","twitter_card":"summary_large_image","twitter_misc":{"Scritto da":"fondazionepirelli","Tempo di lettura stimato":"5 minuti"},"schema":{"@context":"https:\/\/schema.org","@graph":[{"@type":"WebPage","@id":"https:\/\/127.0.0.1\/it\/cultura-dimpresa\/la-sfida-del-recovery-plan-per-avviare-lo-sviluppo-e-rifare-i-conti-con-produttivita-e-debito-pubblico\/","url":"https:\/\/127.0.0.1\/it\/cultura-dimpresa\/la-sfida-del-recovery-plan-per-avviare-lo-sviluppo-e-rifare-i-conti-con-produttivita-e-debito-pubblico\/","name":"La sfida del Recovery Plan, per avviare lo sviluppo e rifare i conti con produttivit\u00e0 e debito pubblico - Fondazione Pirelli","isPartOf":{"@id":"https:\/\/www.fondazionepirelli.org\/it\/#website"},"primaryImageOfPage":{"@id":"https:\/\/127.0.0.1\/it\/cultura-dimpresa\/la-sfida-del-recovery-plan-per-avviare-lo-sviluppo-e-rifare-i-conti-con-produttivita-e-debito-pubblico\/#primaryimage"},"image":{"@id":"https:\/\/127.0.0.1\/it\/cultura-dimpresa\/la-sfida-del-recovery-plan-per-avviare-lo-sviluppo-e-rifare-i-conti-con-produttivita-e-debito-pubblico\/#primaryimage"},"thumbnailUrl":"https:\/\/wpsite-assets.fondazionepirelli.org\/wp-content\/uploads\/2020\/11\/25095914\/puzzle.jpg.jpg","datePublished":"2020-11-25T08:59:22+00:00","author":{"@id":"https:\/\/www.fondazionepirelli.org\/it\/#\/schema\/person\/c31fcf5937a0e6afa45497f3f8b6d7a0"},"breadcrumb":{"@id":"https:\/\/127.0.0.1\/it\/cultura-dimpresa\/la-sfida-del-recovery-plan-per-avviare-lo-sviluppo-e-rifare-i-conti-con-produttivita-e-debito-pubblico\/#breadcrumb"},"inLanguage":"it-IT","potentialAction":[{"@type":"ReadAction","target":["https:\/\/127.0.0.1\/it\/cultura-dimpresa\/la-sfida-del-recovery-plan-per-avviare-lo-sviluppo-e-rifare-i-conti-con-produttivita-e-debito-pubblico\/"]}]},{"@type":"ImageObject","inLanguage":"it-IT","@id":"https:\/\/127.0.0.1\/it\/cultura-dimpresa\/la-sfida-del-recovery-plan-per-avviare-lo-sviluppo-e-rifare-i-conti-con-produttivita-e-debito-pubblico\/#primaryimage","url":"https:\/\/wpsite-assets.fondazionepirelli.org\/wp-content\/uploads\/2020\/11\/25095914\/puzzle.jpg.jpg","contentUrl":"https:\/\/wpsite-assets.fondazionepirelli.org\/wp-content\/uploads\/2020\/11\/25095914\/puzzle.jpg.jpg","width":414,"height":274},{"@type":"BreadcrumbList","@id":"https:\/\/127.0.0.1\/it\/cultura-dimpresa\/la-sfida-del-recovery-plan-per-avviare-lo-sviluppo-e-rifare-i-conti-con-produttivita-e-debito-pubblico\/#breadcrumb","itemListElement":[{"@type":"ListItem","position":1,"name":"Home","item":"https:\/\/www.fondazionepirelli.org\/it\/"},{"@type":"ListItem","position":2,"name":"La sfida del Recovery Plan, per avviare lo sviluppo e rifare i conti con produttivit\u00e0 e debito pubblico"}]},{"@type":"WebSite","@id":"https:\/\/www.fondazionepirelli.org\/it\/#website","url":"https:\/\/www.fondazionepirelli.org\/it\/","name":"Fondazione Pirelli","description":"","potentialAction":[{"@type":"SearchAction","target":{"@type":"EntryPoint","urlTemplate":"https:\/\/www.fondazionepirelli.org\/it\/?s={search_term_string}"},"query-input":{"@type":"PropertyValueSpecification","valueRequired":true,"valueName":"search_term_string"}}],"inLanguage":"it-IT"},{"@type":"Person","@id":"https:\/\/www.fondazionepirelli.org\/it\/#\/schema\/person\/c31fcf5937a0e6afa45497f3f8b6d7a0","name":"fondazionepirelli","image":{"@type":"ImageObject","inLanguage":"it-IT","@id":"https:\/\/www.fondazionepirelli.org\/it\/#\/schema\/person\/image\/","url":"https:\/\/secure.gravatar.com\/avatar\/9cb486421ce1d6eddbf6c4fb66841b4325b786695f7aedf1dde2222428218696?s=96&d=mm&r=g","contentUrl":"https:\/\/secure.gravatar.com\/avatar\/9cb486421ce1d6eddbf6c4fb66841b4325b786695f7aedf1dde2222428218696?s=96&d=mm&r=g","caption":"fondazionepirelli"},"url":"https:\/\/www.fondazionepirelli.org\/it\/author\/fondazionepirelli\/"}]}},"_links":{"self":[{"href":"https:\/\/www.fondazionepirelli.org\/it\/wp-json\/wp\/v2\/posts\/81878\/"}],"collection":[{"href":"https:\/\/www.fondazionepirelli.org\/it\/wp-json\/wp\/v2\/posts\/"}],"about":[{"href":"https:\/\/www.fondazionepirelli.org\/it\/wp-json\/wp\/v2\/types\/post\/"}],"author":[{"embeddable":true,"href":"https:\/\/www.fondazionepirelli.org\/it\/wp-json\/wp\/v2\/users\/9\/"}],"replies":[{"embeddable":true,"href":"https:\/\/www.fondazionepirelli.org\/it\/wp-json\/wp\/v2\/comments\/?post=81878"}],"version-history":[{"count":2,"href":"https:\/\/www.fondazionepirelli.org\/it\/wp-json\/wp\/v2\/posts\/81878\/revisions\/"}],"predecessor-version":[{"id":81880,"href":"https:\/\/www.fondazionepirelli.org\/it\/wp-json\/wp\/v2\/posts\/81878\/revisions\/81880\/"}],"wp:featuredmedia":[{"embeddable":true,"href":"https:\/\/www.fondazionepirelli.org\/it\/wp-json\/wp\/v2\/media\/81893\/"}],"wp:attachment":[{"href":"https:\/\/www.fondazionepirelli.org\/it\/wp-json\/wp\/v2\/media\/?parent=81878"}],"wp:term":[{"taxonomy":"category","embeddable":true,"href":"https:\/\/www.fondazionepirelli.org\/it\/wp-json\/wp\/v2\/categories\/?post=81878"},{"taxonomy":"post_tag","embeddable":true,"href":"https:\/\/www.fondazionepirelli.org\/it\/wp-json\/wp\/v2\/tags\/?post=81878"}],"curies":[{"name":"wp","href":"https:\/\/api.w.org\/{rel}","templated":true}]}}