{"id":82045,"date":"2020-12-14T07:20:13","date_gmt":"2020-12-14T06:20:13","guid":{"rendered":"https:\/\/www.fondazionepirelli.org\/?p=82045"},"modified":"2020-12-15T09:55:57","modified_gmt":"2020-12-15T08:55:57","slug":"storie-del-grattacielo-i-60-anni-del-pirellone-tra-cultura-industriale-e-attivita-istituzionali-di-regione-lombardia","status":"publish","type":"post","link":"https:\/\/www.fondazionepirelli.org\/it\/iniziative\/storie-del-grattacielo-i-60-anni-del-pirellone-tra-cultura-industriale-e-attivita-istituzionali-di-regione-lombardia\/","title":{"rendered":"Storie del Grattacielo.<br> I 60 anni del Pirellone tra cultura industriale e attivit\u00e0 istituzionali di Regione Lombardia"},"content":{"rendered":"<p>Il 4 aprile 1960 si inaugurava a Milano il Grattacielo Pirelli. Voluto da Alberto e Piero Pirelli, concepito dalla forza creativa e innovativa di Gio Ponti, Antonio Fornaroli, Alberto Rosselli, Pier Luigi Nervi, Arturo Danusso, Giuseppe Valtolina ed Egidio Dell\u2019Orto, questo edificio compie quest\u2019anno 60 anni. Per celebrare questo importante avvenimento sar\u00e0 inaugurata nella primavera del 2021 la mostra \u201cStorie del Grattacielo. I 60 anni del Pirellone tra cultura industriale e attivit\u00e0 istituzionali di Regione Lombardia\u201d, promossa da Regione Lombardia e dalla Fondazione Pirelli, curata dalla Fondazione Pirelli e dall\u2019architetto Alessandro Colombo e realizzata anche grazie al contributo di FNM. In attesa dell\u2019apertura della mostra, \u00e8 gi\u00e0 possibile avere un anticipazione del progetto attraverso il catalogo edito da Marsilio in uscita nelle librerie il 16 dicembre 2020, e il lancio della piattaforma dedicata <a href=\"http:\/\/60grattacielopirelli.org\"><strong>60grattacielopirelli.org<\/strong><\/a> dove poter scoprire in preview i contenuti del percorso espositivo.<\/p>\n<p>Un racconto in cinque \u201ctempi\u201d attraverso fotografie, illustrazioni, filmati di repertorio, in larga parte provenienti dall\u2019Archivio Storico Pirelli, e testimonianze esclusive di persone che lo hanno pensato, progettato, realizzato e vissuto lungo il corso di questi sessant\u2019anni, scandito da una timeline che ripercorre, dal 1956 ai giorni nostri, la grande storia nazionale e internazionale e gli eventi pi\u00f9 significativi che hanno segnato l\u2019immaginario collettivo.<\/p><p><em>\u00a0\u201cSogno una Milano fatta dai miei colleghi architetti. Certamente non voglio una Milano fatta con case basse e un grattacielo qui, uno l\u00e0, un altro l\u00e0 e un altro ancora l\u00e0. Sarebbe come una bocca con qualche dente lungo e gli altri corti. I grattacieli sono belli se si trovano uno di fianco all&#8217;altro, come delle isole. [&#8230;] Questo che dico non \u00e8 un sogno, dico ci\u00f2 che sar\u00e0 in futuro<\/em>\u201d (Gio Ponti sulla citt\u00e0 di Milano nel 1961)<\/p>\n","protected":false},"excerpt":{"rendered":"<p>Il 4 aprile 1960 si inaugurava a Milano il Grattacielo Pirelli. Voluto da Alberto e Piero Pirelli, concepito dalla forza creativa e innovativa di Gio Ponti, Antonio Fornaroli, Alberto Rosselli, Pier Luigi Nervi, Arturo Danusso, Giuseppe Valtolina ed Egidio Dell\u2019Orto, questo edificio compie quest\u2019anno 60 anni. Per celebrare questo importante avvenimento sar\u00e0 inaugurata nella primavera [&hellip;]<\/p>\n","protected":false},"author":9,"featured_media":82058,"comment_status":"open","ping_status":"open","sticky":false,"template":"","format":"standard","meta":{"footnotes":""},"categories":[78,60,77],"tags":[],"class_list":["post-82045","post","type-post","status-publish","format-standard","has-post-thumbnail","hentry","category-gli-eventi-e-i-percorsi-guidati","category-iniziative","category-le-mostre"],"acf":[],"yoast_head":"<!-- This site is optimized with the Yoast SEO plugin v25.0 - https:\/\/yoast.com\/wordpress\/plugins\/seo\/ -->\n<title>Storie del Grattacielo. I 60 anni del Pirellone tra cultura industriale e attivit\u00e0 istituzionali di Regione Lombardia - Fondazione Pirelli<\/title>\n<meta name=\"robots\" content=\"index, follow, max-snippet:-1, max-image-preview:large, max-video-preview:-1\" \/>\n<link rel=\"canonical\" href=\"https:\/\/www.fondazionepirelli.org\/it\/iniziative\/storie-del-grattacielo-i-60-anni-del-pirellone-tra-cultura-industriale-e-attivita-istituzionali-di-regione-lombardia\/\" \/>\n<meta property=\"og:locale\" content=\"it_IT\" \/>\n<meta property=\"og:type\" content=\"article\" \/>\n<meta property=\"og:title\" content=\"Storie del Grattacielo. I 60 anni del Pirellone tra cultura industriale e attivit\u00e0 istituzionali di Regione Lombardia - Fondazione Pirelli\" \/>\n<meta property=\"og:description\" content=\"Il 4 aprile 1960 si inaugurava a Milano il Grattacielo Pirelli. Voluto da Alberto e Piero Pirelli, concepito dalla forza creativa e innovativa di Gio Ponti, Antonio Fornaroli, Alberto Rosselli, Pier Luigi Nervi, Arturo Danusso, Giuseppe Valtolina ed Egidio Dell\u2019Orto, questo edificio compie quest\u2019anno 60 anni. Per celebrare questo importante avvenimento sar\u00e0 inaugurata nella primavera [&hellip;]\" \/>\n<meta property=\"og:url\" content=\"https:\/\/www.fondazionepirelli.org\/it\/iniziative\/storie-del-grattacielo-i-60-anni-del-pirellone-tra-cultura-industriale-e-attivita-istituzionali-di-regione-lombardia\/\" \/>\n<meta property=\"og:site_name\" content=\"Fondazione Pirelli\" \/>\n<meta property=\"article:published_time\" content=\"2020-12-14T06:20:13+00:00\" \/>\n<meta property=\"article:modified_time\" content=\"2020-12-15T08:55:57+00:00\" \/>\n<meta property=\"og:image\" content=\"https:\/\/wpsite-assets.fondazionepirelli.org\/wp-content\/uploads\/2020\/12\/14071758\/Pag-114-e1607955494594.jpg\" \/>\n\t<meta property=\"og:image:width\" content=\"500\" \/>\n\t<meta property=\"og:image:height\" content=\"621\" \/>\n\t<meta property=\"og:image:type\" content=\"image\/jpeg\" \/>\n<meta name=\"author\" content=\"fondazionepirelli\" \/>\n<meta name=\"twitter:card\" content=\"summary_large_image\" \/>\n<meta name=\"twitter:label1\" content=\"Scritto da\" \/>\n\t<meta name=\"twitter:data1\" content=\"fondazionepirelli\" \/>\n\t<meta name=\"twitter:label2\" content=\"Tempo di lettura stimato\" \/>\n\t<meta name=\"twitter:data2\" content=\"1 minuto\" \/>\n<script type=\"application\/ld+json\" class=\"yoast-schema-graph\">{\"@context\":\"https:\/\/schema.org\",\"@graph\":[{\"@type\":\"WebPage\",\"@id\":\"https:\/\/www.fondazionepirelli.org\/it\/iniziative\/storie-del-grattacielo-i-60-anni-del-pirellone-tra-cultura-industriale-e-attivita-istituzionali-di-regione-lombardia\/\",\"url\":\"https:\/\/www.fondazionepirelli.org\/it\/iniziative\/storie-del-grattacielo-i-60-anni-del-pirellone-tra-cultura-industriale-e-attivita-istituzionali-di-regione-lombardia\/\",\"name\":\"Storie del Grattacielo. I 60 anni del Pirellone tra cultura industriale e attivit\u00e0 istituzionali di Regione Lombardia - Fondazione Pirelli\",\"isPartOf\":{\"@id\":\"https:\/\/www.fondazionepirelli.org\/it\/#website\"},\"primaryImageOfPage\":{\"@id\":\"https:\/\/www.fondazionepirelli.org\/it\/iniziative\/storie-del-grattacielo-i-60-anni-del-pirellone-tra-cultura-industriale-e-attivita-istituzionali-di-regione-lombardia\/#primaryimage\"},\"image\":{\"@id\":\"https:\/\/www.fondazionepirelli.org\/it\/iniziative\/storie-del-grattacielo-i-60-anni-del-pirellone-tra-cultura-industriale-e-attivita-istituzionali-di-regione-lombardia\/#primaryimage\"},\"thumbnailUrl\":\"https:\/\/wpsite-assets.fondazionepirelli.org\/wp-content\/uploads\/2020\/12\/14071758\/Pag-114-e1607955494594.jpg\",\"datePublished\":\"2020-12-14T06:20:13+00:00\",\"dateModified\":\"2020-12-15T08:55:57+00:00\",\"author\":{\"@id\":\"https:\/\/www.fondazionepirelli.org\/it\/#\/schema\/person\/c31fcf5937a0e6afa45497f3f8b6d7a0\"},\"breadcrumb\":{\"@id\":\"https:\/\/www.fondazionepirelli.org\/it\/iniziative\/storie-del-grattacielo-i-60-anni-del-pirellone-tra-cultura-industriale-e-attivita-istituzionali-di-regione-lombardia\/#breadcrumb\"},\"inLanguage\":\"it-IT\",\"potentialAction\":[{\"@type\":\"ReadAction\",\"target\":[\"https:\/\/www.fondazionepirelli.org\/it\/iniziative\/storie-del-grattacielo-i-60-anni-del-pirellone-tra-cultura-industriale-e-attivita-istituzionali-di-regione-lombardia\/\"]}]},{\"@type\":\"ImageObject\",\"inLanguage\":\"it-IT\",\"@id\":\"https:\/\/www.fondazionepirelli.org\/it\/iniziative\/storie-del-grattacielo-i-60-anni-del-pirellone-tra-cultura-industriale-e-attivita-istituzionali-di-regione-lombardia\/#primaryimage\",\"url\":\"https:\/\/wpsite-assets.fondazionepirelli.org\/wp-content\/uploads\/2020\/12\/14071758\/Pag-114-e1607955494594.jpg\",\"contentUrl\":\"https:\/\/wpsite-assets.fondazionepirelli.org\/wp-content\/uploads\/2020\/12\/14071758\/Pag-114-e1607955494594.jpg\",\"width\":500,\"height\":621},{\"@type\":\"BreadcrumbList\",\"@id\":\"https:\/\/www.fondazionepirelli.org\/it\/iniziative\/storie-del-grattacielo-i-60-anni-del-pirellone-tra-cultura-industriale-e-attivita-istituzionali-di-regione-lombardia\/#breadcrumb\",\"itemListElement\":[{\"@type\":\"ListItem\",\"position\":1,\"name\":\"Home\",\"item\":\"https:\/\/www.fondazionepirelli.org\/it\/\"},{\"@type\":\"ListItem\",\"position\":2,\"name\":\"Storie del Grattacielo. I 60 anni del Pirellone tra cultura industriale e attivit\u00e0 istituzionali di Regione Lombardia\"}]},{\"@type\":\"WebSite\",\"@id\":\"https:\/\/www.fondazionepirelli.org\/it\/#website\",\"url\":\"https:\/\/www.fondazionepirelli.org\/it\/\",\"name\":\"Fondazione Pirelli\",\"description\":\"\",\"potentialAction\":[{\"@type\":\"SearchAction\",\"target\":{\"@type\":\"EntryPoint\",\"urlTemplate\":\"https:\/\/www.fondazionepirelli.org\/it\/?s={search_term_string}\"},\"query-input\":{\"@type\":\"PropertyValueSpecification\",\"valueRequired\":true,\"valueName\":\"search_term_string\"}}],\"inLanguage\":\"it-IT\"},{\"@type\":\"Person\",\"@id\":\"https:\/\/www.fondazionepirelli.org\/it\/#\/schema\/person\/c31fcf5937a0e6afa45497f3f8b6d7a0\",\"name\":\"fondazionepirelli\",\"image\":{\"@type\":\"ImageObject\",\"inLanguage\":\"it-IT\",\"@id\":\"https:\/\/www.fondazionepirelli.org\/it\/#\/schema\/person\/image\/\",\"url\":\"https:\/\/secure.gravatar.com\/avatar\/9cb486421ce1d6eddbf6c4fb66841b4325b786695f7aedf1dde2222428218696?s=96&d=mm&r=g\",\"contentUrl\":\"https:\/\/secure.gravatar.com\/avatar\/9cb486421ce1d6eddbf6c4fb66841b4325b786695f7aedf1dde2222428218696?s=96&d=mm&r=g\",\"caption\":\"fondazionepirelli\"},\"url\":\"https:\/\/www.fondazionepirelli.org\/it\/author\/fondazionepirelli\/\"}]}<\/script>\n<!-- \/ Yoast SEO plugin. -->","yoast_head_json":{"title":"Storie del Grattacielo. I 60 anni del Pirellone tra cultura industriale e attivit\u00e0 istituzionali di Regione Lombardia - Fondazione Pirelli","robots":{"index":"index","follow":"follow","max-snippet":"max-snippet:-1","max-image-preview":"max-image-preview:large","max-video-preview":"max-video-preview:-1"},"canonical":"https:\/\/www.fondazionepirelli.org\/it\/iniziative\/storie-del-grattacielo-i-60-anni-del-pirellone-tra-cultura-industriale-e-attivita-istituzionali-di-regione-lombardia\/","og_locale":"it_IT","og_type":"article","og_title":"Storie del Grattacielo. I 60 anni del Pirellone tra cultura industriale e attivit\u00e0 istituzionali di Regione Lombardia - Fondazione Pirelli","og_description":"Il 4 aprile 1960 si inaugurava a Milano il Grattacielo Pirelli. Voluto da Alberto e Piero Pirelli, concepito dalla forza creativa e innovativa di Gio Ponti, Antonio Fornaroli, Alberto Rosselli, Pier Luigi Nervi, Arturo Danusso, Giuseppe Valtolina ed Egidio Dell\u2019Orto, questo edificio compie quest\u2019anno 60 anni. Per celebrare questo importante avvenimento sar\u00e0 inaugurata nella primavera [&hellip;]","og_url":"https:\/\/www.fondazionepirelli.org\/it\/iniziative\/storie-del-grattacielo-i-60-anni-del-pirellone-tra-cultura-industriale-e-attivita-istituzionali-di-regione-lombardia\/","og_site_name":"Fondazione Pirelli","article_published_time":"2020-12-14T06:20:13+00:00","article_modified_time":"2020-12-15T08:55:57+00:00","og_image":[{"width":500,"height":621,"url":"https:\/\/wpsite-assets.fondazionepirelli.org\/wp-content\/uploads\/2020\/12\/14071758\/Pag-114-e1607955494594.jpg","type":"image\/jpeg"}],"author":"fondazionepirelli","twitter_card":"summary_large_image","twitter_misc":{"Scritto da":"fondazionepirelli","Tempo di lettura stimato":"1 minuto"},"schema":{"@context":"https:\/\/schema.org","@graph":[{"@type":"WebPage","@id":"https:\/\/www.fondazionepirelli.org\/it\/iniziative\/storie-del-grattacielo-i-60-anni-del-pirellone-tra-cultura-industriale-e-attivita-istituzionali-di-regione-lombardia\/","url":"https:\/\/www.fondazionepirelli.org\/it\/iniziative\/storie-del-grattacielo-i-60-anni-del-pirellone-tra-cultura-industriale-e-attivita-istituzionali-di-regione-lombardia\/","name":"Storie del Grattacielo. I 60 anni del Pirellone tra cultura industriale e attivit\u00e0 istituzionali di Regione Lombardia - Fondazione Pirelli","isPartOf":{"@id":"https:\/\/www.fondazionepirelli.org\/it\/#website"},"primaryImageOfPage":{"@id":"https:\/\/www.fondazionepirelli.org\/it\/iniziative\/storie-del-grattacielo-i-60-anni-del-pirellone-tra-cultura-industriale-e-attivita-istituzionali-di-regione-lombardia\/#primaryimage"},"image":{"@id":"https:\/\/www.fondazionepirelli.org\/it\/iniziative\/storie-del-grattacielo-i-60-anni-del-pirellone-tra-cultura-industriale-e-attivita-istituzionali-di-regione-lombardia\/#primaryimage"},"thumbnailUrl":"https:\/\/wpsite-assets.fondazionepirelli.org\/wp-content\/uploads\/2020\/12\/14071758\/Pag-114-e1607955494594.jpg","datePublished":"2020-12-14T06:20:13+00:00","dateModified":"2020-12-15T08:55:57+00:00","author":{"@id":"https:\/\/www.fondazionepirelli.org\/it\/#\/schema\/person\/c31fcf5937a0e6afa45497f3f8b6d7a0"},"breadcrumb":{"@id":"https:\/\/www.fondazionepirelli.org\/it\/iniziative\/storie-del-grattacielo-i-60-anni-del-pirellone-tra-cultura-industriale-e-attivita-istituzionali-di-regione-lombardia\/#breadcrumb"},"inLanguage":"it-IT","potentialAction":[{"@type":"ReadAction","target":["https:\/\/www.fondazionepirelli.org\/it\/iniziative\/storie-del-grattacielo-i-60-anni-del-pirellone-tra-cultura-industriale-e-attivita-istituzionali-di-regione-lombardia\/"]}]},{"@type":"ImageObject","inLanguage":"it-IT","@id":"https:\/\/www.fondazionepirelli.org\/it\/iniziative\/storie-del-grattacielo-i-60-anni-del-pirellone-tra-cultura-industriale-e-attivita-istituzionali-di-regione-lombardia\/#primaryimage","url":"https:\/\/wpsite-assets.fondazionepirelli.org\/wp-content\/uploads\/2020\/12\/14071758\/Pag-114-e1607955494594.jpg","contentUrl":"https:\/\/wpsite-assets.fondazionepirelli.org\/wp-content\/uploads\/2020\/12\/14071758\/Pag-114-e1607955494594.jpg","width":500,"height":621},{"@type":"BreadcrumbList","@id":"https:\/\/www.fondazionepirelli.org\/it\/iniziative\/storie-del-grattacielo-i-60-anni-del-pirellone-tra-cultura-industriale-e-attivita-istituzionali-di-regione-lombardia\/#breadcrumb","itemListElement":[{"@type":"ListItem","position":1,"name":"Home","item":"https:\/\/www.fondazionepirelli.org\/it\/"},{"@type":"ListItem","position":2,"name":"Storie del Grattacielo. I 60 anni del Pirellone tra cultura industriale e attivit\u00e0 istituzionali di Regione Lombardia"}]},{"@type":"WebSite","@id":"https:\/\/www.fondazionepirelli.org\/it\/#website","url":"https:\/\/www.fondazionepirelli.org\/it\/","name":"Fondazione Pirelli","description":"","potentialAction":[{"@type":"SearchAction","target":{"@type":"EntryPoint","urlTemplate":"https:\/\/www.fondazionepirelli.org\/it\/?s={search_term_string}"},"query-input":{"@type":"PropertyValueSpecification","valueRequired":true,"valueName":"search_term_string"}}],"inLanguage":"it-IT"},{"@type":"Person","@id":"https:\/\/www.fondazionepirelli.org\/it\/#\/schema\/person\/c31fcf5937a0e6afa45497f3f8b6d7a0","name":"fondazionepirelli","image":{"@type":"ImageObject","inLanguage":"it-IT","@id":"https:\/\/www.fondazionepirelli.org\/it\/#\/schema\/person\/image\/","url":"https:\/\/secure.gravatar.com\/avatar\/9cb486421ce1d6eddbf6c4fb66841b4325b786695f7aedf1dde2222428218696?s=96&d=mm&r=g","contentUrl":"https:\/\/secure.gravatar.com\/avatar\/9cb486421ce1d6eddbf6c4fb66841b4325b786695f7aedf1dde2222428218696?s=96&d=mm&r=g","caption":"fondazionepirelli"},"url":"https:\/\/www.fondazionepirelli.org\/it\/author\/fondazionepirelli\/"}]}},"_links":{"self":[{"href":"https:\/\/www.fondazionepirelli.org\/it\/wp-json\/wp\/v2\/posts\/82045\/"}],"collection":[{"href":"https:\/\/www.fondazionepirelli.org\/it\/wp-json\/wp\/v2\/posts\/"}],"about":[{"href":"https:\/\/www.fondazionepirelli.org\/it\/wp-json\/wp\/v2\/types\/post\/"}],"author":[{"embeddable":true,"href":"https:\/\/www.fondazionepirelli.org\/it\/wp-json\/wp\/v2\/users\/9\/"}],"replies":[{"embeddable":true,"href":"https:\/\/www.fondazionepirelli.org\/it\/wp-json\/wp\/v2\/comments\/?post=82045"}],"version-history":[{"count":7,"href":"https:\/\/www.fondazionepirelli.org\/it\/wp-json\/wp\/v2\/posts\/82045\/revisions\/"}],"predecessor-version":[{"id":82138,"href":"https:\/\/www.fondazionepirelli.org\/it\/wp-json\/wp\/v2\/posts\/82045\/revisions\/82138\/"}],"wp:featuredmedia":[{"embeddable":true,"href":"https:\/\/www.fondazionepirelli.org\/it\/wp-json\/wp\/v2\/media\/82058\/"}],"wp:attachment":[{"href":"https:\/\/www.fondazionepirelli.org\/it\/wp-json\/wp\/v2\/media\/?parent=82045"}],"wp:term":[{"taxonomy":"category","embeddable":true,"href":"https:\/\/www.fondazionepirelli.org\/it\/wp-json\/wp\/v2\/categories\/?post=82045"},{"taxonomy":"post_tag","embeddable":true,"href":"https:\/\/www.fondazionepirelli.org\/it\/wp-json\/wp\/v2\/tags\/?post=82045"}],"curies":[{"name":"wp","href":"https:\/\/api.w.org\/{rel}","templated":true}]}}