{"id":82088,"date":"2020-12-15T08:59:59","date_gmt":"2020-12-15T07:59:59","guid":{"rendered":"https:\/\/www.fondazionepirelli.org\/?p=82088"},"modified":"2020-12-15T09:41:02","modified_gmt":"2020-12-15T08:41:02","slug":"i-sessantanni-del-grattacielo-pirelli-simbolo-della-citta-che-sale-un-racconto-attuale-tra-memoria-e-capacita-di-progettare-il-futuro","status":"publish","type":"post","link":"https:\/\/www.fondazionepirelli.org\/it\/cultura-dimpresa\/i-sessantanni-del-grattacielo-pirelli-simbolo-della-citta-che-sale-un-racconto-attuale-tra-memoria-e-capacita-di-progettare-il-futuro\/","title":{"rendered":"I sessant\u2019anni del Grattacielo Pirelli, simbolo della \u201ccitt\u00e0 che sale\u201d: un racconto attuale tra memoria e capacit\u00e0 di progettare il futuro"},"content":{"rendered":"<p>L\u2019uomo cammina con il passo lento e un po\u2019 stanco di chi viene da un lungo viaggio. Attraversa i binari del tram accanto alla Stazione Centrale, proprio davanti al <strong>Grattacielo Pirelli.<\/strong> Sulle spalle, ha uno scatolone legato con lo spago. Alla mano sinistra, una valigia di cartone bianca e marrone, pesante, tanto da fargli pendere il braccio. E\u2019 partito dalla Sardegna, da Olbia. In tasca, ben piegato come le cose preziose, ha un foglietto di carta con un indirizzo di Rho, dove lo aspettano i parenti che lo hanno mandato a chiamare, \u201cvieni che qui c\u2019\u00e8 ancora lavoro\u201d. E\u2019 il tardo<strong> settembre del 1968<\/strong>. L\u2019aria \u00e8 grigia, pungente, annuncio dell\u2019autunno che arriva. Ma sul volto dell\u2019uomo la fatica non impedisce l\u2019abbozzo d\u2019un sorriso timido e un po\u2019 schivo, guardando verso l\u2019obiettivo del fotografo. Eccoci qui, a <strong>Milano<\/strong>, finalmente. Forse pu\u00f2 ricominciare una nuova stagione di vita. <strong>Una speranza<\/strong>.<\/p>\n<p>Il fotografo \u00e8 <strong>Uliano Lucas<\/strong>. E quell\u2019immagine dell\u2019emigrante e del Grattacielo Pirelli diventa, rapidamente uno dei<strong> simboli<\/strong> pi\u00f9 efficaci di un\u2019epoca carica di contraddizioni e conflitti, ma anche di possibilit\u00e0 di svolta e di ripresa. \u00a0<strong>Le radici. E il futuro<\/strong>. I simboli precari d\u2019una faticosa partenza (il cartone dello scatolone e della valigia) e l\u2019imponenza del solido palazzo industriale simbolo del boom economico e sociale. Il cammino, passo dopo passo, sull\u2019asfalto freddo, ingombro di foglie. E lo slancio verso l\u2019alto del grattacielo. L\u2019isola meridionale abbandonata, nel dolore della partenza. E la metropoli che suggerisce un destino migliore.<\/p>\n<p>C\u2019\u00e8, in quella foto di Lucas, tutta la recente storia d\u2019Italia. La nostra storia, tra le sue luci di sviluppo e le sue ombre. Una storia da ricordare, proprio adesso, in tempi pesanti e dolorosi di crisi, tra pandemia e recessione, testimoniati ancora una volta, proprio ieri, dai dati pi\u00f9 recenti sulla \u201cqualit\u00e0 della vita\u201d: nella classifica annuale de \u201cIl Sole24Ore\u201d, dopo due anni di primato, Milano precipita al dodicesimo posto (il primo posto va a Bologna, seguita da Bolzano e Trento; ultime sono Crotone, Caltanissetta e Siracusa) e anche le altre grandi citt\u00e0 lombarde perdono posizioni: Brescia \u00e8 39\u00b0 (-27 posizioni), Bergamo \u00e8 52\u00b0 (-24), Monza e Brianza 61\u00b0 (-55) e Varese 66\u00b0 (-37). L\u2019effetto Covid \u00e8 stato ed \u00e8 ancora devastante.<\/p>\n<p>Eppure, nonostante la crisi, i pilasti fondamentali di Milano (impresa, cultura, universit\u00e0, ricerca, servizi di qualit\u00e0 e innovativi) sono ancora robusti e consentono di guardare con ragionevole <strong>fiducia al futuro<\/strong>.<\/p>\n<p>Torniamo, cos\u00ec, al Grattacielo Pirelli,che se ne sta ben piantato nella storia d\u2019Italia, con quelle fondamenta progettate da Pier Luigi Nervi e quel dinamismo leggero ed elegante disegnato da Gio Ponti. E chi lo ha voluto, costruito, abitato, dall\u2019economia alle istituzioni pubbliche, ha sempre avuto a mente le caratteristiche di Milano e della Lombardia: una terra aperta e accogliente.<\/p>\n<p>Milano all\u2019incrocio dei percorsi tra il nord europeo e il Mediterraneo, l\u2019ovest e l\u2019est. Milano allargata nello spazio fertile, senza difese naturali di montagne e di fiumi. <strong>Milano rotonda,<\/strong> priva di spigoli e angoli taglienti. Milano con le porte delle mura usate come caselli del dazio, segno evidente di un\u2019economia di relazioni. Milano <strong>inclusiva<\/strong>, dai precetti del vescovo Ambrogio fondatore d\u2019uno speciale \u201crito ambrosiano\u201d che mira a innovare e coinvolgere all\u2019editto del vescovo Ariberto d\u2019Intimiano che nel 1018 proclama: \u201cChi sa lavorare venga a Milano. E chi viene a <strong>Milano \u00e8 un uomo libero<\/strong>\u201d.<\/p>\n<p>L\u2019emigrante di Olbia ritratto da Lucas nulla sa, naturalmente, della storia dell\u2019editto di Ariberto. Ma ha piena consapevolezza delle possibilit\u00e0 di lavoro, ha ascoltato i parenti e gli amici che raccontavano che \u201cmilanesi si diventa\u201d. E, come lui, le decine di migliaia di persone che, dagli anni Cinquanta, sono fuggite dalla disperazione del latifondo meridionale e dalle povert\u00e0 contadine venete e friulane per cercare in fabbrica, a Milano e nelle altre citt\u00e0 industriali lombarde, quell\u2019incrocio tra incertezze da migranti e nuovi mestieri, responsabilit\u00e0 e opportunit\u00e0, diritti e doveri, conflitti e libert\u00e0 che connotano la condizione operaia e hanno il sapore, pur spesso aspro, della possibilit\u00e0 e della crescita.<\/p>\n<p>Scrivere di storia \u2013 ha insegnato Walter Benjamin, spirito inquieto e lungimirante \u2013 significa dare fisionomia alle date. Ed eccolo, dunque, l\u2019incrocio tra gli anni e gli accadimenti, la Storia e le storie.<\/p>\n<p>E\u2019 il 12 luglio del 1956 quando Alberto e Piero Pirelli posano la prima pietra del Grattacielo. I lavori dureranno quattro anni, sino all\u2019inaugurazione del 4 aprile 1960. Tempi rapidi, testimonianza della dinamicit\u00e0 di quegli anni, delle tensioni positive nel paese in pieno boom economico. Ma anche tempi densi d\u2019attenzione per la qualit\u00e0. L\u2019Italia vivace e fertile e di cui proprio Milano \u00e8 cardine, pretende di crescere bene. \u201cLa citt\u00e0 che sale\u201d e d\u00e0 finalmente ragione alle profezie estetiche ed etiche di un lungimirante pittore futurista, Umberto Boccioni, pretende di dare buona prova di s\u00e9 nel tempo lungo dello sviluppo.<\/p>\n<p>Oggi, a <strong>sessant\u2019anni dalla sua inaugurazione,<\/strong> il Grattacielo Pirelli \u00e8 al centro di una <strong>mostra<\/strong>, organizzata dalla Fondazione Pirelli e dalla Regione Lombardia (la Giunta e il Consiglio) e pronta per una <strong>preview virtuale mercoled\u00ec 16<\/strong>. Ed \u00e8 raccontato da un libro appena pubblicato da Marsilio, \u201cStorie del Grattacielo \u2013 I 60 anni del Pirellone tra cultura industriale e attivit\u00e0 istituzionali della Regione\u201d, con prefazioni di <strong>Attilio Fontana<\/strong>, <strong>Alessandro Fermi<\/strong> e <strong>Marco Tronchetti Provera<\/strong>, articoli dei curatori della mostra (Laura Riboldi per Fondazione Pirelli e l\u2019architetto Alessandro Colombo) e testimonianze di Piero Bassetti (il primo presidente della Regione), Eva Cantarella, Giuseppe Guzzetti, Uliano Lucas, Carlo Ratti, Gianfelice Rocca e Andr\u00e9e Ruth Shammah, donne e uomini della politica, della cultura e dell\u2019economia. Tra ricordi e previsioni, dalle loro parole emerge la prospettiva di un territorio che ha attraversato momenti intensi di difficolt\u00e0 (compresi quelli, drammatici, di questi mesi) e per\u00f2, nonostante tutto, ha sempre saputo fare leva sulle proprie capacit\u00e0 di sognare, sperare, progettare, costruire. Lavorare.<\/p>\n<p>Il Grattacielo Pirelli, <strong><em>landmark <\/em>straordinario<\/strong>, cos\u00ec carico di storia e di indicazioni d\u2019attualit\u00e0 (la bellezza, la leggerezza, la funzionalit\u00e0, il rigore estetico e progettuale che riflette l\u2019etica del fare, e fare bene), ne \u00e8 ancora tra i simboli.<\/p>\n<p>E domani? Come saranno la Milano e la Lombardia di domani? \u201cUna citt\u00e0, per competere, deve avere ali e radici\u201d, ci ha insegnato Ulrich Beck, autorevole studioso delle pi\u00f9 intense trasformazioni metropolitane. Le radici, e cio\u00e8 la coscienza della propria storia. E le ali, per poter volare verso l\u2019orizzonte del futuro. Una sofisticata capacit\u00e0 di fare i conti con l\u2019avvenire della memoria.<\/p>\n<p>Questa metropoli, questa regione, hanno le carte in regola per affrontare con fiducia, ancora una volta, una stagione <strong>segnata dalle fragilit\u00e0<\/strong> e dalle incertezze della crisi e da una inedita serie di opportunit\u00e0 di cambiamento e di sviluppo. In Lombardia si produce il 22% del Pil italiano e quasi il 27% di tutto l\u2019export nazionale. E proprio Milano, il baricentro di un grande nord produttivo europeo, ospita le sedi di 4.600 delle 14mila multinazionali, presenti in Italia, ha 200mila studenti di universit\u00e0 che sono in posizioni di primo piano nei ranking internazionali, ha il 32% dei brevetti italiani e il 27% della ricerca scientifica pi\u00f9 citata a livello globale. Una sorta di \u201ccitt\u00e0 infinita\u201d, dicono i sociologi pi\u00f9 attenti ai processi di sviluppo: una condizione metropolitana che si impegna a fare i conti con una ipotesi di sviluppo sostenibile che \u00e8, contemporaneamente, globale e locale, <em>glocal<\/em>, per usare una brillante sintesi di Piero Bassetti, ancora oggi voce dei discorsi pubblici pi\u00f9 responsabili.<\/p>\n<p>Il futuro, dunque, parla di <strong><em>smart land<\/em> e di <em>sensible city<\/em><\/strong>, di umanesimo tecnologico e di economia sostenibile, dal punto di vista ambientale e sociale. Di interconnessioni e migliore <em>governance <\/em>di una globalizzazione da <em>fair trade<\/em>, a misura delle persone e dei loro diritti. E di una nuova condizione metropolitana in cui Milano e la Lombardia, ben saldi nel cuore dell\u2019Europa e con lo sguardo rivolto verso il Mediterraneo, sanno fare sintesi originali tra industria dalle solide radici manifatturiere ed espansione sui mercati internazionali, tra valori dei luoghi e necessit\u00e0 dei flussi (di persone, capitali, idee, risorse), tra <em>genius loci <\/em>e intelligenza artificiale, tra servizi <em>hi tech<\/em> e attenzione alla formazione qualificata per le nuove generazioni, tra competitivit\u00e0 e solidariet\u00e0 e impegno sociale. Il segno forte, che tutte le conversazioni sul Grattacielo hanno messo in evidenza, \u00e8 quello di una cultura politecnica originale per la capacit\u00e0 di unire saperi umanistici e conoscenze scientifiche, ricerca d\u2019avanguardia e sensibilit\u00e0 popolare.<\/p>\n<p>L\u2019economia della conoscenza e l\u2019attenzione per la qualit\u00e0 della vita, per un benessere sociale diffuso, sono valori solidi, che questo territorio sa esprimere, nelle sue istituzioni e nelle imprese, nelle organizzazioni sociali e culturali. Con un\u2019attitudine particolare per le metamorfosi. Di cui, anche nei momenti pi\u00f9 controversi, si sa scandire bene il tempo.<\/p><p><em>credits:\u00a0 Immigrato sardo davanti al Grattacielo, 1968, foto di Uliano Lucas<\/em><\/p>\n\n","protected":false},"excerpt":{"rendered":"<p>L\u2019uomo cammina con il passo lento e un po\u2019 stanco di chi viene da un lungo viaggio. Attraversa i binari del tram accanto alla Stazione Centrale, proprio davanti al Grattacielo Pirelli. Sulle spalle, ha uno scatolone legato con lo spago. Alla mano sinistra, una valigia di cartone bianca e marrone, pesante, tanto da fargli pendere [&hellip;]<\/p>\n","protected":false},"author":9,"featured_media":82133,"comment_status":"open","ping_status":"open","sticky":false,"template":"","format":"standard","meta":{"footnotes":""},"categories":[53,52],"tags":[],"class_list":["post-82088","post","type-post","status-publish","format-standard","has-post-thumbnail","hentry","category-blog","category-cultura-dimpresa"],"acf":[],"yoast_head":"<!-- This site is optimized with the Yoast SEO plugin v25.0 - https:\/\/yoast.com\/wordpress\/plugins\/seo\/ -->\n<title>I sessant\u2019anni del Grattacielo Pirelli, simbolo della \u201ccitt\u00e0 che sale\u201d: un racconto attuale tra memoria e capacit\u00e0 di progettare il futuro - Fondazione Pirelli<\/title>\n<meta name=\"robots\" content=\"index, follow, max-snippet:-1, max-image-preview:large, max-video-preview:-1\" \/>\n<link rel=\"canonical\" href=\"https:\/\/www.fondazionepirelli.org\/it\/cultura-dimpresa\/i-sessantanni-del-grattacielo-pirelli-simbolo-della-citta-che-sale-un-racconto-attuale-tra-memoria-e-capacita-di-progettare-il-futuro\/\" \/>\n<meta property=\"og:locale\" content=\"it_IT\" \/>\n<meta property=\"og:type\" content=\"article\" \/>\n<meta property=\"og:title\" content=\"I sessant\u2019anni del Grattacielo Pirelli, simbolo della \u201ccitt\u00e0 che sale\u201d: un racconto attuale tra memoria e capacit\u00e0 di progettare il futuro - Fondazione Pirelli\" \/>\n<meta property=\"og:description\" content=\"L\u2019uomo cammina con il passo lento e un po\u2019 stanco di chi viene da un lungo viaggio. Attraversa i binari del tram accanto alla Stazione Centrale, proprio davanti al Grattacielo Pirelli. Sulle spalle, ha uno scatolone legato con lo spago. Alla mano sinistra, una valigia di cartone bianca e marrone, pesante, tanto da fargli pendere [&hellip;]\" \/>\n<meta property=\"og:url\" content=\"https:\/\/www.fondazionepirelli.org\/it\/cultura-dimpresa\/i-sessantanni-del-grattacielo-pirelli-simbolo-della-citta-che-sale-un-racconto-attuale-tra-memoria-e-capacita-di-progettare-il-futuro\/\" \/>\n<meta property=\"og:site_name\" content=\"Fondazione Pirelli\" \/>\n<meta property=\"article:published_time\" content=\"2020-12-15T07:59:59+00:00\" \/>\n<meta property=\"article:modified_time\" content=\"2020-12-15T08:41:02+00:00\" \/>\n<meta property=\"og:image\" content=\"https:\/\/wpsite-assets.fondazionepirelli.org\/wp-content\/uploads\/2020\/12\/15085932\/Pag.-16_LUCAS-1-e1608019180926.jpg\" \/>\n\t<meta property=\"og:image:width\" content=\"399\" \/>\n\t<meta property=\"og:image:height\" content=\"600\" \/>\n\t<meta property=\"og:image:type\" content=\"image\/jpeg\" \/>\n<meta name=\"author\" content=\"fondazionepirelli\" \/>\n<meta name=\"twitter:card\" content=\"summary_large_image\" \/>\n<meta name=\"twitter:label1\" content=\"Scritto da\" \/>\n\t<meta name=\"twitter:data1\" content=\"fondazionepirelli\" \/>\n\t<meta name=\"twitter:label2\" content=\"Tempo di lettura stimato\" \/>\n\t<meta name=\"twitter:data2\" content=\"7 minuti\" \/>\n<script type=\"application\/ld+json\" class=\"yoast-schema-graph\">{\"@context\":\"https:\/\/schema.org\",\"@graph\":[{\"@type\":\"WebPage\",\"@id\":\"https:\/\/www.fondazionepirelli.org\/it\/cultura-dimpresa\/i-sessantanni-del-grattacielo-pirelli-simbolo-della-citta-che-sale-un-racconto-attuale-tra-memoria-e-capacita-di-progettare-il-futuro\/\",\"url\":\"https:\/\/www.fondazionepirelli.org\/it\/cultura-dimpresa\/i-sessantanni-del-grattacielo-pirelli-simbolo-della-citta-che-sale-un-racconto-attuale-tra-memoria-e-capacita-di-progettare-il-futuro\/\",\"name\":\"I sessant\u2019anni del Grattacielo Pirelli, simbolo della \u201ccitt\u00e0 che sale\u201d: un racconto attuale tra memoria e capacit\u00e0 di progettare il futuro - Fondazione Pirelli\",\"isPartOf\":{\"@id\":\"https:\/\/www.fondazionepirelli.org\/it\/#website\"},\"primaryImageOfPage\":{\"@id\":\"https:\/\/www.fondazionepirelli.org\/it\/cultura-dimpresa\/i-sessantanni-del-grattacielo-pirelli-simbolo-della-citta-che-sale-un-racconto-attuale-tra-memoria-e-capacita-di-progettare-il-futuro\/#primaryimage\"},\"image\":{\"@id\":\"https:\/\/www.fondazionepirelli.org\/it\/cultura-dimpresa\/i-sessantanni-del-grattacielo-pirelli-simbolo-della-citta-che-sale-un-racconto-attuale-tra-memoria-e-capacita-di-progettare-il-futuro\/#primaryimage\"},\"thumbnailUrl\":\"https:\/\/wpsite-assets.fondazionepirelli.org\/wp-content\/uploads\/2020\/12\/15085932\/Pag.-16_LUCAS-1-e1608019180926.jpg\",\"datePublished\":\"2020-12-15T07:59:59+00:00\",\"dateModified\":\"2020-12-15T08:41:02+00:00\",\"author\":{\"@id\":\"https:\/\/www.fondazionepirelli.org\/it\/#\/schema\/person\/c31fcf5937a0e6afa45497f3f8b6d7a0\"},\"breadcrumb\":{\"@id\":\"https:\/\/www.fondazionepirelli.org\/it\/cultura-dimpresa\/i-sessantanni-del-grattacielo-pirelli-simbolo-della-citta-che-sale-un-racconto-attuale-tra-memoria-e-capacita-di-progettare-il-futuro\/#breadcrumb\"},\"inLanguage\":\"it-IT\",\"potentialAction\":[{\"@type\":\"ReadAction\",\"target\":[\"https:\/\/www.fondazionepirelli.org\/it\/cultura-dimpresa\/i-sessantanni-del-grattacielo-pirelli-simbolo-della-citta-che-sale-un-racconto-attuale-tra-memoria-e-capacita-di-progettare-il-futuro\/\"]}]},{\"@type\":\"ImageObject\",\"inLanguage\":\"it-IT\",\"@id\":\"https:\/\/www.fondazionepirelli.org\/it\/cultura-dimpresa\/i-sessantanni-del-grattacielo-pirelli-simbolo-della-citta-che-sale-un-racconto-attuale-tra-memoria-e-capacita-di-progettare-il-futuro\/#primaryimage\",\"url\":\"https:\/\/wpsite-assets.fondazionepirelli.org\/wp-content\/uploads\/2020\/12\/15085932\/Pag.-16_LUCAS-1-e1608019180926.jpg\",\"contentUrl\":\"https:\/\/wpsite-assets.fondazionepirelli.org\/wp-content\/uploads\/2020\/12\/15085932\/Pag.-16_LUCAS-1-e1608019180926.jpg\",\"width\":399,\"height\":600},{\"@type\":\"BreadcrumbList\",\"@id\":\"https:\/\/www.fondazionepirelli.org\/it\/cultura-dimpresa\/i-sessantanni-del-grattacielo-pirelli-simbolo-della-citta-che-sale-un-racconto-attuale-tra-memoria-e-capacita-di-progettare-il-futuro\/#breadcrumb\",\"itemListElement\":[{\"@type\":\"ListItem\",\"position\":1,\"name\":\"Home\",\"item\":\"https:\/\/www.fondazionepirelli.org\/it\/\"},{\"@type\":\"ListItem\",\"position\":2,\"name\":\"I sessant\u2019anni del Grattacielo Pirelli, simbolo della \u201ccitt\u00e0 che sale\u201d: un racconto attuale tra memoria e capacit\u00e0 di progettare il futuro\"}]},{\"@type\":\"WebSite\",\"@id\":\"https:\/\/www.fondazionepirelli.org\/it\/#website\",\"url\":\"https:\/\/www.fondazionepirelli.org\/it\/\",\"name\":\"Fondazione Pirelli\",\"description\":\"\",\"potentialAction\":[{\"@type\":\"SearchAction\",\"target\":{\"@type\":\"EntryPoint\",\"urlTemplate\":\"https:\/\/www.fondazionepirelli.org\/it\/?s={search_term_string}\"},\"query-input\":{\"@type\":\"PropertyValueSpecification\",\"valueRequired\":true,\"valueName\":\"search_term_string\"}}],\"inLanguage\":\"it-IT\"},{\"@type\":\"Person\",\"@id\":\"https:\/\/www.fondazionepirelli.org\/it\/#\/schema\/person\/c31fcf5937a0e6afa45497f3f8b6d7a0\",\"name\":\"fondazionepirelli\",\"image\":{\"@type\":\"ImageObject\",\"inLanguage\":\"it-IT\",\"@id\":\"https:\/\/www.fondazionepirelli.org\/it\/#\/schema\/person\/image\/\",\"url\":\"https:\/\/secure.gravatar.com\/avatar\/9cb486421ce1d6eddbf6c4fb66841b4325b786695f7aedf1dde2222428218696?s=96&d=mm&r=g\",\"contentUrl\":\"https:\/\/secure.gravatar.com\/avatar\/9cb486421ce1d6eddbf6c4fb66841b4325b786695f7aedf1dde2222428218696?s=96&d=mm&r=g\",\"caption\":\"fondazionepirelli\"},\"url\":\"https:\/\/www.fondazionepirelli.org\/it\/author\/fondazionepirelli\/\"}]}<\/script>\n<!-- \/ Yoast SEO plugin. -->","yoast_head_json":{"title":"I sessant\u2019anni del Grattacielo Pirelli, simbolo della \u201ccitt\u00e0 che sale\u201d: un racconto attuale tra memoria e capacit\u00e0 di progettare il futuro - Fondazione Pirelli","robots":{"index":"index","follow":"follow","max-snippet":"max-snippet:-1","max-image-preview":"max-image-preview:large","max-video-preview":"max-video-preview:-1"},"canonical":"https:\/\/www.fondazionepirelli.org\/it\/cultura-dimpresa\/i-sessantanni-del-grattacielo-pirelli-simbolo-della-citta-che-sale-un-racconto-attuale-tra-memoria-e-capacita-di-progettare-il-futuro\/","og_locale":"it_IT","og_type":"article","og_title":"I sessant\u2019anni del Grattacielo Pirelli, simbolo della \u201ccitt\u00e0 che sale\u201d: un racconto attuale tra memoria e capacit\u00e0 di progettare il futuro - Fondazione Pirelli","og_description":"L\u2019uomo cammina con il passo lento e un po\u2019 stanco di chi viene da un lungo viaggio. Attraversa i binari del tram accanto alla Stazione Centrale, proprio davanti al Grattacielo Pirelli. Sulle spalle, ha uno scatolone legato con lo spago. Alla mano sinistra, una valigia di cartone bianca e marrone, pesante, tanto da fargli pendere [&hellip;]","og_url":"https:\/\/www.fondazionepirelli.org\/it\/cultura-dimpresa\/i-sessantanni-del-grattacielo-pirelli-simbolo-della-citta-che-sale-un-racconto-attuale-tra-memoria-e-capacita-di-progettare-il-futuro\/","og_site_name":"Fondazione Pirelli","article_published_time":"2020-12-15T07:59:59+00:00","article_modified_time":"2020-12-15T08:41:02+00:00","og_image":[{"width":399,"height":600,"url":"https:\/\/wpsite-assets.fondazionepirelli.org\/wp-content\/uploads\/2020\/12\/15085932\/Pag.-16_LUCAS-1-e1608019180926.jpg","type":"image\/jpeg"}],"author":"fondazionepirelli","twitter_card":"summary_large_image","twitter_misc":{"Scritto da":"fondazionepirelli","Tempo di lettura stimato":"7 minuti"},"schema":{"@context":"https:\/\/schema.org","@graph":[{"@type":"WebPage","@id":"https:\/\/www.fondazionepirelli.org\/it\/cultura-dimpresa\/i-sessantanni-del-grattacielo-pirelli-simbolo-della-citta-che-sale-un-racconto-attuale-tra-memoria-e-capacita-di-progettare-il-futuro\/","url":"https:\/\/www.fondazionepirelli.org\/it\/cultura-dimpresa\/i-sessantanni-del-grattacielo-pirelli-simbolo-della-citta-che-sale-un-racconto-attuale-tra-memoria-e-capacita-di-progettare-il-futuro\/","name":"I sessant\u2019anni del Grattacielo Pirelli, simbolo della \u201ccitt\u00e0 che sale\u201d: un racconto attuale tra memoria e capacit\u00e0 di progettare il futuro - Fondazione Pirelli","isPartOf":{"@id":"https:\/\/www.fondazionepirelli.org\/it\/#website"},"primaryImageOfPage":{"@id":"https:\/\/www.fondazionepirelli.org\/it\/cultura-dimpresa\/i-sessantanni-del-grattacielo-pirelli-simbolo-della-citta-che-sale-un-racconto-attuale-tra-memoria-e-capacita-di-progettare-il-futuro\/#primaryimage"},"image":{"@id":"https:\/\/www.fondazionepirelli.org\/it\/cultura-dimpresa\/i-sessantanni-del-grattacielo-pirelli-simbolo-della-citta-che-sale-un-racconto-attuale-tra-memoria-e-capacita-di-progettare-il-futuro\/#primaryimage"},"thumbnailUrl":"https:\/\/wpsite-assets.fondazionepirelli.org\/wp-content\/uploads\/2020\/12\/15085932\/Pag.-16_LUCAS-1-e1608019180926.jpg","datePublished":"2020-12-15T07:59:59+00:00","dateModified":"2020-12-15T08:41:02+00:00","author":{"@id":"https:\/\/www.fondazionepirelli.org\/it\/#\/schema\/person\/c31fcf5937a0e6afa45497f3f8b6d7a0"},"breadcrumb":{"@id":"https:\/\/www.fondazionepirelli.org\/it\/cultura-dimpresa\/i-sessantanni-del-grattacielo-pirelli-simbolo-della-citta-che-sale-un-racconto-attuale-tra-memoria-e-capacita-di-progettare-il-futuro\/#breadcrumb"},"inLanguage":"it-IT","potentialAction":[{"@type":"ReadAction","target":["https:\/\/www.fondazionepirelli.org\/it\/cultura-dimpresa\/i-sessantanni-del-grattacielo-pirelli-simbolo-della-citta-che-sale-un-racconto-attuale-tra-memoria-e-capacita-di-progettare-il-futuro\/"]}]},{"@type":"ImageObject","inLanguage":"it-IT","@id":"https:\/\/www.fondazionepirelli.org\/it\/cultura-dimpresa\/i-sessantanni-del-grattacielo-pirelli-simbolo-della-citta-che-sale-un-racconto-attuale-tra-memoria-e-capacita-di-progettare-il-futuro\/#primaryimage","url":"https:\/\/wpsite-assets.fondazionepirelli.org\/wp-content\/uploads\/2020\/12\/15085932\/Pag.-16_LUCAS-1-e1608019180926.jpg","contentUrl":"https:\/\/wpsite-assets.fondazionepirelli.org\/wp-content\/uploads\/2020\/12\/15085932\/Pag.-16_LUCAS-1-e1608019180926.jpg","width":399,"height":600},{"@type":"BreadcrumbList","@id":"https:\/\/www.fondazionepirelli.org\/it\/cultura-dimpresa\/i-sessantanni-del-grattacielo-pirelli-simbolo-della-citta-che-sale-un-racconto-attuale-tra-memoria-e-capacita-di-progettare-il-futuro\/#breadcrumb","itemListElement":[{"@type":"ListItem","position":1,"name":"Home","item":"https:\/\/www.fondazionepirelli.org\/it\/"},{"@type":"ListItem","position":2,"name":"I sessant\u2019anni del Grattacielo Pirelli, simbolo della \u201ccitt\u00e0 che sale\u201d: un racconto attuale tra memoria e capacit\u00e0 di progettare il futuro"}]},{"@type":"WebSite","@id":"https:\/\/www.fondazionepirelli.org\/it\/#website","url":"https:\/\/www.fondazionepirelli.org\/it\/","name":"Fondazione Pirelli","description":"","potentialAction":[{"@type":"SearchAction","target":{"@type":"EntryPoint","urlTemplate":"https:\/\/www.fondazionepirelli.org\/it\/?s={search_term_string}"},"query-input":{"@type":"PropertyValueSpecification","valueRequired":true,"valueName":"search_term_string"}}],"inLanguage":"it-IT"},{"@type":"Person","@id":"https:\/\/www.fondazionepirelli.org\/it\/#\/schema\/person\/c31fcf5937a0e6afa45497f3f8b6d7a0","name":"fondazionepirelli","image":{"@type":"ImageObject","inLanguage":"it-IT","@id":"https:\/\/www.fondazionepirelli.org\/it\/#\/schema\/person\/image\/","url":"https:\/\/secure.gravatar.com\/avatar\/9cb486421ce1d6eddbf6c4fb66841b4325b786695f7aedf1dde2222428218696?s=96&d=mm&r=g","contentUrl":"https:\/\/secure.gravatar.com\/avatar\/9cb486421ce1d6eddbf6c4fb66841b4325b786695f7aedf1dde2222428218696?s=96&d=mm&r=g","caption":"fondazionepirelli"},"url":"https:\/\/www.fondazionepirelli.org\/it\/author\/fondazionepirelli\/"}]}},"_links":{"self":[{"href":"https:\/\/www.fondazionepirelli.org\/it\/wp-json\/wp\/v2\/posts\/82088\/"}],"collection":[{"href":"https:\/\/www.fondazionepirelli.org\/it\/wp-json\/wp\/v2\/posts\/"}],"about":[{"href":"https:\/\/www.fondazionepirelli.org\/it\/wp-json\/wp\/v2\/types\/post\/"}],"author":[{"embeddable":true,"href":"https:\/\/www.fondazionepirelli.org\/it\/wp-json\/wp\/v2\/users\/9\/"}],"replies":[{"embeddable":true,"href":"https:\/\/www.fondazionepirelli.org\/it\/wp-json\/wp\/v2\/comments\/?post=82088"}],"version-history":[{"count":6,"href":"https:\/\/www.fondazionepirelli.org\/it\/wp-json\/wp\/v2\/posts\/82088\/revisions\/"}],"predecessor-version":[{"id":82137,"href":"https:\/\/www.fondazionepirelli.org\/it\/wp-json\/wp\/v2\/posts\/82088\/revisions\/82137\/"}],"wp:featuredmedia":[{"embeddable":true,"href":"https:\/\/www.fondazionepirelli.org\/it\/wp-json\/wp\/v2\/media\/82133\/"}],"wp:attachment":[{"href":"https:\/\/www.fondazionepirelli.org\/it\/wp-json\/wp\/v2\/media\/?parent=82088"}],"wp:term":[{"taxonomy":"category","embeddable":true,"href":"https:\/\/www.fondazionepirelli.org\/it\/wp-json\/wp\/v2\/categories\/?post=82088"},{"taxonomy":"post_tag","embeddable":true,"href":"https:\/\/www.fondazionepirelli.org\/it\/wp-json\/wp\/v2\/tags\/?post=82088"}],"curies":[{"name":"wp","href":"https:\/\/api.w.org\/{rel}","templated":true}]}}